{"id":25337,"date":"2016-03-08T15:14:00","date_gmt":"2016-03-08T13:14:00","guid":{"rendered":"http:\/\/esplac.cat\/?p=10125"},"modified":"2019-11-14T12:01:50","modified_gmt":"2019-11-14T10:01:50","slug":"lesplai-bruixes-i-bruixots-organitzadors-de-les-ii-jornades-feministes-de-cardedeu","status":"publish","type":"post","link":"https:\/\/www.esplac.cat\/en\/lesplai-bruixes-i-bruixots-organitzadors-de-les-ii-jornades-feministes-de-cardedeu\/","title":{"rendered":"L&#8217;esplai Bruixes i Bruixots, organitzador de les II Jornades Feministes de Cardedeu"},"content":{"rendered":"<p class=\"western\" align=\"justify\">El cap de setmana passat van tenir lloc les Segones\u00a0Jornades Feministes de Cardedeu. Aquestes jornades les organitzava l\u2019esplai Bruixes i Bruixots, juntament amb altres entitats de Cardedeu com la <strong>Sala Sarau<\/strong>, el <strong>Casino Popular<\/strong> i els responsables del projecte <strong>Ulleres per Esquerrans<\/strong>, entre d\u2019altres.<\/p>\n<p class=\"western\" lang=\"es-ES\" align=\"justify\"><span lang=\"ca-ES\">Van estar plenes de feina, esfor\u00e7, dedicaci\u00f3 i moltes ganes i es van tractar temes com l\u2019autodefensa femenina (a la qual hi vam poder participar i va ser una molt bona experi\u00e8ncia), la situaci\u00f3 del feminisme avui en dia, com tractem la coeducaci\u00f3 i els sentiments&#8230; A partir de xerrades, tallers i debats. Tot aix\u00f2, combinat amb altres activitats com el dinar popular, a c\u00e0rrec de l\u2019esplai Bruixes i Bruixots i del Casino Popular de Cardedeu.<\/span><\/p>\n<p class=\"western\" align=\"justify\">Van ser unes jornades molt interessants que ens van fer reflexionar a totes!<\/p>\n<p class=\"western\" align=\"justify\">Esperem que aquestes jornades es repeteixin cada any!<\/p>\n<p class=\"western\" align=\"justify\">Aqu\u00ed teniu el complet cartell de les Jornades<\/p>\n<p class=\"western\" align=\"justify\"><a href=\"http:\/\/esplac.cat\/wp-content\/uploads\/2016\/03\/20160308_II-Jornades-feministes.jpg\" rel=\"attachment wp-att-10126\"><img decoding=\"async\" class=\"aligncenter size-large wp-image-10126\" src=\"http:\/\/esplac.cat\/wp-content\/uploads\/2016\/03\/20160308_II-Jornades-feministes-460x1024.jpg\" alt=\"20160308_II-Jornades-feministes\" width=\"460\" height=\"1024\" \/><\/a><\/p>\n","protected":false},"excerpt":{"rendered":"<p>El cap de setmana passat van tenir lloc les Segones\u00a0Jornades [&hellip;]<\/p>\n","protected":false},"author":3,"featured_media":25338,"comment_status":"closed","ping_status":"open","sticky":false,"template":"","format":"standard","meta":{"om_disable_all_campaigns":false,"_monsterinsights_skip_tracking":false,"_monsterinsights_sitenote_active":false,"_monsterinsights_sitenote_note":"","_monsterinsights_sitenote_category":0,"_uf_show_specific_survey":0,"_uf_disable_surveys":false,"footnotes":""},"categories":[1110,1131,1158,1113],"tags":[675,676,92,391,54,421,55,677],"class_list":["post-25337","post","type-post","status-publish","format-standard","has-post-thumbnail","hentry","category-activitats-sectors","category-cursos-formacions","category-jornades-lleure-feminismes","category-sector-maresme","tag-bruixes-i-bruixots","tag-cardedeu","tag-educacio","tag-feminisme","tag-formacio","tag-jornades-de-formacio","tag-maresme","tag-ulleres-per-esquerrans"],"yoast_head":"<!-- This site is optimized with the Yoast SEO plugin v27.5 - https:\/\/yoast.com\/product\/yoast-seo-wordpress\/ -->\n<title>L&#039;esplai Bruixes i Bruixots, organitzador de les II Jornades Feministes de Cardedeu - Esplac<\/title>\n<meta name=\"robots\" content=\"index, follow, max-snippet:-1, max-image-preview:large, max-video-preview:-1\" \/>\n<link rel=\"canonical\" href=\"https:\/\/www.esplac.cat\/lesplai-bruixes-i-bruixots-organitzadors-de-les-ii-jornades-feministes-de-cardedeu\/\" \/>\n<meta property=\"og:locale\" content=\"en_US\" \/>\n<meta property=\"og:type\" content=\"article\" \/>\n<meta property=\"og:title\" content=\"L&#039;esplai Bruixes i Bruixots, organitzador de les II Jornades Feministes de Cardedeu - Esplac\" \/>\n<meta property=\"og:description\" content=\"El cap de setmana passat van tenir lloc les Segones\u00a0Jornades [&hellip;]\" \/>\n<meta property=\"og:url\" content=\"https:\/\/www.esplac.cat\/lesplai-bruixes-i-bruixots-organitzadors-de-les-ii-jornades-feministes-de-cardedeu\/\" \/>\n<meta property=\"og:site_name\" content=\"Esplac\" \/>\n<meta property=\"article:published_time\" content=\"2016-03-08T13:14:00+00:00\" \/>\n<meta property=\"article:modified_time\" content=\"2019-11-14T10:01:50+00:00\" \/>\n<meta property=\"og:image\" content=\"https:\/\/www.esplac.cat\/wp-content\/uploads\/2016\/03\/20160308_jornades_feministes-bruixes-bruixots-1.jpg\" \/>\n\t<meta property=\"og:image:width\" content=\"847\" \/>\n\t<meta property=\"og:image:height\" content=\"350\" \/>\n\t<meta property=\"og:image:type\" content=\"image\/jpeg\" \/>\n<meta name=\"author\" content=\"Comunicaci\u00f3 Esplac\" \/>\n<meta name=\"twitter:card\" content=\"summary_large_image\" \/>\n<meta name=\"twitter:label1\" content=\"Written by\" \/>\n\t<meta name=\"twitter:data1\" content=\"Comunicaci\u00f3 Esplac\" \/>\n\t<meta name=\"twitter:label2\" content=\"Est. reading time\" \/>\n\t<meta name=\"twitter:data2\" content=\"1 minute\" \/>\n<script type=\"application\/ld+json\" class=\"yoast-schema-graph\">{\"@context\":\"https:\\\/\\\/schema.org\",\"@graph\":[{\"@type\":\"Article\",\"@id\":\"https:\\\/\\\/www.esplac.cat\\\/lesplai-bruixes-i-bruixots-organitzadors-de-les-ii-jornades-feministes-de-cardedeu\\\/#article\",\"isPartOf\":{\"@id\":\"https:\\\/\\\/www.esplac.cat\\\/lesplai-bruixes-i-bruixots-organitzadors-de-les-ii-jornades-feministes-de-cardedeu\\\/\"},\"author\":{\"name\":\"Comunicaci\u00f3 Esplac\",\"@id\":\"https:\\\/\\\/www.esplac.cat\\\/#\\\/schema\\\/person\\\/908383cf240be18b68f8855d0583faca\"},\"headline\":\"L&#8217;esplai Bruixes i Bruixots, organitzador de les II Jornades Feministes de Cardedeu\",\"datePublished\":\"2016-03-08T13:14:00+00:00\",\"dateModified\":\"2019-11-14T10:01:50+00:00\",\"mainEntityOfPage\":{\"@id\":\"https:\\\/\\\/www.esplac.cat\\\/lesplai-bruixes-i-bruixots-organitzadors-de-les-ii-jornades-feministes-de-cardedeu\\\/\"},\"wordCount\":169,\"publisher\":{\"@id\":\"https:\\\/\\\/www.esplac.cat\\\/#organization\"},\"image\":{\"@id\":\"https:\\\/\\\/www.esplac.cat\\\/lesplai-bruixes-i-bruixots-organitzadors-de-les-ii-jornades-feministes-de-cardedeu\\\/#primaryimage\"},\"thumbnailUrl\":\"https:\\\/\\\/www.esplac.cat\\\/wp-content\\\/uploads\\\/2016\\\/03\\\/20160308_jornades_feministes-bruixes-bruixots-1.jpg\",\"keywords\":[\"Bruixes i Bruixots\",\"cardedeu\",\"educaci\u00f3\",\"feminisme\",\"formaci\u00f3\",\"jornades de formaci\u00f3\",\"maresme\",\"Ulleres per esquerrans\"],\"articleSection\":[\"Activitats sectors\",\"Cursos i formacions\",\"Jornades de Lleure i Feminismes\",\"Sector Maresme\"],\"inLanguage\":\"en-US\"},{\"@type\":\"WebPage\",\"@id\":\"https:\\\/\\\/www.esplac.cat\\\/lesplai-bruixes-i-bruixots-organitzadors-de-les-ii-jornades-feministes-de-cardedeu\\\/\",\"url\":\"https:\\\/\\\/www.esplac.cat\\\/lesplai-bruixes-i-bruixots-organitzadors-de-les-ii-jornades-feministes-de-cardedeu\\\/\",\"name\":\"L'esplai Bruixes i Bruixots, organitzador de les II Jornades Feministes de Cardedeu - Esplac\",\"isPartOf\":{\"@id\":\"https:\\\/\\\/www.esplac.cat\\\/#website\"},\"primaryImageOfPage\":{\"@id\":\"https:\\\/\\\/www.esplac.cat\\\/lesplai-bruixes-i-bruixots-organitzadors-de-les-ii-jornades-feministes-de-cardedeu\\\/#primaryimage\"},\"image\":{\"@id\":\"https:\\\/\\\/www.esplac.cat\\\/lesplai-bruixes-i-bruixots-organitzadors-de-les-ii-jornades-feministes-de-cardedeu\\\/#primaryimage\"},\"thumbnailUrl\":\"https:\\\/\\\/www.esplac.cat\\\/wp-content\\\/uploads\\\/2016\\\/03\\\/20160308_jornades_feministes-bruixes-bruixots-1.jpg\",\"datePublished\":\"2016-03-08T13:14:00+00:00\",\"dateModified\":\"2019-11-14T10:01:50+00:00\",\"breadcrumb\":{\"@id\":\"https:\\\/\\\/www.esplac.cat\\\/lesplai-bruixes-i-bruixots-organitzadors-de-les-ii-jornades-feministes-de-cardedeu\\\/#breadcrumb\"},\"inLanguage\":\"en-US\",\"potentialAction\":[{\"@type\":\"ReadAction\",\"target\":[\"https:\\\/\\\/www.esplac.cat\\\/lesplai-bruixes-i-bruixots-organitzadors-de-les-ii-jornades-feministes-de-cardedeu\\\/\"]}]},{\"@type\":\"ImageObject\",\"inLanguage\":\"en-US\",\"@id\":\"https:\\\/\\\/www.esplac.cat\\\/lesplai-bruixes-i-bruixots-organitzadors-de-les-ii-jornades-feministes-de-cardedeu\\\/#primaryimage\",\"url\":\"https:\\\/\\\/www.esplac.cat\\\/wp-content\\\/uploads\\\/2016\\\/03\\\/20160308_jornades_feministes-bruixes-bruixots-1.jpg\",\"contentUrl\":\"https:\\\/\\\/www.esplac.cat\\\/wp-content\\\/uploads\\\/2016\\\/03\\\/20160308_jornades_feministes-bruixes-bruixots-1.jpg\",\"width\":847,\"height\":350},{\"@type\":\"BreadcrumbList\",\"@id\":\"https:\\\/\\\/www.esplac.cat\\\/lesplai-bruixes-i-bruixots-organitzadors-de-les-ii-jornades-feministes-de-cardedeu\\\/#breadcrumb\",\"itemListElement\":[{\"@type\":\"ListItem\",\"position\":1,\"name\":\"Inici\",\"item\":\"https:\\\/\\\/www.esplac.cat\\\/en\\\/\"},{\"@type\":\"ListItem\",\"position\":2,\"name\":\"L&#8217;esplai Bruixes i Bruixots, organitzador de les II Jornades Feministes de Cardedeu\"}]},{\"@type\":\"WebSite\",\"@id\":\"https:\\\/\\\/www.esplac.cat\\\/#website\",\"url\":\"https:\\\/\\\/www.esplac.cat\\\/\",\"name\":\"Esplac\",\"description\":\"Esplais Catalans\",\"publisher\":{\"@id\":\"https:\\\/\\\/www.esplac.cat\\\/#organization\"},\"potentialAction\":[{\"@type\":\"SearchAction\",\"target\":{\"@type\":\"EntryPoint\",\"urlTemplate\":\"https:\\\/\\\/www.esplac.cat\\\/?s={search_term_string}\"},\"query-input\":{\"@type\":\"PropertyValueSpecification\",\"valueRequired\":true,\"valueName\":\"search_term_string\"}}],\"inLanguage\":\"en-US\"},{\"@type\":\"Organization\",\"@id\":\"https:\\\/\\\/www.esplac.cat\\\/#organization\",\"name\":\"Esplac\",\"url\":\"https:\\\/\\\/www.esplac.cat\\\/\",\"logo\":{\"@type\":\"ImageObject\",\"inLanguage\":\"en-US\",\"@id\":\"https:\\\/\\\/www.esplac.cat\\\/#\\\/schema\\\/logo\\\/image\\\/\",\"url\":\"https:\\\/\\\/www.esplac.cat\\\/wp-content\\\/uploads\\\/2019\\\/08\\\/logox2.png\",\"contentUrl\":\"https:\\\/\\\/www.esplac.cat\\\/wp-content\\\/uploads\\\/2019\\\/08\\\/logox2.png\",\"width\":600,\"height\":295,\"caption\":\"Esplac\"},\"image\":{\"@id\":\"https:\\\/\\\/www.esplac.cat\\\/#\\\/schema\\\/logo\\\/image\\\/\"}},{\"@type\":\"Person\",\"@id\":\"https:\\\/\\\/www.esplac.cat\\\/#\\\/schema\\\/person\\\/908383cf240be18b68f8855d0583faca\",\"name\":\"Comunicaci\u00f3 Esplac\",\"image\":{\"@type\":\"ImageObject\",\"inLanguage\":\"en-US\",\"@id\":\"https:\\\/\\\/secure.gravatar.com\\\/avatar\\\/7a4cf8feb412a76ea4a740ca02d95b06b2907b5a6c648c2dd0a1082a093c3141?s=96&d=mm&r=g\",\"url\":\"https:\\\/\\\/secure.gravatar.com\\\/avatar\\\/7a4cf8feb412a76ea4a740ca02d95b06b2907b5a6c648c2dd0a1082a093c3141?s=96&d=mm&r=g\",\"contentUrl\":\"https:\\\/\\\/secure.gravatar.com\\\/avatar\\\/7a4cf8feb412a76ea4a740ca02d95b06b2907b5a6c648c2dd0a1082a093c3141?s=96&d=mm&r=g\",\"caption\":\"Comunicaci\u00f3 Esplac\"}}]}<\/script>\n<!-- \/ Yoast SEO plugin. -->","yoast_head_json":{"title":"L'esplai Bruixes i Bruixots, organitzador de les II Jornades Feministes de Cardedeu - Esplac","robots":{"index":"index","follow":"follow","max-snippet":"max-snippet:-1","max-image-preview":"max-image-preview:large","max-video-preview":"max-video-preview:-1"},"canonical":"https:\/\/www.esplac.cat\/lesplai-bruixes-i-bruixots-organitzadors-de-les-ii-jornades-feministes-de-cardedeu\/","og_locale":"en_US","og_type":"article","og_title":"L'esplai Bruixes i Bruixots, organitzador de les II Jornades Feministes de Cardedeu - Esplac","og_description":"El cap de setmana passat van tenir lloc les Segones\u00a0Jornades [&hellip;]","og_url":"https:\/\/www.esplac.cat\/lesplai-bruixes-i-bruixots-organitzadors-de-les-ii-jornades-feministes-de-cardedeu\/","og_site_name":"Esplac","article_published_time":"2016-03-08T13:14:00+00:00","article_modified_time":"2019-11-14T10:01:50+00:00","og_image":[{"width":847,"height":350,"url":"https:\/\/www.esplac.cat\/wp-content\/uploads\/2016\/03\/20160308_jornades_feministes-bruixes-bruixots-1.jpg","type":"image\/jpeg"}],"author":"Comunicaci\u00f3 Esplac","twitter_card":"summary_large_image","twitter_misc":{"Written by":"Comunicaci\u00f3 Esplac","Est. reading time":"1 minute"},"schema":{"@context":"https:\/\/schema.org","@graph":[{"@type":"Article","@id":"https:\/\/www.esplac.cat\/lesplai-bruixes-i-bruixots-organitzadors-de-les-ii-jornades-feministes-de-cardedeu\/#article","isPartOf":{"@id":"https:\/\/www.esplac.cat\/lesplai-bruixes-i-bruixots-organitzadors-de-les-ii-jornades-feministes-de-cardedeu\/"},"author":{"name":"Comunicaci\u00f3 Esplac","@id":"https:\/\/www.esplac.cat\/#\/schema\/person\/908383cf240be18b68f8855d0583faca"},"headline":"L&#8217;esplai Bruixes i Bruixots, organitzador de les II Jornades Feministes de Cardedeu","datePublished":"2016-03-08T13:14:00+00:00","dateModified":"2019-11-14T10:01:50+00:00","mainEntityOfPage":{"@id":"https:\/\/www.esplac.cat\/lesplai-bruixes-i-bruixots-organitzadors-de-les-ii-jornades-feministes-de-cardedeu\/"},"wordCount":169,"publisher":{"@id":"https:\/\/www.esplac.cat\/#organization"},"image":{"@id":"https:\/\/www.esplac.cat\/lesplai-bruixes-i-bruixots-organitzadors-de-les-ii-jornades-feministes-de-cardedeu\/#primaryimage"},"thumbnailUrl":"https:\/\/www.esplac.cat\/wp-content\/uploads\/2016\/03\/20160308_jornades_feministes-bruixes-bruixots-1.jpg","keywords":["Bruixes i Bruixots","cardedeu","educaci\u00f3","feminisme","formaci\u00f3","jornades de formaci\u00f3","maresme","Ulleres per esquerrans"],"articleSection":["Activitats sectors","Cursos i formacions","Jornades de Lleure i Feminismes","Sector Maresme"],"inLanguage":"en-US"},{"@type":"WebPage","@id":"https:\/\/www.esplac.cat\/lesplai-bruixes-i-bruixots-organitzadors-de-les-ii-jornades-feministes-de-cardedeu\/","url":"https:\/\/www.esplac.cat\/lesplai-bruixes-i-bruixots-organitzadors-de-les-ii-jornades-feministes-de-cardedeu\/","name":"L'esplai Bruixes i Bruixots, organitzador de les II Jornades Feministes de Cardedeu - Esplac","isPartOf":{"@id":"https:\/\/www.esplac.cat\/#website"},"primaryImageOfPage":{"@id":"https:\/\/www.esplac.cat\/lesplai-bruixes-i-bruixots-organitzadors-de-les-ii-jornades-feministes-de-cardedeu\/#primaryimage"},"image":{"@id":"https:\/\/www.esplac.cat\/lesplai-bruixes-i-bruixots-organitzadors-de-les-ii-jornades-feministes-de-cardedeu\/#primaryimage"},"thumbnailUrl":"https:\/\/www.esplac.cat\/wp-content\/uploads\/2016\/03\/20160308_jornades_feministes-bruixes-bruixots-1.jpg","datePublished":"2016-03-08T13:14:00+00:00","dateModified":"2019-11-14T10:01:50+00:00","breadcrumb":{"@id":"https:\/\/www.esplac.cat\/lesplai-bruixes-i-bruixots-organitzadors-de-les-ii-jornades-feministes-de-cardedeu\/#breadcrumb"},"inLanguage":"en-US","potentialAction":[{"@type":"ReadAction","target":["https:\/\/www.esplac.cat\/lesplai-bruixes-i-bruixots-organitzadors-de-les-ii-jornades-feministes-de-cardedeu\/"]}]},{"@type":"ImageObject","inLanguage":"en-US","@id":"https:\/\/www.esplac.cat\/lesplai-bruixes-i-bruixots-organitzadors-de-les-ii-jornades-feministes-de-cardedeu\/#primaryimage","url":"https:\/\/www.esplac.cat\/wp-content\/uploads\/2016\/03\/20160308_jornades_feministes-bruixes-bruixots-1.jpg","contentUrl":"https:\/\/www.esplac.cat\/wp-content\/uploads\/2016\/03\/20160308_jornades_feministes-bruixes-bruixots-1.jpg","width":847,"height":350},{"@type":"BreadcrumbList","@id":"https:\/\/www.esplac.cat\/lesplai-bruixes-i-bruixots-organitzadors-de-les-ii-jornades-feministes-de-cardedeu\/#breadcrumb","itemListElement":[{"@type":"ListItem","position":1,"name":"Inici","item":"https:\/\/www.esplac.cat\/en\/"},{"@type":"ListItem","position":2,"name":"L&#8217;esplai Bruixes i Bruixots, organitzador de les II Jornades Feministes de Cardedeu"}]},{"@type":"WebSite","@id":"https:\/\/www.esplac.cat\/#website","url":"https:\/\/www.esplac.cat\/","name":"Esplac","description":"Esplais Catalans","publisher":{"@id":"https:\/\/www.esplac.cat\/#organization"},"potentialAction":[{"@type":"SearchAction","target":{"@type":"EntryPoint","urlTemplate":"https:\/\/www.esplac.cat\/?s={search_term_string}"},"query-input":{"@type":"PropertyValueSpecification","valueRequired":true,"valueName":"search_term_string"}}],"inLanguage":"en-US"},{"@type":"Organization","@id":"https:\/\/www.esplac.cat\/#organization","name":"Esplac","url":"https:\/\/www.esplac.cat\/","logo":{"@type":"ImageObject","inLanguage":"en-US","@id":"https:\/\/www.esplac.cat\/#\/schema\/logo\/image\/","url":"https:\/\/www.esplac.cat\/wp-content\/uploads\/2019\/08\/logox2.png","contentUrl":"https:\/\/www.esplac.cat\/wp-content\/uploads\/2019\/08\/logox2.png","width":600,"height":295,"caption":"Esplac"},"image":{"@id":"https:\/\/www.esplac.cat\/#\/schema\/logo\/image\/"}},{"@type":"Person","@id":"https:\/\/www.esplac.cat\/#\/schema\/person\/908383cf240be18b68f8855d0583faca","name":"Comunicaci\u00f3 Esplac","image":{"@type":"ImageObject","inLanguage":"en-US","@id":"https:\/\/secure.gravatar.com\/avatar\/7a4cf8feb412a76ea4a740ca02d95b06b2907b5a6c648c2dd0a1082a093c3141?s=96&d=mm&r=g","url":"https:\/\/secure.gravatar.com\/avatar\/7a4cf8feb412a76ea4a740ca02d95b06b2907b5a6c648c2dd0a1082a093c3141?s=96&d=mm&r=g","contentUrl":"https:\/\/secure.gravatar.com\/avatar\/7a4cf8feb412a76ea4a740ca02d95b06b2907b5a6c648c2dd0a1082a093c3141?s=96&d=mm&r=g","caption":"Comunicaci\u00f3 Esplac"}}]}},"_links":{"self":[{"href":"https:\/\/www.esplac.cat\/en\/wp-json\/wp\/v2\/posts\/25337","targetHints":{"allow":["GET"]}}],"collection":[{"href":"https:\/\/www.esplac.cat\/en\/wp-json\/wp\/v2\/posts"}],"about":[{"href":"https:\/\/www.esplac.cat\/en\/wp-json\/wp\/v2\/types\/post"}],"author":[{"embeddable":true,"href":"https:\/\/www.esplac.cat\/en\/wp-json\/wp\/v2\/users\/3"}],"replies":[{"embeddable":true,"href":"https:\/\/www.esplac.cat\/en\/wp-json\/wp\/v2\/comments?post=25337"}],"version-history":[{"count":0,"href":"https:\/\/www.esplac.cat\/en\/wp-json\/wp\/v2\/posts\/25337\/revisions"}],"wp:featuredmedia":[{"embeddable":true,"href":"https:\/\/www.esplac.cat\/en\/wp-json\/wp\/v2\/media\/25338"}],"wp:attachment":[{"href":"https:\/\/www.esplac.cat\/en\/wp-json\/wp\/v2\/media?parent=25337"}],"wp:term":[{"taxonomy":"category","embeddable":true,"href":"https:\/\/www.esplac.cat\/en\/wp-json\/wp\/v2\/categories?post=25337"},{"taxonomy":"post_tag","embeddable":true,"href":"https:\/\/www.esplac.cat\/en\/wp-json\/wp\/v2\/tags?post=25337"}],"curies":[{"name":"wp","href":"https:\/\/api.w.org\/{rel}","templated":true}]}}