{"id":25346,"date":"2016-03-03T14:27:27","date_gmt":"2016-03-03T12:27:27","guid":{"rendered":"http:\/\/esplac.cat\/?p=10084"},"modified":"2019-11-14T13:38:37","modified_gmt":"2019-11-14T11:38:37","slug":"preparant-sant-jordi-demana-el-llibre-vet-aqui-els-nostres-drets-per-a-la-paradeta-de-lesplai","status":"publish","type":"post","link":"https:\/\/www.esplac.cat\/en\/preparant-sant-jordi-demana-el-llibre-vet-aqui-els-nostres-drets-per-a-la-paradeta-de-lesplai\/","title":{"rendered":"Preparant Sant Jordi&#8230; Demaneu el llibre &#8216;Vet aqu\u00ed els nostres drets&#8217; per a la paradeta de l&#8217;esplai!"},"content":{"rendered":"<h4>Si aquest Sant Jordi 2016 esteu pensant a l&#8217;esplai en posar una parada per vendre llibres, manualitats, roses\u2026 Podeu demanar el\u00a0recull de contes &#8216;<em>Vet aqu\u00ed els nostres drets&#8217;<\/em>\u00a0(editat per Esplac) per vendre&#8217;ls!<\/h4>\n<p><strong><em><a href=\"http:\/\/esplac.cat\/vet-aqui-els-nostres-drets\/\" target=\"_blank\" rel=\"noopener noreferrer\">Vet aqu\u00ed els nostres drets. Contes per explicar els drets dels infants<\/a><\/em><\/strong> \u00e9s un recull de contes fruit del concurs de contes il\u00b7lustrats que vam realitzar l\u2019any 2009 des d\u2019Esplac.<\/p>\n<p>Aquest llibre es composa d\u2019onze contes, cadascun dedicat a un dret de la inf\u00e0ncia; m\u00e9s un \u00faltim\u00a0dedicat al dret a la participaci\u00f3, en el qual Esplais Catalans fem\u00a0especial incid\u00e8ncia, donat que \u00e9s un pilar del nostre projecte educatiu i un element fonamental de la missi\u00f3 de l\u2019associaci\u00f3.<\/p>\n<p>El llibre \u00e9s un\u00a0recull que vol defensar els Drets dels Infants, i es tracta d&#8217;un recurs educatiu per als esplais i tothom qui vulgui explicar d\u2019una manera diferent, quins s\u00f3n aquests drets.<\/p>\n<p>Des d\u2019Esplac posem a la vostra disposici\u00f3 <strong><a href=\"http:\/\/esplac.cat\/tenimdrets-recursos-per-treballar-els-drets-dels-infants\/\" target=\"_blank\" rel=\"noopener noreferrer\">un llistat de recursos que poden acompanyar el treball continuat dels Drets dels Infants a l\u2019esplai<\/a><\/strong>! Tamb\u00e9 podeu\u00a0trobar articles d\u2019opini\u00f3 i reflexi\u00f3\u00a0al <strong><a href=\"http:\/\/www.somesplai.cat\/index.php\/category\/monografic\/drets-dels-infants-monografic\/\" target=\"_blank\" rel=\"noopener noreferrer\">monogr\u00e0fic dedicat als Drets dels Infants del Somesplai.cat<\/a><\/strong>,\u00a0la revista digital d&#8217;Esplais Catalans.<\/p>\n<p>A m\u00e9s, els propers dies\u00a0posarem a la vostra disposici\u00f3 uns cartells dissenyats especialment per Sant Jordi que podreu demanar per fer difusi\u00f3 tant de la parada de l&#8217;esplai\u00a0com del llibre<strong>\u00a0\u201cVet aqu\u00ed els nostres drets<\/strong>\u201d. Si us interessa, escriviu la vostra demanda a <strong>esplac@esplac.cat<\/strong> indicant si voleu cartells per difondre la paradeta o el\u00a0llibre (o per les dues coses) i us prepararem els cartells que ens demaneu.<\/p>\n<p>En cas que vulgueu vendre els llibres\u00a0de\u00a0<strong>Vet aqu\u00ed els nostres drets<\/strong> a la paradeta, escriviu-nos tamb\u00e9 a <strong>esplac@esplac.cat<\/strong> i us explicarem com ho podeu fer!<\/p>\n<p><strong>Teniu temps\u00a0fins el 10 d\u2019abril!<\/strong><\/p>\n","protected":false},"excerpt":{"rendered":"<p>Si aquest Sant Jordi 2016 esteu pensant a l&#8217;esplai en [&hellip;]<\/p>\n","protected":false},"author":3,"featured_media":25347,"comment_status":"closed","ping_status":"open","sticky":false,"template":"","format":"standard","meta":{"om_disable_all_campaigns":false,"_monsterinsights_skip_tracking":false,"_monsterinsights_sitenote_active":false,"_monsterinsights_sitenote_note":"","_monsterinsights_sitenote_category":0,"_uf_show_specific_survey":0,"_uf_disable_surveys":false,"footnotes":""},"categories":[1167,1114,1],"tags":[228,45,467,18,672,19],"class_list":["post-25346","post","type-post","status-publish","format-standard","has-post-thumbnail","hentry","category-infancia","category-recursos","category-sense-categoria","tag-contes","tag-drets-dels-infants","tag-llibres","tag-sant-jordi","tag-vet-aqui","tag-vet-aqui-els-nostres-drets"],"yoast_head":"<!-- This site is optimized with the Yoast SEO plugin v27.4 - https:\/\/yoast.com\/product\/yoast-seo-wordpress\/ -->\n<title>Preparant Sant Jordi... Demaneu el llibre &#039;Vet aqu\u00ed els nostres drets&#039; per a la paradeta de l&#039;esplai! - Esplac<\/title>\n<meta name=\"robots\" content=\"index, follow, max-snippet:-1, max-image-preview:large, max-video-preview:-1\" \/>\n<link rel=\"canonical\" href=\"https:\/\/www.esplac.cat\/preparant-sant-jordi-demana-el-llibre-vet-aqui-els-nostres-drets-per-a-la-paradeta-de-lesplai\/\" \/>\n<meta property=\"og:locale\" content=\"en_US\" \/>\n<meta property=\"og:type\" content=\"article\" \/>\n<meta property=\"og:title\" content=\"Preparant Sant Jordi... Demaneu el llibre &#039;Vet aqu\u00ed els nostres drets&#039; per a la paradeta de l&#039;esplai! - Esplac\" \/>\n<meta property=\"og:description\" content=\"Si aquest Sant Jordi 2016 esteu pensant a l&#8217;esplai en [&hellip;]\" \/>\n<meta property=\"og:url\" content=\"https:\/\/www.esplac.cat\/preparant-sant-jordi-demana-el-llibre-vet-aqui-els-nostres-drets-per-a-la-paradeta-de-lesplai\/\" \/>\n<meta property=\"og:site_name\" content=\"Esplac\" \/>\n<meta property=\"article:published_time\" content=\"2016-03-03T12:27:27+00:00\" \/>\n<meta property=\"article:modified_time\" content=\"2019-11-14T11:38:37+00:00\" \/>\n<meta property=\"og:image\" content=\"https:\/\/www.esplac.cat\/wp-content\/uploads\/2016\/03\/20160303_Vet-aqui_stJordi16.jpg\" \/>\n\t<meta property=\"og:image:width\" content=\"847\" \/>\n\t<meta property=\"og:image:height\" content=\"350\" \/>\n\t<meta property=\"og:image:type\" content=\"image\/jpeg\" \/>\n<meta name=\"author\" content=\"Comunicaci\u00f3 Esplac\" \/>\n<meta name=\"twitter:card\" content=\"summary_large_image\" \/>\n<meta name=\"twitter:label1\" content=\"Written by\" \/>\n\t<meta name=\"twitter:data1\" content=\"Comunicaci\u00f3 Esplac\" \/>\n\t<meta name=\"twitter:label2\" content=\"Est. reading time\" \/>\n\t<meta name=\"twitter:data2\" content=\"2 minutes\" \/>\n<script type=\"application\/ld+json\" class=\"yoast-schema-graph\">{\"@context\":\"https:\\\/\\\/schema.org\",\"@graph\":[{\"@type\":\"Article\",\"@id\":\"https:\\\/\\\/www.esplac.cat\\\/preparant-sant-jordi-demana-el-llibre-vet-aqui-els-nostres-drets-per-a-la-paradeta-de-lesplai\\\/#article\",\"isPartOf\":{\"@id\":\"https:\\\/\\\/www.esplac.cat\\\/preparant-sant-jordi-demana-el-llibre-vet-aqui-els-nostres-drets-per-a-la-paradeta-de-lesplai\\\/\"},\"author\":{\"name\":\"Comunicaci\u00f3 Esplac\",\"@id\":\"https:\\\/\\\/www.esplac.cat\\\/#\\\/schema\\\/person\\\/908383cf240be18b68f8855d0583faca\"},\"headline\":\"Preparant Sant Jordi&#8230; Demaneu el llibre &#8216;Vet aqu\u00ed els nostres drets&#8217; per a la paradeta de l&#8217;esplai!\",\"datePublished\":\"2016-03-03T12:27:27+00:00\",\"dateModified\":\"2019-11-14T11:38:37+00:00\",\"mainEntityOfPage\":{\"@id\":\"https:\\\/\\\/www.esplac.cat\\\/preparant-sant-jordi-demana-el-llibre-vet-aqui-els-nostres-drets-per-a-la-paradeta-de-lesplai\\\/\"},\"wordCount\":334,\"publisher\":{\"@id\":\"https:\\\/\\\/www.esplac.cat\\\/#organization\"},\"image\":{\"@id\":\"https:\\\/\\\/www.esplac.cat\\\/preparant-sant-jordi-demana-el-llibre-vet-aqui-els-nostres-drets-per-a-la-paradeta-de-lesplai\\\/#primaryimage\"},\"thumbnailUrl\":\"https:\\\/\\\/www.esplac.cat\\\/wp-content\\\/uploads\\\/2016\\\/03\\\/20160303_Vet-aqui_stJordi16.jpg\",\"keywords\":[\"contes\",\"drets dels infants\",\"llibres\",\"Sant Jordi\",\"vet aqu\u00ed\",\"vet aqui els nostres drets\"],\"articleSection\":[\"Inf\u00e0ncia i Esplaiada\",\"Recursos\",\"Sense categoria\"],\"inLanguage\":\"en-US\"},{\"@type\":\"WebPage\",\"@id\":\"https:\\\/\\\/www.esplac.cat\\\/preparant-sant-jordi-demana-el-llibre-vet-aqui-els-nostres-drets-per-a-la-paradeta-de-lesplai\\\/\",\"url\":\"https:\\\/\\\/www.esplac.cat\\\/preparant-sant-jordi-demana-el-llibre-vet-aqui-els-nostres-drets-per-a-la-paradeta-de-lesplai\\\/\",\"name\":\"Preparant Sant Jordi... Demaneu el llibre 'Vet aqu\u00ed els nostres drets' per a la paradeta de l'esplai! - Esplac\",\"isPartOf\":{\"@id\":\"https:\\\/\\\/www.esplac.cat\\\/#website\"},\"primaryImageOfPage\":{\"@id\":\"https:\\\/\\\/www.esplac.cat\\\/preparant-sant-jordi-demana-el-llibre-vet-aqui-els-nostres-drets-per-a-la-paradeta-de-lesplai\\\/#primaryimage\"},\"image\":{\"@id\":\"https:\\\/\\\/www.esplac.cat\\\/preparant-sant-jordi-demana-el-llibre-vet-aqui-els-nostres-drets-per-a-la-paradeta-de-lesplai\\\/#primaryimage\"},\"thumbnailUrl\":\"https:\\\/\\\/www.esplac.cat\\\/wp-content\\\/uploads\\\/2016\\\/03\\\/20160303_Vet-aqui_stJordi16.jpg\",\"datePublished\":\"2016-03-03T12:27:27+00:00\",\"dateModified\":\"2019-11-14T11:38:37+00:00\",\"breadcrumb\":{\"@id\":\"https:\\\/\\\/www.esplac.cat\\\/preparant-sant-jordi-demana-el-llibre-vet-aqui-els-nostres-drets-per-a-la-paradeta-de-lesplai\\\/#breadcrumb\"},\"inLanguage\":\"en-US\",\"potentialAction\":[{\"@type\":\"ReadAction\",\"target\":[\"https:\\\/\\\/www.esplac.cat\\\/preparant-sant-jordi-demana-el-llibre-vet-aqui-els-nostres-drets-per-a-la-paradeta-de-lesplai\\\/\"]}]},{\"@type\":\"ImageObject\",\"inLanguage\":\"en-US\",\"@id\":\"https:\\\/\\\/www.esplac.cat\\\/preparant-sant-jordi-demana-el-llibre-vet-aqui-els-nostres-drets-per-a-la-paradeta-de-lesplai\\\/#primaryimage\",\"url\":\"https:\\\/\\\/www.esplac.cat\\\/wp-content\\\/uploads\\\/2016\\\/03\\\/20160303_Vet-aqui_stJordi16.jpg\",\"contentUrl\":\"https:\\\/\\\/www.esplac.cat\\\/wp-content\\\/uploads\\\/2016\\\/03\\\/20160303_Vet-aqui_stJordi16.jpg\",\"width\":847,\"height\":350},{\"@type\":\"BreadcrumbList\",\"@id\":\"https:\\\/\\\/www.esplac.cat\\\/preparant-sant-jordi-demana-el-llibre-vet-aqui-els-nostres-drets-per-a-la-paradeta-de-lesplai\\\/#breadcrumb\",\"itemListElement\":[{\"@type\":\"ListItem\",\"position\":1,\"name\":\"Inici\",\"item\":\"https:\\\/\\\/www.esplac.cat\\\/en\\\/\"},{\"@type\":\"ListItem\",\"position\":2,\"name\":\"Preparant Sant Jordi&#8230; Demaneu el llibre &#8216;Vet aqu\u00ed els nostres drets&#8217; per a la paradeta de l&#8217;esplai!\"}]},{\"@type\":\"WebSite\",\"@id\":\"https:\\\/\\\/www.esplac.cat\\\/#website\",\"url\":\"https:\\\/\\\/www.esplac.cat\\\/\",\"name\":\"Esplac\",\"description\":\"Esplais Catalans\",\"publisher\":{\"@id\":\"https:\\\/\\\/www.esplac.cat\\\/#organization\"},\"potentialAction\":[{\"@type\":\"SearchAction\",\"target\":{\"@type\":\"EntryPoint\",\"urlTemplate\":\"https:\\\/\\\/www.esplac.cat\\\/?s={search_term_string}\"},\"query-input\":{\"@type\":\"PropertyValueSpecification\",\"valueRequired\":true,\"valueName\":\"search_term_string\"}}],\"inLanguage\":\"en-US\"},{\"@type\":\"Organization\",\"@id\":\"https:\\\/\\\/www.esplac.cat\\\/#organization\",\"name\":\"Esplac\",\"url\":\"https:\\\/\\\/www.esplac.cat\\\/\",\"logo\":{\"@type\":\"ImageObject\",\"inLanguage\":\"en-US\",\"@id\":\"https:\\\/\\\/www.esplac.cat\\\/#\\\/schema\\\/logo\\\/image\\\/\",\"url\":\"https:\\\/\\\/www.esplac.cat\\\/wp-content\\\/uploads\\\/2019\\\/08\\\/logox2.png\",\"contentUrl\":\"https:\\\/\\\/www.esplac.cat\\\/wp-content\\\/uploads\\\/2019\\\/08\\\/logox2.png\",\"width\":600,\"height\":295,\"caption\":\"Esplac\"},\"image\":{\"@id\":\"https:\\\/\\\/www.esplac.cat\\\/#\\\/schema\\\/logo\\\/image\\\/\"}},{\"@type\":\"Person\",\"@id\":\"https:\\\/\\\/www.esplac.cat\\\/#\\\/schema\\\/person\\\/908383cf240be18b68f8855d0583faca\",\"name\":\"Comunicaci\u00f3 Esplac\",\"image\":{\"@type\":\"ImageObject\",\"inLanguage\":\"en-US\",\"@id\":\"https:\\\/\\\/secure.gravatar.com\\\/avatar\\\/7a4cf8feb412a76ea4a740ca02d95b06b2907b5a6c648c2dd0a1082a093c3141?s=96&d=mm&r=g\",\"url\":\"https:\\\/\\\/secure.gravatar.com\\\/avatar\\\/7a4cf8feb412a76ea4a740ca02d95b06b2907b5a6c648c2dd0a1082a093c3141?s=96&d=mm&r=g\",\"contentUrl\":\"https:\\\/\\\/secure.gravatar.com\\\/avatar\\\/7a4cf8feb412a76ea4a740ca02d95b06b2907b5a6c648c2dd0a1082a093c3141?s=96&d=mm&r=g\",\"caption\":\"Comunicaci\u00f3 Esplac\"}}]}<\/script>\n<!-- \/ Yoast SEO plugin. -->","yoast_head_json":{"title":"Preparant Sant Jordi... Demaneu el llibre 'Vet aqu\u00ed els nostres drets' per a la paradeta de l'esplai! - Esplac","robots":{"index":"index","follow":"follow","max-snippet":"max-snippet:-1","max-image-preview":"max-image-preview:large","max-video-preview":"max-video-preview:-1"},"canonical":"https:\/\/www.esplac.cat\/preparant-sant-jordi-demana-el-llibre-vet-aqui-els-nostres-drets-per-a-la-paradeta-de-lesplai\/","og_locale":"en_US","og_type":"article","og_title":"Preparant Sant Jordi... Demaneu el llibre 'Vet aqu\u00ed els nostres drets' per a la paradeta de l'esplai! - Esplac","og_description":"Si aquest Sant Jordi 2016 esteu pensant a l&#8217;esplai en [&hellip;]","og_url":"https:\/\/www.esplac.cat\/preparant-sant-jordi-demana-el-llibre-vet-aqui-els-nostres-drets-per-a-la-paradeta-de-lesplai\/","og_site_name":"Esplac","article_published_time":"2016-03-03T12:27:27+00:00","article_modified_time":"2019-11-14T11:38:37+00:00","og_image":[{"width":847,"height":350,"url":"https:\/\/www.esplac.cat\/wp-content\/uploads\/2016\/03\/20160303_Vet-aqui_stJordi16.jpg","type":"image\/jpeg"}],"author":"Comunicaci\u00f3 Esplac","twitter_card":"summary_large_image","twitter_misc":{"Written by":"Comunicaci\u00f3 Esplac","Est. reading time":"2 minutes"},"schema":{"@context":"https:\/\/schema.org","@graph":[{"@type":"Article","@id":"https:\/\/www.esplac.cat\/preparant-sant-jordi-demana-el-llibre-vet-aqui-els-nostres-drets-per-a-la-paradeta-de-lesplai\/#article","isPartOf":{"@id":"https:\/\/www.esplac.cat\/preparant-sant-jordi-demana-el-llibre-vet-aqui-els-nostres-drets-per-a-la-paradeta-de-lesplai\/"},"author":{"name":"Comunicaci\u00f3 Esplac","@id":"https:\/\/www.esplac.cat\/#\/schema\/person\/908383cf240be18b68f8855d0583faca"},"headline":"Preparant Sant Jordi&#8230; Demaneu el llibre &#8216;Vet aqu\u00ed els nostres drets&#8217; per a la paradeta de l&#8217;esplai!","datePublished":"2016-03-03T12:27:27+00:00","dateModified":"2019-11-14T11:38:37+00:00","mainEntityOfPage":{"@id":"https:\/\/www.esplac.cat\/preparant-sant-jordi-demana-el-llibre-vet-aqui-els-nostres-drets-per-a-la-paradeta-de-lesplai\/"},"wordCount":334,"publisher":{"@id":"https:\/\/www.esplac.cat\/#organization"},"image":{"@id":"https:\/\/www.esplac.cat\/preparant-sant-jordi-demana-el-llibre-vet-aqui-els-nostres-drets-per-a-la-paradeta-de-lesplai\/#primaryimage"},"thumbnailUrl":"https:\/\/www.esplac.cat\/wp-content\/uploads\/2016\/03\/20160303_Vet-aqui_stJordi16.jpg","keywords":["contes","drets dels infants","llibres","Sant Jordi","vet aqu\u00ed","vet aqui els nostres drets"],"articleSection":["Inf\u00e0ncia i Esplaiada","Recursos","Sense categoria"],"inLanguage":"en-US"},{"@type":"WebPage","@id":"https:\/\/www.esplac.cat\/preparant-sant-jordi-demana-el-llibre-vet-aqui-els-nostres-drets-per-a-la-paradeta-de-lesplai\/","url":"https:\/\/www.esplac.cat\/preparant-sant-jordi-demana-el-llibre-vet-aqui-els-nostres-drets-per-a-la-paradeta-de-lesplai\/","name":"Preparant Sant Jordi... Demaneu el llibre 'Vet aqu\u00ed els nostres drets' per a la paradeta de l'esplai! - Esplac","isPartOf":{"@id":"https:\/\/www.esplac.cat\/#website"},"primaryImageOfPage":{"@id":"https:\/\/www.esplac.cat\/preparant-sant-jordi-demana-el-llibre-vet-aqui-els-nostres-drets-per-a-la-paradeta-de-lesplai\/#primaryimage"},"image":{"@id":"https:\/\/www.esplac.cat\/preparant-sant-jordi-demana-el-llibre-vet-aqui-els-nostres-drets-per-a-la-paradeta-de-lesplai\/#primaryimage"},"thumbnailUrl":"https:\/\/www.esplac.cat\/wp-content\/uploads\/2016\/03\/20160303_Vet-aqui_stJordi16.jpg","datePublished":"2016-03-03T12:27:27+00:00","dateModified":"2019-11-14T11:38:37+00:00","breadcrumb":{"@id":"https:\/\/www.esplac.cat\/preparant-sant-jordi-demana-el-llibre-vet-aqui-els-nostres-drets-per-a-la-paradeta-de-lesplai\/#breadcrumb"},"inLanguage":"en-US","potentialAction":[{"@type":"ReadAction","target":["https:\/\/www.esplac.cat\/preparant-sant-jordi-demana-el-llibre-vet-aqui-els-nostres-drets-per-a-la-paradeta-de-lesplai\/"]}]},{"@type":"ImageObject","inLanguage":"en-US","@id":"https:\/\/www.esplac.cat\/preparant-sant-jordi-demana-el-llibre-vet-aqui-els-nostres-drets-per-a-la-paradeta-de-lesplai\/#primaryimage","url":"https:\/\/www.esplac.cat\/wp-content\/uploads\/2016\/03\/20160303_Vet-aqui_stJordi16.jpg","contentUrl":"https:\/\/www.esplac.cat\/wp-content\/uploads\/2016\/03\/20160303_Vet-aqui_stJordi16.jpg","width":847,"height":350},{"@type":"BreadcrumbList","@id":"https:\/\/www.esplac.cat\/preparant-sant-jordi-demana-el-llibre-vet-aqui-els-nostres-drets-per-a-la-paradeta-de-lesplai\/#breadcrumb","itemListElement":[{"@type":"ListItem","position":1,"name":"Inici","item":"https:\/\/www.esplac.cat\/en\/"},{"@type":"ListItem","position":2,"name":"Preparant Sant Jordi&#8230; Demaneu el llibre &#8216;Vet aqu\u00ed els nostres drets&#8217; per a la paradeta de l&#8217;esplai!"}]},{"@type":"WebSite","@id":"https:\/\/www.esplac.cat\/#website","url":"https:\/\/www.esplac.cat\/","name":"Esplac","description":"Esplais Catalans","publisher":{"@id":"https:\/\/www.esplac.cat\/#organization"},"potentialAction":[{"@type":"SearchAction","target":{"@type":"EntryPoint","urlTemplate":"https:\/\/www.esplac.cat\/?s={search_term_string}"},"query-input":{"@type":"PropertyValueSpecification","valueRequired":true,"valueName":"search_term_string"}}],"inLanguage":"en-US"},{"@type":"Organization","@id":"https:\/\/www.esplac.cat\/#organization","name":"Esplac","url":"https:\/\/www.esplac.cat\/","logo":{"@type":"ImageObject","inLanguage":"en-US","@id":"https:\/\/www.esplac.cat\/#\/schema\/logo\/image\/","url":"https:\/\/www.esplac.cat\/wp-content\/uploads\/2019\/08\/logox2.png","contentUrl":"https:\/\/www.esplac.cat\/wp-content\/uploads\/2019\/08\/logox2.png","width":600,"height":295,"caption":"Esplac"},"image":{"@id":"https:\/\/www.esplac.cat\/#\/schema\/logo\/image\/"}},{"@type":"Person","@id":"https:\/\/www.esplac.cat\/#\/schema\/person\/908383cf240be18b68f8855d0583faca","name":"Comunicaci\u00f3 Esplac","image":{"@type":"ImageObject","inLanguage":"en-US","@id":"https:\/\/secure.gravatar.com\/avatar\/7a4cf8feb412a76ea4a740ca02d95b06b2907b5a6c648c2dd0a1082a093c3141?s=96&d=mm&r=g","url":"https:\/\/secure.gravatar.com\/avatar\/7a4cf8feb412a76ea4a740ca02d95b06b2907b5a6c648c2dd0a1082a093c3141?s=96&d=mm&r=g","contentUrl":"https:\/\/secure.gravatar.com\/avatar\/7a4cf8feb412a76ea4a740ca02d95b06b2907b5a6c648c2dd0a1082a093c3141?s=96&d=mm&r=g","caption":"Comunicaci\u00f3 Esplac"}}]}},"_links":{"self":[{"href":"https:\/\/www.esplac.cat\/en\/wp-json\/wp\/v2\/posts\/25346","targetHints":{"allow":["GET"]}}],"collection":[{"href":"https:\/\/www.esplac.cat\/en\/wp-json\/wp\/v2\/posts"}],"about":[{"href":"https:\/\/www.esplac.cat\/en\/wp-json\/wp\/v2\/types\/post"}],"author":[{"embeddable":true,"href":"https:\/\/www.esplac.cat\/en\/wp-json\/wp\/v2\/users\/3"}],"replies":[{"embeddable":true,"href":"https:\/\/www.esplac.cat\/en\/wp-json\/wp\/v2\/comments?post=25346"}],"version-history":[{"count":0,"href":"https:\/\/www.esplac.cat\/en\/wp-json\/wp\/v2\/posts\/25346\/revisions"}],"wp:featuredmedia":[{"embeddable":true,"href":"https:\/\/www.esplac.cat\/en\/wp-json\/wp\/v2\/media\/25347"}],"wp:attachment":[{"href":"https:\/\/www.esplac.cat\/en\/wp-json\/wp\/v2\/media?parent=25346"}],"wp:term":[{"taxonomy":"category","embeddable":true,"href":"https:\/\/www.esplac.cat\/en\/wp-json\/wp\/v2\/categories?post=25346"},{"taxonomy":"post_tag","embeddable":true,"href":"https:\/\/www.esplac.cat\/en\/wp-json\/wp\/v2\/tags?post=25346"}],"curies":[{"name":"wp","href":"https:\/\/api.w.org\/{rel}","templated":true}]}}