{"id":25353,"date":"2016-02-29T12:57:26","date_gmt":"2016-02-29T10:57:26","guid":{"rendered":"http:\/\/esplac.cat\/?p=10000"},"modified":"2020-12-23T11:18:44","modified_gmt":"2020-12-23T10:18:44","slug":"escola-desplac-2016-una-mirada-global-a-la-participacio","status":"publish","type":"post","link":"https:\/\/www.esplac.cat\/en\/escola-desplac-2016-una-mirada-global-a-la-participacio\/","title":{"rendered":"Escola d&#8217;Esplac 2016, una mirada global a la participaci\u00f3"},"content":{"rendered":"<h4 class=\"p1\" style=\"text-align: justify;\"><span class=\"s1\">El passat cap de setmana del 20 i 21 de febrer es va celebrar l\u2019Escola d\u2019Esplac a Sant Salvador de Guardiola, on hi van participar m\u00e9s de 100 persones, convertint-se en l\u2019edici\u00f3 amb m\u00e9s participants. <\/span><\/h4>\n<p style=\"text-align: justify;\"><span style=\"font-weight: 400;\">Ja fa anys que l\u2019Escola d\u2019Esplac es va consolidant com a espai de debat en profunditat i trobada entre<\/span><span style=\"font-weight: 400;\"> monitors i monitores d\u2019esplais d\u2019arreu del territori<\/span><span style=\"font-weight: 400;\">. Aquestes jornades tamb\u00e9 estan obertes a altres persones de l\u2019associacionisme educatiu i, a m\u00e9s, gr\u00e0cies a les pon\u00e8ncies, posen en relaci\u00f3 la tasca educativa d\u2019Esplais Catalans amb la d\u2019altres organitzacions de lleure educatiu o amb l\u2019\u00e0mbit escolar formal. <\/span><\/p>\n<p style=\"text-align: justify;\"><span style=\"font-weight: 400;\">En l\u2019edici\u00f3 d\u2019enguany s&#8217;han tractat a trav\u00e9s de diferents taules rodones, pon\u00e8ncies i tallers d&#8217;experi\u00e8ncies compartides diversos aspectes i m\u00e8todes <a href=\"http:\/\/www.somesplai.cat\/index.php\/des-de-la-vivencia-aprenem-a-participar-participant\/\">sobre la participaci\u00f3<\/a>. El paper del monitor\/a i l&#8217;infant, la implicaci\u00f3 de les fam\u00edlies, la creativitat dels processos participatius i l&#8217;aprenentage de les habilitats participatives han estat algunes de les tem\u00e0tiques que s&#8217;han pogut debatre en aquesta edici\u00f3. Podeu veure un recull de fotografies del cap de setmana que hem penjat a la<a href=\"https:\/\/www.facebook.com\/media\/set\/?set=a.1056428467713384.1073741859.164459493576957&amp;type=3\"> nostra p\u00e0gina de Facebook.<\/a><\/span><\/p>\n<p class=\"p1\" style=\"text-align: justify;\">Com a novetat aquest any, dos reconeguts educadors han realitzat una pon\u00e8ncia d&#8217;obertura i una altra de tancament. L&#8217;encarregat de fer la primera pon\u00e8ncia dissabte al mat\u00ed va ser <a href=\"http:\/\/www.somesplai.cat\/index.php\/entrevista-fermin-rodriguez\/\">Ferm\u00edn Rodr\u00edguez<\/a>, psicopedagog i Doctor en Educaci\u00f3 i Societat per la Universitat de Barcelona. Per tancar l&#8217;Escola diumenge, l&#8217;educador itali\u00e0 <a href=\"http:\/\/www.somesplai.cat\/index.php\/entrevista-a-gino-ferri\/\">Gino Ferri<\/a> va explicar la seva experi\u00e8ncia en processos d&#8217;aprenentatge en qu\u00e8 l&#8217;infant est\u00e0 al centre i \u00e9s el protagonista.<\/p>\n<p style=\"text-align: justify;\"><span style=\"font-weight: 400;\">A les taules rodones han participat altres membres de l&#8217;associacionisme educatiu, com<strong> N\u00faria Sim\u00f3<\/strong>, professora del Departament de Pedagogia de la Universitat de Vic, <strong>Julio del Valle<\/strong>, expresident del consell de Joventut de Scouts d&#8217;Espanya i diputat per la prov\u00edncia de Valladolid, <strong>\u00c0lex Castillo<\/strong>, president de la FaPac i pare d&#8217;esplai o <strong>Marta Cots<\/strong>, coordinadora t\u00e8cnica de Minyons, Escoltes i Guies.<\/span><span style=\"font-weight: 400;\"> Tamb\u00e9 van participar-hi <strong>Raimon Carreras<\/strong>, president d\u2019Esplais Catalans fins la darrera Assemblea General Ordin\u00e0ria; <strong>Guillem Llorente<\/strong>, formador de l\u2019Escola El Sol ; <strong>Carles Vila<\/strong>, educador social i professor de la Universitat de Barcelona i <strong>Maria Casademont<\/strong>, membre de la Junta d&#8217;Acci\u00f3 Escolta.\u00a0<\/span><\/p>\n<p class=\"p1\" style=\"text-align: justify;\"><span style=\"font-weight: 400;\">Dissabte a la tarda, el programa incorporava experi\u00e8ncies en petits grups per compartir i debatre sobre diferents experi\u00e8ncies de participaci\u00f3. Membres de la Ludoteca la Verneda, l&#8217;Escola Els Pinetons, el grup jove autogestionat de la Fundaci\u00f3 Marianao, l&#8217;Escola p\u00fablica El Roure Gros, el CNIAC i l&#8217;esplai El Piolet de Barber\u00e0 del Vall\u00e8s van explicar els seus processos interns de participaci\u00f3 i van llan\u00e7ar idees interessants pel debat entre els i les joves.<\/span> <strong><a href=\"http:\/\/esplac.cat\/escola-esplac\/\">Podeu veure la resta d\u2019experi\u00e8ncies que es van dur a terme a la p\u00e0gina de l\u2019Escola d\u2019Esplac!<\/a><\/strong><\/p>\n<p class=\"p1\" style=\"text-align: justify;\">Des del punt de vista de l\u2019organitzaci\u00f3, Marta Cortina, coordinadora de l\u2019acte i membre de l\u2019ED, afirma que &#8220;Hem anat evolucionant i millorant els formats de les jornades durant els \u00faltims anys, fins al punt que aquest any hem superat el centenar de persones inscrites\u201d. Explicava, tamb\u00e9 que &#8220;De cara al proper any potser haurem de canviar el format i repensar-la per poder-la fer encara m\u00e9s oberta\u201d.<\/p>\n<p class=\"p1\" style=\"text-align: justify;\"><span style=\"font-weight: 400;\">El tema principal de l\u2019Escola d\u2019Esplac s\u2019escull for\u00e7a temps abans a partir d\u2019un recull de propostes de les monitores, i tenint en compte tamb\u00e9 quins temes prenen m\u00e9s import\u00e0ncia pel moment actual o per l\u2019estat del Projecte Educatiu d\u2019Esplais Catalans. \u00c9s a partir de jornades com aquesta que s\u2019enriqueix el discurs, es q\u00fcestionen els m\u00e8todes i sorgeixen noves preocupacions i noves formes d\u2019actuar <\/span><span style=\"font-weight: 400;\">des de l\u2019associacionisme educatiu<\/span><span style=\"font-weight: 400;\"> perqu\u00e8 aquest esdevingui cada cop m\u00e9s conscient, transformador i participatiu.<\/span><\/p>\n","protected":false},"excerpt":{"rendered":"<p>El passat cap de setmana del 20 i 21 de [&hellip;]<\/p>\n","protected":false},"author":3,"featured_media":25354,"comment_status":"closed","ping_status":"open","sticky":false,"template":"","format":"standard","meta":{"om_disable_all_campaigns":false,"_monsterinsights_skip_tracking":false,"_monsterinsights_sitenote_active":false,"_monsterinsights_sitenote_note":"","_monsterinsights_sitenote_category":0,"_uf_show_specific_survey":0,"_uf_disable_surveys":false,"footnotes":""},"categories":[1111,1131,1129,1328],"tags":[184,54,40],"class_list":["post-25353","post","type-post","status-publish","format-standard","has-post-thumbnail","hentry","category-activitats-esplac","category-cursos-formacions","category-escola-desplac","category-participacio","tag-escola-desplac","tag-formacio","tag-participacio"],"yoast_head":"<!-- This site is optimized with the Yoast SEO plugin v27.4 - https:\/\/yoast.com\/product\/yoast-seo-wordpress\/ -->\n<title>Escola d&#039;Esplac 2016, una mirada global a la participaci\u00f3 - Esplac<\/title>\n<meta name=\"robots\" content=\"index, follow, max-snippet:-1, max-image-preview:large, max-video-preview:-1\" \/>\n<link rel=\"canonical\" href=\"https:\/\/www.esplac.cat\/en\/escola-desplac-2016-una-mirada-global-a-la-participacio\/\" \/>\n<meta property=\"og:locale\" content=\"en_US\" \/>\n<meta property=\"og:type\" content=\"article\" \/>\n<meta property=\"og:title\" content=\"Escola d&#039;Esplac 2016, una mirada global a la participaci\u00f3 - Esplac\" \/>\n<meta property=\"og:description\" content=\"El passat cap de setmana del 20 i 21 de [&hellip;]\" \/>\n<meta property=\"og:url\" content=\"https:\/\/www.esplac.cat\/en\/escola-desplac-2016-una-mirada-global-a-la-participacio\/\" \/>\n<meta property=\"og:site_name\" content=\"Esplac\" \/>\n<meta property=\"article:published_time\" content=\"2016-02-29T10:57:26+00:00\" \/>\n<meta property=\"article:modified_time\" content=\"2020-12-23T10:18:44+00:00\" \/>\n<meta property=\"og:image\" content=\"https:\/\/www.esplac.cat\/wp-content\/uploads\/2016\/02\/20160229_EscolaEsplac.jpg\" \/>\n\t<meta property=\"og:image:width\" content=\"847\" \/>\n\t<meta property=\"og:image:height\" content=\"350\" \/>\n\t<meta property=\"og:image:type\" content=\"image\/jpeg\" \/>\n<meta name=\"author\" content=\"Comunicaci\u00f3 Esplac\" \/>\n<meta name=\"twitter:card\" content=\"summary_large_image\" \/>\n<meta name=\"twitter:label1\" content=\"Written by\" \/>\n\t<meta name=\"twitter:data1\" content=\"Comunicaci\u00f3 Esplac\" \/>\n\t<meta name=\"twitter:label2\" content=\"Est. reading time\" \/>\n\t<meta name=\"twitter:data2\" content=\"3 minutes\" \/>\n<script type=\"application\/ld+json\" class=\"yoast-schema-graph\">{\"@context\":\"https:\\\/\\\/schema.org\",\"@graph\":[{\"@type\":\"Article\",\"@id\":\"https:\\\/\\\/www.esplac.cat\\\/en\\\/escola-desplac-2016-una-mirada-global-a-la-participacio\\\/#article\",\"isPartOf\":{\"@id\":\"https:\\\/\\\/www.esplac.cat\\\/en\\\/escola-desplac-2016-una-mirada-global-a-la-participacio\\\/\"},\"author\":{\"name\":\"Comunicaci\u00f3 Esplac\",\"@id\":\"https:\\\/\\\/www.esplac.cat\\\/#\\\/schema\\\/person\\\/908383cf240be18b68f8855d0583faca\"},\"headline\":\"Escola d&#8217;Esplac 2016, una mirada global a la participaci\u00f3\",\"datePublished\":\"2016-02-29T10:57:26+00:00\",\"dateModified\":\"2020-12-23T10:18:44+00:00\",\"mainEntityOfPage\":{\"@id\":\"https:\\\/\\\/www.esplac.cat\\\/en\\\/escola-desplac-2016-una-mirada-global-a-la-participacio\\\/\"},\"wordCount\":670,\"publisher\":{\"@id\":\"https:\\\/\\\/www.esplac.cat\\\/#organization\"},\"image\":{\"@id\":\"https:\\\/\\\/www.esplac.cat\\\/en\\\/escola-desplac-2016-una-mirada-global-a-la-participacio\\\/#primaryimage\"},\"thumbnailUrl\":\"https:\\\/\\\/www.esplac.cat\\\/wp-content\\\/uploads\\\/2016\\\/02\\\/20160229_EscolaEsplac.jpg\",\"keywords\":[\"escola d'Esplac\",\"formaci\u00f3\",\"participaci\u00f3\"],\"articleSection\":[\"Activitats esplac\",\"Cursos i formacions\",\"Escola d'Esplac\",\"Participaci\u00f3\"],\"inLanguage\":\"en-US\"},{\"@type\":\"WebPage\",\"@id\":\"https:\\\/\\\/www.esplac.cat\\\/en\\\/escola-desplac-2016-una-mirada-global-a-la-participacio\\\/\",\"url\":\"https:\\\/\\\/www.esplac.cat\\\/en\\\/escola-desplac-2016-una-mirada-global-a-la-participacio\\\/\",\"name\":\"Escola d'Esplac 2016, una mirada global a la participaci\u00f3 - Esplac\",\"isPartOf\":{\"@id\":\"https:\\\/\\\/www.esplac.cat\\\/#website\"},\"primaryImageOfPage\":{\"@id\":\"https:\\\/\\\/www.esplac.cat\\\/en\\\/escola-desplac-2016-una-mirada-global-a-la-participacio\\\/#primaryimage\"},\"image\":{\"@id\":\"https:\\\/\\\/www.esplac.cat\\\/en\\\/escola-desplac-2016-una-mirada-global-a-la-participacio\\\/#primaryimage\"},\"thumbnailUrl\":\"https:\\\/\\\/www.esplac.cat\\\/wp-content\\\/uploads\\\/2016\\\/02\\\/20160229_EscolaEsplac.jpg\",\"datePublished\":\"2016-02-29T10:57:26+00:00\",\"dateModified\":\"2020-12-23T10:18:44+00:00\",\"breadcrumb\":{\"@id\":\"https:\\\/\\\/www.esplac.cat\\\/en\\\/escola-desplac-2016-una-mirada-global-a-la-participacio\\\/#breadcrumb\"},\"inLanguage\":\"en-US\",\"potentialAction\":[{\"@type\":\"ReadAction\",\"target\":[\"https:\\\/\\\/www.esplac.cat\\\/en\\\/escola-desplac-2016-una-mirada-global-a-la-participacio\\\/\"]}]},{\"@type\":\"ImageObject\",\"inLanguage\":\"en-US\",\"@id\":\"https:\\\/\\\/www.esplac.cat\\\/en\\\/escola-desplac-2016-una-mirada-global-a-la-participacio\\\/#primaryimage\",\"url\":\"https:\\\/\\\/www.esplac.cat\\\/wp-content\\\/uploads\\\/2016\\\/02\\\/20160229_EscolaEsplac.jpg\",\"contentUrl\":\"https:\\\/\\\/www.esplac.cat\\\/wp-content\\\/uploads\\\/2016\\\/02\\\/20160229_EscolaEsplac.jpg\",\"width\":847,\"height\":350},{\"@type\":\"BreadcrumbList\",\"@id\":\"https:\\\/\\\/www.esplac.cat\\\/en\\\/escola-desplac-2016-una-mirada-global-a-la-participacio\\\/#breadcrumb\",\"itemListElement\":[{\"@type\":\"ListItem\",\"position\":1,\"name\":\"Inici\",\"item\":\"https:\\\/\\\/www.esplac.cat\\\/en\\\/\"},{\"@type\":\"ListItem\",\"position\":2,\"name\":\"Escola d&#8217;Esplac 2016, una mirada global a la participaci\u00f3\"}]},{\"@type\":\"WebSite\",\"@id\":\"https:\\\/\\\/www.esplac.cat\\\/#website\",\"url\":\"https:\\\/\\\/www.esplac.cat\\\/\",\"name\":\"Esplac\",\"description\":\"Esplais Catalans\",\"publisher\":{\"@id\":\"https:\\\/\\\/www.esplac.cat\\\/#organization\"},\"potentialAction\":[{\"@type\":\"SearchAction\",\"target\":{\"@type\":\"EntryPoint\",\"urlTemplate\":\"https:\\\/\\\/www.esplac.cat\\\/?s={search_term_string}\"},\"query-input\":{\"@type\":\"PropertyValueSpecification\",\"valueRequired\":true,\"valueName\":\"search_term_string\"}}],\"inLanguage\":\"en-US\"},{\"@type\":\"Organization\",\"@id\":\"https:\\\/\\\/www.esplac.cat\\\/#organization\",\"name\":\"Esplac\",\"url\":\"https:\\\/\\\/www.esplac.cat\\\/\",\"logo\":{\"@type\":\"ImageObject\",\"inLanguage\":\"en-US\",\"@id\":\"https:\\\/\\\/www.esplac.cat\\\/#\\\/schema\\\/logo\\\/image\\\/\",\"url\":\"https:\\\/\\\/www.esplac.cat\\\/wp-content\\\/uploads\\\/2019\\\/08\\\/logox2.png\",\"contentUrl\":\"https:\\\/\\\/www.esplac.cat\\\/wp-content\\\/uploads\\\/2019\\\/08\\\/logox2.png\",\"width\":600,\"height\":295,\"caption\":\"Esplac\"},\"image\":{\"@id\":\"https:\\\/\\\/www.esplac.cat\\\/#\\\/schema\\\/logo\\\/image\\\/\"}},{\"@type\":\"Person\",\"@id\":\"https:\\\/\\\/www.esplac.cat\\\/#\\\/schema\\\/person\\\/908383cf240be18b68f8855d0583faca\",\"name\":\"Comunicaci\u00f3 Esplac\",\"image\":{\"@type\":\"ImageObject\",\"inLanguage\":\"en-US\",\"@id\":\"https:\\\/\\\/secure.gravatar.com\\\/avatar\\\/7a4cf8feb412a76ea4a740ca02d95b06b2907b5a6c648c2dd0a1082a093c3141?s=96&d=mm&r=g\",\"url\":\"https:\\\/\\\/secure.gravatar.com\\\/avatar\\\/7a4cf8feb412a76ea4a740ca02d95b06b2907b5a6c648c2dd0a1082a093c3141?s=96&d=mm&r=g\",\"contentUrl\":\"https:\\\/\\\/secure.gravatar.com\\\/avatar\\\/7a4cf8feb412a76ea4a740ca02d95b06b2907b5a6c648c2dd0a1082a093c3141?s=96&d=mm&r=g\",\"caption\":\"Comunicaci\u00f3 Esplac\"}}]}<\/script>\n<!-- \/ Yoast SEO plugin. -->","yoast_head_json":{"title":"Escola d'Esplac 2016, una mirada global a la participaci\u00f3 - Esplac","robots":{"index":"index","follow":"follow","max-snippet":"max-snippet:-1","max-image-preview":"max-image-preview:large","max-video-preview":"max-video-preview:-1"},"canonical":"https:\/\/www.esplac.cat\/en\/escola-desplac-2016-una-mirada-global-a-la-participacio\/","og_locale":"en_US","og_type":"article","og_title":"Escola d'Esplac 2016, una mirada global a la participaci\u00f3 - Esplac","og_description":"El passat cap de setmana del 20 i 21 de [&hellip;]","og_url":"https:\/\/www.esplac.cat\/en\/escola-desplac-2016-una-mirada-global-a-la-participacio\/","og_site_name":"Esplac","article_published_time":"2016-02-29T10:57:26+00:00","article_modified_time":"2020-12-23T10:18:44+00:00","og_image":[{"width":847,"height":350,"url":"https:\/\/www.esplac.cat\/wp-content\/uploads\/2016\/02\/20160229_EscolaEsplac.jpg","type":"image\/jpeg"}],"author":"Comunicaci\u00f3 Esplac","twitter_card":"summary_large_image","twitter_misc":{"Written by":"Comunicaci\u00f3 Esplac","Est. reading time":"3 minutes"},"schema":{"@context":"https:\/\/schema.org","@graph":[{"@type":"Article","@id":"https:\/\/www.esplac.cat\/en\/escola-desplac-2016-una-mirada-global-a-la-participacio\/#article","isPartOf":{"@id":"https:\/\/www.esplac.cat\/en\/escola-desplac-2016-una-mirada-global-a-la-participacio\/"},"author":{"name":"Comunicaci\u00f3 Esplac","@id":"https:\/\/www.esplac.cat\/#\/schema\/person\/908383cf240be18b68f8855d0583faca"},"headline":"Escola d&#8217;Esplac 2016, una mirada global a la participaci\u00f3","datePublished":"2016-02-29T10:57:26+00:00","dateModified":"2020-12-23T10:18:44+00:00","mainEntityOfPage":{"@id":"https:\/\/www.esplac.cat\/en\/escola-desplac-2016-una-mirada-global-a-la-participacio\/"},"wordCount":670,"publisher":{"@id":"https:\/\/www.esplac.cat\/#organization"},"image":{"@id":"https:\/\/www.esplac.cat\/en\/escola-desplac-2016-una-mirada-global-a-la-participacio\/#primaryimage"},"thumbnailUrl":"https:\/\/www.esplac.cat\/wp-content\/uploads\/2016\/02\/20160229_EscolaEsplac.jpg","keywords":["escola d'Esplac","formaci\u00f3","participaci\u00f3"],"articleSection":["Activitats esplac","Cursos i formacions","Escola d'Esplac","Participaci\u00f3"],"inLanguage":"en-US"},{"@type":"WebPage","@id":"https:\/\/www.esplac.cat\/en\/escola-desplac-2016-una-mirada-global-a-la-participacio\/","url":"https:\/\/www.esplac.cat\/en\/escola-desplac-2016-una-mirada-global-a-la-participacio\/","name":"Escola d'Esplac 2016, una mirada global a la participaci\u00f3 - Esplac","isPartOf":{"@id":"https:\/\/www.esplac.cat\/#website"},"primaryImageOfPage":{"@id":"https:\/\/www.esplac.cat\/en\/escola-desplac-2016-una-mirada-global-a-la-participacio\/#primaryimage"},"image":{"@id":"https:\/\/www.esplac.cat\/en\/escola-desplac-2016-una-mirada-global-a-la-participacio\/#primaryimage"},"thumbnailUrl":"https:\/\/www.esplac.cat\/wp-content\/uploads\/2016\/02\/20160229_EscolaEsplac.jpg","datePublished":"2016-02-29T10:57:26+00:00","dateModified":"2020-12-23T10:18:44+00:00","breadcrumb":{"@id":"https:\/\/www.esplac.cat\/en\/escola-desplac-2016-una-mirada-global-a-la-participacio\/#breadcrumb"},"inLanguage":"en-US","potentialAction":[{"@type":"ReadAction","target":["https:\/\/www.esplac.cat\/en\/escola-desplac-2016-una-mirada-global-a-la-participacio\/"]}]},{"@type":"ImageObject","inLanguage":"en-US","@id":"https:\/\/www.esplac.cat\/en\/escola-desplac-2016-una-mirada-global-a-la-participacio\/#primaryimage","url":"https:\/\/www.esplac.cat\/wp-content\/uploads\/2016\/02\/20160229_EscolaEsplac.jpg","contentUrl":"https:\/\/www.esplac.cat\/wp-content\/uploads\/2016\/02\/20160229_EscolaEsplac.jpg","width":847,"height":350},{"@type":"BreadcrumbList","@id":"https:\/\/www.esplac.cat\/en\/escola-desplac-2016-una-mirada-global-a-la-participacio\/#breadcrumb","itemListElement":[{"@type":"ListItem","position":1,"name":"Inici","item":"https:\/\/www.esplac.cat\/en\/"},{"@type":"ListItem","position":2,"name":"Escola d&#8217;Esplac 2016, una mirada global a la participaci\u00f3"}]},{"@type":"WebSite","@id":"https:\/\/www.esplac.cat\/#website","url":"https:\/\/www.esplac.cat\/","name":"Esplac","description":"Esplais Catalans","publisher":{"@id":"https:\/\/www.esplac.cat\/#organization"},"potentialAction":[{"@type":"SearchAction","target":{"@type":"EntryPoint","urlTemplate":"https:\/\/www.esplac.cat\/?s={search_term_string}"},"query-input":{"@type":"PropertyValueSpecification","valueRequired":true,"valueName":"search_term_string"}}],"inLanguage":"en-US"},{"@type":"Organization","@id":"https:\/\/www.esplac.cat\/#organization","name":"Esplac","url":"https:\/\/www.esplac.cat\/","logo":{"@type":"ImageObject","inLanguage":"en-US","@id":"https:\/\/www.esplac.cat\/#\/schema\/logo\/image\/","url":"https:\/\/www.esplac.cat\/wp-content\/uploads\/2019\/08\/logox2.png","contentUrl":"https:\/\/www.esplac.cat\/wp-content\/uploads\/2019\/08\/logox2.png","width":600,"height":295,"caption":"Esplac"},"image":{"@id":"https:\/\/www.esplac.cat\/#\/schema\/logo\/image\/"}},{"@type":"Person","@id":"https:\/\/www.esplac.cat\/#\/schema\/person\/908383cf240be18b68f8855d0583faca","name":"Comunicaci\u00f3 Esplac","image":{"@type":"ImageObject","inLanguage":"en-US","@id":"https:\/\/secure.gravatar.com\/avatar\/7a4cf8feb412a76ea4a740ca02d95b06b2907b5a6c648c2dd0a1082a093c3141?s=96&d=mm&r=g","url":"https:\/\/secure.gravatar.com\/avatar\/7a4cf8feb412a76ea4a740ca02d95b06b2907b5a6c648c2dd0a1082a093c3141?s=96&d=mm&r=g","contentUrl":"https:\/\/secure.gravatar.com\/avatar\/7a4cf8feb412a76ea4a740ca02d95b06b2907b5a6c648c2dd0a1082a093c3141?s=96&d=mm&r=g","caption":"Comunicaci\u00f3 Esplac"}}]}},"_links":{"self":[{"href":"https:\/\/www.esplac.cat\/en\/wp-json\/wp\/v2\/posts\/25353","targetHints":{"allow":["GET"]}}],"collection":[{"href":"https:\/\/www.esplac.cat\/en\/wp-json\/wp\/v2\/posts"}],"about":[{"href":"https:\/\/www.esplac.cat\/en\/wp-json\/wp\/v2\/types\/post"}],"author":[{"embeddable":true,"href":"https:\/\/www.esplac.cat\/en\/wp-json\/wp\/v2\/users\/3"}],"replies":[{"embeddable":true,"href":"https:\/\/www.esplac.cat\/en\/wp-json\/wp\/v2\/comments?post=25353"}],"version-history":[{"count":0,"href":"https:\/\/www.esplac.cat\/en\/wp-json\/wp\/v2\/posts\/25353\/revisions"}],"wp:featuredmedia":[{"embeddable":true,"href":"https:\/\/www.esplac.cat\/en\/wp-json\/wp\/v2\/media\/25354"}],"wp:attachment":[{"href":"https:\/\/www.esplac.cat\/en\/wp-json\/wp\/v2\/media?parent=25353"}],"wp:term":[{"taxonomy":"category","embeddable":true,"href":"https:\/\/www.esplac.cat\/en\/wp-json\/wp\/v2\/categories?post=25353"},{"taxonomy":"post_tag","embeddable":true,"href":"https:\/\/www.esplac.cat\/en\/wp-json\/wp\/v2\/tags?post=25353"}],"curies":[{"name":"wp","href":"https:\/\/api.w.org\/{rel}","templated":true}]}}