{"id":25379,"date":"2016-02-09T16:51:31","date_gmt":"2016-02-09T14:51:31","guid":{"rendered":"http:\/\/esplac.cat\/?p=9841"},"modified":"2019-11-14T13:36:39","modified_gmt":"2019-11-14T11:36:39","slug":"primera-trobada-de-formacio-sobre-interculturalitat-a-lesplai","status":"publish","type":"post","link":"https:\/\/www.esplac.cat\/en\/primera-trobada-de-formacio-sobre-interculturalitat-a-lesplai\/","title":{"rendered":"Primera trobada de formaci\u00f3 sobre interculturalitat a l&#8217;esplai"},"content":{"rendered":"<h4 class=\"p1\"><strong>El passat divendres 5 de febrer vam realitzar la primera de les quatre formacions programades sobre el treball de la <a href=\"http:\/\/esplac.cat\/wp-content\/uploads\/2015\/12\/20151218_Trobades_Interculturalitat.png\" target=\"_blank\" rel=\"noopener noreferrer\"><span class=\"s1\">Interculturalitat a l&#8217;Esplai<\/span><\/a><\/strong><\/h4>\n<p class=\"p1\">L&#8217;Edgar Iglesias i la Berta Espona (membres del grup de recerca ERDISC de la UAB) van dinamitzar la trobada, en la qual hi van participar monitores de l&#8217;Esplai Guaita&#8217;l i de l&#8217;Eixam.<\/p>\n<p class=\"p1\">Aquesta primera trobada va servir per analitzar i reflexionar sobre la situaci\u00f3 de la diversitat cultural i social de les entitats i els territoris presents. La finalitat ser\u00e0, al llarg de les properes trobades, plantejar accions, propostes i recursos per treballar la interculturalitat a l&#8217;esplai, i aix\u00ed, poder oferir una millor resposta a la diversitat des d&#8217;un punt de vista inclusiu.<\/p>\n<p class=\"p1\">La propera trobada formativa es realitzar\u00e0 el <b>divendres 11 de mar\u00e7 <\/b>i convidem a totes aquelles monitores interessades a participar-hi. Si voleu m\u00e9s informaci\u00f3 o confirmar la vostra assist\u00e8ncia, podeu donar-li un cop d&#8217;ull a la not\u00edcia <strong><a href=\"http:\/\/esplac.cat\/som-diverses-a-lesplai\/\" target=\"_blank\" rel=\"noopener noreferrer\"><span class=\"s3\">Som diverses a l&#8217;esplai?<\/span><\/a><\/strong><span class=\"s2\"> o enviar un correu a <strong><a href=\"mailto:barcelona@esplac.cat\" target=\"_blank\" rel=\"noopener noreferrer\"><span class=\"s4\">barcelona@esplac.cat<\/span><\/a><\/strong>.<\/span><\/p>\n<p class=\"p1\">Aprofitem tamb\u00e9 per convidar-vos a totes a participar <b>del Grup de treball d&#8217;Inclusi\u00f3 i Diversitat <\/b>que es convoca pel <strong><i>proper 25 de febrer a les 19:30 <\/i>a Matar\u00f3!<\/strong><\/p>\n","protected":false},"excerpt":{"rendered":"<p>El passat divendres 5 de febrer vam realitzar la primera [&hellip;]<\/p>\n","protected":false},"author":3,"featured_media":25335,"comment_status":"closed","ping_status":"open","sticky":false,"template":"","format":"standard","meta":{"om_disable_all_campaigns":false,"_monsterinsights_skip_tracking":false,"_monsterinsights_sitenote_active":false,"_monsterinsights_sitenote_note":"","_monsterinsights_sitenote_category":0,"_uf_show_specific_survey":0,"_uf_disable_surveys":false,"footnotes":""},"categories":[1119,1131,1166,1],"tags":[650,138,651,652,54,621,315,653],"class_list":["post-25379","post","type-post","status-publish","format-standard","has-post-thumbnail","hentry","category-activitats-comissions-grups-de-treball","category-cursos-formacions","category-inclusio-i-diversitat","category-sense-categoria","tag-berta-espona","tag-diversitat","tag-edgar-iglesias","tag-erdisc","tag-formacio","tag-grups-de-treball","tag-interculturalitat","tag-trobada"],"yoast_head":"<!-- This site is optimized with the Yoast SEO plugin v27.5 - https:\/\/yoast.com\/product\/yoast-seo-wordpress\/ -->\n<title>Primera trobada de formaci\u00f3 sobre interculturalitat a l&#039;esplai - Esplac<\/title>\n<meta name=\"robots\" content=\"index, follow, max-snippet:-1, max-image-preview:large, max-video-preview:-1\" \/>\n<link rel=\"canonical\" href=\"https:\/\/www.esplac.cat\/primera-trobada-de-formacio-sobre-interculturalitat-a-lesplai\/\" \/>\n<meta property=\"og:locale\" content=\"en_US\" \/>\n<meta property=\"og:type\" content=\"article\" \/>\n<meta property=\"og:title\" content=\"Primera trobada de formaci\u00f3 sobre interculturalitat a l&#039;esplai - Esplac\" \/>\n<meta property=\"og:description\" content=\"El passat divendres 5 de febrer vam realitzar la primera [&hellip;]\" \/>\n<meta property=\"og:url\" content=\"https:\/\/www.esplac.cat\/primera-trobada-de-formacio-sobre-interculturalitat-a-lesplai\/\" \/>\n<meta property=\"og:site_name\" content=\"Esplac\" \/>\n<meta property=\"article:published_time\" content=\"2016-02-09T14:51:31+00:00\" \/>\n<meta property=\"article:modified_time\" content=\"2019-11-14T11:36:39+00:00\" \/>\n<meta property=\"og:image\" content=\"https:\/\/www.esplac.cat\/wp-content\/uploads\/2016\/02\/20160209_Trobada1_interculturalitat.jpg\" \/>\n\t<meta property=\"og:image:width\" content=\"847\" \/>\n\t<meta property=\"og:image:height\" content=\"350\" \/>\n\t<meta property=\"og:image:type\" content=\"image\/jpeg\" \/>\n<meta name=\"author\" content=\"Comunicaci\u00f3 Esplac\" \/>\n<meta name=\"twitter:card\" content=\"summary_large_image\" \/>\n<meta name=\"twitter:label1\" content=\"Written by\" \/>\n\t<meta name=\"twitter:data1\" content=\"Comunicaci\u00f3 Esplac\" \/>\n\t<meta name=\"twitter:label2\" content=\"Est. reading time\" \/>\n\t<meta name=\"twitter:data2\" content=\"1 minute\" \/>\n<script type=\"application\/ld+json\" class=\"yoast-schema-graph\">{\"@context\":\"https:\\\/\\\/schema.org\",\"@graph\":[{\"@type\":\"Article\",\"@id\":\"https:\\\/\\\/www.esplac.cat\\\/primera-trobada-de-formacio-sobre-interculturalitat-a-lesplai\\\/#article\",\"isPartOf\":{\"@id\":\"https:\\\/\\\/www.esplac.cat\\\/primera-trobada-de-formacio-sobre-interculturalitat-a-lesplai\\\/\"},\"author\":{\"name\":\"Comunicaci\u00f3 Esplac\",\"@id\":\"https:\\\/\\\/www.esplac.cat\\\/#\\\/schema\\\/person\\\/908383cf240be18b68f8855d0583faca\"},\"headline\":\"Primera trobada de formaci\u00f3 sobre interculturalitat a l&#8217;esplai\",\"datePublished\":\"2016-02-09T14:51:31+00:00\",\"dateModified\":\"2019-11-14T11:36:39+00:00\",\"mainEntityOfPage\":{\"@id\":\"https:\\\/\\\/www.esplac.cat\\\/primera-trobada-de-formacio-sobre-interculturalitat-a-lesplai\\\/\"},\"wordCount\":211,\"publisher\":{\"@id\":\"https:\\\/\\\/www.esplac.cat\\\/#organization\"},\"image\":{\"@id\":\"https:\\\/\\\/www.esplac.cat\\\/primera-trobada-de-formacio-sobre-interculturalitat-a-lesplai\\\/#primaryimage\"},\"thumbnailUrl\":\"https:\\\/\\\/www.esplac.cat\\\/wp-content\\\/uploads\\\/2016\\\/02\\\/20160209_Trobada1_interculturalitat.jpg\",\"keywords\":[\"Berta Espona\",\"diversitat\",\"Edgar Iglesias\",\"ERDISC\",\"formaci\u00f3\",\"grups de treball\",\"interculturalitat\",\"trobada\"],\"articleSection\":[\"Activitats comissions i grups de treball\",\"Cursos i formacions\",\"Inclusi\u00f3 i diversitat\",\"Sense categoria\"],\"inLanguage\":\"en-US\"},{\"@type\":\"WebPage\",\"@id\":\"https:\\\/\\\/www.esplac.cat\\\/primera-trobada-de-formacio-sobre-interculturalitat-a-lesplai\\\/\",\"url\":\"https:\\\/\\\/www.esplac.cat\\\/primera-trobada-de-formacio-sobre-interculturalitat-a-lesplai\\\/\",\"name\":\"Primera trobada de formaci\u00f3 sobre interculturalitat a l'esplai - Esplac\",\"isPartOf\":{\"@id\":\"https:\\\/\\\/www.esplac.cat\\\/#website\"},\"primaryImageOfPage\":{\"@id\":\"https:\\\/\\\/www.esplac.cat\\\/primera-trobada-de-formacio-sobre-interculturalitat-a-lesplai\\\/#primaryimage\"},\"image\":{\"@id\":\"https:\\\/\\\/www.esplac.cat\\\/primera-trobada-de-formacio-sobre-interculturalitat-a-lesplai\\\/#primaryimage\"},\"thumbnailUrl\":\"https:\\\/\\\/www.esplac.cat\\\/wp-content\\\/uploads\\\/2016\\\/02\\\/20160209_Trobada1_interculturalitat.jpg\",\"datePublished\":\"2016-02-09T14:51:31+00:00\",\"dateModified\":\"2019-11-14T11:36:39+00:00\",\"breadcrumb\":{\"@id\":\"https:\\\/\\\/www.esplac.cat\\\/primera-trobada-de-formacio-sobre-interculturalitat-a-lesplai\\\/#breadcrumb\"},\"inLanguage\":\"en-US\",\"potentialAction\":[{\"@type\":\"ReadAction\",\"target\":[\"https:\\\/\\\/www.esplac.cat\\\/primera-trobada-de-formacio-sobre-interculturalitat-a-lesplai\\\/\"]}]},{\"@type\":\"ImageObject\",\"inLanguage\":\"en-US\",\"@id\":\"https:\\\/\\\/www.esplac.cat\\\/primera-trobada-de-formacio-sobre-interculturalitat-a-lesplai\\\/#primaryimage\",\"url\":\"https:\\\/\\\/www.esplac.cat\\\/wp-content\\\/uploads\\\/2016\\\/02\\\/20160209_Trobada1_interculturalitat.jpg\",\"contentUrl\":\"https:\\\/\\\/www.esplac.cat\\\/wp-content\\\/uploads\\\/2016\\\/02\\\/20160209_Trobada1_interculturalitat.jpg\",\"width\":847,\"height\":350},{\"@type\":\"BreadcrumbList\",\"@id\":\"https:\\\/\\\/www.esplac.cat\\\/primera-trobada-de-formacio-sobre-interculturalitat-a-lesplai\\\/#breadcrumb\",\"itemListElement\":[{\"@type\":\"ListItem\",\"position\":1,\"name\":\"Inici\",\"item\":\"https:\\\/\\\/www.esplac.cat\\\/en\\\/\"},{\"@type\":\"ListItem\",\"position\":2,\"name\":\"Primera trobada de formaci\u00f3 sobre interculturalitat a l&#8217;esplai\"}]},{\"@type\":\"WebSite\",\"@id\":\"https:\\\/\\\/www.esplac.cat\\\/#website\",\"url\":\"https:\\\/\\\/www.esplac.cat\\\/\",\"name\":\"Esplac\",\"description\":\"Esplais Catalans\",\"publisher\":{\"@id\":\"https:\\\/\\\/www.esplac.cat\\\/#organization\"},\"potentialAction\":[{\"@type\":\"SearchAction\",\"target\":{\"@type\":\"EntryPoint\",\"urlTemplate\":\"https:\\\/\\\/www.esplac.cat\\\/?s={search_term_string}\"},\"query-input\":{\"@type\":\"PropertyValueSpecification\",\"valueRequired\":true,\"valueName\":\"search_term_string\"}}],\"inLanguage\":\"en-US\"},{\"@type\":\"Organization\",\"@id\":\"https:\\\/\\\/www.esplac.cat\\\/#organization\",\"name\":\"Esplac\",\"url\":\"https:\\\/\\\/www.esplac.cat\\\/\",\"logo\":{\"@type\":\"ImageObject\",\"inLanguage\":\"en-US\",\"@id\":\"https:\\\/\\\/www.esplac.cat\\\/#\\\/schema\\\/logo\\\/image\\\/\",\"url\":\"https:\\\/\\\/www.esplac.cat\\\/wp-content\\\/uploads\\\/2019\\\/08\\\/logox2.png\",\"contentUrl\":\"https:\\\/\\\/www.esplac.cat\\\/wp-content\\\/uploads\\\/2019\\\/08\\\/logox2.png\",\"width\":600,\"height\":295,\"caption\":\"Esplac\"},\"image\":{\"@id\":\"https:\\\/\\\/www.esplac.cat\\\/#\\\/schema\\\/logo\\\/image\\\/\"}},{\"@type\":\"Person\",\"@id\":\"https:\\\/\\\/www.esplac.cat\\\/#\\\/schema\\\/person\\\/908383cf240be18b68f8855d0583faca\",\"name\":\"Comunicaci\u00f3 Esplac\",\"image\":{\"@type\":\"ImageObject\",\"inLanguage\":\"en-US\",\"@id\":\"https:\\\/\\\/secure.gravatar.com\\\/avatar\\\/7a4cf8feb412a76ea4a740ca02d95b06b2907b5a6c648c2dd0a1082a093c3141?s=96&d=mm&r=g\",\"url\":\"https:\\\/\\\/secure.gravatar.com\\\/avatar\\\/7a4cf8feb412a76ea4a740ca02d95b06b2907b5a6c648c2dd0a1082a093c3141?s=96&d=mm&r=g\",\"contentUrl\":\"https:\\\/\\\/secure.gravatar.com\\\/avatar\\\/7a4cf8feb412a76ea4a740ca02d95b06b2907b5a6c648c2dd0a1082a093c3141?s=96&d=mm&r=g\",\"caption\":\"Comunicaci\u00f3 Esplac\"}}]}<\/script>\n<!-- \/ Yoast SEO plugin. -->","yoast_head_json":{"title":"Primera trobada de formaci\u00f3 sobre interculturalitat a l'esplai - Esplac","robots":{"index":"index","follow":"follow","max-snippet":"max-snippet:-1","max-image-preview":"max-image-preview:large","max-video-preview":"max-video-preview:-1"},"canonical":"https:\/\/www.esplac.cat\/primera-trobada-de-formacio-sobre-interculturalitat-a-lesplai\/","og_locale":"en_US","og_type":"article","og_title":"Primera trobada de formaci\u00f3 sobre interculturalitat a l'esplai - Esplac","og_description":"El passat divendres 5 de febrer vam realitzar la primera [&hellip;]","og_url":"https:\/\/www.esplac.cat\/primera-trobada-de-formacio-sobre-interculturalitat-a-lesplai\/","og_site_name":"Esplac","article_published_time":"2016-02-09T14:51:31+00:00","article_modified_time":"2019-11-14T11:36:39+00:00","og_image":[{"width":847,"height":350,"url":"https:\/\/www.esplac.cat\/wp-content\/uploads\/2016\/02\/20160209_Trobada1_interculturalitat.jpg","type":"image\/jpeg"}],"author":"Comunicaci\u00f3 Esplac","twitter_card":"summary_large_image","twitter_misc":{"Written by":"Comunicaci\u00f3 Esplac","Est. reading time":"1 minute"},"schema":{"@context":"https:\/\/schema.org","@graph":[{"@type":"Article","@id":"https:\/\/www.esplac.cat\/primera-trobada-de-formacio-sobre-interculturalitat-a-lesplai\/#article","isPartOf":{"@id":"https:\/\/www.esplac.cat\/primera-trobada-de-formacio-sobre-interculturalitat-a-lesplai\/"},"author":{"name":"Comunicaci\u00f3 Esplac","@id":"https:\/\/www.esplac.cat\/#\/schema\/person\/908383cf240be18b68f8855d0583faca"},"headline":"Primera trobada de formaci\u00f3 sobre interculturalitat a l&#8217;esplai","datePublished":"2016-02-09T14:51:31+00:00","dateModified":"2019-11-14T11:36:39+00:00","mainEntityOfPage":{"@id":"https:\/\/www.esplac.cat\/primera-trobada-de-formacio-sobre-interculturalitat-a-lesplai\/"},"wordCount":211,"publisher":{"@id":"https:\/\/www.esplac.cat\/#organization"},"image":{"@id":"https:\/\/www.esplac.cat\/primera-trobada-de-formacio-sobre-interculturalitat-a-lesplai\/#primaryimage"},"thumbnailUrl":"https:\/\/www.esplac.cat\/wp-content\/uploads\/2016\/02\/20160209_Trobada1_interculturalitat.jpg","keywords":["Berta Espona","diversitat","Edgar Iglesias","ERDISC","formaci\u00f3","grups de treball","interculturalitat","trobada"],"articleSection":["Activitats comissions i grups de treball","Cursos i formacions","Inclusi\u00f3 i diversitat","Sense categoria"],"inLanguage":"en-US"},{"@type":"WebPage","@id":"https:\/\/www.esplac.cat\/primera-trobada-de-formacio-sobre-interculturalitat-a-lesplai\/","url":"https:\/\/www.esplac.cat\/primera-trobada-de-formacio-sobre-interculturalitat-a-lesplai\/","name":"Primera trobada de formaci\u00f3 sobre interculturalitat a l'esplai - Esplac","isPartOf":{"@id":"https:\/\/www.esplac.cat\/#website"},"primaryImageOfPage":{"@id":"https:\/\/www.esplac.cat\/primera-trobada-de-formacio-sobre-interculturalitat-a-lesplai\/#primaryimage"},"image":{"@id":"https:\/\/www.esplac.cat\/primera-trobada-de-formacio-sobre-interculturalitat-a-lesplai\/#primaryimage"},"thumbnailUrl":"https:\/\/www.esplac.cat\/wp-content\/uploads\/2016\/02\/20160209_Trobada1_interculturalitat.jpg","datePublished":"2016-02-09T14:51:31+00:00","dateModified":"2019-11-14T11:36:39+00:00","breadcrumb":{"@id":"https:\/\/www.esplac.cat\/primera-trobada-de-formacio-sobre-interculturalitat-a-lesplai\/#breadcrumb"},"inLanguage":"en-US","potentialAction":[{"@type":"ReadAction","target":["https:\/\/www.esplac.cat\/primera-trobada-de-formacio-sobre-interculturalitat-a-lesplai\/"]}]},{"@type":"ImageObject","inLanguage":"en-US","@id":"https:\/\/www.esplac.cat\/primera-trobada-de-formacio-sobre-interculturalitat-a-lesplai\/#primaryimage","url":"https:\/\/www.esplac.cat\/wp-content\/uploads\/2016\/02\/20160209_Trobada1_interculturalitat.jpg","contentUrl":"https:\/\/www.esplac.cat\/wp-content\/uploads\/2016\/02\/20160209_Trobada1_interculturalitat.jpg","width":847,"height":350},{"@type":"BreadcrumbList","@id":"https:\/\/www.esplac.cat\/primera-trobada-de-formacio-sobre-interculturalitat-a-lesplai\/#breadcrumb","itemListElement":[{"@type":"ListItem","position":1,"name":"Inici","item":"https:\/\/www.esplac.cat\/en\/"},{"@type":"ListItem","position":2,"name":"Primera trobada de formaci\u00f3 sobre interculturalitat a l&#8217;esplai"}]},{"@type":"WebSite","@id":"https:\/\/www.esplac.cat\/#website","url":"https:\/\/www.esplac.cat\/","name":"Esplac","description":"Esplais Catalans","publisher":{"@id":"https:\/\/www.esplac.cat\/#organization"},"potentialAction":[{"@type":"SearchAction","target":{"@type":"EntryPoint","urlTemplate":"https:\/\/www.esplac.cat\/?s={search_term_string}"},"query-input":{"@type":"PropertyValueSpecification","valueRequired":true,"valueName":"search_term_string"}}],"inLanguage":"en-US"},{"@type":"Organization","@id":"https:\/\/www.esplac.cat\/#organization","name":"Esplac","url":"https:\/\/www.esplac.cat\/","logo":{"@type":"ImageObject","inLanguage":"en-US","@id":"https:\/\/www.esplac.cat\/#\/schema\/logo\/image\/","url":"https:\/\/www.esplac.cat\/wp-content\/uploads\/2019\/08\/logox2.png","contentUrl":"https:\/\/www.esplac.cat\/wp-content\/uploads\/2019\/08\/logox2.png","width":600,"height":295,"caption":"Esplac"},"image":{"@id":"https:\/\/www.esplac.cat\/#\/schema\/logo\/image\/"}},{"@type":"Person","@id":"https:\/\/www.esplac.cat\/#\/schema\/person\/908383cf240be18b68f8855d0583faca","name":"Comunicaci\u00f3 Esplac","image":{"@type":"ImageObject","inLanguage":"en-US","@id":"https:\/\/secure.gravatar.com\/avatar\/7a4cf8feb412a76ea4a740ca02d95b06b2907b5a6c648c2dd0a1082a093c3141?s=96&d=mm&r=g","url":"https:\/\/secure.gravatar.com\/avatar\/7a4cf8feb412a76ea4a740ca02d95b06b2907b5a6c648c2dd0a1082a093c3141?s=96&d=mm&r=g","contentUrl":"https:\/\/secure.gravatar.com\/avatar\/7a4cf8feb412a76ea4a740ca02d95b06b2907b5a6c648c2dd0a1082a093c3141?s=96&d=mm&r=g","caption":"Comunicaci\u00f3 Esplac"}}]}},"_links":{"self":[{"href":"https:\/\/www.esplac.cat\/en\/wp-json\/wp\/v2\/posts\/25379","targetHints":{"allow":["GET"]}}],"collection":[{"href":"https:\/\/www.esplac.cat\/en\/wp-json\/wp\/v2\/posts"}],"about":[{"href":"https:\/\/www.esplac.cat\/en\/wp-json\/wp\/v2\/types\/post"}],"author":[{"embeddable":true,"href":"https:\/\/www.esplac.cat\/en\/wp-json\/wp\/v2\/users\/3"}],"replies":[{"embeddable":true,"href":"https:\/\/www.esplac.cat\/en\/wp-json\/wp\/v2\/comments?post=25379"}],"version-history":[{"count":0,"href":"https:\/\/www.esplac.cat\/en\/wp-json\/wp\/v2\/posts\/25379\/revisions"}],"wp:featuredmedia":[{"embeddable":true,"href":"https:\/\/www.esplac.cat\/en\/wp-json\/wp\/v2\/media\/25335"}],"wp:attachment":[{"href":"https:\/\/www.esplac.cat\/en\/wp-json\/wp\/v2\/media?parent=25379"}],"wp:term":[{"taxonomy":"category","embeddable":true,"href":"https:\/\/www.esplac.cat\/en\/wp-json\/wp\/v2\/categories?post=25379"},{"taxonomy":"post_tag","embeddable":true,"href":"https:\/\/www.esplac.cat\/en\/wp-json\/wp\/v2\/tags?post=25379"}],"curies":[{"name":"wp","href":"https:\/\/api.w.org\/{rel}","templated":true}]}}