{"id":25380,"date":"2016-02-08T13:08:48","date_gmt":"2016-02-08T11:08:48","guid":{"rendered":"http:\/\/esplac.cat\/?p=9816"},"modified":"2016-02-08T13:08:48","modified_gmt":"2016-02-08T11:08:48","slug":"una-vintena-de-places-disponibles-a-lescola-desplac","status":"publish","type":"post","link":"https:\/\/www.esplac.cat\/en\/una-vintena-de-places-disponibles-a-lescola-desplac\/","title":{"rendered":"Queden una vintena de places encara per a l&#8217;Escola d&#8217;Esplac!"},"content":{"rendered":"<h4 class=\"p1\">Ja s&#8217;han inscrit m\u00e9s de 70 persones a l&#8217;Escola d&#8217;Esplac 2016, el cap de setmana formatiu m\u00e9s important de l&#8217;any que es celebra el 20 i 21 de febrer. \u00daltima setmana per\u00a0inscriure&#8217;s (fins el 14 de febrer)!<\/h4>\n<p class=\"p1\">L&#8217;Escola d&#8217;Esplac 2016, que porta per lema &#8220;Aprenem participant&#8221;, est\u00e0 despertant un gran inter\u00e8s entre monitors i monitores dels esplais. A\u00a0una setmana d&#8217;acabar el per\u00edode d&#8217;inscripci\u00f3 s\u00f3n molt poques les places lliures disponibles, nom\u00e9s una vintena, i m\u00e9s de 70 persones ja s&#8217;han inscrit a la trobada formativa, que es celebra el cap de setmana del 20 i 21 de febrer a la casa de col\u00f2nies Can Puig de Sant Salvador de Guardiola.<\/p>\n<p class=\"p1\">L&#8217;edici\u00f3 d&#8217;enguanyi tractar\u00e0 el tema de la participaci\u00f3 a l&#8217;esplai i d&#8217;aquest amb l&#8217;entorn. Hi hem convidat persones de refer\u00e8ncia en la mat\u00e8ria. El mat\u00ed de dissabte est\u00e0 pensat per reflexionar al voltant del terme participaci\u00f3 i les caractar\u00edstiques dels processos participatius i les persones participatives. Durant la tarda de dissabte compartirem fins a un total de set experi\u00e8ncies participatives diferents. Finalment, el diumenge estar\u00e0 destinat a crear recursos i processos participatius centrats a l&#8217;esplai i parlarem de l&#8217;infant com a protagonista del seu proc\u00e9s d&#8217;aprenentatge i el paper de les fam\u00edlies.<\/p>\n<p class=\"p1\">Podeu veure el programa sencer i les persones convidades a la <a href=\"http:\/\/esplac.cat\/escola-esplac\/\"><span class=\"s1\">p\u00e0gina web de l&#8217;Escola d&#8217;Esplac<\/span><\/a><span class=\"s2\">. <\/span><b>Si encara no t&#8217;hi has apuntat, no badis! Nom\u00e9s queda una \u00a0vintena de places!<\/b><\/p>\n<ul class=\"ul1\">\n<li class=\"li1\">Si ets monitora o monitor d\u2019un esplai d\u2019Esplac, podr\u00e0s incriure\u2019t <a href=\"http:\/\/esplac.cat\/esplacnet\"><span class=\"s1\">entrant a l\u2019EsplacNet amb el teu nom d\u2019usuari i contrasenya<\/span><\/a><span class=\"s2\">. Un cop a dins, trobar\u00e0s el formulari d\u2019inscripci\u00f3 a la secci\u00f3 \u201cTrobades\u201d.<\/span><\/li>\n<li class=\"li1\">Si ets dirigent, soci\/a o una persona externa a l\u2019entitat, <a href=\"https:\/\/docs.google.com\/a\/esplac.cat\/forms\/d\/1cRI_Z1M9zXhtp2fgge6bNojuB1YhJz226pkjqvvlUwU\/viewform\"><span class=\"s1\">fes clic aqu\u00ed per accedir al formulari d\u2019inscripci\u00f3<\/span><\/a><span class=\"s2\"> i segueix els passos que t\u2019indiquem.<\/span><\/li>\n<\/ul>\n","protected":false},"excerpt":{"rendered":"<p>Ja s&#8217;han inscrit m\u00e9s de 70 persones a l&#8217;Escola d&#8217;Esplac [&hellip;]<\/p>\n","protected":false},"author":3,"featured_media":25381,"comment_status":"closed","ping_status":"open","sticky":false,"template":"","format":"standard","meta":{"om_disable_all_campaigns":false,"_monsterinsights_skip_tracking":false,"_monsterinsights_sitenote_active":false,"_monsterinsights_sitenote_note":"","_monsterinsights_sitenote_category":0,"_uf_show_specific_survey":0,"_uf_disable_surveys":false,"footnotes":""},"categories":[1111,1131,1129,1],"tags":[647,516,557,54,648,40,649],"class_list":["post-25380","post","type-post","status-publish","format-standard","has-post-thumbnail","hentry","category-activitats-esplac","category-cursos-formacions","category-escola-desplac","category-sense-categoria","tag-can-puig","tag-escola-desplac-16","tag-esplacnet","tag-formacio","tag-inscripcio","tag-participacio","tag-sant-salvador-de-guardiola"],"yoast_head":"<!-- This site is optimized with the Yoast SEO plugin v27.5 - https:\/\/yoast.com\/product\/yoast-seo-wordpress\/ -->\n<title>Queden una vintena de places encara per a l&#039;Escola d&#039;Esplac! - Esplac<\/title>\n<meta name=\"robots\" content=\"index, follow, max-snippet:-1, max-image-preview:large, max-video-preview:-1\" \/>\n<link rel=\"canonical\" href=\"https:\/\/www.esplac.cat\/una-vintena-de-places-disponibles-a-lescola-desplac\/\" \/>\n<meta property=\"og:locale\" content=\"en_US\" \/>\n<meta property=\"og:type\" content=\"article\" \/>\n<meta property=\"og:title\" content=\"Queden una vintena de places encara per a l&#039;Escola d&#039;Esplac! - Esplac\" \/>\n<meta property=\"og:description\" content=\"Ja s&#8217;han inscrit m\u00e9s de 70 persones a l&#8217;Escola d&#8217;Esplac [&hellip;]\" \/>\n<meta property=\"og:url\" content=\"https:\/\/www.esplac.cat\/una-vintena-de-places-disponibles-a-lescola-desplac\/\" \/>\n<meta property=\"og:site_name\" content=\"Esplac\" \/>\n<meta property=\"article:published_time\" content=\"2016-02-08T11:08:48+00:00\" \/>\n<meta property=\"og:image\" content=\"https:\/\/www.esplac.cat\/wp-content\/uploads\/2016\/02\/20160208_EE16-ultima-setmana.jpg\" \/>\n\t<meta property=\"og:image:width\" content=\"847\" \/>\n\t<meta property=\"og:image:height\" content=\"350\" \/>\n\t<meta property=\"og:image:type\" content=\"image\/jpeg\" \/>\n<meta name=\"author\" content=\"Comunicaci\u00f3 Esplac\" \/>\n<meta name=\"twitter:card\" content=\"summary_large_image\" \/>\n<meta name=\"twitter:label1\" content=\"Written by\" \/>\n\t<meta name=\"twitter:data1\" content=\"Comunicaci\u00f3 Esplac\" \/>\n\t<meta name=\"twitter:label2\" content=\"Est. reading time\" \/>\n\t<meta name=\"twitter:data2\" content=\"2 minutes\" \/>\n<script type=\"application\/ld+json\" class=\"yoast-schema-graph\">{\"@context\":\"https:\\\/\\\/schema.org\",\"@graph\":[{\"@type\":\"Article\",\"@id\":\"https:\\\/\\\/www.esplac.cat\\\/una-vintena-de-places-disponibles-a-lescola-desplac\\\/#article\",\"isPartOf\":{\"@id\":\"https:\\\/\\\/www.esplac.cat\\\/una-vintena-de-places-disponibles-a-lescola-desplac\\\/\"},\"author\":{\"name\":\"Comunicaci\u00f3 Esplac\",\"@id\":\"https:\\\/\\\/www.esplac.cat\\\/#\\\/schema\\\/person\\\/908383cf240be18b68f8855d0583faca\"},\"headline\":\"Queden una vintena de places encara per a l&#8217;Escola d&#8217;Esplac!\",\"datePublished\":\"2016-02-08T11:08:48+00:00\",\"mainEntityOfPage\":{\"@id\":\"https:\\\/\\\/www.esplac.cat\\\/una-vintena-de-places-disponibles-a-lescola-desplac\\\/\"},\"wordCount\":342,\"publisher\":{\"@id\":\"https:\\\/\\\/www.esplac.cat\\\/#organization\"},\"image\":{\"@id\":\"https:\\\/\\\/www.esplac.cat\\\/una-vintena-de-places-disponibles-a-lescola-desplac\\\/#primaryimage\"},\"thumbnailUrl\":\"https:\\\/\\\/www.esplac.cat\\\/wp-content\\\/uploads\\\/2016\\\/02\\\/20160208_EE16-ultima-setmana.jpg\",\"keywords\":[\"Can Puig\",\"Escola d'Esplac 16\",\"EsplacNet\",\"formaci\u00f3\",\"inscripcio\",\"participaci\u00f3\",\"Sant Salvador de Guardiola\"],\"articleSection\":[\"Activitats esplac\",\"Cursos i formacions\",\"Escola d'Esplac\",\"Sense categoria\"],\"inLanguage\":\"en-US\"},{\"@type\":\"WebPage\",\"@id\":\"https:\\\/\\\/www.esplac.cat\\\/una-vintena-de-places-disponibles-a-lescola-desplac\\\/\",\"url\":\"https:\\\/\\\/www.esplac.cat\\\/una-vintena-de-places-disponibles-a-lescola-desplac\\\/\",\"name\":\"Queden una vintena de places encara per a l'Escola d'Esplac! - Esplac\",\"isPartOf\":{\"@id\":\"https:\\\/\\\/www.esplac.cat\\\/#website\"},\"primaryImageOfPage\":{\"@id\":\"https:\\\/\\\/www.esplac.cat\\\/una-vintena-de-places-disponibles-a-lescola-desplac\\\/#primaryimage\"},\"image\":{\"@id\":\"https:\\\/\\\/www.esplac.cat\\\/una-vintena-de-places-disponibles-a-lescola-desplac\\\/#primaryimage\"},\"thumbnailUrl\":\"https:\\\/\\\/www.esplac.cat\\\/wp-content\\\/uploads\\\/2016\\\/02\\\/20160208_EE16-ultima-setmana.jpg\",\"datePublished\":\"2016-02-08T11:08:48+00:00\",\"breadcrumb\":{\"@id\":\"https:\\\/\\\/www.esplac.cat\\\/una-vintena-de-places-disponibles-a-lescola-desplac\\\/#breadcrumb\"},\"inLanguage\":\"en-US\",\"potentialAction\":[{\"@type\":\"ReadAction\",\"target\":[\"https:\\\/\\\/www.esplac.cat\\\/una-vintena-de-places-disponibles-a-lescola-desplac\\\/\"]}]},{\"@type\":\"ImageObject\",\"inLanguage\":\"en-US\",\"@id\":\"https:\\\/\\\/www.esplac.cat\\\/una-vintena-de-places-disponibles-a-lescola-desplac\\\/#primaryimage\",\"url\":\"https:\\\/\\\/www.esplac.cat\\\/wp-content\\\/uploads\\\/2016\\\/02\\\/20160208_EE16-ultima-setmana.jpg\",\"contentUrl\":\"https:\\\/\\\/www.esplac.cat\\\/wp-content\\\/uploads\\\/2016\\\/02\\\/20160208_EE16-ultima-setmana.jpg\",\"width\":847,\"height\":350},{\"@type\":\"BreadcrumbList\",\"@id\":\"https:\\\/\\\/www.esplac.cat\\\/una-vintena-de-places-disponibles-a-lescola-desplac\\\/#breadcrumb\",\"itemListElement\":[{\"@type\":\"ListItem\",\"position\":1,\"name\":\"Inici\",\"item\":\"https:\\\/\\\/www.esplac.cat\\\/en\\\/\"},{\"@type\":\"ListItem\",\"position\":2,\"name\":\"Queden una vintena de places encara per a l&#8217;Escola d&#8217;Esplac!\"}]},{\"@type\":\"WebSite\",\"@id\":\"https:\\\/\\\/www.esplac.cat\\\/#website\",\"url\":\"https:\\\/\\\/www.esplac.cat\\\/\",\"name\":\"Esplac\",\"description\":\"Esplais Catalans\",\"publisher\":{\"@id\":\"https:\\\/\\\/www.esplac.cat\\\/#organization\"},\"potentialAction\":[{\"@type\":\"SearchAction\",\"target\":{\"@type\":\"EntryPoint\",\"urlTemplate\":\"https:\\\/\\\/www.esplac.cat\\\/?s={search_term_string}\"},\"query-input\":{\"@type\":\"PropertyValueSpecification\",\"valueRequired\":true,\"valueName\":\"search_term_string\"}}],\"inLanguage\":\"en-US\"},{\"@type\":\"Organization\",\"@id\":\"https:\\\/\\\/www.esplac.cat\\\/#organization\",\"name\":\"Esplac\",\"url\":\"https:\\\/\\\/www.esplac.cat\\\/\",\"logo\":{\"@type\":\"ImageObject\",\"inLanguage\":\"en-US\",\"@id\":\"https:\\\/\\\/www.esplac.cat\\\/#\\\/schema\\\/logo\\\/image\\\/\",\"url\":\"https:\\\/\\\/www.esplac.cat\\\/wp-content\\\/uploads\\\/2019\\\/08\\\/logox2.png\",\"contentUrl\":\"https:\\\/\\\/www.esplac.cat\\\/wp-content\\\/uploads\\\/2019\\\/08\\\/logox2.png\",\"width\":600,\"height\":295,\"caption\":\"Esplac\"},\"image\":{\"@id\":\"https:\\\/\\\/www.esplac.cat\\\/#\\\/schema\\\/logo\\\/image\\\/\"}},{\"@type\":\"Person\",\"@id\":\"https:\\\/\\\/www.esplac.cat\\\/#\\\/schema\\\/person\\\/908383cf240be18b68f8855d0583faca\",\"name\":\"Comunicaci\u00f3 Esplac\",\"image\":{\"@type\":\"ImageObject\",\"inLanguage\":\"en-US\",\"@id\":\"https:\\\/\\\/secure.gravatar.com\\\/avatar\\\/7a4cf8feb412a76ea4a740ca02d95b06b2907b5a6c648c2dd0a1082a093c3141?s=96&d=mm&r=g\",\"url\":\"https:\\\/\\\/secure.gravatar.com\\\/avatar\\\/7a4cf8feb412a76ea4a740ca02d95b06b2907b5a6c648c2dd0a1082a093c3141?s=96&d=mm&r=g\",\"contentUrl\":\"https:\\\/\\\/secure.gravatar.com\\\/avatar\\\/7a4cf8feb412a76ea4a740ca02d95b06b2907b5a6c648c2dd0a1082a093c3141?s=96&d=mm&r=g\",\"caption\":\"Comunicaci\u00f3 Esplac\"}}]}<\/script>\n<!-- \/ Yoast SEO plugin. -->","yoast_head_json":{"title":"Queden una vintena de places encara per a l'Escola d'Esplac! - Esplac","robots":{"index":"index","follow":"follow","max-snippet":"max-snippet:-1","max-image-preview":"max-image-preview:large","max-video-preview":"max-video-preview:-1"},"canonical":"https:\/\/www.esplac.cat\/una-vintena-de-places-disponibles-a-lescola-desplac\/","og_locale":"en_US","og_type":"article","og_title":"Queden una vintena de places encara per a l'Escola d'Esplac! - Esplac","og_description":"Ja s&#8217;han inscrit m\u00e9s de 70 persones a l&#8217;Escola d&#8217;Esplac [&hellip;]","og_url":"https:\/\/www.esplac.cat\/una-vintena-de-places-disponibles-a-lescola-desplac\/","og_site_name":"Esplac","article_published_time":"2016-02-08T11:08:48+00:00","og_image":[{"width":847,"height":350,"url":"https:\/\/www.esplac.cat\/wp-content\/uploads\/2016\/02\/20160208_EE16-ultima-setmana.jpg","type":"image\/jpeg"}],"author":"Comunicaci\u00f3 Esplac","twitter_card":"summary_large_image","twitter_misc":{"Written by":"Comunicaci\u00f3 Esplac","Est. reading time":"2 minutes"},"schema":{"@context":"https:\/\/schema.org","@graph":[{"@type":"Article","@id":"https:\/\/www.esplac.cat\/una-vintena-de-places-disponibles-a-lescola-desplac\/#article","isPartOf":{"@id":"https:\/\/www.esplac.cat\/una-vintena-de-places-disponibles-a-lescola-desplac\/"},"author":{"name":"Comunicaci\u00f3 Esplac","@id":"https:\/\/www.esplac.cat\/#\/schema\/person\/908383cf240be18b68f8855d0583faca"},"headline":"Queden una vintena de places encara per a l&#8217;Escola d&#8217;Esplac!","datePublished":"2016-02-08T11:08:48+00:00","mainEntityOfPage":{"@id":"https:\/\/www.esplac.cat\/una-vintena-de-places-disponibles-a-lescola-desplac\/"},"wordCount":342,"publisher":{"@id":"https:\/\/www.esplac.cat\/#organization"},"image":{"@id":"https:\/\/www.esplac.cat\/una-vintena-de-places-disponibles-a-lescola-desplac\/#primaryimage"},"thumbnailUrl":"https:\/\/www.esplac.cat\/wp-content\/uploads\/2016\/02\/20160208_EE16-ultima-setmana.jpg","keywords":["Can Puig","Escola d'Esplac 16","EsplacNet","formaci\u00f3","inscripcio","participaci\u00f3","Sant Salvador de Guardiola"],"articleSection":["Activitats esplac","Cursos i formacions","Escola d'Esplac","Sense categoria"],"inLanguage":"en-US"},{"@type":"WebPage","@id":"https:\/\/www.esplac.cat\/una-vintena-de-places-disponibles-a-lescola-desplac\/","url":"https:\/\/www.esplac.cat\/una-vintena-de-places-disponibles-a-lescola-desplac\/","name":"Queden una vintena de places encara per a l'Escola d'Esplac! - Esplac","isPartOf":{"@id":"https:\/\/www.esplac.cat\/#website"},"primaryImageOfPage":{"@id":"https:\/\/www.esplac.cat\/una-vintena-de-places-disponibles-a-lescola-desplac\/#primaryimage"},"image":{"@id":"https:\/\/www.esplac.cat\/una-vintena-de-places-disponibles-a-lescola-desplac\/#primaryimage"},"thumbnailUrl":"https:\/\/www.esplac.cat\/wp-content\/uploads\/2016\/02\/20160208_EE16-ultima-setmana.jpg","datePublished":"2016-02-08T11:08:48+00:00","breadcrumb":{"@id":"https:\/\/www.esplac.cat\/una-vintena-de-places-disponibles-a-lescola-desplac\/#breadcrumb"},"inLanguage":"en-US","potentialAction":[{"@type":"ReadAction","target":["https:\/\/www.esplac.cat\/una-vintena-de-places-disponibles-a-lescola-desplac\/"]}]},{"@type":"ImageObject","inLanguage":"en-US","@id":"https:\/\/www.esplac.cat\/una-vintena-de-places-disponibles-a-lescola-desplac\/#primaryimage","url":"https:\/\/www.esplac.cat\/wp-content\/uploads\/2016\/02\/20160208_EE16-ultima-setmana.jpg","contentUrl":"https:\/\/www.esplac.cat\/wp-content\/uploads\/2016\/02\/20160208_EE16-ultima-setmana.jpg","width":847,"height":350},{"@type":"BreadcrumbList","@id":"https:\/\/www.esplac.cat\/una-vintena-de-places-disponibles-a-lescola-desplac\/#breadcrumb","itemListElement":[{"@type":"ListItem","position":1,"name":"Inici","item":"https:\/\/www.esplac.cat\/en\/"},{"@type":"ListItem","position":2,"name":"Queden una vintena de places encara per a l&#8217;Escola d&#8217;Esplac!"}]},{"@type":"WebSite","@id":"https:\/\/www.esplac.cat\/#website","url":"https:\/\/www.esplac.cat\/","name":"Esplac","description":"Esplais Catalans","publisher":{"@id":"https:\/\/www.esplac.cat\/#organization"},"potentialAction":[{"@type":"SearchAction","target":{"@type":"EntryPoint","urlTemplate":"https:\/\/www.esplac.cat\/?s={search_term_string}"},"query-input":{"@type":"PropertyValueSpecification","valueRequired":true,"valueName":"search_term_string"}}],"inLanguage":"en-US"},{"@type":"Organization","@id":"https:\/\/www.esplac.cat\/#organization","name":"Esplac","url":"https:\/\/www.esplac.cat\/","logo":{"@type":"ImageObject","inLanguage":"en-US","@id":"https:\/\/www.esplac.cat\/#\/schema\/logo\/image\/","url":"https:\/\/www.esplac.cat\/wp-content\/uploads\/2019\/08\/logox2.png","contentUrl":"https:\/\/www.esplac.cat\/wp-content\/uploads\/2019\/08\/logox2.png","width":600,"height":295,"caption":"Esplac"},"image":{"@id":"https:\/\/www.esplac.cat\/#\/schema\/logo\/image\/"}},{"@type":"Person","@id":"https:\/\/www.esplac.cat\/#\/schema\/person\/908383cf240be18b68f8855d0583faca","name":"Comunicaci\u00f3 Esplac","image":{"@type":"ImageObject","inLanguage":"en-US","@id":"https:\/\/secure.gravatar.com\/avatar\/7a4cf8feb412a76ea4a740ca02d95b06b2907b5a6c648c2dd0a1082a093c3141?s=96&d=mm&r=g","url":"https:\/\/secure.gravatar.com\/avatar\/7a4cf8feb412a76ea4a740ca02d95b06b2907b5a6c648c2dd0a1082a093c3141?s=96&d=mm&r=g","contentUrl":"https:\/\/secure.gravatar.com\/avatar\/7a4cf8feb412a76ea4a740ca02d95b06b2907b5a6c648c2dd0a1082a093c3141?s=96&d=mm&r=g","caption":"Comunicaci\u00f3 Esplac"}}]}},"_links":{"self":[{"href":"https:\/\/www.esplac.cat\/en\/wp-json\/wp\/v2\/posts\/25380","targetHints":{"allow":["GET"]}}],"collection":[{"href":"https:\/\/www.esplac.cat\/en\/wp-json\/wp\/v2\/posts"}],"about":[{"href":"https:\/\/www.esplac.cat\/en\/wp-json\/wp\/v2\/types\/post"}],"author":[{"embeddable":true,"href":"https:\/\/www.esplac.cat\/en\/wp-json\/wp\/v2\/users\/3"}],"replies":[{"embeddable":true,"href":"https:\/\/www.esplac.cat\/en\/wp-json\/wp\/v2\/comments?post=25380"}],"version-history":[{"count":0,"href":"https:\/\/www.esplac.cat\/en\/wp-json\/wp\/v2\/posts\/25380\/revisions"}],"wp:featuredmedia":[{"embeddable":true,"href":"https:\/\/www.esplac.cat\/en\/wp-json\/wp\/v2\/media\/25381"}],"wp:attachment":[{"href":"https:\/\/www.esplac.cat\/en\/wp-json\/wp\/v2\/media?parent=25380"}],"wp:term":[{"taxonomy":"category","embeddable":true,"href":"https:\/\/www.esplac.cat\/en\/wp-json\/wp\/v2\/categories?post=25380"},{"taxonomy":"post_tag","embeddable":true,"href":"https:\/\/www.esplac.cat\/en\/wp-json\/wp\/v2\/tags?post=25380"}],"curies":[{"name":"wp","href":"https:\/\/api.w.org\/{rel}","templated":true}]}}