{"id":25387,"date":"2016-02-04T14:42:15","date_gmt":"2016-02-04T12:42:15","guid":{"rendered":"http:\/\/esplac.cat\/?p=9787"},"modified":"2019-11-14T13:36:40","modified_gmt":"2019-11-14T11:36:40","slug":"vine-i-participa-als-nous-grups-de-treball-i-comissions-desplac","status":"publish","type":"post","link":"https:\/\/www.esplac.cat\/en\/vine-i-participa-als-nous-grups-de-treball-i-comissions-desplac\/","title":{"rendered":"Vine i participa als nous Grups de Treball i Comissions d&#8217;Esplac!"},"content":{"rendered":"<p style=\"text-align: justify;\"><span style=\"color: #ff6600;\"><strong>*Aquesta not\u00edcia s&#8217;ha actualitzat amb les dates i llocs de les reunions el\u00a023 de febrer de\u00a02016.<\/strong><\/span><\/p>\n<p style=\"text-align: justify;\">Enguany\u00a0hem obert\u00a0nous grups de treball\u00a0a Esplais Catalans. Durant les properes setmanes, convoquem les primeres reunions de diversos projectes\u00a0vinculats a les \u00e0rees d&#8217;Atenci\u00f3 Personalitzada, Projecte Educatiu, Gesti\u00f3 de Recursos i Comunicaci\u00f3. Aquests projectes estan inclosos al Pla de Treball anual de l&#8217;associaci\u00f3 i aprovats pels esplais a la darrera Assemblea General Ordin\u00e0ria.<\/p>\n<p style=\"text-align: justify;\">A m\u00e9s de la feina que realitzen i continuaran realitzant les comissions de G\u00e8nere, Internacional i Reduint Petjada, i els grups de Locals pels esplais i la revista\u00a0Som Esplai, els i les monitores ens podrem\u00a0implicar en l&#8217;elaboraci\u00f3, execuci\u00f3 i evaluaci\u00f3 de diversos\u00a0projectes. Per tal de poder facilitar la participaci\u00f3 en aquests espais,\u00a0fomentarem que es pugui intervenir a les\u00a0reunions de forma telem\u00e0tica.<\/p>\n<p style=\"text-align: justify;\">Per ara, aquests s\u00f3n els\u00a0nous grups de treball i la data en qu\u00e8 s&#8217;ha convocat la primera\u00a0reuni\u00f3:<\/p>\n<ul>\n<li style=\"text-align: justify;\"><span style=\"font-weight: 400; color: #000000;\"><strong>Educaci\u00f3 emocional<\/strong>: 9 de Febrer a les 20h a l&#8217;Esplai Sarau (Sant Cugat)<\/span><\/li>\n<li><span style=\"font-weight: 400; color: #000000;\"><strong>Gesti\u00f3 de recursos a l\u2019esplai<\/strong>: dimarts 23 de febrer a les 19h a la seu d&#8217;Esplac (Barcelona)<\/span><\/li>\n<li><span style=\"font-weight: 400; color: #000000;\"><strong>Treball amb adolescents<\/strong>:\u00a0dimarts 23 de febrer a les 20h a la seu d&#8217;Esplac (Barcelona)<\/span><\/li>\n<li><span style=\"font-weight: 400; color: #000000;\"><strong>Comunicaci\u00f3 de recursos<\/strong>: dimecres 24 de febrer a les\u00a014:30h a la seu d&#8217;Esplac (Barcelona)<\/span><\/li>\n<li><span style=\"font-weight: 400; color: #000000;\"><strong>Esplac a les xarxes<\/strong>: dijous 25 de febrer a les 19h a la seu d&#8217;Esplac (Barcelona)<\/span><\/li>\n<li><span style=\"color: #000000;\"><span style=\"font-weight: 400;\"><strong>Inclusi\u00f3 i diversitat<\/strong>: dijous\u00a0<\/span><span style=\"font-weight: 400;\">25 de febrer a les 19:30h a\u00a0la seu d&#8217;Esplac (Barcelona)<\/span><\/span><\/li>\n<li><span style=\"font-weight: 400; color: #000000;\"><strong>Campaments, col\u00f2nies i rutes<\/strong>: dijous 25 de febrer a les 20h a la seu d&#8217;Esplac (Barcelona)<\/span><\/li>\n<li><span style=\"font-weight: 400; color: #000000;\"><strong>Drets dels infants<\/strong>:\u00a0dijous 25 de febrer a les 20:30h a la seu d&#8217;Esplac (Barcelona)<\/span><\/li>\n<\/ul>\n<p style=\"text-align: justify;\">I aquests s\u00f3n els grups i comissions ja existents i la propera data de trobada:<\/p>\n<ul style=\"text-align: justify;\">\n<li><span style=\"font-weight: 400;\"><strong>Locals dels esplais: <\/strong>dimarts 23 de febrer a les 18:30h <span style=\"color: #000000;\">a l&#8217;Esplai Eixam (Rub\u00ed)<\/span><\/span><\/li>\n<li><span style=\"font-weight: 400;\"><strong>Som Esplai:<\/strong> 10 de febrer a les 19h a la seu d&#8217;Esplac (Barcelona)<\/span><\/li>\n<li><span style=\"font-weight: 400;\"><strong>Internacional:<\/strong>\u00a0dijous 3 de mar\u00e7\u00a0a les 20h a la seu d&#8217;Esplac (Barcelona)<\/span><\/li>\n<li><span style=\"font-weight: 400;\"><strong>G\u00e8nere:<\/strong>\u00a0<em>data i horari a concretar<\/em><\/span><\/li>\n<li><span style=\"font-weight: 400;\"><strong>Reduint Petjada:\u00a0<\/strong><em>data i horari a concretar<\/em><\/span><\/li>\n<\/ul>\n<p style=\"text-align: justify;\">Si esteu interessats o interessades en participar d&#8217;algun d&#8217;aquests grups, envieu un correu a esplac@esplac.cat per apuntar-vos-hi! En alguns casos, la data est\u00e0 encara per concretar,\u00a0per\u00f2 si us interessa aquell grup i us hi apunteu, us informarem de la data definitiva!<\/p>\n<p style=\"text-align: justify;\">Pel que fa al lloc de trobada, es decidir\u00e0\u00a0en funci\u00f3 de la disponibilitat i localitzaci\u00f3 de les persones que hi participen a cada grup. Us n&#8217;informarem ben aviat!<\/p>\n<p style=\"text-align: justify;\">Volem, podem, sabem&#8230; <strong>PARTICIPEM!<\/strong><\/p>\n<p style=\"text-align: justify;\">\n","protected":false},"excerpt":{"rendered":"<p>*Aquesta not\u00edcia s&#8217;ha actualitzat amb les dates i llocs de [&hellip;]<\/p>\n","protected":false},"author":3,"featured_media":25388,"comment_status":"closed","ping_status":"open","sticky":false,"template":"","format":"standard","meta":{"om_disable_all_campaigns":false,"_monsterinsights_skip_tracking":false,"_monsterinsights_sitenote_active":false,"_monsterinsights_sitenote_note":"","_monsterinsights_sitenote_category":0,"_uf_show_specific_survey":0,"_uf_disable_surveys":false,"footnotes":""},"categories":[1160,1161,1166,1],"tags":[423,84,94,642,58,643,621,40,50],"class_list":["post-25387","post","type-post","status-publish","format-standard","has-post-thumbnail","hentry","category-comissio-gsdd","category-comissio-reduint-petjada","category-inclusio-i-diversitat","category-sense-categoria","tag-atencio-personalitzada","tag-comissions","tag-comunicacio","tag-espais-de-participacio","tag-genere","tag-gestio-de-recursos","tag-grups-de-treball","tag-participacio","tag-projecte-educatiu"],"yoast_head":"<!-- This site is optimized with the Yoast SEO plugin v27.4 - https:\/\/yoast.com\/product\/yoast-seo-wordpress\/ -->\n<title>Vine i participa als nous Grups de Treball i Comissions d&#039;Esplac! - Esplac<\/title>\n<meta name=\"robots\" content=\"index, follow, max-snippet:-1, max-image-preview:large, max-video-preview:-1\" \/>\n<link rel=\"canonical\" href=\"https:\/\/www.esplac.cat\/en\/vine-i-participa-als-nous-grups-de-treball-i-comissions-desplac\/\" \/>\n<meta property=\"og:locale\" content=\"en_US\" \/>\n<meta property=\"og:type\" content=\"article\" \/>\n<meta property=\"og:title\" content=\"Vine i participa als nous Grups de Treball i Comissions d&#039;Esplac! - Esplac\" \/>\n<meta property=\"og:description\" content=\"*Aquesta not\u00edcia s&#8217;ha actualitzat amb les dates i llocs de [&hellip;]\" \/>\n<meta property=\"og:url\" content=\"https:\/\/www.esplac.cat\/en\/vine-i-participa-als-nous-grups-de-treball-i-comissions-desplac\/\" \/>\n<meta property=\"og:site_name\" content=\"Esplac\" \/>\n<meta property=\"article:published_time\" content=\"2016-02-04T12:42:15+00:00\" \/>\n<meta property=\"article:modified_time\" content=\"2019-11-14T11:36:40+00:00\" \/>\n<meta property=\"og:image\" content=\"https:\/\/www.esplac.cat\/wp-content\/uploads\/2016\/02\/20160204_Grups-treball.jpg\" \/>\n\t<meta property=\"og:image:width\" content=\"847\" \/>\n\t<meta property=\"og:image:height\" content=\"350\" \/>\n\t<meta property=\"og:image:type\" content=\"image\/jpeg\" \/>\n<meta name=\"author\" content=\"Comunicaci\u00f3 Esplac\" \/>\n<meta name=\"twitter:card\" content=\"summary_large_image\" \/>\n<meta name=\"twitter:label1\" content=\"Written by\" \/>\n\t<meta name=\"twitter:data1\" content=\"Comunicaci\u00f3 Esplac\" \/>\n\t<meta name=\"twitter:label2\" content=\"Est. reading time\" \/>\n\t<meta name=\"twitter:data2\" content=\"2 minutes\" \/>\n<script type=\"application\/ld+json\" class=\"yoast-schema-graph\">{\"@context\":\"https:\\\/\\\/schema.org\",\"@graph\":[{\"@type\":\"Article\",\"@id\":\"https:\\\/\\\/www.esplac.cat\\\/en\\\/vine-i-participa-als-nous-grups-de-treball-i-comissions-desplac\\\/#article\",\"isPartOf\":{\"@id\":\"https:\\\/\\\/www.esplac.cat\\\/en\\\/vine-i-participa-als-nous-grups-de-treball-i-comissions-desplac\\\/\"},\"author\":{\"name\":\"Comunicaci\u00f3 Esplac\",\"@id\":\"https:\\\/\\\/www.esplac.cat\\\/#\\\/schema\\\/person\\\/908383cf240be18b68f8855d0583faca\"},\"headline\":\"Vine i participa als nous Grups de Treball i Comissions d&#8217;Esplac!\",\"datePublished\":\"2016-02-04T12:42:15+00:00\",\"dateModified\":\"2019-11-14T11:36:40+00:00\",\"mainEntityOfPage\":{\"@id\":\"https:\\\/\\\/www.esplac.cat\\\/en\\\/vine-i-participa-als-nous-grups-de-treball-i-comissions-desplac\\\/\"},\"wordCount\":453,\"publisher\":{\"@id\":\"https:\\\/\\\/www.esplac.cat\\\/#organization\"},\"image\":{\"@id\":\"https:\\\/\\\/www.esplac.cat\\\/en\\\/vine-i-participa-als-nous-grups-de-treball-i-comissions-desplac\\\/#primaryimage\"},\"thumbnailUrl\":\"https:\\\/\\\/www.esplac.cat\\\/wp-content\\\/uploads\\\/2016\\\/02\\\/20160204_Grups-treball.jpg\",\"keywords\":[\"atenci\u00f3 personalitzada\",\"comissions\",\"comunicaci\u00f3\",\"espais de participaci\u00f3\",\"g\u00e8nere\",\"gesti\u00f3 de recursos\",\"grups de treball\",\"participaci\u00f3\",\"projecte educatiu\"],\"articleSection\":[\"Comissi\u00f3 GSDD\",\"Comissi\u00f3 Reduint Petjada\",\"Inclusi\u00f3 i diversitat\",\"Sense categoria\"],\"inLanguage\":\"en-US\"},{\"@type\":\"WebPage\",\"@id\":\"https:\\\/\\\/www.esplac.cat\\\/en\\\/vine-i-participa-als-nous-grups-de-treball-i-comissions-desplac\\\/\",\"url\":\"https:\\\/\\\/www.esplac.cat\\\/en\\\/vine-i-participa-als-nous-grups-de-treball-i-comissions-desplac\\\/\",\"name\":\"Vine i participa als nous Grups de Treball i Comissions d'Esplac! - Esplac\",\"isPartOf\":{\"@id\":\"https:\\\/\\\/www.esplac.cat\\\/#website\"},\"primaryImageOfPage\":{\"@id\":\"https:\\\/\\\/www.esplac.cat\\\/en\\\/vine-i-participa-als-nous-grups-de-treball-i-comissions-desplac\\\/#primaryimage\"},\"image\":{\"@id\":\"https:\\\/\\\/www.esplac.cat\\\/en\\\/vine-i-participa-als-nous-grups-de-treball-i-comissions-desplac\\\/#primaryimage\"},\"thumbnailUrl\":\"https:\\\/\\\/www.esplac.cat\\\/wp-content\\\/uploads\\\/2016\\\/02\\\/20160204_Grups-treball.jpg\",\"datePublished\":\"2016-02-04T12:42:15+00:00\",\"dateModified\":\"2019-11-14T11:36:40+00:00\",\"breadcrumb\":{\"@id\":\"https:\\\/\\\/www.esplac.cat\\\/en\\\/vine-i-participa-als-nous-grups-de-treball-i-comissions-desplac\\\/#breadcrumb\"},\"inLanguage\":\"en-US\",\"potentialAction\":[{\"@type\":\"ReadAction\",\"target\":[\"https:\\\/\\\/www.esplac.cat\\\/en\\\/vine-i-participa-als-nous-grups-de-treball-i-comissions-desplac\\\/\"]}]},{\"@type\":\"ImageObject\",\"inLanguage\":\"en-US\",\"@id\":\"https:\\\/\\\/www.esplac.cat\\\/en\\\/vine-i-participa-als-nous-grups-de-treball-i-comissions-desplac\\\/#primaryimage\",\"url\":\"https:\\\/\\\/www.esplac.cat\\\/wp-content\\\/uploads\\\/2016\\\/02\\\/20160204_Grups-treball.jpg\",\"contentUrl\":\"https:\\\/\\\/www.esplac.cat\\\/wp-content\\\/uploads\\\/2016\\\/02\\\/20160204_Grups-treball.jpg\",\"width\":847,\"height\":350},{\"@type\":\"BreadcrumbList\",\"@id\":\"https:\\\/\\\/www.esplac.cat\\\/en\\\/vine-i-participa-als-nous-grups-de-treball-i-comissions-desplac\\\/#breadcrumb\",\"itemListElement\":[{\"@type\":\"ListItem\",\"position\":1,\"name\":\"Inici\",\"item\":\"https:\\\/\\\/www.esplac.cat\\\/en\\\/\"},{\"@type\":\"ListItem\",\"position\":2,\"name\":\"Vine i participa als nous Grups de Treball i Comissions d&#8217;Esplac!\"}]},{\"@type\":\"WebSite\",\"@id\":\"https:\\\/\\\/www.esplac.cat\\\/#website\",\"url\":\"https:\\\/\\\/www.esplac.cat\\\/\",\"name\":\"Esplac\",\"description\":\"Esplais Catalans\",\"publisher\":{\"@id\":\"https:\\\/\\\/www.esplac.cat\\\/#organization\"},\"potentialAction\":[{\"@type\":\"SearchAction\",\"target\":{\"@type\":\"EntryPoint\",\"urlTemplate\":\"https:\\\/\\\/www.esplac.cat\\\/?s={search_term_string}\"},\"query-input\":{\"@type\":\"PropertyValueSpecification\",\"valueRequired\":true,\"valueName\":\"search_term_string\"}}],\"inLanguage\":\"en-US\"},{\"@type\":\"Organization\",\"@id\":\"https:\\\/\\\/www.esplac.cat\\\/#organization\",\"name\":\"Esplac\",\"url\":\"https:\\\/\\\/www.esplac.cat\\\/\",\"logo\":{\"@type\":\"ImageObject\",\"inLanguage\":\"en-US\",\"@id\":\"https:\\\/\\\/www.esplac.cat\\\/#\\\/schema\\\/logo\\\/image\\\/\",\"url\":\"https:\\\/\\\/www.esplac.cat\\\/wp-content\\\/uploads\\\/2019\\\/08\\\/logox2.png\",\"contentUrl\":\"https:\\\/\\\/www.esplac.cat\\\/wp-content\\\/uploads\\\/2019\\\/08\\\/logox2.png\",\"width\":600,\"height\":295,\"caption\":\"Esplac\"},\"image\":{\"@id\":\"https:\\\/\\\/www.esplac.cat\\\/#\\\/schema\\\/logo\\\/image\\\/\"}},{\"@type\":\"Person\",\"@id\":\"https:\\\/\\\/www.esplac.cat\\\/#\\\/schema\\\/person\\\/908383cf240be18b68f8855d0583faca\",\"name\":\"Comunicaci\u00f3 Esplac\",\"image\":{\"@type\":\"ImageObject\",\"inLanguage\":\"en-US\",\"@id\":\"https:\\\/\\\/secure.gravatar.com\\\/avatar\\\/7a4cf8feb412a76ea4a740ca02d95b06b2907b5a6c648c2dd0a1082a093c3141?s=96&d=mm&r=g\",\"url\":\"https:\\\/\\\/secure.gravatar.com\\\/avatar\\\/7a4cf8feb412a76ea4a740ca02d95b06b2907b5a6c648c2dd0a1082a093c3141?s=96&d=mm&r=g\",\"contentUrl\":\"https:\\\/\\\/secure.gravatar.com\\\/avatar\\\/7a4cf8feb412a76ea4a740ca02d95b06b2907b5a6c648c2dd0a1082a093c3141?s=96&d=mm&r=g\",\"caption\":\"Comunicaci\u00f3 Esplac\"}}]}<\/script>\n<!-- \/ Yoast SEO plugin. -->","yoast_head_json":{"title":"Vine i participa als nous Grups de Treball i Comissions d'Esplac! - Esplac","robots":{"index":"index","follow":"follow","max-snippet":"max-snippet:-1","max-image-preview":"max-image-preview:large","max-video-preview":"max-video-preview:-1"},"canonical":"https:\/\/www.esplac.cat\/en\/vine-i-participa-als-nous-grups-de-treball-i-comissions-desplac\/","og_locale":"en_US","og_type":"article","og_title":"Vine i participa als nous Grups de Treball i Comissions d'Esplac! - Esplac","og_description":"*Aquesta not\u00edcia s&#8217;ha actualitzat amb les dates i llocs de [&hellip;]","og_url":"https:\/\/www.esplac.cat\/en\/vine-i-participa-als-nous-grups-de-treball-i-comissions-desplac\/","og_site_name":"Esplac","article_published_time":"2016-02-04T12:42:15+00:00","article_modified_time":"2019-11-14T11:36:40+00:00","og_image":[{"width":847,"height":350,"url":"https:\/\/www.esplac.cat\/wp-content\/uploads\/2016\/02\/20160204_Grups-treball.jpg","type":"image\/jpeg"}],"author":"Comunicaci\u00f3 Esplac","twitter_card":"summary_large_image","twitter_misc":{"Written by":"Comunicaci\u00f3 Esplac","Est. reading time":"2 minutes"},"schema":{"@context":"https:\/\/schema.org","@graph":[{"@type":"Article","@id":"https:\/\/www.esplac.cat\/en\/vine-i-participa-als-nous-grups-de-treball-i-comissions-desplac\/#article","isPartOf":{"@id":"https:\/\/www.esplac.cat\/en\/vine-i-participa-als-nous-grups-de-treball-i-comissions-desplac\/"},"author":{"name":"Comunicaci\u00f3 Esplac","@id":"https:\/\/www.esplac.cat\/#\/schema\/person\/908383cf240be18b68f8855d0583faca"},"headline":"Vine i participa als nous Grups de Treball i Comissions d&#8217;Esplac!","datePublished":"2016-02-04T12:42:15+00:00","dateModified":"2019-11-14T11:36:40+00:00","mainEntityOfPage":{"@id":"https:\/\/www.esplac.cat\/en\/vine-i-participa-als-nous-grups-de-treball-i-comissions-desplac\/"},"wordCount":453,"publisher":{"@id":"https:\/\/www.esplac.cat\/#organization"},"image":{"@id":"https:\/\/www.esplac.cat\/en\/vine-i-participa-als-nous-grups-de-treball-i-comissions-desplac\/#primaryimage"},"thumbnailUrl":"https:\/\/www.esplac.cat\/wp-content\/uploads\/2016\/02\/20160204_Grups-treball.jpg","keywords":["atenci\u00f3 personalitzada","comissions","comunicaci\u00f3","espais de participaci\u00f3","g\u00e8nere","gesti\u00f3 de recursos","grups de treball","participaci\u00f3","projecte educatiu"],"articleSection":["Comissi\u00f3 GSDD","Comissi\u00f3 Reduint Petjada","Inclusi\u00f3 i diversitat","Sense categoria"],"inLanguage":"en-US"},{"@type":"WebPage","@id":"https:\/\/www.esplac.cat\/en\/vine-i-participa-als-nous-grups-de-treball-i-comissions-desplac\/","url":"https:\/\/www.esplac.cat\/en\/vine-i-participa-als-nous-grups-de-treball-i-comissions-desplac\/","name":"Vine i participa als nous Grups de Treball i Comissions d'Esplac! - Esplac","isPartOf":{"@id":"https:\/\/www.esplac.cat\/#website"},"primaryImageOfPage":{"@id":"https:\/\/www.esplac.cat\/en\/vine-i-participa-als-nous-grups-de-treball-i-comissions-desplac\/#primaryimage"},"image":{"@id":"https:\/\/www.esplac.cat\/en\/vine-i-participa-als-nous-grups-de-treball-i-comissions-desplac\/#primaryimage"},"thumbnailUrl":"https:\/\/www.esplac.cat\/wp-content\/uploads\/2016\/02\/20160204_Grups-treball.jpg","datePublished":"2016-02-04T12:42:15+00:00","dateModified":"2019-11-14T11:36:40+00:00","breadcrumb":{"@id":"https:\/\/www.esplac.cat\/en\/vine-i-participa-als-nous-grups-de-treball-i-comissions-desplac\/#breadcrumb"},"inLanguage":"en-US","potentialAction":[{"@type":"ReadAction","target":["https:\/\/www.esplac.cat\/en\/vine-i-participa-als-nous-grups-de-treball-i-comissions-desplac\/"]}]},{"@type":"ImageObject","inLanguage":"en-US","@id":"https:\/\/www.esplac.cat\/en\/vine-i-participa-als-nous-grups-de-treball-i-comissions-desplac\/#primaryimage","url":"https:\/\/www.esplac.cat\/wp-content\/uploads\/2016\/02\/20160204_Grups-treball.jpg","contentUrl":"https:\/\/www.esplac.cat\/wp-content\/uploads\/2016\/02\/20160204_Grups-treball.jpg","width":847,"height":350},{"@type":"BreadcrumbList","@id":"https:\/\/www.esplac.cat\/en\/vine-i-participa-als-nous-grups-de-treball-i-comissions-desplac\/#breadcrumb","itemListElement":[{"@type":"ListItem","position":1,"name":"Inici","item":"https:\/\/www.esplac.cat\/en\/"},{"@type":"ListItem","position":2,"name":"Vine i participa als nous Grups de Treball i Comissions d&#8217;Esplac!"}]},{"@type":"WebSite","@id":"https:\/\/www.esplac.cat\/#website","url":"https:\/\/www.esplac.cat\/","name":"Esplac","description":"Esplais Catalans","publisher":{"@id":"https:\/\/www.esplac.cat\/#organization"},"potentialAction":[{"@type":"SearchAction","target":{"@type":"EntryPoint","urlTemplate":"https:\/\/www.esplac.cat\/?s={search_term_string}"},"query-input":{"@type":"PropertyValueSpecification","valueRequired":true,"valueName":"search_term_string"}}],"inLanguage":"en-US"},{"@type":"Organization","@id":"https:\/\/www.esplac.cat\/#organization","name":"Esplac","url":"https:\/\/www.esplac.cat\/","logo":{"@type":"ImageObject","inLanguage":"en-US","@id":"https:\/\/www.esplac.cat\/#\/schema\/logo\/image\/","url":"https:\/\/www.esplac.cat\/wp-content\/uploads\/2019\/08\/logox2.png","contentUrl":"https:\/\/www.esplac.cat\/wp-content\/uploads\/2019\/08\/logox2.png","width":600,"height":295,"caption":"Esplac"},"image":{"@id":"https:\/\/www.esplac.cat\/#\/schema\/logo\/image\/"}},{"@type":"Person","@id":"https:\/\/www.esplac.cat\/#\/schema\/person\/908383cf240be18b68f8855d0583faca","name":"Comunicaci\u00f3 Esplac","image":{"@type":"ImageObject","inLanguage":"en-US","@id":"https:\/\/secure.gravatar.com\/avatar\/7a4cf8feb412a76ea4a740ca02d95b06b2907b5a6c648c2dd0a1082a093c3141?s=96&d=mm&r=g","url":"https:\/\/secure.gravatar.com\/avatar\/7a4cf8feb412a76ea4a740ca02d95b06b2907b5a6c648c2dd0a1082a093c3141?s=96&d=mm&r=g","contentUrl":"https:\/\/secure.gravatar.com\/avatar\/7a4cf8feb412a76ea4a740ca02d95b06b2907b5a6c648c2dd0a1082a093c3141?s=96&d=mm&r=g","caption":"Comunicaci\u00f3 Esplac"}}]}},"_links":{"self":[{"href":"https:\/\/www.esplac.cat\/en\/wp-json\/wp\/v2\/posts\/25387","targetHints":{"allow":["GET"]}}],"collection":[{"href":"https:\/\/www.esplac.cat\/en\/wp-json\/wp\/v2\/posts"}],"about":[{"href":"https:\/\/www.esplac.cat\/en\/wp-json\/wp\/v2\/types\/post"}],"author":[{"embeddable":true,"href":"https:\/\/www.esplac.cat\/en\/wp-json\/wp\/v2\/users\/3"}],"replies":[{"embeddable":true,"href":"https:\/\/www.esplac.cat\/en\/wp-json\/wp\/v2\/comments?post=25387"}],"version-history":[{"count":0,"href":"https:\/\/www.esplac.cat\/en\/wp-json\/wp\/v2\/posts\/25387\/revisions"}],"wp:featuredmedia":[{"embeddable":true,"href":"https:\/\/www.esplac.cat\/en\/wp-json\/wp\/v2\/media\/25388"}],"wp:attachment":[{"href":"https:\/\/www.esplac.cat\/en\/wp-json\/wp\/v2\/media?parent=25387"}],"wp:term":[{"taxonomy":"category","embeddable":true,"href":"https:\/\/www.esplac.cat\/en\/wp-json\/wp\/v2\/categories?post=25387"},{"taxonomy":"post_tag","embeddable":true,"href":"https:\/\/www.esplac.cat\/en\/wp-json\/wp\/v2\/tags?post=25387"}],"curies":[{"name":"wp","href":"https:\/\/api.w.org\/{rel}","templated":true}]}}