{"id":25389,"date":"2016-02-03T17:01:22","date_gmt":"2016-02-03T15:01:22","guid":{"rendered":"http:\/\/esplac.cat\/?p=9784"},"modified":"2016-02-03T17:01:22","modified_gmt":"2016-02-03T15:01:22","slug":"concurs-per-realitzar-el-documental-del-projecte-historia-dels-esplais","status":"publish","type":"post","link":"https:\/\/www.esplac.cat\/en\/concurs-per-realitzar-el-documental-del-projecte-historia-dels-esplais\/","title":{"rendered":"Concurs per realitzar el documental del projecte \u201cHist\u00f2ria dels Esplais\u201d"},"content":{"rendered":"<h4 class=\"p1\"><b>El termini per presentar propostes finalitza el dia 22 de febrer de 2016<\/b><\/h4>\n<p class=\"p1\">Us comuniquem que hem obert un termini per a la presentaci\u00f3 de propostes amb l&#8217;objectiu d&#8217;<strong>elaborar un documental sobre la hist\u00f2ria dels esplais.<\/strong> Aquest recollir\u00e0 les conclusions de l&#8217;estudi hist\u00f2ric dels or\u00edgens dels esplais a Catalunya <strong><a href=\"http:\/\/esplac.cat\/la-historia-dels-esplais-un-formulari-per-coneixer-els-origens\/\" target=\"_blank\" rel=\"noopener noreferrer\">que hem estat treballant des del\u00a0curs passat<\/a><\/strong>\u00a0i tindr\u00e0 un format d&#8217;uns 30&#8242; aproximadament.\u00a0 Estem buscant un equip que pugui, per la seva formaci\u00f3 i experi\u00e8ncia, realitzar aquest documental de manera creativa, rigurosa i original. Aquest equip treballar\u00e0 conjuntament amb l&#8217;equip de comunicaci\u00f3 d&#8217;Esplais Catalans, el responsable del projecte i la persona encarregada de l&#8217;estudi hist\u00f2ric al formar part d&#8217;un projecte global: l&#8217;edici\u00f3 d&#8217;un llibre, una campanya de micromecenatge i l&#8217;elaboraci\u00f3 d&#8217;un documental de mitja durada.<\/p>\n<p class=\"p1\">Ens heu d&#8217;adre\u00e7ar la vostra proposta explicant la voluntat de fer-se c\u00e0rrec d&#8217;aquesta tasca, una aproximaci\u00f3 a la metodologia i al tractament visual i narratiu<span class=\"s1\"> que proposeu pel projecte<\/span> \u00a0i el curr\u00edculum d&#8217;equip o individual <strong>al correu <a href=\"mailto:esplac@esplac.cat\">esplac@esplac.cat<\/a> amb la refer\u00e8ncia \u201c<span class=\"s1\">DOCU_ESPLAC<\/span>\u201d a l&#8217;assumpte del mail.<\/strong><span class=\"s1\"> El termini per enviar candidatures <strong>finalitza el 22 de febrer de 2016.<\/strong><\/span><\/p>\n<p class=\"p1\">La contractaci\u00f3 d&#8217;aquest servei es far\u00e0 conforme als criteris de gesti\u00f3 responsable de recursos aprovat per l&#8217;associaci\u00f3.<\/p>\n<p class=\"p3\"><b>Tasques a realitzar<\/b><\/p>\n<ul class=\"ul1\">\n<li class=\"li3\">Elaboraci\u00f3 d&#8217;un gui\u00f3 previ i tractament visual\/narratiu del documental (es treballar\u00e0 conjuntament amb les persones encarregades del projecte i a partir de l&#8217;estudi realitzat aquests mesos).<\/li>\n<li class=\"li3\">Elaboraci\u00f3 d&#8217;un<i> teaser<\/i> previ (maig) per a difondre la campanya de micromecenatge.<\/li>\n<li class=\"li3\">Cerca d&#8217;imatge d&#8217;arxiu.<\/li>\n<li class=\"li3\">Rodatge &#8211; Realitzaci\u00f3 d&#8217;entrevistes i enregistrament d&#8217;activitats (imatges \u00a0de recurs).<\/li>\n<li class=\"li3\">Transcripci\u00f3 resumida de les entrevistes.<\/li>\n<li class=\"li3\">Edici\u00f3 i postproducci\u00f3.<\/li>\n<li class=\"li3\">Coordinaci\u00f3 amb Comunicaci\u00f3 Esplac + Responsable de l&#8217;estudi i responsable pol\u00edtic d&#8217;Esplac.<\/li>\n<\/ul>\n<p class=\"p3\"><b>Es demana<\/b><\/p>\n<ul class=\"ul1\">\n<li class=\"li3\">Coneixement global de realitzaci\u00f3 audiovisual (direcci\u00f3 de fotografia, operaci\u00f3 de c\u00e0m<span class=\"s1\">e<\/span>ra, so directe, edici\u00f3&#8230;).<\/li>\n<li class=\"li3\">Capacitat creativa i propostes originals en el format documental.<\/li>\n<li class=\"li3\">Experi\u00e8ncia en l&#8217;elaboraci\u00f3 de productes audiovisuals de no-ficci\u00f3.<\/li>\n<li class=\"li3\">Experi\u00e8ncia en el rodatge i edici\u00f3 d&#8217;entrevistes.<\/li>\n<li class=\"li3\">Coneixements d&#8217;After Effects i\/o eines d&#8217;animaci\u00f3 i tractament digital.<\/li>\n<li class=\"li3\">Flexibilitat hor\u00e0ria.<\/li>\n<li class=\"li3\">Alta en aut\u00f2noms o capacitat per generar factures.<\/li>\n<li class=\"li3\">Alt nivell de catal\u00e0 i castell\u00e0.<\/li>\n<\/ul>\n<p class=\"p3\"><b>Es valora<\/b><\/p>\n<ul class=\"ul1\">\n<li class=\"li3\">Coneixement de l&#8217;\u00e0mbit associatiu \/ Experi\u00e8ncia associativa o de l&#8217;\u00e0mbit educatiu.<\/li>\n<li class=\"li3\">Formaci\u00f3 en Comunicaci\u00f3.<\/li>\n<li class=\"li3\">Coneixement del treball per projectes.<\/li>\n<li class=\"li3\">Coneixement en xarxes de difusi\u00f3 i distribuci\u00f3.<\/li>\n<li class=\"li3\">Coneixement de disseny gr\u00e0fic per a poder participar de l&#8217;elaboraci\u00f3 de la l\u00ednia gr\u00e0fica general.<\/li>\n<li class=\"li3\">Coneixement del Moviment Laic i Progressista i entitats membres.<\/li>\n<li class=\"li3\">Facilitat per con\u00e8ixer noves eines de treball.<\/li>\n<\/ul>\n<p class=\"p3\">&#8211; Pressupost previ de 10.000\u20ac (En una primera fase, l&#8217;equip responsable elaborar\u00e0 un pressupost adaptat a aquesta quantitat)<\/p>\n<p class=\"p3\">&#8211; Inici del projecte:<b> mar\u00e7-abril 2016<\/b><\/p>\n","protected":false},"excerpt":{"rendered":"<p>El termini per presentar propostes finalitza el dia 22 de [&hellip;]<\/p>\n","protected":false},"author":3,"featured_media":24818,"comment_status":"closed","ping_status":"open","sticky":false,"template":"","format":"standard","meta":{"om_disable_all_campaigns":false,"_monsterinsights_skip_tracking":false,"_monsterinsights_sitenote_active":false,"_monsterinsights_sitenote_note":"","_monsterinsights_sitenote_category":0,"_uf_show_specific_survey":0,"_uf_disable_surveys":false,"footnotes":""},"categories":[1116,1,1142],"tags":[576,578,562],"class_list":["post-25389","post","type-post","status-publish","format-standard","has-post-thumbnail","hentry","category-secretaria-esplac","category-sense-categoria","category-transformar-educant-historia-dels-esplais","tag-documental","tag-historia-esplais","tag-oferta-laboral"],"yoast_head":"<!-- This site is optimized with the Yoast SEO plugin v27.4 - https:\/\/yoast.com\/product\/yoast-seo-wordpress\/ -->\n<title>Concurs per realitzar el documental del projecte \u201cHist\u00f2ria dels Esplais\u201d - Esplac<\/title>\n<meta name=\"robots\" content=\"index, follow, max-snippet:-1, max-image-preview:large, max-video-preview:-1\" \/>\n<link rel=\"canonical\" href=\"https:\/\/www.esplac.cat\/concurs-per-realitzar-el-documental-del-projecte-historia-dels-esplais\/\" \/>\n<meta property=\"og:locale\" content=\"en_US\" \/>\n<meta property=\"og:type\" content=\"article\" \/>\n<meta property=\"og:title\" content=\"Concurs per realitzar el documental del projecte \u201cHist\u00f2ria dels Esplais\u201d - Esplac\" \/>\n<meta property=\"og:description\" content=\"El termini per presentar propostes finalitza el dia 22 de [&hellip;]\" \/>\n<meta property=\"og:url\" content=\"https:\/\/www.esplac.cat\/concurs-per-realitzar-el-documental-del-projecte-historia-dels-esplais\/\" \/>\n<meta property=\"og:site_name\" content=\"Esplac\" \/>\n<meta property=\"article:published_time\" content=\"2016-02-03T15:01:22+00:00\" \/>\n<meta property=\"og:image\" content=\"https:\/\/www.esplac.cat\/wp-content\/uploads\/2015\/11\/Noti_Web_Valles_AGO.jpg\" \/>\n\t<meta property=\"og:image:width\" content=\"847\" \/>\n\t<meta property=\"og:image:height\" content=\"350\" \/>\n\t<meta property=\"og:image:type\" content=\"image\/jpeg\" \/>\n<meta name=\"author\" content=\"Comunicaci\u00f3 Esplac\" \/>\n<meta name=\"twitter:card\" content=\"summary_large_image\" \/>\n<meta name=\"twitter:label1\" content=\"Written by\" \/>\n\t<meta name=\"twitter:data1\" content=\"Comunicaci\u00f3 Esplac\" \/>\n\t<meta name=\"twitter:label2\" content=\"Est. reading time\" \/>\n\t<meta name=\"twitter:data2\" content=\"2 minutes\" \/>\n<script type=\"application\/ld+json\" class=\"yoast-schema-graph\">{\"@context\":\"https:\\\/\\\/schema.org\",\"@graph\":[{\"@type\":\"Article\",\"@id\":\"https:\\\/\\\/www.esplac.cat\\\/concurs-per-realitzar-el-documental-del-projecte-historia-dels-esplais\\\/#article\",\"isPartOf\":{\"@id\":\"https:\\\/\\\/www.esplac.cat\\\/concurs-per-realitzar-el-documental-del-projecte-historia-dels-esplais\\\/\"},\"author\":{\"name\":\"Comunicaci\u00f3 Esplac\",\"@id\":\"https:\\\/\\\/www.esplac.cat\\\/#\\\/schema\\\/person\\\/908383cf240be18b68f8855d0583faca\"},\"headline\":\"Concurs per realitzar el documental del projecte \u201cHist\u00f2ria dels Esplais\u201d\",\"datePublished\":\"2016-02-03T15:01:22+00:00\",\"mainEntityOfPage\":{\"@id\":\"https:\\\/\\\/www.esplac.cat\\\/concurs-per-realitzar-el-documental-del-projecte-historia-dels-esplais\\\/\"},\"wordCount\":486,\"publisher\":{\"@id\":\"https:\\\/\\\/www.esplac.cat\\\/#organization\"},\"image\":{\"@id\":\"https:\\\/\\\/www.esplac.cat\\\/concurs-per-realitzar-el-documental-del-projecte-historia-dels-esplais\\\/#primaryimage\"},\"thumbnailUrl\":\"https:\\\/\\\/www.esplac.cat\\\/wp-content\\\/uploads\\\/2015\\\/11\\\/Noti_Web_Valles_AGO.jpg\",\"keywords\":[\"documental\",\"hist\u00f2ria esplais\",\"oferta laboral\"],\"articleSection\":[\"Secretaria T\u00e8cnica\",\"Sense categoria\",\"Transformar educant: hist\u00f2ria dels esplais\"],\"inLanguage\":\"en-US\"},{\"@type\":\"WebPage\",\"@id\":\"https:\\\/\\\/www.esplac.cat\\\/concurs-per-realitzar-el-documental-del-projecte-historia-dels-esplais\\\/\",\"url\":\"https:\\\/\\\/www.esplac.cat\\\/concurs-per-realitzar-el-documental-del-projecte-historia-dels-esplais\\\/\",\"name\":\"Concurs per realitzar el documental del projecte \u201cHist\u00f2ria dels Esplais\u201d - Esplac\",\"isPartOf\":{\"@id\":\"https:\\\/\\\/www.esplac.cat\\\/#website\"},\"primaryImageOfPage\":{\"@id\":\"https:\\\/\\\/www.esplac.cat\\\/concurs-per-realitzar-el-documental-del-projecte-historia-dels-esplais\\\/#primaryimage\"},\"image\":{\"@id\":\"https:\\\/\\\/www.esplac.cat\\\/concurs-per-realitzar-el-documental-del-projecte-historia-dels-esplais\\\/#primaryimage\"},\"thumbnailUrl\":\"https:\\\/\\\/www.esplac.cat\\\/wp-content\\\/uploads\\\/2015\\\/11\\\/Noti_Web_Valles_AGO.jpg\",\"datePublished\":\"2016-02-03T15:01:22+00:00\",\"breadcrumb\":{\"@id\":\"https:\\\/\\\/www.esplac.cat\\\/concurs-per-realitzar-el-documental-del-projecte-historia-dels-esplais\\\/#breadcrumb\"},\"inLanguage\":\"en-US\",\"potentialAction\":[{\"@type\":\"ReadAction\",\"target\":[\"https:\\\/\\\/www.esplac.cat\\\/concurs-per-realitzar-el-documental-del-projecte-historia-dels-esplais\\\/\"]}]},{\"@type\":\"ImageObject\",\"inLanguage\":\"en-US\",\"@id\":\"https:\\\/\\\/www.esplac.cat\\\/concurs-per-realitzar-el-documental-del-projecte-historia-dels-esplais\\\/#primaryimage\",\"url\":\"https:\\\/\\\/www.esplac.cat\\\/wp-content\\\/uploads\\\/2015\\\/11\\\/Noti_Web_Valles_AGO.jpg\",\"contentUrl\":\"https:\\\/\\\/www.esplac.cat\\\/wp-content\\\/uploads\\\/2015\\\/11\\\/Noti_Web_Valles_AGO.jpg\",\"width\":847,\"height\":350},{\"@type\":\"BreadcrumbList\",\"@id\":\"https:\\\/\\\/www.esplac.cat\\\/concurs-per-realitzar-el-documental-del-projecte-historia-dels-esplais\\\/#breadcrumb\",\"itemListElement\":[{\"@type\":\"ListItem\",\"position\":1,\"name\":\"Inici\",\"item\":\"https:\\\/\\\/www.esplac.cat\\\/en\\\/\"},{\"@type\":\"ListItem\",\"position\":2,\"name\":\"Concurs per realitzar el documental del projecte \u201cHist\u00f2ria dels Esplais\u201d\"}]},{\"@type\":\"WebSite\",\"@id\":\"https:\\\/\\\/www.esplac.cat\\\/#website\",\"url\":\"https:\\\/\\\/www.esplac.cat\\\/\",\"name\":\"Esplac\",\"description\":\"Esplais Catalans\",\"publisher\":{\"@id\":\"https:\\\/\\\/www.esplac.cat\\\/#organization\"},\"potentialAction\":[{\"@type\":\"SearchAction\",\"target\":{\"@type\":\"EntryPoint\",\"urlTemplate\":\"https:\\\/\\\/www.esplac.cat\\\/?s={search_term_string}\"},\"query-input\":{\"@type\":\"PropertyValueSpecification\",\"valueRequired\":true,\"valueName\":\"search_term_string\"}}],\"inLanguage\":\"en-US\"},{\"@type\":\"Organization\",\"@id\":\"https:\\\/\\\/www.esplac.cat\\\/#organization\",\"name\":\"Esplac\",\"url\":\"https:\\\/\\\/www.esplac.cat\\\/\",\"logo\":{\"@type\":\"ImageObject\",\"inLanguage\":\"en-US\",\"@id\":\"https:\\\/\\\/www.esplac.cat\\\/#\\\/schema\\\/logo\\\/image\\\/\",\"url\":\"https:\\\/\\\/www.esplac.cat\\\/wp-content\\\/uploads\\\/2019\\\/08\\\/logox2.png\",\"contentUrl\":\"https:\\\/\\\/www.esplac.cat\\\/wp-content\\\/uploads\\\/2019\\\/08\\\/logox2.png\",\"width\":600,\"height\":295,\"caption\":\"Esplac\"},\"image\":{\"@id\":\"https:\\\/\\\/www.esplac.cat\\\/#\\\/schema\\\/logo\\\/image\\\/\"}},{\"@type\":\"Person\",\"@id\":\"https:\\\/\\\/www.esplac.cat\\\/#\\\/schema\\\/person\\\/908383cf240be18b68f8855d0583faca\",\"name\":\"Comunicaci\u00f3 Esplac\",\"image\":{\"@type\":\"ImageObject\",\"inLanguage\":\"en-US\",\"@id\":\"https:\\\/\\\/secure.gravatar.com\\\/avatar\\\/7a4cf8feb412a76ea4a740ca02d95b06b2907b5a6c648c2dd0a1082a093c3141?s=96&d=mm&r=g\",\"url\":\"https:\\\/\\\/secure.gravatar.com\\\/avatar\\\/7a4cf8feb412a76ea4a740ca02d95b06b2907b5a6c648c2dd0a1082a093c3141?s=96&d=mm&r=g\",\"contentUrl\":\"https:\\\/\\\/secure.gravatar.com\\\/avatar\\\/7a4cf8feb412a76ea4a740ca02d95b06b2907b5a6c648c2dd0a1082a093c3141?s=96&d=mm&r=g\",\"caption\":\"Comunicaci\u00f3 Esplac\"}}]}<\/script>\n<!-- \/ Yoast SEO plugin. -->","yoast_head_json":{"title":"Concurs per realitzar el documental del projecte \u201cHist\u00f2ria dels Esplais\u201d - Esplac","robots":{"index":"index","follow":"follow","max-snippet":"max-snippet:-1","max-image-preview":"max-image-preview:large","max-video-preview":"max-video-preview:-1"},"canonical":"https:\/\/www.esplac.cat\/concurs-per-realitzar-el-documental-del-projecte-historia-dels-esplais\/","og_locale":"en_US","og_type":"article","og_title":"Concurs per realitzar el documental del projecte \u201cHist\u00f2ria dels Esplais\u201d - Esplac","og_description":"El termini per presentar propostes finalitza el dia 22 de [&hellip;]","og_url":"https:\/\/www.esplac.cat\/concurs-per-realitzar-el-documental-del-projecte-historia-dels-esplais\/","og_site_name":"Esplac","article_published_time":"2016-02-03T15:01:22+00:00","og_image":[{"width":847,"height":350,"url":"https:\/\/www.esplac.cat\/wp-content\/uploads\/2015\/11\/Noti_Web_Valles_AGO.jpg","type":"image\/jpeg"}],"author":"Comunicaci\u00f3 Esplac","twitter_card":"summary_large_image","twitter_misc":{"Written by":"Comunicaci\u00f3 Esplac","Est. reading time":"2 minutes"},"schema":{"@context":"https:\/\/schema.org","@graph":[{"@type":"Article","@id":"https:\/\/www.esplac.cat\/concurs-per-realitzar-el-documental-del-projecte-historia-dels-esplais\/#article","isPartOf":{"@id":"https:\/\/www.esplac.cat\/concurs-per-realitzar-el-documental-del-projecte-historia-dels-esplais\/"},"author":{"name":"Comunicaci\u00f3 Esplac","@id":"https:\/\/www.esplac.cat\/#\/schema\/person\/908383cf240be18b68f8855d0583faca"},"headline":"Concurs per realitzar el documental del projecte \u201cHist\u00f2ria dels Esplais\u201d","datePublished":"2016-02-03T15:01:22+00:00","mainEntityOfPage":{"@id":"https:\/\/www.esplac.cat\/concurs-per-realitzar-el-documental-del-projecte-historia-dels-esplais\/"},"wordCount":486,"publisher":{"@id":"https:\/\/www.esplac.cat\/#organization"},"image":{"@id":"https:\/\/www.esplac.cat\/concurs-per-realitzar-el-documental-del-projecte-historia-dels-esplais\/#primaryimage"},"thumbnailUrl":"https:\/\/www.esplac.cat\/wp-content\/uploads\/2015\/11\/Noti_Web_Valles_AGO.jpg","keywords":["documental","hist\u00f2ria esplais","oferta laboral"],"articleSection":["Secretaria T\u00e8cnica","Sense categoria","Transformar educant: hist\u00f2ria dels esplais"],"inLanguage":"en-US"},{"@type":"WebPage","@id":"https:\/\/www.esplac.cat\/concurs-per-realitzar-el-documental-del-projecte-historia-dels-esplais\/","url":"https:\/\/www.esplac.cat\/concurs-per-realitzar-el-documental-del-projecte-historia-dels-esplais\/","name":"Concurs per realitzar el documental del projecte \u201cHist\u00f2ria dels Esplais\u201d - Esplac","isPartOf":{"@id":"https:\/\/www.esplac.cat\/#website"},"primaryImageOfPage":{"@id":"https:\/\/www.esplac.cat\/concurs-per-realitzar-el-documental-del-projecte-historia-dels-esplais\/#primaryimage"},"image":{"@id":"https:\/\/www.esplac.cat\/concurs-per-realitzar-el-documental-del-projecte-historia-dels-esplais\/#primaryimage"},"thumbnailUrl":"https:\/\/www.esplac.cat\/wp-content\/uploads\/2015\/11\/Noti_Web_Valles_AGO.jpg","datePublished":"2016-02-03T15:01:22+00:00","breadcrumb":{"@id":"https:\/\/www.esplac.cat\/concurs-per-realitzar-el-documental-del-projecte-historia-dels-esplais\/#breadcrumb"},"inLanguage":"en-US","potentialAction":[{"@type":"ReadAction","target":["https:\/\/www.esplac.cat\/concurs-per-realitzar-el-documental-del-projecte-historia-dels-esplais\/"]}]},{"@type":"ImageObject","inLanguage":"en-US","@id":"https:\/\/www.esplac.cat\/concurs-per-realitzar-el-documental-del-projecte-historia-dels-esplais\/#primaryimage","url":"https:\/\/www.esplac.cat\/wp-content\/uploads\/2015\/11\/Noti_Web_Valles_AGO.jpg","contentUrl":"https:\/\/www.esplac.cat\/wp-content\/uploads\/2015\/11\/Noti_Web_Valles_AGO.jpg","width":847,"height":350},{"@type":"BreadcrumbList","@id":"https:\/\/www.esplac.cat\/concurs-per-realitzar-el-documental-del-projecte-historia-dels-esplais\/#breadcrumb","itemListElement":[{"@type":"ListItem","position":1,"name":"Inici","item":"https:\/\/www.esplac.cat\/en\/"},{"@type":"ListItem","position":2,"name":"Concurs per realitzar el documental del projecte \u201cHist\u00f2ria dels Esplais\u201d"}]},{"@type":"WebSite","@id":"https:\/\/www.esplac.cat\/#website","url":"https:\/\/www.esplac.cat\/","name":"Esplac","description":"Esplais Catalans","publisher":{"@id":"https:\/\/www.esplac.cat\/#organization"},"potentialAction":[{"@type":"SearchAction","target":{"@type":"EntryPoint","urlTemplate":"https:\/\/www.esplac.cat\/?s={search_term_string}"},"query-input":{"@type":"PropertyValueSpecification","valueRequired":true,"valueName":"search_term_string"}}],"inLanguage":"en-US"},{"@type":"Organization","@id":"https:\/\/www.esplac.cat\/#organization","name":"Esplac","url":"https:\/\/www.esplac.cat\/","logo":{"@type":"ImageObject","inLanguage":"en-US","@id":"https:\/\/www.esplac.cat\/#\/schema\/logo\/image\/","url":"https:\/\/www.esplac.cat\/wp-content\/uploads\/2019\/08\/logox2.png","contentUrl":"https:\/\/www.esplac.cat\/wp-content\/uploads\/2019\/08\/logox2.png","width":600,"height":295,"caption":"Esplac"},"image":{"@id":"https:\/\/www.esplac.cat\/#\/schema\/logo\/image\/"}},{"@type":"Person","@id":"https:\/\/www.esplac.cat\/#\/schema\/person\/908383cf240be18b68f8855d0583faca","name":"Comunicaci\u00f3 Esplac","image":{"@type":"ImageObject","inLanguage":"en-US","@id":"https:\/\/secure.gravatar.com\/avatar\/7a4cf8feb412a76ea4a740ca02d95b06b2907b5a6c648c2dd0a1082a093c3141?s=96&d=mm&r=g","url":"https:\/\/secure.gravatar.com\/avatar\/7a4cf8feb412a76ea4a740ca02d95b06b2907b5a6c648c2dd0a1082a093c3141?s=96&d=mm&r=g","contentUrl":"https:\/\/secure.gravatar.com\/avatar\/7a4cf8feb412a76ea4a740ca02d95b06b2907b5a6c648c2dd0a1082a093c3141?s=96&d=mm&r=g","caption":"Comunicaci\u00f3 Esplac"}}]}},"_links":{"self":[{"href":"https:\/\/www.esplac.cat\/en\/wp-json\/wp\/v2\/posts\/25389","targetHints":{"allow":["GET"]}}],"collection":[{"href":"https:\/\/www.esplac.cat\/en\/wp-json\/wp\/v2\/posts"}],"about":[{"href":"https:\/\/www.esplac.cat\/en\/wp-json\/wp\/v2\/types\/post"}],"author":[{"embeddable":true,"href":"https:\/\/www.esplac.cat\/en\/wp-json\/wp\/v2\/users\/3"}],"replies":[{"embeddable":true,"href":"https:\/\/www.esplac.cat\/en\/wp-json\/wp\/v2\/comments?post=25389"}],"version-history":[{"count":0,"href":"https:\/\/www.esplac.cat\/en\/wp-json\/wp\/v2\/posts\/25389\/revisions"}],"wp:featuredmedia":[{"embeddable":true,"href":"https:\/\/www.esplac.cat\/en\/wp-json\/wp\/v2\/media\/24818"}],"wp:attachment":[{"href":"https:\/\/www.esplac.cat\/en\/wp-json\/wp\/v2\/media?parent=25389"}],"wp:term":[{"taxonomy":"category","embeddable":true,"href":"https:\/\/www.esplac.cat\/en\/wp-json\/wp\/v2\/categories?post=25389"},{"taxonomy":"post_tag","embeddable":true,"href":"https:\/\/www.esplac.cat\/en\/wp-json\/wp\/v2\/tags?post=25389"}],"curies":[{"name":"wp","href":"https:\/\/api.w.org\/{rel}","templated":true}]}}