{"id":25392,"date":"2016-01-28T15:30:56","date_gmt":"2016-01-28T13:30:56","guid":{"rendered":"http:\/\/esplac.cat\/?p=9740"},"modified":"2016-01-28T15:30:56","modified_gmt":"2016-01-28T13:30:56","slug":"5-preguntes-sobre-el-nivell-dacceptacio-de-la-diversitat-a-lesplai","status":"publish","type":"post","link":"https:\/\/www.esplac.cat\/en\/5-preguntes-sobre-el-nivell-dacceptacio-de-la-diversitat-a-lesplai\/","title":{"rendered":"5 preguntes sobre el nivell d&#8217;acceptaci\u00f3 de la diversitat a l&#8217;esplai"},"content":{"rendered":"<h4 class=\"p1\" style=\"text-align: justify;\">Volem con\u00e8ixer la percepci\u00f3 que tenen\u00a0els i les joves (d&#8217;entre 12 i 17 anys) de la toler\u00e0ncia que hi ha als seus esplais mitjan\u00e7ant una breu enquesta<\/h4>\n<p class=\"p1\" style=\"text-align: justify;\">Del 20 de febrer a l\u20191 de mar\u00e7 a Celje (Eslov\u00e8nia) dues monitores d&#8217;Esplac participaran del training <em>Hours of Intercultural Dialogue<\/em>. Aquesta formaci\u00f3 permetr\u00e0 a les participants intercanviar coneixements, m\u00e8todes i reflexions al voltant de la diversitat cultural i la toler\u00e0ncia als esplais.<\/p>\n<p class=\"p2\" style=\"text-align: justify;\">Per a que sigui profit\u00f3s aquest intercanvi, us demanem col\u00b7laboraci\u00f3 i con\u00e8ixer l&#8217;opini\u00f3 dels i les joves dels esplais sobre <b>la Toler\u00e0ncia i el nivell d&#8217;acceptaci\u00f3 de la diversitat<\/b>. Us demanem que feu arribar la <a href=\"https:\/\/docs.google.com\/forms\/d\/1ME_Gv6oWj1Llbhat-5dzpMpJaaUKTTD_DtS1gSa2Vig\/viewform?usp=send_form\" target=\"_blank\" rel=\"noopener noreferrer\"><span class=\"s1\"><b>seg\u00fcent enquesta<\/b><\/span><\/a><span class=\"s1\"> als i les joves de l&#8217;esplai (d&#8217;entre 12 i 17 anys, edats incloses) per si poden dedicar 5 minuts a contestar les 5 preguntes que ens demanen!<\/span><\/p>\n<p class=\"p2\" style=\"text-align: justify;\"><strong>Tenim temps fins al 15 de febrer!<\/strong><\/p>\n","protected":false},"excerpt":{"rendered":"<p>Volem con\u00e8ixer la percepci\u00f3 que tenen\u00a0els i les joves (d&#8217;entre [&hellip;]<\/p>\n","protected":false},"author":3,"featured_media":25393,"comment_status":"closed","ping_status":"open","sticky":false,"template":"","format":"standard","meta":{"om_disable_all_campaigns":false,"_monsterinsights_skip_tracking":false,"_monsterinsights_sitenote_active":false,"_monsterinsights_sitenote_note":"","_monsterinsights_sitenote_category":0,"_uf_show_specific_survey":0,"_uf_disable_surveys":false,"footnotes":""},"categories":[1112,1],"tags":[637,175,583,638,109,444],"class_list":["post-25392","post","type-post","status-publish","format-standard","has-post-thumbnail","hentry","category-esplac-al-mon","category-sense-categoria","tag-enquesta","tag-formacio-internacional","tag-inclusio-i-diversitat","tag-intercultural-dialogue","tag-internacionalisme","tag-training"],"yoast_head":"<!-- This site is optimized with the Yoast SEO plugin v27.5 - https:\/\/yoast.com\/product\/yoast-seo-wordpress\/ -->\n<title>5 preguntes sobre el nivell d&#039;acceptaci\u00f3 de la diversitat a l&#039;esplai - Esplac<\/title>\n<meta name=\"robots\" content=\"index, follow, max-snippet:-1, max-image-preview:large, max-video-preview:-1\" \/>\n<link rel=\"canonical\" href=\"https:\/\/www.esplac.cat\/en\/5-preguntes-sobre-el-nivell-dacceptacio-de-la-diversitat-a-lesplai\/\" \/>\n<meta property=\"og:locale\" content=\"en_US\" \/>\n<meta property=\"og:type\" content=\"article\" \/>\n<meta property=\"og:title\" content=\"5 preguntes sobre el nivell d&#039;acceptaci\u00f3 de la diversitat a l&#039;esplai - Esplac\" \/>\n<meta property=\"og:description\" content=\"Volem con\u00e8ixer la percepci\u00f3 que tenen\u00a0els i les joves (d&#8217;entre [&hellip;]\" \/>\n<meta property=\"og:url\" content=\"https:\/\/www.esplac.cat\/en\/5-preguntes-sobre-el-nivell-dacceptacio-de-la-diversitat-a-lesplai\/\" \/>\n<meta property=\"og:site_name\" content=\"Esplac\" \/>\n<meta property=\"article:published_time\" content=\"2016-01-28T13:30:56+00:00\" \/>\n<meta property=\"og:image\" content=\"https:\/\/www.esplac.cat\/wp-content\/uploads\/2016\/01\/20160111_curs-Eslovenia.jpg\" \/>\n\t<meta property=\"og:image:width\" content=\"847\" \/>\n\t<meta property=\"og:image:height\" content=\"350\" \/>\n\t<meta property=\"og:image:type\" content=\"image\/jpeg\" \/>\n<meta name=\"author\" content=\"Comunicaci\u00f3 Esplac\" \/>\n<meta name=\"twitter:card\" content=\"summary_large_image\" \/>\n<meta name=\"twitter:label1\" content=\"Written by\" \/>\n\t<meta name=\"twitter:data1\" content=\"Comunicaci\u00f3 Esplac\" \/>\n\t<meta name=\"twitter:label2\" content=\"Est. reading time\" \/>\n\t<meta name=\"twitter:data2\" content=\"1 minute\" \/>\n<script type=\"application\/ld+json\" class=\"yoast-schema-graph\">{\"@context\":\"https:\\\/\\\/schema.org\",\"@graph\":[{\"@type\":\"Article\",\"@id\":\"https:\\\/\\\/www.esplac.cat\\\/en\\\/5-preguntes-sobre-el-nivell-dacceptacio-de-la-diversitat-a-lesplai\\\/#article\",\"isPartOf\":{\"@id\":\"https:\\\/\\\/www.esplac.cat\\\/en\\\/5-preguntes-sobre-el-nivell-dacceptacio-de-la-diversitat-a-lesplai\\\/\"},\"author\":{\"name\":\"Comunicaci\u00f3 Esplac\",\"@id\":\"https:\\\/\\\/www.esplac.cat\\\/#\\\/schema\\\/person\\\/908383cf240be18b68f8855d0583faca\"},\"headline\":\"5 preguntes sobre el nivell d&#8217;acceptaci\u00f3 de la diversitat a l&#8217;esplai\",\"datePublished\":\"2016-01-28T13:30:56+00:00\",\"mainEntityOfPage\":{\"@id\":\"https:\\\/\\\/www.esplac.cat\\\/en\\\/5-preguntes-sobre-el-nivell-dacceptacio-de-la-diversitat-a-lesplai\\\/\"},\"wordCount\":163,\"publisher\":{\"@id\":\"https:\\\/\\\/www.esplac.cat\\\/#organization\"},\"image\":{\"@id\":\"https:\\\/\\\/www.esplac.cat\\\/en\\\/5-preguntes-sobre-el-nivell-dacceptacio-de-la-diversitat-a-lesplai\\\/#primaryimage\"},\"thumbnailUrl\":\"https:\\\/\\\/www.esplac.cat\\\/wp-content\\\/uploads\\\/2016\\\/01\\\/20160111_curs-Eslovenia.jpg\",\"keywords\":[\"enquesta\",\"formaci\u00f3 internacional\",\"inclusi\u00f3 i diversitat\",\"Intercultural Dialogue\",\"internacionalisme\",\"training\"],\"articleSection\":[\"Esplac al m\u00f3n\",\"Sense categoria\"],\"inLanguage\":\"en-US\"},{\"@type\":\"WebPage\",\"@id\":\"https:\\\/\\\/www.esplac.cat\\\/en\\\/5-preguntes-sobre-el-nivell-dacceptacio-de-la-diversitat-a-lesplai\\\/\",\"url\":\"https:\\\/\\\/www.esplac.cat\\\/en\\\/5-preguntes-sobre-el-nivell-dacceptacio-de-la-diversitat-a-lesplai\\\/\",\"name\":\"5 preguntes sobre el nivell d'acceptaci\u00f3 de la diversitat a l'esplai - Esplac\",\"isPartOf\":{\"@id\":\"https:\\\/\\\/www.esplac.cat\\\/#website\"},\"primaryImageOfPage\":{\"@id\":\"https:\\\/\\\/www.esplac.cat\\\/en\\\/5-preguntes-sobre-el-nivell-dacceptacio-de-la-diversitat-a-lesplai\\\/#primaryimage\"},\"image\":{\"@id\":\"https:\\\/\\\/www.esplac.cat\\\/en\\\/5-preguntes-sobre-el-nivell-dacceptacio-de-la-diversitat-a-lesplai\\\/#primaryimage\"},\"thumbnailUrl\":\"https:\\\/\\\/www.esplac.cat\\\/wp-content\\\/uploads\\\/2016\\\/01\\\/20160111_curs-Eslovenia.jpg\",\"datePublished\":\"2016-01-28T13:30:56+00:00\",\"breadcrumb\":{\"@id\":\"https:\\\/\\\/www.esplac.cat\\\/en\\\/5-preguntes-sobre-el-nivell-dacceptacio-de-la-diversitat-a-lesplai\\\/#breadcrumb\"},\"inLanguage\":\"en-US\",\"potentialAction\":[{\"@type\":\"ReadAction\",\"target\":[\"https:\\\/\\\/www.esplac.cat\\\/en\\\/5-preguntes-sobre-el-nivell-dacceptacio-de-la-diversitat-a-lesplai\\\/\"]}]},{\"@type\":\"ImageObject\",\"inLanguage\":\"en-US\",\"@id\":\"https:\\\/\\\/www.esplac.cat\\\/en\\\/5-preguntes-sobre-el-nivell-dacceptacio-de-la-diversitat-a-lesplai\\\/#primaryimage\",\"url\":\"https:\\\/\\\/www.esplac.cat\\\/wp-content\\\/uploads\\\/2016\\\/01\\\/20160111_curs-Eslovenia.jpg\",\"contentUrl\":\"https:\\\/\\\/www.esplac.cat\\\/wp-content\\\/uploads\\\/2016\\\/01\\\/20160111_curs-Eslovenia.jpg\",\"width\":847,\"height\":350},{\"@type\":\"BreadcrumbList\",\"@id\":\"https:\\\/\\\/www.esplac.cat\\\/en\\\/5-preguntes-sobre-el-nivell-dacceptacio-de-la-diversitat-a-lesplai\\\/#breadcrumb\",\"itemListElement\":[{\"@type\":\"ListItem\",\"position\":1,\"name\":\"Inici\",\"item\":\"https:\\\/\\\/www.esplac.cat\\\/en\\\/\"},{\"@type\":\"ListItem\",\"position\":2,\"name\":\"5 preguntes sobre el nivell d&#8217;acceptaci\u00f3 de la diversitat a l&#8217;esplai\"}]},{\"@type\":\"WebSite\",\"@id\":\"https:\\\/\\\/www.esplac.cat\\\/#website\",\"url\":\"https:\\\/\\\/www.esplac.cat\\\/\",\"name\":\"Esplac\",\"description\":\"Esplais Catalans\",\"publisher\":{\"@id\":\"https:\\\/\\\/www.esplac.cat\\\/#organization\"},\"potentialAction\":[{\"@type\":\"SearchAction\",\"target\":{\"@type\":\"EntryPoint\",\"urlTemplate\":\"https:\\\/\\\/www.esplac.cat\\\/?s={search_term_string}\"},\"query-input\":{\"@type\":\"PropertyValueSpecification\",\"valueRequired\":true,\"valueName\":\"search_term_string\"}}],\"inLanguage\":\"en-US\"},{\"@type\":\"Organization\",\"@id\":\"https:\\\/\\\/www.esplac.cat\\\/#organization\",\"name\":\"Esplac\",\"url\":\"https:\\\/\\\/www.esplac.cat\\\/\",\"logo\":{\"@type\":\"ImageObject\",\"inLanguage\":\"en-US\",\"@id\":\"https:\\\/\\\/www.esplac.cat\\\/#\\\/schema\\\/logo\\\/image\\\/\",\"url\":\"https:\\\/\\\/www.esplac.cat\\\/wp-content\\\/uploads\\\/2019\\\/08\\\/logox2.png\",\"contentUrl\":\"https:\\\/\\\/www.esplac.cat\\\/wp-content\\\/uploads\\\/2019\\\/08\\\/logox2.png\",\"width\":600,\"height\":295,\"caption\":\"Esplac\"},\"image\":{\"@id\":\"https:\\\/\\\/www.esplac.cat\\\/#\\\/schema\\\/logo\\\/image\\\/\"}},{\"@type\":\"Person\",\"@id\":\"https:\\\/\\\/www.esplac.cat\\\/#\\\/schema\\\/person\\\/908383cf240be18b68f8855d0583faca\",\"name\":\"Comunicaci\u00f3 Esplac\",\"image\":{\"@type\":\"ImageObject\",\"inLanguage\":\"en-US\",\"@id\":\"https:\\\/\\\/secure.gravatar.com\\\/avatar\\\/7a4cf8feb412a76ea4a740ca02d95b06b2907b5a6c648c2dd0a1082a093c3141?s=96&d=mm&r=g\",\"url\":\"https:\\\/\\\/secure.gravatar.com\\\/avatar\\\/7a4cf8feb412a76ea4a740ca02d95b06b2907b5a6c648c2dd0a1082a093c3141?s=96&d=mm&r=g\",\"contentUrl\":\"https:\\\/\\\/secure.gravatar.com\\\/avatar\\\/7a4cf8feb412a76ea4a740ca02d95b06b2907b5a6c648c2dd0a1082a093c3141?s=96&d=mm&r=g\",\"caption\":\"Comunicaci\u00f3 Esplac\"}}]}<\/script>\n<!-- \/ Yoast SEO plugin. -->","yoast_head_json":{"title":"5 preguntes sobre el nivell d'acceptaci\u00f3 de la diversitat a l'esplai - Esplac","robots":{"index":"index","follow":"follow","max-snippet":"max-snippet:-1","max-image-preview":"max-image-preview:large","max-video-preview":"max-video-preview:-1"},"canonical":"https:\/\/www.esplac.cat\/en\/5-preguntes-sobre-el-nivell-dacceptacio-de-la-diversitat-a-lesplai\/","og_locale":"en_US","og_type":"article","og_title":"5 preguntes sobre el nivell d'acceptaci\u00f3 de la diversitat a l'esplai - Esplac","og_description":"Volem con\u00e8ixer la percepci\u00f3 que tenen\u00a0els i les joves (d&#8217;entre [&hellip;]","og_url":"https:\/\/www.esplac.cat\/en\/5-preguntes-sobre-el-nivell-dacceptacio-de-la-diversitat-a-lesplai\/","og_site_name":"Esplac","article_published_time":"2016-01-28T13:30:56+00:00","og_image":[{"width":847,"height":350,"url":"https:\/\/www.esplac.cat\/wp-content\/uploads\/2016\/01\/20160111_curs-Eslovenia.jpg","type":"image\/jpeg"}],"author":"Comunicaci\u00f3 Esplac","twitter_card":"summary_large_image","twitter_misc":{"Written by":"Comunicaci\u00f3 Esplac","Est. reading time":"1 minute"},"schema":{"@context":"https:\/\/schema.org","@graph":[{"@type":"Article","@id":"https:\/\/www.esplac.cat\/en\/5-preguntes-sobre-el-nivell-dacceptacio-de-la-diversitat-a-lesplai\/#article","isPartOf":{"@id":"https:\/\/www.esplac.cat\/en\/5-preguntes-sobre-el-nivell-dacceptacio-de-la-diversitat-a-lesplai\/"},"author":{"name":"Comunicaci\u00f3 Esplac","@id":"https:\/\/www.esplac.cat\/#\/schema\/person\/908383cf240be18b68f8855d0583faca"},"headline":"5 preguntes sobre el nivell d&#8217;acceptaci\u00f3 de la diversitat a l&#8217;esplai","datePublished":"2016-01-28T13:30:56+00:00","mainEntityOfPage":{"@id":"https:\/\/www.esplac.cat\/en\/5-preguntes-sobre-el-nivell-dacceptacio-de-la-diversitat-a-lesplai\/"},"wordCount":163,"publisher":{"@id":"https:\/\/www.esplac.cat\/#organization"},"image":{"@id":"https:\/\/www.esplac.cat\/en\/5-preguntes-sobre-el-nivell-dacceptacio-de-la-diversitat-a-lesplai\/#primaryimage"},"thumbnailUrl":"https:\/\/www.esplac.cat\/wp-content\/uploads\/2016\/01\/20160111_curs-Eslovenia.jpg","keywords":["enquesta","formaci\u00f3 internacional","inclusi\u00f3 i diversitat","Intercultural Dialogue","internacionalisme","training"],"articleSection":["Esplac al m\u00f3n","Sense categoria"],"inLanguage":"en-US"},{"@type":"WebPage","@id":"https:\/\/www.esplac.cat\/en\/5-preguntes-sobre-el-nivell-dacceptacio-de-la-diversitat-a-lesplai\/","url":"https:\/\/www.esplac.cat\/en\/5-preguntes-sobre-el-nivell-dacceptacio-de-la-diversitat-a-lesplai\/","name":"5 preguntes sobre el nivell d'acceptaci\u00f3 de la diversitat a l'esplai - Esplac","isPartOf":{"@id":"https:\/\/www.esplac.cat\/#website"},"primaryImageOfPage":{"@id":"https:\/\/www.esplac.cat\/en\/5-preguntes-sobre-el-nivell-dacceptacio-de-la-diversitat-a-lesplai\/#primaryimage"},"image":{"@id":"https:\/\/www.esplac.cat\/en\/5-preguntes-sobre-el-nivell-dacceptacio-de-la-diversitat-a-lesplai\/#primaryimage"},"thumbnailUrl":"https:\/\/www.esplac.cat\/wp-content\/uploads\/2016\/01\/20160111_curs-Eslovenia.jpg","datePublished":"2016-01-28T13:30:56+00:00","breadcrumb":{"@id":"https:\/\/www.esplac.cat\/en\/5-preguntes-sobre-el-nivell-dacceptacio-de-la-diversitat-a-lesplai\/#breadcrumb"},"inLanguage":"en-US","potentialAction":[{"@type":"ReadAction","target":["https:\/\/www.esplac.cat\/en\/5-preguntes-sobre-el-nivell-dacceptacio-de-la-diversitat-a-lesplai\/"]}]},{"@type":"ImageObject","inLanguage":"en-US","@id":"https:\/\/www.esplac.cat\/en\/5-preguntes-sobre-el-nivell-dacceptacio-de-la-diversitat-a-lesplai\/#primaryimage","url":"https:\/\/www.esplac.cat\/wp-content\/uploads\/2016\/01\/20160111_curs-Eslovenia.jpg","contentUrl":"https:\/\/www.esplac.cat\/wp-content\/uploads\/2016\/01\/20160111_curs-Eslovenia.jpg","width":847,"height":350},{"@type":"BreadcrumbList","@id":"https:\/\/www.esplac.cat\/en\/5-preguntes-sobre-el-nivell-dacceptacio-de-la-diversitat-a-lesplai\/#breadcrumb","itemListElement":[{"@type":"ListItem","position":1,"name":"Inici","item":"https:\/\/www.esplac.cat\/en\/"},{"@type":"ListItem","position":2,"name":"5 preguntes sobre el nivell d&#8217;acceptaci\u00f3 de la diversitat a l&#8217;esplai"}]},{"@type":"WebSite","@id":"https:\/\/www.esplac.cat\/#website","url":"https:\/\/www.esplac.cat\/","name":"Esplac","description":"Esplais Catalans","publisher":{"@id":"https:\/\/www.esplac.cat\/#organization"},"potentialAction":[{"@type":"SearchAction","target":{"@type":"EntryPoint","urlTemplate":"https:\/\/www.esplac.cat\/?s={search_term_string}"},"query-input":{"@type":"PropertyValueSpecification","valueRequired":true,"valueName":"search_term_string"}}],"inLanguage":"en-US"},{"@type":"Organization","@id":"https:\/\/www.esplac.cat\/#organization","name":"Esplac","url":"https:\/\/www.esplac.cat\/","logo":{"@type":"ImageObject","inLanguage":"en-US","@id":"https:\/\/www.esplac.cat\/#\/schema\/logo\/image\/","url":"https:\/\/www.esplac.cat\/wp-content\/uploads\/2019\/08\/logox2.png","contentUrl":"https:\/\/www.esplac.cat\/wp-content\/uploads\/2019\/08\/logox2.png","width":600,"height":295,"caption":"Esplac"},"image":{"@id":"https:\/\/www.esplac.cat\/#\/schema\/logo\/image\/"}},{"@type":"Person","@id":"https:\/\/www.esplac.cat\/#\/schema\/person\/908383cf240be18b68f8855d0583faca","name":"Comunicaci\u00f3 Esplac","image":{"@type":"ImageObject","inLanguage":"en-US","@id":"https:\/\/secure.gravatar.com\/avatar\/7a4cf8feb412a76ea4a740ca02d95b06b2907b5a6c648c2dd0a1082a093c3141?s=96&d=mm&r=g","url":"https:\/\/secure.gravatar.com\/avatar\/7a4cf8feb412a76ea4a740ca02d95b06b2907b5a6c648c2dd0a1082a093c3141?s=96&d=mm&r=g","contentUrl":"https:\/\/secure.gravatar.com\/avatar\/7a4cf8feb412a76ea4a740ca02d95b06b2907b5a6c648c2dd0a1082a093c3141?s=96&d=mm&r=g","caption":"Comunicaci\u00f3 Esplac"}}]}},"_links":{"self":[{"href":"https:\/\/www.esplac.cat\/en\/wp-json\/wp\/v2\/posts\/25392","targetHints":{"allow":["GET"]}}],"collection":[{"href":"https:\/\/www.esplac.cat\/en\/wp-json\/wp\/v2\/posts"}],"about":[{"href":"https:\/\/www.esplac.cat\/en\/wp-json\/wp\/v2\/types\/post"}],"author":[{"embeddable":true,"href":"https:\/\/www.esplac.cat\/en\/wp-json\/wp\/v2\/users\/3"}],"replies":[{"embeddable":true,"href":"https:\/\/www.esplac.cat\/en\/wp-json\/wp\/v2\/comments?post=25392"}],"version-history":[{"count":0,"href":"https:\/\/www.esplac.cat\/en\/wp-json\/wp\/v2\/posts\/25392\/revisions"}],"wp:featuredmedia":[{"embeddable":true,"href":"https:\/\/www.esplac.cat\/en\/wp-json\/wp\/v2\/media\/25393"}],"wp:attachment":[{"href":"https:\/\/www.esplac.cat\/en\/wp-json\/wp\/v2\/media?parent=25392"}],"wp:term":[{"taxonomy":"category","embeddable":true,"href":"https:\/\/www.esplac.cat\/en\/wp-json\/wp\/v2\/categories?post=25392"},{"taxonomy":"post_tag","embeddable":true,"href":"https:\/\/www.esplac.cat\/en\/wp-json\/wp\/v2\/tags?post=25392"}],"curies":[{"name":"wp","href":"https:\/\/api.w.org\/{rel}","templated":true}]}}