{"id":25394,"date":"2016-01-25T16:53:49","date_gmt":"2016-01-25T14:53:49","guid":{"rendered":"http:\/\/esplac.cat\/?p=9702"},"modified":"2016-01-25T16:53:49","modified_gmt":"2016-01-25T14:53:49","slug":"obrim-inscripcions-per-lescola-desplac-2016","status":"publish","type":"post","link":"https:\/\/www.esplac.cat\/en\/obrim-inscripcions-per-lescola-desplac-2016\/","title":{"rendered":"Obrim inscripcions per l&#8217;Escola d&#8217;Esplac 2016!"},"content":{"rendered":"<h4>Des d&#8217;avui\u00a0fins el 14 de febrer ja us podeu inscriure a la quarta edici\u00f3 de l&#8217;escola de formaci\u00f3 d&#8217;Esplais Catalans, que enguany tindr\u00e0 lloc el 20 i 21 de febrer a Sant Salvador de Guardiola.<\/h4>\n<p>Voleu compartir experi\u00e8ncies sobre participaci\u00f3 i debatre sobre les pr\u00e0ctiques participatives de l&#8217;esplai? Us interessaria\u00a0descobrir noves eines i recursos per millorar els processos de participaci\u00f3? Si\u00a0la resposta \u00e9s &#8220;s\u00ed&#8221;, apunteu-vos a l&#8217;Escola d&#8217;Esplac 2016, que porta per lema &#8220;Aprenem participant&#8221;!<\/p>\n<p>Aquesta edici\u00f3,\u00a0el tema escollit per a l&#8217;escola de formaci\u00f3 \u00e9s la participaci\u00f3, entesa en el sentit m\u00e9s ampli de la paraula: parlem de la participaci\u00f3 de totes les persones que formen l&#8217;esplai, incloses les fam\u00edlies, i tamb\u00e9 m\u00e9s enll\u00e0 de l&#8217;esplai. I debatrem sobre\u00a0els processos participatius que afecten la persona a trav\u00e9s de la seva vinculaci\u00f3 a l&#8217;associaci\u00f3.<\/p>\n<p>Com a novetat aquest any, comptarem amb dues pon\u00e8ncies, una d&#8217;obertura i una altra de tancament. La pon\u00e8ncia d&#8217;obertura es titula\u00a0<i>L\u2019educaci\u00f3 de les compet\u00e8ncies per a participar<\/i>,\u00a0a c\u00e0rrec de <strong>Fermin\u00a0Rodriguez,<\/strong>\u00a0doctor en Educaci\u00f3 i Societat per la UB, psicopedagog i formador a l&#8217;Escola Lliure El Sol. La pon\u00e8ncia de tancament la impartir\u00e0 <strong>Gino Ferri<\/strong>, llicenciat en Ci\u00e8ncies de l\u2019Educaci\u00f3 a la Universitat de Modena e Reggio (It\u00e0lia) i formador i assessor educatiu a Catalunya. La tem\u00e0tica ser\u00e0\u00a0<i>L\u2019infant, protagonista dels seus processos d\u2019aprenentatge<\/i>.<\/p>\n<p>Podeu consultar tota la informaci\u00f3 del programa a <a href=\"http:\/\/esplac.cat\/escola-esplac\/\" target=\"_blank\" rel=\"noopener noreferrer\"><strong>la <em>landing page<\/em> de l&#8217;Escola d&#8217;Esplac al web<\/strong><\/a>, que anirem actualitzant conforme tinguem m\u00e9s novetats i s&#8217;apropi la data de la formaci\u00f3. Tamb\u00e9 trobareu les dades m\u00e9s rellevants de\u00a0l&#8217;edici\u00f3 anterior 2015 sobre educaci\u00f3 emocional.<\/p>\n<h4><strong>Dues modalitats d&#8217;inscripci\u00f3<\/strong><\/h4>\n<p>Les inscripcions per a l\u2019Escola d\u2019Esplac 2016 romandran\u00a0obertes<strong>\u00a0del 25 de gener fins el 14 de febrer<\/strong>. Hi ha dues modalitats:<\/p>\n<ol>\n<li>Si ets monitora o monitor d\u2019un esplai d\u2019Esplac, <strong>podr\u00e0s incriure\u2019t <a href=\"http:\/\/esplac.cat\/esplacnet\/login\/index.php\" target=\"_blank\" rel=\"noopener noreferrer\">entrant a l\u2019EsplacNet<\/a><\/strong> amb el teu\u00a0nom d\u2019usuari i contrasenya. Un cop a dins, trobar\u00e0s\u00a0el formulari d\u2019inscripci\u00f3 a la secci\u00f3 <strong>\u201cTrobades\u201d<\/strong>.<\/li>\n<li>Si ets dirigent, soci\/a o una persona externa a l\u2019entitat, <strong><a href=\"https:\/\/docs.google.com\/a\/esplac.cat\/forms\/d\/1cRI_Z1M9zXhtp2fgge6bNojuB1YhJz226pkjqvvlUwU\/viewform\" target=\"_blank\" rel=\"noopener noreferrer\">fes clic aqu\u00ed per accedir al formulari d\u2019inscripci\u00f3<\/a><\/strong> i\u00a0segueix els passos que t\u2019indiquem per formalitzar la inscripci\u00f3.<\/li>\n<\/ol>\n<p><strong>Recordeu que les places s\u00f3n limitades!<\/strong><\/p>\n<p>Si teniu qualsevol dubte o necessiteu m\u00e9s informaci\u00f3, ens podeu escriure a\u00a0<a href=\"mailto:projectes@esplac.cat\">projectes@esplac.cat<\/a>.<\/p>\n","protected":false},"excerpt":{"rendered":"<p>Des d&#8217;avui\u00a0fins el 14 de febrer ja us podeu inscriure [&hellip;]<\/p>\n","protected":false},"author":3,"featured_media":25395,"comment_status":"closed","ping_status":"open","sticky":false,"template":"","format":"standard","meta":{"om_disable_all_campaigns":false,"_monsterinsights_skip_tracking":false,"_monsterinsights_sitenote_active":false,"_monsterinsights_sitenote_note":"","_monsterinsights_sitenote_category":0,"_uf_show_specific_survey":0,"_uf_disable_surveys":false,"footnotes":""},"categories":[1111,1131,1129,1],"tags":[636,184,516,54,40],"class_list":["post-25394","post","type-post","status-publish","format-standard","has-post-thumbnail","hentry","category-activitats-esplac","category-cursos-formacions","category-escola-desplac","category-sense-categoria","tag-ee16","tag-escola-desplac","tag-escola-desplac-16","tag-formacio","tag-participacio"],"yoast_head":"<!-- This site is optimized with the Yoast SEO plugin v27.4 - https:\/\/yoast.com\/product\/yoast-seo-wordpress\/ -->\n<title>Obrim inscripcions per l&#039;Escola d&#039;Esplac 2016! - Esplac<\/title>\n<meta name=\"robots\" content=\"index, follow, max-snippet:-1, max-image-preview:large, max-video-preview:-1\" \/>\n<link rel=\"canonical\" href=\"https:\/\/www.esplac.cat\/obrim-inscripcions-per-lescola-desplac-2016\/\" \/>\n<meta property=\"og:locale\" content=\"en_US\" \/>\n<meta property=\"og:type\" content=\"article\" \/>\n<meta property=\"og:title\" content=\"Obrim inscripcions per l&#039;Escola d&#039;Esplac 2016! - Esplac\" \/>\n<meta property=\"og:description\" content=\"Des d&#8217;avui\u00a0fins el 14 de febrer ja us podeu inscriure [&hellip;]\" \/>\n<meta property=\"og:url\" content=\"https:\/\/www.esplac.cat\/obrim-inscripcions-per-lescola-desplac-2016\/\" \/>\n<meta property=\"og:site_name\" content=\"Esplac\" \/>\n<meta property=\"article:published_time\" content=\"2016-01-25T14:53:49+00:00\" \/>\n<meta property=\"og:image\" content=\"https:\/\/www.esplac.cat\/wp-content\/uploads\/2016\/01\/20160125_Inscripcio_EE16.png\" \/>\n\t<meta property=\"og:image:width\" content=\"847\" \/>\n\t<meta property=\"og:image:height\" content=\"350\" \/>\n\t<meta property=\"og:image:type\" content=\"image\/png\" \/>\n<meta name=\"author\" content=\"Comunicaci\u00f3 Esplac\" \/>\n<meta name=\"twitter:card\" content=\"summary_large_image\" \/>\n<meta name=\"twitter:label1\" content=\"Written by\" \/>\n\t<meta name=\"twitter:data1\" content=\"Comunicaci\u00f3 Esplac\" \/>\n\t<meta name=\"twitter:label2\" content=\"Est. reading time\" \/>\n\t<meta name=\"twitter:data2\" content=\"2 minutes\" \/>\n<script type=\"application\/ld+json\" class=\"yoast-schema-graph\">{\"@context\":\"https:\\\/\\\/schema.org\",\"@graph\":[{\"@type\":\"Article\",\"@id\":\"https:\\\/\\\/www.esplac.cat\\\/obrim-inscripcions-per-lescola-desplac-2016\\\/#article\",\"isPartOf\":{\"@id\":\"https:\\\/\\\/www.esplac.cat\\\/obrim-inscripcions-per-lescola-desplac-2016\\\/\"},\"author\":{\"name\":\"Comunicaci\u00f3 Esplac\",\"@id\":\"https:\\\/\\\/www.esplac.cat\\\/#\\\/schema\\\/person\\\/908383cf240be18b68f8855d0583faca\"},\"headline\":\"Obrim inscripcions per l&#8217;Escola d&#8217;Esplac 2016!\",\"datePublished\":\"2016-01-25T14:53:49+00:00\",\"mainEntityOfPage\":{\"@id\":\"https:\\\/\\\/www.esplac.cat\\\/obrim-inscripcions-per-lescola-desplac-2016\\\/\"},\"wordCount\":426,\"publisher\":{\"@id\":\"https:\\\/\\\/www.esplac.cat\\\/#organization\"},\"image\":{\"@id\":\"https:\\\/\\\/www.esplac.cat\\\/obrim-inscripcions-per-lescola-desplac-2016\\\/#primaryimage\"},\"thumbnailUrl\":\"https:\\\/\\\/www.esplac.cat\\\/wp-content\\\/uploads\\\/2016\\\/01\\\/20160125_Inscripcio_EE16.png\",\"keywords\":[\"EE16\",\"escola d'Esplac\",\"Escola d'Esplac 16\",\"formaci\u00f3\",\"participaci\u00f3\"],\"articleSection\":[\"Activitats esplac\",\"Cursos i formacions\",\"Escola d'Esplac\",\"Sense categoria\"],\"inLanguage\":\"en-US\"},{\"@type\":\"WebPage\",\"@id\":\"https:\\\/\\\/www.esplac.cat\\\/obrim-inscripcions-per-lescola-desplac-2016\\\/\",\"url\":\"https:\\\/\\\/www.esplac.cat\\\/obrim-inscripcions-per-lescola-desplac-2016\\\/\",\"name\":\"Obrim inscripcions per l'Escola d'Esplac 2016! - Esplac\",\"isPartOf\":{\"@id\":\"https:\\\/\\\/www.esplac.cat\\\/#website\"},\"primaryImageOfPage\":{\"@id\":\"https:\\\/\\\/www.esplac.cat\\\/obrim-inscripcions-per-lescola-desplac-2016\\\/#primaryimage\"},\"image\":{\"@id\":\"https:\\\/\\\/www.esplac.cat\\\/obrim-inscripcions-per-lescola-desplac-2016\\\/#primaryimage\"},\"thumbnailUrl\":\"https:\\\/\\\/www.esplac.cat\\\/wp-content\\\/uploads\\\/2016\\\/01\\\/20160125_Inscripcio_EE16.png\",\"datePublished\":\"2016-01-25T14:53:49+00:00\",\"breadcrumb\":{\"@id\":\"https:\\\/\\\/www.esplac.cat\\\/obrim-inscripcions-per-lescola-desplac-2016\\\/#breadcrumb\"},\"inLanguage\":\"en-US\",\"potentialAction\":[{\"@type\":\"ReadAction\",\"target\":[\"https:\\\/\\\/www.esplac.cat\\\/obrim-inscripcions-per-lescola-desplac-2016\\\/\"]}]},{\"@type\":\"ImageObject\",\"inLanguage\":\"en-US\",\"@id\":\"https:\\\/\\\/www.esplac.cat\\\/obrim-inscripcions-per-lescola-desplac-2016\\\/#primaryimage\",\"url\":\"https:\\\/\\\/www.esplac.cat\\\/wp-content\\\/uploads\\\/2016\\\/01\\\/20160125_Inscripcio_EE16.png\",\"contentUrl\":\"https:\\\/\\\/www.esplac.cat\\\/wp-content\\\/uploads\\\/2016\\\/01\\\/20160125_Inscripcio_EE16.png\",\"width\":847,\"height\":350},{\"@type\":\"BreadcrumbList\",\"@id\":\"https:\\\/\\\/www.esplac.cat\\\/obrim-inscripcions-per-lescola-desplac-2016\\\/#breadcrumb\",\"itemListElement\":[{\"@type\":\"ListItem\",\"position\":1,\"name\":\"Inici\",\"item\":\"https:\\\/\\\/www.esplac.cat\\\/en\\\/\"},{\"@type\":\"ListItem\",\"position\":2,\"name\":\"Obrim inscripcions per l&#8217;Escola d&#8217;Esplac 2016!\"}]},{\"@type\":\"WebSite\",\"@id\":\"https:\\\/\\\/www.esplac.cat\\\/#website\",\"url\":\"https:\\\/\\\/www.esplac.cat\\\/\",\"name\":\"Esplac\",\"description\":\"Esplais Catalans\",\"publisher\":{\"@id\":\"https:\\\/\\\/www.esplac.cat\\\/#organization\"},\"potentialAction\":[{\"@type\":\"SearchAction\",\"target\":{\"@type\":\"EntryPoint\",\"urlTemplate\":\"https:\\\/\\\/www.esplac.cat\\\/?s={search_term_string}\"},\"query-input\":{\"@type\":\"PropertyValueSpecification\",\"valueRequired\":true,\"valueName\":\"search_term_string\"}}],\"inLanguage\":\"en-US\"},{\"@type\":\"Organization\",\"@id\":\"https:\\\/\\\/www.esplac.cat\\\/#organization\",\"name\":\"Esplac\",\"url\":\"https:\\\/\\\/www.esplac.cat\\\/\",\"logo\":{\"@type\":\"ImageObject\",\"inLanguage\":\"en-US\",\"@id\":\"https:\\\/\\\/www.esplac.cat\\\/#\\\/schema\\\/logo\\\/image\\\/\",\"url\":\"https:\\\/\\\/www.esplac.cat\\\/wp-content\\\/uploads\\\/2019\\\/08\\\/logox2.png\",\"contentUrl\":\"https:\\\/\\\/www.esplac.cat\\\/wp-content\\\/uploads\\\/2019\\\/08\\\/logox2.png\",\"width\":600,\"height\":295,\"caption\":\"Esplac\"},\"image\":{\"@id\":\"https:\\\/\\\/www.esplac.cat\\\/#\\\/schema\\\/logo\\\/image\\\/\"}},{\"@type\":\"Person\",\"@id\":\"https:\\\/\\\/www.esplac.cat\\\/#\\\/schema\\\/person\\\/908383cf240be18b68f8855d0583faca\",\"name\":\"Comunicaci\u00f3 Esplac\",\"image\":{\"@type\":\"ImageObject\",\"inLanguage\":\"en-US\",\"@id\":\"https:\\\/\\\/secure.gravatar.com\\\/avatar\\\/7a4cf8feb412a76ea4a740ca02d95b06b2907b5a6c648c2dd0a1082a093c3141?s=96&d=mm&r=g\",\"url\":\"https:\\\/\\\/secure.gravatar.com\\\/avatar\\\/7a4cf8feb412a76ea4a740ca02d95b06b2907b5a6c648c2dd0a1082a093c3141?s=96&d=mm&r=g\",\"contentUrl\":\"https:\\\/\\\/secure.gravatar.com\\\/avatar\\\/7a4cf8feb412a76ea4a740ca02d95b06b2907b5a6c648c2dd0a1082a093c3141?s=96&d=mm&r=g\",\"caption\":\"Comunicaci\u00f3 Esplac\"}}]}<\/script>\n<!-- \/ Yoast SEO plugin. -->","yoast_head_json":{"title":"Obrim inscripcions per l'Escola d'Esplac 2016! - Esplac","robots":{"index":"index","follow":"follow","max-snippet":"max-snippet:-1","max-image-preview":"max-image-preview:large","max-video-preview":"max-video-preview:-1"},"canonical":"https:\/\/www.esplac.cat\/obrim-inscripcions-per-lescola-desplac-2016\/","og_locale":"en_US","og_type":"article","og_title":"Obrim inscripcions per l'Escola d'Esplac 2016! - Esplac","og_description":"Des d&#8217;avui\u00a0fins el 14 de febrer ja us podeu inscriure [&hellip;]","og_url":"https:\/\/www.esplac.cat\/obrim-inscripcions-per-lescola-desplac-2016\/","og_site_name":"Esplac","article_published_time":"2016-01-25T14:53:49+00:00","og_image":[{"width":847,"height":350,"url":"https:\/\/www.esplac.cat\/wp-content\/uploads\/2016\/01\/20160125_Inscripcio_EE16.png","type":"image\/png"}],"author":"Comunicaci\u00f3 Esplac","twitter_card":"summary_large_image","twitter_misc":{"Written by":"Comunicaci\u00f3 Esplac","Est. reading time":"2 minutes"},"schema":{"@context":"https:\/\/schema.org","@graph":[{"@type":"Article","@id":"https:\/\/www.esplac.cat\/obrim-inscripcions-per-lescola-desplac-2016\/#article","isPartOf":{"@id":"https:\/\/www.esplac.cat\/obrim-inscripcions-per-lescola-desplac-2016\/"},"author":{"name":"Comunicaci\u00f3 Esplac","@id":"https:\/\/www.esplac.cat\/#\/schema\/person\/908383cf240be18b68f8855d0583faca"},"headline":"Obrim inscripcions per l&#8217;Escola d&#8217;Esplac 2016!","datePublished":"2016-01-25T14:53:49+00:00","mainEntityOfPage":{"@id":"https:\/\/www.esplac.cat\/obrim-inscripcions-per-lescola-desplac-2016\/"},"wordCount":426,"publisher":{"@id":"https:\/\/www.esplac.cat\/#organization"},"image":{"@id":"https:\/\/www.esplac.cat\/obrim-inscripcions-per-lescola-desplac-2016\/#primaryimage"},"thumbnailUrl":"https:\/\/www.esplac.cat\/wp-content\/uploads\/2016\/01\/20160125_Inscripcio_EE16.png","keywords":["EE16","escola d'Esplac","Escola d'Esplac 16","formaci\u00f3","participaci\u00f3"],"articleSection":["Activitats esplac","Cursos i formacions","Escola d'Esplac","Sense categoria"],"inLanguage":"en-US"},{"@type":"WebPage","@id":"https:\/\/www.esplac.cat\/obrim-inscripcions-per-lescola-desplac-2016\/","url":"https:\/\/www.esplac.cat\/obrim-inscripcions-per-lescola-desplac-2016\/","name":"Obrim inscripcions per l'Escola d'Esplac 2016! - Esplac","isPartOf":{"@id":"https:\/\/www.esplac.cat\/#website"},"primaryImageOfPage":{"@id":"https:\/\/www.esplac.cat\/obrim-inscripcions-per-lescola-desplac-2016\/#primaryimage"},"image":{"@id":"https:\/\/www.esplac.cat\/obrim-inscripcions-per-lescola-desplac-2016\/#primaryimage"},"thumbnailUrl":"https:\/\/www.esplac.cat\/wp-content\/uploads\/2016\/01\/20160125_Inscripcio_EE16.png","datePublished":"2016-01-25T14:53:49+00:00","breadcrumb":{"@id":"https:\/\/www.esplac.cat\/obrim-inscripcions-per-lescola-desplac-2016\/#breadcrumb"},"inLanguage":"en-US","potentialAction":[{"@type":"ReadAction","target":["https:\/\/www.esplac.cat\/obrim-inscripcions-per-lescola-desplac-2016\/"]}]},{"@type":"ImageObject","inLanguage":"en-US","@id":"https:\/\/www.esplac.cat\/obrim-inscripcions-per-lescola-desplac-2016\/#primaryimage","url":"https:\/\/www.esplac.cat\/wp-content\/uploads\/2016\/01\/20160125_Inscripcio_EE16.png","contentUrl":"https:\/\/www.esplac.cat\/wp-content\/uploads\/2016\/01\/20160125_Inscripcio_EE16.png","width":847,"height":350},{"@type":"BreadcrumbList","@id":"https:\/\/www.esplac.cat\/obrim-inscripcions-per-lescola-desplac-2016\/#breadcrumb","itemListElement":[{"@type":"ListItem","position":1,"name":"Inici","item":"https:\/\/www.esplac.cat\/en\/"},{"@type":"ListItem","position":2,"name":"Obrim inscripcions per l&#8217;Escola d&#8217;Esplac 2016!"}]},{"@type":"WebSite","@id":"https:\/\/www.esplac.cat\/#website","url":"https:\/\/www.esplac.cat\/","name":"Esplac","description":"Esplais Catalans","publisher":{"@id":"https:\/\/www.esplac.cat\/#organization"},"potentialAction":[{"@type":"SearchAction","target":{"@type":"EntryPoint","urlTemplate":"https:\/\/www.esplac.cat\/?s={search_term_string}"},"query-input":{"@type":"PropertyValueSpecification","valueRequired":true,"valueName":"search_term_string"}}],"inLanguage":"en-US"},{"@type":"Organization","@id":"https:\/\/www.esplac.cat\/#organization","name":"Esplac","url":"https:\/\/www.esplac.cat\/","logo":{"@type":"ImageObject","inLanguage":"en-US","@id":"https:\/\/www.esplac.cat\/#\/schema\/logo\/image\/","url":"https:\/\/www.esplac.cat\/wp-content\/uploads\/2019\/08\/logox2.png","contentUrl":"https:\/\/www.esplac.cat\/wp-content\/uploads\/2019\/08\/logox2.png","width":600,"height":295,"caption":"Esplac"},"image":{"@id":"https:\/\/www.esplac.cat\/#\/schema\/logo\/image\/"}},{"@type":"Person","@id":"https:\/\/www.esplac.cat\/#\/schema\/person\/908383cf240be18b68f8855d0583faca","name":"Comunicaci\u00f3 Esplac","image":{"@type":"ImageObject","inLanguage":"en-US","@id":"https:\/\/secure.gravatar.com\/avatar\/7a4cf8feb412a76ea4a740ca02d95b06b2907b5a6c648c2dd0a1082a093c3141?s=96&d=mm&r=g","url":"https:\/\/secure.gravatar.com\/avatar\/7a4cf8feb412a76ea4a740ca02d95b06b2907b5a6c648c2dd0a1082a093c3141?s=96&d=mm&r=g","contentUrl":"https:\/\/secure.gravatar.com\/avatar\/7a4cf8feb412a76ea4a740ca02d95b06b2907b5a6c648c2dd0a1082a093c3141?s=96&d=mm&r=g","caption":"Comunicaci\u00f3 Esplac"}}]}},"_links":{"self":[{"href":"https:\/\/www.esplac.cat\/en\/wp-json\/wp\/v2\/posts\/25394","targetHints":{"allow":["GET"]}}],"collection":[{"href":"https:\/\/www.esplac.cat\/en\/wp-json\/wp\/v2\/posts"}],"about":[{"href":"https:\/\/www.esplac.cat\/en\/wp-json\/wp\/v2\/types\/post"}],"author":[{"embeddable":true,"href":"https:\/\/www.esplac.cat\/en\/wp-json\/wp\/v2\/users\/3"}],"replies":[{"embeddable":true,"href":"https:\/\/www.esplac.cat\/en\/wp-json\/wp\/v2\/comments?post=25394"}],"version-history":[{"count":0,"href":"https:\/\/www.esplac.cat\/en\/wp-json\/wp\/v2\/posts\/25394\/revisions"}],"wp:featuredmedia":[{"embeddable":true,"href":"https:\/\/www.esplac.cat\/en\/wp-json\/wp\/v2\/media\/25395"}],"wp:attachment":[{"href":"https:\/\/www.esplac.cat\/en\/wp-json\/wp\/v2\/media?parent=25394"}],"wp:term":[{"taxonomy":"category","embeddable":true,"href":"https:\/\/www.esplac.cat\/en\/wp-json\/wp\/v2\/categories?post=25394"},{"taxonomy":"post_tag","embeddable":true,"href":"https:\/\/www.esplac.cat\/en\/wp-json\/wp\/v2\/tags?post=25394"}],"curies":[{"name":"wp","href":"https:\/\/api.w.org\/{rel}","templated":true}]}}