{"id":25396,"date":"2016-01-22T12:30:28","date_gmt":"2016-01-22T10:30:28","guid":{"rendered":"http:\/\/esplac.cat\/?p=9696"},"modified":"2019-11-14T13:31:50","modified_gmt":"2019-11-14T11:31:50","slug":"comunicat-desplais-catalans-sobre-el-certificat-dantecedents-penals","status":"publish","type":"post","link":"https:\/\/www.esplac.cat\/en\/comunicat-desplais-catalans-sobre-el-certificat-dantecedents-penals\/","title":{"rendered":"Comunicat d\u2019Esplais Catalans sobre el certificat d&#8217;antecedents penals"},"content":{"rendered":"<h4 class=\"p1\" style=\"text-align: justify;\">L\u2019expedici\u00f3 d\u2019un certificat de tots els antecedents penals, a falta d\u2019un certificat espec\u00edfic sobre abusos i viol\u00e8ncia sexual, la qual seria una mesura m\u00e9s coherent, vulnera la llibertat individual i el dret a la intimitat de les persones<\/h4>\n<p class=\"p1\" style=\"text-align: justify;\">A Catalunya, una de cada 4 nenes i un de cada 5 nens han estat v\u00edctimes d\u2019abusos sexuals, segons la Fundaci\u00f3 Vicki Bernadet. Des d\u2019Esplais Catalans, condemnem qualsevol acte d\u2019ab\u00fas sexual i\/o delictiu que atempti contra la llibertat personal i individual dels menors i les persones. A la vegada, defensem i exigim que es prenguin mesures adequades i coherents per fer front a aquest tipus d\u2019actes delictius o menyspreu cap a les v\u00edctimes.<\/p>\n<p class=\"p3\" style=\"text-align: justify;\"><span class=\"s1\">Per provar de preveure abusos d\u2019aquest tipus, el passat mes de juliol es va aprovar la reforma de la llei de menors per part del Ministeri, que exigia a tots\/es els educadors\/es que treballen amb infants, voluntaris inclosos, presentar un certificat que corrobori no <\/span>haver estat condemnat per sent\u00e8ncia ferma per algun delicte contra la llibertat o indemnitat sexual. \u00c9s necessari, doncs, l\u2019obtenci\u00f3 d\u2019un certificat que acrediti que s&#8217;est\u00e0 exempt d\u2019antecedents relacionats amb viol\u00e8ncia o abusos sexuals. Com que el Registre Central de Delinq\u00fcents Sexuals encara no est\u00e0 posat en marxa, no es demana un sol certificat sobre abusos o viol\u00e8ncia sexual, sin\u00f3 un certificat d\u2019antecedents penals general, que inclou altres tipus de delictes.<\/p>\n<p class=\"p3\" style=\"text-align: justify;\">A tot aix\u00f2, cal afegir que el procediment d\u2019obtenci\u00f3 del certificat \u00e9s complex, poc entenedor i altament burocr\u00e0tic, cosa que est\u00e0 provocant molt desconcert, cues llargues i indignaci\u00f3 per part dels educadors\/es.<\/p>\n<p class=\"p3\" style=\"text-align: justify;\">Davant d\u2019aix\u00f2, des d\u2019<strong>Esplais Catalans ens posicionem en contra de la mesura<\/strong> i entenem:<\/p>\n<ul class=\"ul1\" style=\"text-align: justify;\">\n<li class=\"li4\"><span class=\"s2\">Que l\u2019expedici\u00f3 d\u2019un certificat de tots els antecedents penals, a falta d\u2019un certificat espec\u00edfic sobre abusos i viol\u00e8ncia sexual, la qual seria una mesura m\u00e9s coherent, vulnera la llibertat individual i el dret a la intimitat de les persones. <\/span>Defensem que es prenguin mesures per evitar possibles danys als menors, per\u00f2 aquestes han de ser raonades, concretes, coherents i efectives. Cal avaluar les mesures que es prenen, analitzar-ne el resultats i tenir en compte tamb\u00e9 els costos que generen.<\/li>\n<\/ul>\n<ul class=\"ul1\" style=\"text-align: justify;\">\n<li class=\"li3\">Que cal establir un m\u00e8tode efica\u00e7, pr\u00e0ctic i senzill a l\u2019hora de presentar tal requisit, facilitant la burocratitzaci\u00f3 del proc\u00e9s i dotant l\u2019administraci\u00f3 dels recursos necessaris per dur-l\u2019ho a terme.<\/li>\n<\/ul>\n<ul class=\"ul1\" style=\"text-align: justify;\">\n<li class=\"li3\">Cal que les pol\u00edtiques de protecci\u00f3 dels menors els protegeixin millor, ja que en molts casos v\u00e9nen d\u2019entorns com la fam\u00edlia i no nom\u00e9s de la resta d\u2019espais educatius on tenen contacte amb adults.<\/li>\n<\/ul>\n<ul class=\"ul1\">\n<li class=\"li3\" style=\"text-align: justify;\">Que, en qualsevol cas, s\u2019ha de facilitar la feina dels i les joves associades que, compaginant la feina i els estudis, destinen el seu temps lliure a l\u2019educaci\u00f3 volunt\u00e0ria dels nostres infants i joves.<\/li>\n<\/ul>\n","protected":false},"excerpt":{"rendered":"<p>L\u2019expedici\u00f3 d\u2019un certificat de tots els antecedents penals, a falta [&hellip;]<\/p>\n","protected":false},"author":3,"featured_media":25397,"comment_status":"closed","ping_status":"open","sticky":false,"template":"","format":"standard","meta":{"om_disable_all_campaigns":false,"_monsterinsights_skip_tracking":false,"_monsterinsights_sitenote_active":false,"_monsterinsights_sitenote_note":"","_monsterinsights_sitenote_category":0,"_uf_show_specific_survey":0,"_uf_disable_surveys":false,"footnotes":""},"categories":[1127,1163,1],"tags":[635,534],"class_list":["post-25396","post","type-post","status-publish","format-standard","has-post-thumbnail","hentry","category-comunicats-posicionaments","category-protocol","category-sense-categoria","tag-certificat-dantecedents-penals","tag-posicionaments"],"yoast_head":"<!-- This site is optimized with the Yoast SEO plugin v27.4 - https:\/\/yoast.com\/product\/yoast-seo-wordpress\/ -->\n<title>Comunicat d\u2019Esplais Catalans sobre el certificat d&#039;antecedents penals - Esplac<\/title>\n<meta name=\"robots\" content=\"index, follow, max-snippet:-1, max-image-preview:large, max-video-preview:-1\" \/>\n<link rel=\"canonical\" href=\"https:\/\/www.esplac.cat\/comunicat-desplais-catalans-sobre-el-certificat-dantecedents-penals\/\" \/>\n<meta property=\"og:locale\" content=\"en_US\" \/>\n<meta property=\"og:type\" content=\"article\" \/>\n<meta property=\"og:title\" content=\"Comunicat d\u2019Esplais Catalans sobre el certificat d&#039;antecedents penals - Esplac\" \/>\n<meta property=\"og:description\" content=\"L\u2019expedici\u00f3 d\u2019un certificat de tots els antecedents penals, a falta [&hellip;]\" \/>\n<meta property=\"og:url\" content=\"https:\/\/www.esplac.cat\/comunicat-desplais-catalans-sobre-el-certificat-dantecedents-penals\/\" \/>\n<meta property=\"og:site_name\" content=\"Esplac\" \/>\n<meta property=\"article:published_time\" content=\"2016-01-22T10:30:28+00:00\" \/>\n<meta property=\"article:modified_time\" content=\"2019-11-14T11:31:50+00:00\" \/>\n<meta property=\"og:image\" content=\"https:\/\/www.esplac.cat\/wp-content\/uploads\/2016\/01\/20160122_Pos_antecedents.png\" \/>\n\t<meta property=\"og:image:width\" content=\"847\" \/>\n\t<meta property=\"og:image:height\" content=\"350\" \/>\n\t<meta property=\"og:image:type\" content=\"image\/png\" \/>\n<meta name=\"author\" content=\"Comunicaci\u00f3 Esplac\" \/>\n<meta name=\"twitter:card\" content=\"summary_large_image\" \/>\n<meta name=\"twitter:label1\" content=\"Written by\" \/>\n\t<meta name=\"twitter:data1\" content=\"Comunicaci\u00f3 Esplac\" \/>\n\t<meta name=\"twitter:label2\" content=\"Est. reading time\" \/>\n\t<meta name=\"twitter:data2\" content=\"2 minutes\" \/>\n<script type=\"application\/ld+json\" class=\"yoast-schema-graph\">{\"@context\":\"https:\\\/\\\/schema.org\",\"@graph\":[{\"@type\":\"Article\",\"@id\":\"https:\\\/\\\/www.esplac.cat\\\/comunicat-desplais-catalans-sobre-el-certificat-dantecedents-penals\\\/#article\",\"isPartOf\":{\"@id\":\"https:\\\/\\\/www.esplac.cat\\\/comunicat-desplais-catalans-sobre-el-certificat-dantecedents-penals\\\/\"},\"author\":{\"name\":\"Comunicaci\u00f3 Esplac\",\"@id\":\"https:\\\/\\\/www.esplac.cat\\\/#\\\/schema\\\/person\\\/908383cf240be18b68f8855d0583faca\"},\"headline\":\"Comunicat d\u2019Esplais Catalans sobre el certificat d&#8217;antecedents penals\",\"datePublished\":\"2016-01-22T10:30:28+00:00\",\"dateModified\":\"2019-11-14T11:31:50+00:00\",\"mainEntityOfPage\":{\"@id\":\"https:\\\/\\\/www.esplac.cat\\\/comunicat-desplais-catalans-sobre-el-certificat-dantecedents-penals\\\/\"},\"wordCount\":508,\"publisher\":{\"@id\":\"https:\\\/\\\/www.esplac.cat\\\/#organization\"},\"image\":{\"@id\":\"https:\\\/\\\/www.esplac.cat\\\/comunicat-desplais-catalans-sobre-el-certificat-dantecedents-penals\\\/#primaryimage\"},\"thumbnailUrl\":\"https:\\\/\\\/www.esplac.cat\\\/wp-content\\\/uploads\\\/2016\\\/01\\\/20160122_Pos_antecedents.png\",\"keywords\":[\"certificat d'antecedents penals\",\"posicionaments\"],\"articleSection\":[\"Comunicats i posicionaments\",\"Protocol\",\"Sense categoria\"],\"inLanguage\":\"en-US\"},{\"@type\":\"WebPage\",\"@id\":\"https:\\\/\\\/www.esplac.cat\\\/comunicat-desplais-catalans-sobre-el-certificat-dantecedents-penals\\\/\",\"url\":\"https:\\\/\\\/www.esplac.cat\\\/comunicat-desplais-catalans-sobre-el-certificat-dantecedents-penals\\\/\",\"name\":\"Comunicat d\u2019Esplais Catalans sobre el certificat d'antecedents penals - Esplac\",\"isPartOf\":{\"@id\":\"https:\\\/\\\/www.esplac.cat\\\/#website\"},\"primaryImageOfPage\":{\"@id\":\"https:\\\/\\\/www.esplac.cat\\\/comunicat-desplais-catalans-sobre-el-certificat-dantecedents-penals\\\/#primaryimage\"},\"image\":{\"@id\":\"https:\\\/\\\/www.esplac.cat\\\/comunicat-desplais-catalans-sobre-el-certificat-dantecedents-penals\\\/#primaryimage\"},\"thumbnailUrl\":\"https:\\\/\\\/www.esplac.cat\\\/wp-content\\\/uploads\\\/2016\\\/01\\\/20160122_Pos_antecedents.png\",\"datePublished\":\"2016-01-22T10:30:28+00:00\",\"dateModified\":\"2019-11-14T11:31:50+00:00\",\"breadcrumb\":{\"@id\":\"https:\\\/\\\/www.esplac.cat\\\/comunicat-desplais-catalans-sobre-el-certificat-dantecedents-penals\\\/#breadcrumb\"},\"inLanguage\":\"en-US\",\"potentialAction\":[{\"@type\":\"ReadAction\",\"target\":[\"https:\\\/\\\/www.esplac.cat\\\/comunicat-desplais-catalans-sobre-el-certificat-dantecedents-penals\\\/\"]}]},{\"@type\":\"ImageObject\",\"inLanguage\":\"en-US\",\"@id\":\"https:\\\/\\\/www.esplac.cat\\\/comunicat-desplais-catalans-sobre-el-certificat-dantecedents-penals\\\/#primaryimage\",\"url\":\"https:\\\/\\\/www.esplac.cat\\\/wp-content\\\/uploads\\\/2016\\\/01\\\/20160122_Pos_antecedents.png\",\"contentUrl\":\"https:\\\/\\\/www.esplac.cat\\\/wp-content\\\/uploads\\\/2016\\\/01\\\/20160122_Pos_antecedents.png\",\"width\":847,\"height\":350},{\"@type\":\"BreadcrumbList\",\"@id\":\"https:\\\/\\\/www.esplac.cat\\\/comunicat-desplais-catalans-sobre-el-certificat-dantecedents-penals\\\/#breadcrumb\",\"itemListElement\":[{\"@type\":\"ListItem\",\"position\":1,\"name\":\"Inici\",\"item\":\"https:\\\/\\\/www.esplac.cat\\\/en\\\/\"},{\"@type\":\"ListItem\",\"position\":2,\"name\":\"Comunicat d\u2019Esplais Catalans sobre el certificat d&#8217;antecedents penals\"}]},{\"@type\":\"WebSite\",\"@id\":\"https:\\\/\\\/www.esplac.cat\\\/#website\",\"url\":\"https:\\\/\\\/www.esplac.cat\\\/\",\"name\":\"Esplac\",\"description\":\"Esplais Catalans\",\"publisher\":{\"@id\":\"https:\\\/\\\/www.esplac.cat\\\/#organization\"},\"potentialAction\":[{\"@type\":\"SearchAction\",\"target\":{\"@type\":\"EntryPoint\",\"urlTemplate\":\"https:\\\/\\\/www.esplac.cat\\\/?s={search_term_string}\"},\"query-input\":{\"@type\":\"PropertyValueSpecification\",\"valueRequired\":true,\"valueName\":\"search_term_string\"}}],\"inLanguage\":\"en-US\"},{\"@type\":\"Organization\",\"@id\":\"https:\\\/\\\/www.esplac.cat\\\/#organization\",\"name\":\"Esplac\",\"url\":\"https:\\\/\\\/www.esplac.cat\\\/\",\"logo\":{\"@type\":\"ImageObject\",\"inLanguage\":\"en-US\",\"@id\":\"https:\\\/\\\/www.esplac.cat\\\/#\\\/schema\\\/logo\\\/image\\\/\",\"url\":\"https:\\\/\\\/www.esplac.cat\\\/wp-content\\\/uploads\\\/2019\\\/08\\\/logox2.png\",\"contentUrl\":\"https:\\\/\\\/www.esplac.cat\\\/wp-content\\\/uploads\\\/2019\\\/08\\\/logox2.png\",\"width\":600,\"height\":295,\"caption\":\"Esplac\"},\"image\":{\"@id\":\"https:\\\/\\\/www.esplac.cat\\\/#\\\/schema\\\/logo\\\/image\\\/\"}},{\"@type\":\"Person\",\"@id\":\"https:\\\/\\\/www.esplac.cat\\\/#\\\/schema\\\/person\\\/908383cf240be18b68f8855d0583faca\",\"name\":\"Comunicaci\u00f3 Esplac\",\"image\":{\"@type\":\"ImageObject\",\"inLanguage\":\"en-US\",\"@id\":\"https:\\\/\\\/secure.gravatar.com\\\/avatar\\\/7a4cf8feb412a76ea4a740ca02d95b06b2907b5a6c648c2dd0a1082a093c3141?s=96&d=mm&r=g\",\"url\":\"https:\\\/\\\/secure.gravatar.com\\\/avatar\\\/7a4cf8feb412a76ea4a740ca02d95b06b2907b5a6c648c2dd0a1082a093c3141?s=96&d=mm&r=g\",\"contentUrl\":\"https:\\\/\\\/secure.gravatar.com\\\/avatar\\\/7a4cf8feb412a76ea4a740ca02d95b06b2907b5a6c648c2dd0a1082a093c3141?s=96&d=mm&r=g\",\"caption\":\"Comunicaci\u00f3 Esplac\"}}]}<\/script>\n<!-- \/ Yoast SEO plugin. -->","yoast_head_json":{"title":"Comunicat d\u2019Esplais Catalans sobre el certificat d'antecedents penals - Esplac","robots":{"index":"index","follow":"follow","max-snippet":"max-snippet:-1","max-image-preview":"max-image-preview:large","max-video-preview":"max-video-preview:-1"},"canonical":"https:\/\/www.esplac.cat\/comunicat-desplais-catalans-sobre-el-certificat-dantecedents-penals\/","og_locale":"en_US","og_type":"article","og_title":"Comunicat d\u2019Esplais Catalans sobre el certificat d'antecedents penals - Esplac","og_description":"L\u2019expedici\u00f3 d\u2019un certificat de tots els antecedents penals, a falta [&hellip;]","og_url":"https:\/\/www.esplac.cat\/comunicat-desplais-catalans-sobre-el-certificat-dantecedents-penals\/","og_site_name":"Esplac","article_published_time":"2016-01-22T10:30:28+00:00","article_modified_time":"2019-11-14T11:31:50+00:00","og_image":[{"width":847,"height":350,"url":"https:\/\/www.esplac.cat\/wp-content\/uploads\/2016\/01\/20160122_Pos_antecedents.png","type":"image\/png"}],"author":"Comunicaci\u00f3 Esplac","twitter_card":"summary_large_image","twitter_misc":{"Written by":"Comunicaci\u00f3 Esplac","Est. reading time":"2 minutes"},"schema":{"@context":"https:\/\/schema.org","@graph":[{"@type":"Article","@id":"https:\/\/www.esplac.cat\/comunicat-desplais-catalans-sobre-el-certificat-dantecedents-penals\/#article","isPartOf":{"@id":"https:\/\/www.esplac.cat\/comunicat-desplais-catalans-sobre-el-certificat-dantecedents-penals\/"},"author":{"name":"Comunicaci\u00f3 Esplac","@id":"https:\/\/www.esplac.cat\/#\/schema\/person\/908383cf240be18b68f8855d0583faca"},"headline":"Comunicat d\u2019Esplais Catalans sobre el certificat d&#8217;antecedents penals","datePublished":"2016-01-22T10:30:28+00:00","dateModified":"2019-11-14T11:31:50+00:00","mainEntityOfPage":{"@id":"https:\/\/www.esplac.cat\/comunicat-desplais-catalans-sobre-el-certificat-dantecedents-penals\/"},"wordCount":508,"publisher":{"@id":"https:\/\/www.esplac.cat\/#organization"},"image":{"@id":"https:\/\/www.esplac.cat\/comunicat-desplais-catalans-sobre-el-certificat-dantecedents-penals\/#primaryimage"},"thumbnailUrl":"https:\/\/www.esplac.cat\/wp-content\/uploads\/2016\/01\/20160122_Pos_antecedents.png","keywords":["certificat d'antecedents penals","posicionaments"],"articleSection":["Comunicats i posicionaments","Protocol","Sense categoria"],"inLanguage":"en-US"},{"@type":"WebPage","@id":"https:\/\/www.esplac.cat\/comunicat-desplais-catalans-sobre-el-certificat-dantecedents-penals\/","url":"https:\/\/www.esplac.cat\/comunicat-desplais-catalans-sobre-el-certificat-dantecedents-penals\/","name":"Comunicat d\u2019Esplais Catalans sobre el certificat d'antecedents penals - Esplac","isPartOf":{"@id":"https:\/\/www.esplac.cat\/#website"},"primaryImageOfPage":{"@id":"https:\/\/www.esplac.cat\/comunicat-desplais-catalans-sobre-el-certificat-dantecedents-penals\/#primaryimage"},"image":{"@id":"https:\/\/www.esplac.cat\/comunicat-desplais-catalans-sobre-el-certificat-dantecedents-penals\/#primaryimage"},"thumbnailUrl":"https:\/\/www.esplac.cat\/wp-content\/uploads\/2016\/01\/20160122_Pos_antecedents.png","datePublished":"2016-01-22T10:30:28+00:00","dateModified":"2019-11-14T11:31:50+00:00","breadcrumb":{"@id":"https:\/\/www.esplac.cat\/comunicat-desplais-catalans-sobre-el-certificat-dantecedents-penals\/#breadcrumb"},"inLanguage":"en-US","potentialAction":[{"@type":"ReadAction","target":["https:\/\/www.esplac.cat\/comunicat-desplais-catalans-sobre-el-certificat-dantecedents-penals\/"]}]},{"@type":"ImageObject","inLanguage":"en-US","@id":"https:\/\/www.esplac.cat\/comunicat-desplais-catalans-sobre-el-certificat-dantecedents-penals\/#primaryimage","url":"https:\/\/www.esplac.cat\/wp-content\/uploads\/2016\/01\/20160122_Pos_antecedents.png","contentUrl":"https:\/\/www.esplac.cat\/wp-content\/uploads\/2016\/01\/20160122_Pos_antecedents.png","width":847,"height":350},{"@type":"BreadcrumbList","@id":"https:\/\/www.esplac.cat\/comunicat-desplais-catalans-sobre-el-certificat-dantecedents-penals\/#breadcrumb","itemListElement":[{"@type":"ListItem","position":1,"name":"Inici","item":"https:\/\/www.esplac.cat\/en\/"},{"@type":"ListItem","position":2,"name":"Comunicat d\u2019Esplais Catalans sobre el certificat d&#8217;antecedents penals"}]},{"@type":"WebSite","@id":"https:\/\/www.esplac.cat\/#website","url":"https:\/\/www.esplac.cat\/","name":"Esplac","description":"Esplais Catalans","publisher":{"@id":"https:\/\/www.esplac.cat\/#organization"},"potentialAction":[{"@type":"SearchAction","target":{"@type":"EntryPoint","urlTemplate":"https:\/\/www.esplac.cat\/?s={search_term_string}"},"query-input":{"@type":"PropertyValueSpecification","valueRequired":true,"valueName":"search_term_string"}}],"inLanguage":"en-US"},{"@type":"Organization","@id":"https:\/\/www.esplac.cat\/#organization","name":"Esplac","url":"https:\/\/www.esplac.cat\/","logo":{"@type":"ImageObject","inLanguage":"en-US","@id":"https:\/\/www.esplac.cat\/#\/schema\/logo\/image\/","url":"https:\/\/www.esplac.cat\/wp-content\/uploads\/2019\/08\/logox2.png","contentUrl":"https:\/\/www.esplac.cat\/wp-content\/uploads\/2019\/08\/logox2.png","width":600,"height":295,"caption":"Esplac"},"image":{"@id":"https:\/\/www.esplac.cat\/#\/schema\/logo\/image\/"}},{"@type":"Person","@id":"https:\/\/www.esplac.cat\/#\/schema\/person\/908383cf240be18b68f8855d0583faca","name":"Comunicaci\u00f3 Esplac","image":{"@type":"ImageObject","inLanguage":"en-US","@id":"https:\/\/secure.gravatar.com\/avatar\/7a4cf8feb412a76ea4a740ca02d95b06b2907b5a6c648c2dd0a1082a093c3141?s=96&d=mm&r=g","url":"https:\/\/secure.gravatar.com\/avatar\/7a4cf8feb412a76ea4a740ca02d95b06b2907b5a6c648c2dd0a1082a093c3141?s=96&d=mm&r=g","contentUrl":"https:\/\/secure.gravatar.com\/avatar\/7a4cf8feb412a76ea4a740ca02d95b06b2907b5a6c648c2dd0a1082a093c3141?s=96&d=mm&r=g","caption":"Comunicaci\u00f3 Esplac"}}]}},"_links":{"self":[{"href":"https:\/\/www.esplac.cat\/en\/wp-json\/wp\/v2\/posts\/25396","targetHints":{"allow":["GET"]}}],"collection":[{"href":"https:\/\/www.esplac.cat\/en\/wp-json\/wp\/v2\/posts"}],"about":[{"href":"https:\/\/www.esplac.cat\/en\/wp-json\/wp\/v2\/types\/post"}],"author":[{"embeddable":true,"href":"https:\/\/www.esplac.cat\/en\/wp-json\/wp\/v2\/users\/3"}],"replies":[{"embeddable":true,"href":"https:\/\/www.esplac.cat\/en\/wp-json\/wp\/v2\/comments?post=25396"}],"version-history":[{"count":0,"href":"https:\/\/www.esplac.cat\/en\/wp-json\/wp\/v2\/posts\/25396\/revisions"}],"wp:featuredmedia":[{"embeddable":true,"href":"https:\/\/www.esplac.cat\/en\/wp-json\/wp\/v2\/media\/25397"}],"wp:attachment":[{"href":"https:\/\/www.esplac.cat\/en\/wp-json\/wp\/v2\/media?parent=25396"}],"wp:term":[{"taxonomy":"category","embeddable":true,"href":"https:\/\/www.esplac.cat\/en\/wp-json\/wp\/v2\/categories?post=25396"},{"taxonomy":"post_tag","embeddable":true,"href":"https:\/\/www.esplac.cat\/en\/wp-json\/wp\/v2\/tags?post=25396"}],"curies":[{"name":"wp","href":"https:\/\/api.w.org\/{rel}","templated":true}]}}