{"id":25400,"date":"2016-01-18T10:04:31","date_gmt":"2016-01-18T08:04:31","guid":{"rendered":"http:\/\/esplac.cat\/?p=9679"},"modified":"2016-01-18T10:04:31","modified_gmt":"2016-01-18T08:04:31","slug":"locals-i-espai-public-es-posa-en-marxa","status":"publish","type":"post","link":"https:\/\/www.esplac.cat\/en\/locals-i-espai-public-es-posa-en-marxa\/","title":{"rendered":"El Grup de treball de Locals i Espai P\u00fablic es posa en marxa!"},"content":{"rendered":"<h4 style=\"text-align: justify;\">El passat dimarts, el Grup de Treball de Locals i Espai P\u00fablic va engegar motors per planificar els objectius i accions al llarg d\u2019aquest curs.<\/h4>\n<p>El projecte en q\u00fcesti\u00f3 t\u00e9 la finalitat de <strong>vetllar i donar resposta a les problem\u00e0tiques existents referent als locals dels esplais<\/strong> (des de la manca d\u2019espais f\u00edsics, fins a dificultats de conveni\u00e8ncia, estat deficient de les instal\u00b7lacions, manca d\u2019espai , poca autonomia pedag\u00f2gica o restriccions en la personalitzaci\u00f3 de l\u2019espai, entre d\u2019altres).<\/p>\n<p>A la vegada, <strong>vol generar recursos i esdevenir un altaveu en favor de l\u2019\u00fas de l\u2019espai p\u00fablic<\/strong>, el qual sovint queda restringit per les Ordenances Municipals, fet que afecta directament a una necessitat tan b\u00e0sica com el joc, la conviv\u00e8ncia i \/o la vida al carrer.<\/p>\n<p>Aquesta primera reuni\u00f3, a m\u00e9s de ser un primer contacte, va servir per tra\u00e7ar els objectius i accions que es volen dur a terme, i que queden resumides de la seg\u00fcent manera:<\/p>\n<ul>\n<li style=\"text-align: justify;\">Difondre els recursos generats el curs passat i el discurs pol\u00edtic d\u2019Esplac en el tema locals i \u00fas de l\u2019espai p\u00fablic.<\/li>\n<li style=\"text-align: justify;\">Enfortir i millorar l\u2019atenci\u00f3 personalitzada als esplais sobre la situaci\u00f3 dels seus locals, i aix\u00ed, buscar respostes i actuar per la millora de la gran diversitat de casos.<\/li>\n<li style=\"text-align: justify;\">Elaborar nous recursos que ajudin afrontar situacions problem\u00e0tiques sobre l\u2019estat dels locals dels esplais i en les limitacions en l\u2019\u00fas de l\u2019espai p\u00fablic de les ciutats i\/o pobles.<\/li>\n<li style=\"text-align: justify;\">Seguir assessorant els esplais i sectors sempre que ho requereixin, amb els recursos ja existents i els que es volen generar.<\/li>\n<li style=\"text-align: justify;\">Seguir creant discurs i defensant el model d\u2019esplai a nivell local, nacional i internacional aix\u00ed com la necessitat de disposar d\u2019espais adequats a les nostres necessitats.<\/li>\n<li style=\"text-align: justify;\">Donar a con\u00e8ixer i consolidar el grup de treball per tal que pugui treballar, crear discutir i convertir-se en un suport real i palpable pels esplais.<\/li>\n<li style=\"text-align: justify;\">Generar un espai virtual per la publicaci\u00f3 dels esplais que poden cedir el seu local per dormir.<\/li>\n<\/ul>\n<p style=\"text-align: justify;\">El grup de treball sobre el projecte \u00e9s un espai obert i din\u00e0mic, que vol nodrir de sentit el projecte, cr\u00e9ixer en nombre de participants i crear un espai de treball, discussi\u00f3 i debat on es puguin plantejar noves accions i\/o idees al llarg del curs.<br \/>\nUs animem a participar-hi, i a seguir treballant perqu\u00e8 cap esplai li manqui un espai educatiu adequat a les seves necessitats.<\/p>\n<p style=\"text-align: justify;\"><strong>Us esperem a la propera trobada!<\/strong><\/p>\n","protected":false},"excerpt":{"rendered":"<p>El passat dimarts, el Grup de Treball de Locals i [&hellip;]<\/p>\n","protected":false},"author":3,"featured_media":25401,"comment_status":"closed","ping_status":"open","sticky":false,"template":"","format":"standard","meta":{"om_disable_all_campaigns":false,"_monsterinsights_skip_tracking":false,"_monsterinsights_sitenote_active":false,"_monsterinsights_sitenote_note":"","_monsterinsights_sitenote_category":0,"_uf_show_specific_survey":0,"_uf_disable_surveys":false,"footnotes":""},"categories":[1119,1],"tags":[614,208,615,634],"class_list":["post-25400","post","type-post","status-publish","format-standard","has-post-thumbnail","hentry","category-activitats-comissions-grups-de-treball","category-sense-categoria","tag-grup-de-treball","tag-localitzat","tag-locals","tag-locals-i-espai-public"],"yoast_head":"<!-- This site is optimized with the Yoast SEO plugin v27.5 - https:\/\/yoast.com\/product\/yoast-seo-wordpress\/ -->\n<title>El Grup de treball de Locals i Espai P\u00fablic es posa en marxa! - Esplac<\/title>\n<meta name=\"robots\" content=\"index, follow, max-snippet:-1, max-image-preview:large, max-video-preview:-1\" \/>\n<link rel=\"canonical\" href=\"https:\/\/www.esplac.cat\/locals-i-espai-public-es-posa-en-marxa\/\" \/>\n<meta property=\"og:locale\" content=\"en_US\" \/>\n<meta property=\"og:type\" content=\"article\" \/>\n<meta property=\"og:title\" content=\"El Grup de treball de Locals i Espai P\u00fablic es posa en marxa! - Esplac\" \/>\n<meta property=\"og:description\" content=\"El passat dimarts, el Grup de Treball de Locals i [&hellip;]\" \/>\n<meta property=\"og:url\" content=\"https:\/\/www.esplac.cat\/locals-i-espai-public-es-posa-en-marxa\/\" \/>\n<meta property=\"og:site_name\" content=\"Esplac\" \/>\n<meta property=\"article:published_time\" content=\"2016-01-18T08:04:31+00:00\" \/>\n<meta property=\"og:image\" content=\"https:\/\/www.esplac.cat\/wp-content\/uploads\/2016\/01\/20160118_GTLocals.jpg\" \/>\n\t<meta property=\"og:image:width\" content=\"847\" \/>\n\t<meta property=\"og:image:height\" content=\"350\" \/>\n\t<meta property=\"og:image:type\" content=\"image\/jpeg\" \/>\n<meta name=\"author\" content=\"Comunicaci\u00f3 Esplac\" \/>\n<meta name=\"twitter:card\" content=\"summary_large_image\" \/>\n<meta name=\"twitter:label1\" content=\"Written by\" \/>\n\t<meta name=\"twitter:data1\" content=\"Comunicaci\u00f3 Esplac\" \/>\n\t<meta name=\"twitter:label2\" content=\"Est. reading time\" \/>\n\t<meta name=\"twitter:data2\" content=\"2 minutes\" \/>\n<script type=\"application\/ld+json\" class=\"yoast-schema-graph\">{\"@context\":\"https:\\\/\\\/schema.org\",\"@graph\":[{\"@type\":\"Article\",\"@id\":\"https:\\\/\\\/www.esplac.cat\\\/locals-i-espai-public-es-posa-en-marxa\\\/#article\",\"isPartOf\":{\"@id\":\"https:\\\/\\\/www.esplac.cat\\\/locals-i-espai-public-es-posa-en-marxa\\\/\"},\"author\":{\"name\":\"Comunicaci\u00f3 Esplac\",\"@id\":\"https:\\\/\\\/www.esplac.cat\\\/#\\\/schema\\\/person\\\/908383cf240be18b68f8855d0583faca\"},\"headline\":\"El Grup de treball de Locals i Espai P\u00fablic es posa en marxa!\",\"datePublished\":\"2016-01-18T08:04:31+00:00\",\"mainEntityOfPage\":{\"@id\":\"https:\\\/\\\/www.esplac.cat\\\/locals-i-espai-public-es-posa-en-marxa\\\/\"},\"wordCount\":445,\"publisher\":{\"@id\":\"https:\\\/\\\/www.esplac.cat\\\/#organization\"},\"image\":{\"@id\":\"https:\\\/\\\/www.esplac.cat\\\/locals-i-espai-public-es-posa-en-marxa\\\/#primaryimage\"},\"thumbnailUrl\":\"https:\\\/\\\/www.esplac.cat\\\/wp-content\\\/uploads\\\/2016\\\/01\\\/20160118_GTLocals.jpg\",\"keywords\":[\"grup de treball\",\"localitza't\",\"locals\",\"locals i espai p\u00fablic\"],\"articleSection\":[\"Activitats comissions i grups de treball\",\"Sense categoria\"],\"inLanguage\":\"en-US\"},{\"@type\":\"WebPage\",\"@id\":\"https:\\\/\\\/www.esplac.cat\\\/locals-i-espai-public-es-posa-en-marxa\\\/\",\"url\":\"https:\\\/\\\/www.esplac.cat\\\/locals-i-espai-public-es-posa-en-marxa\\\/\",\"name\":\"El Grup de treball de Locals i Espai P\u00fablic es posa en marxa! - Esplac\",\"isPartOf\":{\"@id\":\"https:\\\/\\\/www.esplac.cat\\\/#website\"},\"primaryImageOfPage\":{\"@id\":\"https:\\\/\\\/www.esplac.cat\\\/locals-i-espai-public-es-posa-en-marxa\\\/#primaryimage\"},\"image\":{\"@id\":\"https:\\\/\\\/www.esplac.cat\\\/locals-i-espai-public-es-posa-en-marxa\\\/#primaryimage\"},\"thumbnailUrl\":\"https:\\\/\\\/www.esplac.cat\\\/wp-content\\\/uploads\\\/2016\\\/01\\\/20160118_GTLocals.jpg\",\"datePublished\":\"2016-01-18T08:04:31+00:00\",\"breadcrumb\":{\"@id\":\"https:\\\/\\\/www.esplac.cat\\\/locals-i-espai-public-es-posa-en-marxa\\\/#breadcrumb\"},\"inLanguage\":\"en-US\",\"potentialAction\":[{\"@type\":\"ReadAction\",\"target\":[\"https:\\\/\\\/www.esplac.cat\\\/locals-i-espai-public-es-posa-en-marxa\\\/\"]}]},{\"@type\":\"ImageObject\",\"inLanguage\":\"en-US\",\"@id\":\"https:\\\/\\\/www.esplac.cat\\\/locals-i-espai-public-es-posa-en-marxa\\\/#primaryimage\",\"url\":\"https:\\\/\\\/www.esplac.cat\\\/wp-content\\\/uploads\\\/2016\\\/01\\\/20160118_GTLocals.jpg\",\"contentUrl\":\"https:\\\/\\\/www.esplac.cat\\\/wp-content\\\/uploads\\\/2016\\\/01\\\/20160118_GTLocals.jpg\",\"width\":847,\"height\":350},{\"@type\":\"BreadcrumbList\",\"@id\":\"https:\\\/\\\/www.esplac.cat\\\/locals-i-espai-public-es-posa-en-marxa\\\/#breadcrumb\",\"itemListElement\":[{\"@type\":\"ListItem\",\"position\":1,\"name\":\"Inici\",\"item\":\"https:\\\/\\\/www.esplac.cat\\\/en\\\/\"},{\"@type\":\"ListItem\",\"position\":2,\"name\":\"El Grup de treball de Locals i Espai P\u00fablic es posa en marxa!\"}]},{\"@type\":\"WebSite\",\"@id\":\"https:\\\/\\\/www.esplac.cat\\\/#website\",\"url\":\"https:\\\/\\\/www.esplac.cat\\\/\",\"name\":\"Esplac\",\"description\":\"Esplais Catalans\",\"publisher\":{\"@id\":\"https:\\\/\\\/www.esplac.cat\\\/#organization\"},\"potentialAction\":[{\"@type\":\"SearchAction\",\"target\":{\"@type\":\"EntryPoint\",\"urlTemplate\":\"https:\\\/\\\/www.esplac.cat\\\/?s={search_term_string}\"},\"query-input\":{\"@type\":\"PropertyValueSpecification\",\"valueRequired\":true,\"valueName\":\"search_term_string\"}}],\"inLanguage\":\"en-US\"},{\"@type\":\"Organization\",\"@id\":\"https:\\\/\\\/www.esplac.cat\\\/#organization\",\"name\":\"Esplac\",\"url\":\"https:\\\/\\\/www.esplac.cat\\\/\",\"logo\":{\"@type\":\"ImageObject\",\"inLanguage\":\"en-US\",\"@id\":\"https:\\\/\\\/www.esplac.cat\\\/#\\\/schema\\\/logo\\\/image\\\/\",\"url\":\"https:\\\/\\\/www.esplac.cat\\\/wp-content\\\/uploads\\\/2019\\\/08\\\/logox2.png\",\"contentUrl\":\"https:\\\/\\\/www.esplac.cat\\\/wp-content\\\/uploads\\\/2019\\\/08\\\/logox2.png\",\"width\":600,\"height\":295,\"caption\":\"Esplac\"},\"image\":{\"@id\":\"https:\\\/\\\/www.esplac.cat\\\/#\\\/schema\\\/logo\\\/image\\\/\"}},{\"@type\":\"Person\",\"@id\":\"https:\\\/\\\/www.esplac.cat\\\/#\\\/schema\\\/person\\\/908383cf240be18b68f8855d0583faca\",\"name\":\"Comunicaci\u00f3 Esplac\",\"image\":{\"@type\":\"ImageObject\",\"inLanguage\":\"en-US\",\"@id\":\"https:\\\/\\\/secure.gravatar.com\\\/avatar\\\/7a4cf8feb412a76ea4a740ca02d95b06b2907b5a6c648c2dd0a1082a093c3141?s=96&d=mm&r=g\",\"url\":\"https:\\\/\\\/secure.gravatar.com\\\/avatar\\\/7a4cf8feb412a76ea4a740ca02d95b06b2907b5a6c648c2dd0a1082a093c3141?s=96&d=mm&r=g\",\"contentUrl\":\"https:\\\/\\\/secure.gravatar.com\\\/avatar\\\/7a4cf8feb412a76ea4a740ca02d95b06b2907b5a6c648c2dd0a1082a093c3141?s=96&d=mm&r=g\",\"caption\":\"Comunicaci\u00f3 Esplac\"}}]}<\/script>\n<!-- \/ Yoast SEO plugin. -->","yoast_head_json":{"title":"El Grup de treball de Locals i Espai P\u00fablic es posa en marxa! - Esplac","robots":{"index":"index","follow":"follow","max-snippet":"max-snippet:-1","max-image-preview":"max-image-preview:large","max-video-preview":"max-video-preview:-1"},"canonical":"https:\/\/www.esplac.cat\/locals-i-espai-public-es-posa-en-marxa\/","og_locale":"en_US","og_type":"article","og_title":"El Grup de treball de Locals i Espai P\u00fablic es posa en marxa! - Esplac","og_description":"El passat dimarts, el Grup de Treball de Locals i [&hellip;]","og_url":"https:\/\/www.esplac.cat\/locals-i-espai-public-es-posa-en-marxa\/","og_site_name":"Esplac","article_published_time":"2016-01-18T08:04:31+00:00","og_image":[{"width":847,"height":350,"url":"https:\/\/www.esplac.cat\/wp-content\/uploads\/2016\/01\/20160118_GTLocals.jpg","type":"image\/jpeg"}],"author":"Comunicaci\u00f3 Esplac","twitter_card":"summary_large_image","twitter_misc":{"Written by":"Comunicaci\u00f3 Esplac","Est. reading time":"2 minutes"},"schema":{"@context":"https:\/\/schema.org","@graph":[{"@type":"Article","@id":"https:\/\/www.esplac.cat\/locals-i-espai-public-es-posa-en-marxa\/#article","isPartOf":{"@id":"https:\/\/www.esplac.cat\/locals-i-espai-public-es-posa-en-marxa\/"},"author":{"name":"Comunicaci\u00f3 Esplac","@id":"https:\/\/www.esplac.cat\/#\/schema\/person\/908383cf240be18b68f8855d0583faca"},"headline":"El Grup de treball de Locals i Espai P\u00fablic es posa en marxa!","datePublished":"2016-01-18T08:04:31+00:00","mainEntityOfPage":{"@id":"https:\/\/www.esplac.cat\/locals-i-espai-public-es-posa-en-marxa\/"},"wordCount":445,"publisher":{"@id":"https:\/\/www.esplac.cat\/#organization"},"image":{"@id":"https:\/\/www.esplac.cat\/locals-i-espai-public-es-posa-en-marxa\/#primaryimage"},"thumbnailUrl":"https:\/\/www.esplac.cat\/wp-content\/uploads\/2016\/01\/20160118_GTLocals.jpg","keywords":["grup de treball","localitza't","locals","locals i espai p\u00fablic"],"articleSection":["Activitats comissions i grups de treball","Sense categoria"],"inLanguage":"en-US"},{"@type":"WebPage","@id":"https:\/\/www.esplac.cat\/locals-i-espai-public-es-posa-en-marxa\/","url":"https:\/\/www.esplac.cat\/locals-i-espai-public-es-posa-en-marxa\/","name":"El Grup de treball de Locals i Espai P\u00fablic es posa en marxa! - Esplac","isPartOf":{"@id":"https:\/\/www.esplac.cat\/#website"},"primaryImageOfPage":{"@id":"https:\/\/www.esplac.cat\/locals-i-espai-public-es-posa-en-marxa\/#primaryimage"},"image":{"@id":"https:\/\/www.esplac.cat\/locals-i-espai-public-es-posa-en-marxa\/#primaryimage"},"thumbnailUrl":"https:\/\/www.esplac.cat\/wp-content\/uploads\/2016\/01\/20160118_GTLocals.jpg","datePublished":"2016-01-18T08:04:31+00:00","breadcrumb":{"@id":"https:\/\/www.esplac.cat\/locals-i-espai-public-es-posa-en-marxa\/#breadcrumb"},"inLanguage":"en-US","potentialAction":[{"@type":"ReadAction","target":["https:\/\/www.esplac.cat\/locals-i-espai-public-es-posa-en-marxa\/"]}]},{"@type":"ImageObject","inLanguage":"en-US","@id":"https:\/\/www.esplac.cat\/locals-i-espai-public-es-posa-en-marxa\/#primaryimage","url":"https:\/\/www.esplac.cat\/wp-content\/uploads\/2016\/01\/20160118_GTLocals.jpg","contentUrl":"https:\/\/www.esplac.cat\/wp-content\/uploads\/2016\/01\/20160118_GTLocals.jpg","width":847,"height":350},{"@type":"BreadcrumbList","@id":"https:\/\/www.esplac.cat\/locals-i-espai-public-es-posa-en-marxa\/#breadcrumb","itemListElement":[{"@type":"ListItem","position":1,"name":"Inici","item":"https:\/\/www.esplac.cat\/en\/"},{"@type":"ListItem","position":2,"name":"El Grup de treball de Locals i Espai P\u00fablic es posa en marxa!"}]},{"@type":"WebSite","@id":"https:\/\/www.esplac.cat\/#website","url":"https:\/\/www.esplac.cat\/","name":"Esplac","description":"Esplais Catalans","publisher":{"@id":"https:\/\/www.esplac.cat\/#organization"},"potentialAction":[{"@type":"SearchAction","target":{"@type":"EntryPoint","urlTemplate":"https:\/\/www.esplac.cat\/?s={search_term_string}"},"query-input":{"@type":"PropertyValueSpecification","valueRequired":true,"valueName":"search_term_string"}}],"inLanguage":"en-US"},{"@type":"Organization","@id":"https:\/\/www.esplac.cat\/#organization","name":"Esplac","url":"https:\/\/www.esplac.cat\/","logo":{"@type":"ImageObject","inLanguage":"en-US","@id":"https:\/\/www.esplac.cat\/#\/schema\/logo\/image\/","url":"https:\/\/www.esplac.cat\/wp-content\/uploads\/2019\/08\/logox2.png","contentUrl":"https:\/\/www.esplac.cat\/wp-content\/uploads\/2019\/08\/logox2.png","width":600,"height":295,"caption":"Esplac"},"image":{"@id":"https:\/\/www.esplac.cat\/#\/schema\/logo\/image\/"}},{"@type":"Person","@id":"https:\/\/www.esplac.cat\/#\/schema\/person\/908383cf240be18b68f8855d0583faca","name":"Comunicaci\u00f3 Esplac","image":{"@type":"ImageObject","inLanguage":"en-US","@id":"https:\/\/secure.gravatar.com\/avatar\/7a4cf8feb412a76ea4a740ca02d95b06b2907b5a6c648c2dd0a1082a093c3141?s=96&d=mm&r=g","url":"https:\/\/secure.gravatar.com\/avatar\/7a4cf8feb412a76ea4a740ca02d95b06b2907b5a6c648c2dd0a1082a093c3141?s=96&d=mm&r=g","contentUrl":"https:\/\/secure.gravatar.com\/avatar\/7a4cf8feb412a76ea4a740ca02d95b06b2907b5a6c648c2dd0a1082a093c3141?s=96&d=mm&r=g","caption":"Comunicaci\u00f3 Esplac"}}]}},"_links":{"self":[{"href":"https:\/\/www.esplac.cat\/en\/wp-json\/wp\/v2\/posts\/25400","targetHints":{"allow":["GET"]}}],"collection":[{"href":"https:\/\/www.esplac.cat\/en\/wp-json\/wp\/v2\/posts"}],"about":[{"href":"https:\/\/www.esplac.cat\/en\/wp-json\/wp\/v2\/types\/post"}],"author":[{"embeddable":true,"href":"https:\/\/www.esplac.cat\/en\/wp-json\/wp\/v2\/users\/3"}],"replies":[{"embeddable":true,"href":"https:\/\/www.esplac.cat\/en\/wp-json\/wp\/v2\/comments?post=25400"}],"version-history":[{"count":0,"href":"https:\/\/www.esplac.cat\/en\/wp-json\/wp\/v2\/posts\/25400\/revisions"}],"wp:featuredmedia":[{"embeddable":true,"href":"https:\/\/www.esplac.cat\/en\/wp-json\/wp\/v2\/media\/25401"}],"wp:attachment":[{"href":"https:\/\/www.esplac.cat\/en\/wp-json\/wp\/v2\/media?parent=25400"}],"wp:term":[{"taxonomy":"category","embeddable":true,"href":"https:\/\/www.esplac.cat\/en\/wp-json\/wp\/v2\/categories?post=25400"},{"taxonomy":"post_tag","embeddable":true,"href":"https:\/\/www.esplac.cat\/en\/wp-json\/wp\/v2\/tags?post=25400"}],"curies":[{"name":"wp","href":"https:\/\/api.w.org\/{rel}","templated":true}]}}