{"id":25425,"date":"2015-12-22T11:39:32","date_gmt":"2015-12-22T09:39:32","guid":{"rendered":"http:\/\/esplac.cat\/?p=9563"},"modified":"2015-12-22T11:39:32","modified_gmt":"2015-12-22T09:39:32","slug":"aquestes-vacances-treu-la-pols-al-projecte-educatiu-de-lesplai","status":"publish","type":"post","link":"https:\/\/www.esplac.cat\/en\/aquestes-vacances-treu-la-pols-al-projecte-educatiu-de-lesplai\/","title":{"rendered":"Aquestes vacances, treu la pols al projecte educatiu de l&#8217;esplai!"},"content":{"rendered":"<h4 class=\"p1\">Pels esplais, les vacances d&#8217;hivern poden ser un bon moment per valorar el primer trimestre, programar i planificar el seg\u00fcent. Per\u00f2 <b>per a molts equips de monitores aquests dies serveixen per renovar el projecte educatiu de l&#8217;esplai!<\/b><\/h4>\n<p class=\"p1\">El projecte educatiu de l&#8217;esplai \u00e9s la guia de la nostra tasca pedag\u00f2gica, on recollim els objectius generals de l&#8217;esplai i els trets caracter\u00edstics. Tamb\u00e9 recull la metodologia amb la que eduquem i com els infants, adolescents i fam\u00edlies participen en l&#8217;entitat.<\/p>\n<p class=\"p1\">\u00c9s important que aquest projecte <b>estigui escrit i sigui conegut per totes les persones que formen l&#8217;esplai<\/b>. A m\u00e9s, <b>recomanem que se&#8217;n faci una revisi\u00f3 cada 3 o 4 anys<\/b> o quan hi hagi un fort relleu en l&#8217;equip de monis.<\/p>\n<p class=\"p1\">Aquestes dates s\u00f3n claus per poder fer una bona reedici\u00f3 del projecte educatiu de l&#8217;esplai: els monitors i les monitores m\u00e9s nous ja tenen un rodatge i coneixen el tarann\u00e0 de l&#8217;esplai. Per altra banda, heu passat un primer trimestre ple d&#8217;aventures, sortides i activitats conjuntes amb infants i adolescents i heu fet la valoraci\u00f3. Es presenten uns quants dies que podem aprofitar per repensar i millorar la funci\u00f3 educativa de l&#8217;esplai i els processos participatius interns.<\/p>\n<h3 class=\"p1\">No teniu clar si al vostre projecte educatiu li cal una revisi\u00f3? <strong><a href=\"http:\/\/esplac.cat\/treu-pols-projecte-educatiu\/\" target=\"_blank\" rel=\"noopener noreferrer\">Feu una ullada als 10 indicadors que us donaran les pistes per fer aquesta revisi\u00f3<\/a><\/strong><\/h3>\n<p class=\"p1\">Us volem destacar especialment:<\/p>\n<ul>\n<li class=\"p3\"><span class=\"s1\"><a href=\"http:\/\/esplac.cat\/encerta-la-recurs-per-detectar-punts-forts-i-febles-esplai\/\"><b>La din\u00e0mica Encerta-la!<\/b><\/a><\/span>\u00a0\u00c9s un joc de taula molt senzill que tracta de fer preguntes i plantejar situacions a tot l&#8217;equip de monis per veure com de clars s\u00f3n alguns aspectes de la vostra tasca educativa i si s\u00f3n coneguts i compartits per totes les monitores. Al final de la din\u00e0mica, veureu gr\u00e0ficament si tot l&#8217;equip aneu o no a la una desenvolupant la vostra tasca d&#8217;educadors. Hi ha diverses maneres de jugar-hi, m\u00e9s o menys llarg i amb diferents nivells d&#8217;intensitat. Demaneu-lo a la coordinadora de projectes del vostre sector.<\/li>\n<li class=\"p3\"><span class=\"s1\"><a href=\"http:\/\/esplac.cat\/esplaipolis-recurs-per-revisio-projecte-educatiu\/\"><b>El joc Esplaipolis<\/b><span class=\"s3\">.<\/span><\/a><\/span>\u00a0\u00c9s un recurs per treballar amb tot l&#8217;equip de monitores i monitors diversos temes com la inclusi\u00f3, la participaci\u00f3, l&#8217;educaci\u00f3 emocional i l&#8217;educaci\u00f3 en les tecnologies de l&#8217;educaci\u00f3, entre d&#8217;altres, mitjan\u00e7ant contes, m\u00fasiques i din\u00e0miques diferents. L&#8217;objectiu del joc \u00e9s pensar el barri ideal posant de manifest els valors de l&#8217;esplai i de la societat del futur que volem construir. L&#8217;Esplaipolis cont\u00e9 un pl\u00e0nol on veureu tots els temes que recull, el podeu seguir o treballar els temes de manera saltejada. Tamb\u00e9 podeu demanar-lo a la coordinadora de projectes del vostre sector.<\/li>\n<\/ul>\n<p class=\"p1\">Tornem\u00a0al gener carregades d&#8217;#energiadelesplai i noves idees!<\/p>\n","protected":false},"excerpt":{"rendered":"<p>Pels esplais, les vacances d&#8217;hivern poden ser un bon moment [&hellip;]<\/p>\n","protected":false},"author":3,"featured_media":25426,"comment_status":"closed","ping_status":"open","sticky":false,"template":"","format":"standard","meta":{"om_disable_all_campaigns":false,"_monsterinsights_skip_tracking":false,"_monsterinsights_sitenote_active":false,"_monsterinsights_sitenote_note":"","_monsterinsights_sitenote_category":0,"_uf_show_specific_survey":0,"_uf_disable_surveys":false,"footnotes":""},"categories":[1114,1],"tags":[],"class_list":["post-25425","post","type-post","status-publish","format-standard","has-post-thumbnail","hentry","category-recursos","category-sense-categoria"],"yoast_head":"<!-- This site is optimized with the Yoast SEO plugin v27.4 - https:\/\/yoast.com\/product\/yoast-seo-wordpress\/ -->\n<title>Aquestes vacances, treu la pols al projecte educatiu de l&#039;esplai! - Esplac<\/title>\n<meta name=\"robots\" content=\"index, follow, max-snippet:-1, max-image-preview:large, max-video-preview:-1\" \/>\n<link rel=\"canonical\" href=\"https:\/\/www.esplac.cat\/aquestes-vacances-treu-la-pols-al-projecte-educatiu-de-lesplai\/\" \/>\n<meta property=\"og:locale\" content=\"en_US\" \/>\n<meta property=\"og:type\" content=\"article\" \/>\n<meta property=\"og:title\" content=\"Aquestes vacances, treu la pols al projecte educatiu de l&#039;esplai! - Esplac\" \/>\n<meta property=\"og:description\" content=\"Pels esplais, les vacances d&#8217;hivern poden ser un bon moment [&hellip;]\" \/>\n<meta property=\"og:url\" content=\"https:\/\/www.esplac.cat\/aquestes-vacances-treu-la-pols-al-projecte-educatiu-de-lesplai\/\" \/>\n<meta property=\"og:site_name\" content=\"Esplac\" \/>\n<meta property=\"article:published_time\" content=\"2015-12-22T09:39:32+00:00\" \/>\n<meta property=\"og:image\" content=\"https:\/\/www.esplac.cat\/wp-content\/uploads\/2014\/10\/20141024_TreuPolsPE.jpg\" \/>\n\t<meta property=\"og:image:width\" content=\"847\" \/>\n\t<meta property=\"og:image:height\" content=\"350\" \/>\n\t<meta property=\"og:image:type\" content=\"image\/jpeg\" \/>\n<meta name=\"author\" content=\"Comunicaci\u00f3 Esplac\" \/>\n<meta name=\"twitter:card\" content=\"summary_large_image\" \/>\n<meta name=\"twitter:label1\" content=\"Written by\" \/>\n\t<meta name=\"twitter:data1\" content=\"Comunicaci\u00f3 Esplac\" \/>\n\t<meta name=\"twitter:label2\" content=\"Est. reading time\" \/>\n\t<meta name=\"twitter:data2\" content=\"2 minutes\" \/>\n<script type=\"application\/ld+json\" class=\"yoast-schema-graph\">{\"@context\":\"https:\\\/\\\/schema.org\",\"@graph\":[{\"@type\":\"Article\",\"@id\":\"https:\\\/\\\/www.esplac.cat\\\/aquestes-vacances-treu-la-pols-al-projecte-educatiu-de-lesplai\\\/#article\",\"isPartOf\":{\"@id\":\"https:\\\/\\\/www.esplac.cat\\\/aquestes-vacances-treu-la-pols-al-projecte-educatiu-de-lesplai\\\/\"},\"author\":{\"name\":\"Comunicaci\u00f3 Esplac\",\"@id\":\"https:\\\/\\\/www.esplac.cat\\\/#\\\/schema\\\/person\\\/908383cf240be18b68f8855d0583faca\"},\"headline\":\"Aquestes vacances, treu la pols al projecte educatiu de l&#8217;esplai!\",\"datePublished\":\"2015-12-22T09:39:32+00:00\",\"mainEntityOfPage\":{\"@id\":\"https:\\\/\\\/www.esplac.cat\\\/aquestes-vacances-treu-la-pols-al-projecte-educatiu-de-lesplai\\\/\"},\"wordCount\":472,\"publisher\":{\"@id\":\"https:\\\/\\\/www.esplac.cat\\\/#organization\"},\"image\":{\"@id\":\"https:\\\/\\\/www.esplac.cat\\\/aquestes-vacances-treu-la-pols-al-projecte-educatiu-de-lesplai\\\/#primaryimage\"},\"thumbnailUrl\":\"https:\\\/\\\/www.esplac.cat\\\/wp-content\\\/uploads\\\/2014\\\/10\\\/20141024_TreuPolsPE.jpg\",\"articleSection\":[\"Recursos\",\"Sense categoria\"],\"inLanguage\":\"en-US\"},{\"@type\":\"WebPage\",\"@id\":\"https:\\\/\\\/www.esplac.cat\\\/aquestes-vacances-treu-la-pols-al-projecte-educatiu-de-lesplai\\\/\",\"url\":\"https:\\\/\\\/www.esplac.cat\\\/aquestes-vacances-treu-la-pols-al-projecte-educatiu-de-lesplai\\\/\",\"name\":\"Aquestes vacances, treu la pols al projecte educatiu de l'esplai! - Esplac\",\"isPartOf\":{\"@id\":\"https:\\\/\\\/www.esplac.cat\\\/#website\"},\"primaryImageOfPage\":{\"@id\":\"https:\\\/\\\/www.esplac.cat\\\/aquestes-vacances-treu-la-pols-al-projecte-educatiu-de-lesplai\\\/#primaryimage\"},\"image\":{\"@id\":\"https:\\\/\\\/www.esplac.cat\\\/aquestes-vacances-treu-la-pols-al-projecte-educatiu-de-lesplai\\\/#primaryimage\"},\"thumbnailUrl\":\"https:\\\/\\\/www.esplac.cat\\\/wp-content\\\/uploads\\\/2014\\\/10\\\/20141024_TreuPolsPE.jpg\",\"datePublished\":\"2015-12-22T09:39:32+00:00\",\"breadcrumb\":{\"@id\":\"https:\\\/\\\/www.esplac.cat\\\/aquestes-vacances-treu-la-pols-al-projecte-educatiu-de-lesplai\\\/#breadcrumb\"},\"inLanguage\":\"en-US\",\"potentialAction\":[{\"@type\":\"ReadAction\",\"target\":[\"https:\\\/\\\/www.esplac.cat\\\/aquestes-vacances-treu-la-pols-al-projecte-educatiu-de-lesplai\\\/\"]}]},{\"@type\":\"ImageObject\",\"inLanguage\":\"en-US\",\"@id\":\"https:\\\/\\\/www.esplac.cat\\\/aquestes-vacances-treu-la-pols-al-projecte-educatiu-de-lesplai\\\/#primaryimage\",\"url\":\"https:\\\/\\\/www.esplac.cat\\\/wp-content\\\/uploads\\\/2014\\\/10\\\/20141024_TreuPolsPE.jpg\",\"contentUrl\":\"https:\\\/\\\/www.esplac.cat\\\/wp-content\\\/uploads\\\/2014\\\/10\\\/20141024_TreuPolsPE.jpg\",\"width\":847,\"height\":350},{\"@type\":\"BreadcrumbList\",\"@id\":\"https:\\\/\\\/www.esplac.cat\\\/aquestes-vacances-treu-la-pols-al-projecte-educatiu-de-lesplai\\\/#breadcrumb\",\"itemListElement\":[{\"@type\":\"ListItem\",\"position\":1,\"name\":\"Inici\",\"item\":\"https:\\\/\\\/www.esplac.cat\\\/en\\\/\"},{\"@type\":\"ListItem\",\"position\":2,\"name\":\"Aquestes vacances, treu la pols al projecte educatiu de l&#8217;esplai!\"}]},{\"@type\":\"WebSite\",\"@id\":\"https:\\\/\\\/www.esplac.cat\\\/#website\",\"url\":\"https:\\\/\\\/www.esplac.cat\\\/\",\"name\":\"Esplac\",\"description\":\"Esplais Catalans\",\"publisher\":{\"@id\":\"https:\\\/\\\/www.esplac.cat\\\/#organization\"},\"potentialAction\":[{\"@type\":\"SearchAction\",\"target\":{\"@type\":\"EntryPoint\",\"urlTemplate\":\"https:\\\/\\\/www.esplac.cat\\\/?s={search_term_string}\"},\"query-input\":{\"@type\":\"PropertyValueSpecification\",\"valueRequired\":true,\"valueName\":\"search_term_string\"}}],\"inLanguage\":\"en-US\"},{\"@type\":\"Organization\",\"@id\":\"https:\\\/\\\/www.esplac.cat\\\/#organization\",\"name\":\"Esplac\",\"url\":\"https:\\\/\\\/www.esplac.cat\\\/\",\"logo\":{\"@type\":\"ImageObject\",\"inLanguage\":\"en-US\",\"@id\":\"https:\\\/\\\/www.esplac.cat\\\/#\\\/schema\\\/logo\\\/image\\\/\",\"url\":\"https:\\\/\\\/www.esplac.cat\\\/wp-content\\\/uploads\\\/2019\\\/08\\\/logox2.png\",\"contentUrl\":\"https:\\\/\\\/www.esplac.cat\\\/wp-content\\\/uploads\\\/2019\\\/08\\\/logox2.png\",\"width\":600,\"height\":295,\"caption\":\"Esplac\"},\"image\":{\"@id\":\"https:\\\/\\\/www.esplac.cat\\\/#\\\/schema\\\/logo\\\/image\\\/\"}},{\"@type\":\"Person\",\"@id\":\"https:\\\/\\\/www.esplac.cat\\\/#\\\/schema\\\/person\\\/908383cf240be18b68f8855d0583faca\",\"name\":\"Comunicaci\u00f3 Esplac\",\"image\":{\"@type\":\"ImageObject\",\"inLanguage\":\"en-US\",\"@id\":\"https:\\\/\\\/secure.gravatar.com\\\/avatar\\\/7a4cf8feb412a76ea4a740ca02d95b06b2907b5a6c648c2dd0a1082a093c3141?s=96&d=mm&r=g\",\"url\":\"https:\\\/\\\/secure.gravatar.com\\\/avatar\\\/7a4cf8feb412a76ea4a740ca02d95b06b2907b5a6c648c2dd0a1082a093c3141?s=96&d=mm&r=g\",\"contentUrl\":\"https:\\\/\\\/secure.gravatar.com\\\/avatar\\\/7a4cf8feb412a76ea4a740ca02d95b06b2907b5a6c648c2dd0a1082a093c3141?s=96&d=mm&r=g\",\"caption\":\"Comunicaci\u00f3 Esplac\"}}]}<\/script>\n<!-- \/ Yoast SEO plugin. -->","yoast_head_json":{"title":"Aquestes vacances, treu la pols al projecte educatiu de l'esplai! - Esplac","robots":{"index":"index","follow":"follow","max-snippet":"max-snippet:-1","max-image-preview":"max-image-preview:large","max-video-preview":"max-video-preview:-1"},"canonical":"https:\/\/www.esplac.cat\/aquestes-vacances-treu-la-pols-al-projecte-educatiu-de-lesplai\/","og_locale":"en_US","og_type":"article","og_title":"Aquestes vacances, treu la pols al projecte educatiu de l'esplai! - Esplac","og_description":"Pels esplais, les vacances d&#8217;hivern poden ser un bon moment [&hellip;]","og_url":"https:\/\/www.esplac.cat\/aquestes-vacances-treu-la-pols-al-projecte-educatiu-de-lesplai\/","og_site_name":"Esplac","article_published_time":"2015-12-22T09:39:32+00:00","og_image":[{"width":847,"height":350,"url":"https:\/\/www.esplac.cat\/wp-content\/uploads\/2014\/10\/20141024_TreuPolsPE.jpg","type":"image\/jpeg"}],"author":"Comunicaci\u00f3 Esplac","twitter_card":"summary_large_image","twitter_misc":{"Written by":"Comunicaci\u00f3 Esplac","Est. reading time":"2 minutes"},"schema":{"@context":"https:\/\/schema.org","@graph":[{"@type":"Article","@id":"https:\/\/www.esplac.cat\/aquestes-vacances-treu-la-pols-al-projecte-educatiu-de-lesplai\/#article","isPartOf":{"@id":"https:\/\/www.esplac.cat\/aquestes-vacances-treu-la-pols-al-projecte-educatiu-de-lesplai\/"},"author":{"name":"Comunicaci\u00f3 Esplac","@id":"https:\/\/www.esplac.cat\/#\/schema\/person\/908383cf240be18b68f8855d0583faca"},"headline":"Aquestes vacances, treu la pols al projecte educatiu de l&#8217;esplai!","datePublished":"2015-12-22T09:39:32+00:00","mainEntityOfPage":{"@id":"https:\/\/www.esplac.cat\/aquestes-vacances-treu-la-pols-al-projecte-educatiu-de-lesplai\/"},"wordCount":472,"publisher":{"@id":"https:\/\/www.esplac.cat\/#organization"},"image":{"@id":"https:\/\/www.esplac.cat\/aquestes-vacances-treu-la-pols-al-projecte-educatiu-de-lesplai\/#primaryimage"},"thumbnailUrl":"https:\/\/www.esplac.cat\/wp-content\/uploads\/2014\/10\/20141024_TreuPolsPE.jpg","articleSection":["Recursos","Sense categoria"],"inLanguage":"en-US"},{"@type":"WebPage","@id":"https:\/\/www.esplac.cat\/aquestes-vacances-treu-la-pols-al-projecte-educatiu-de-lesplai\/","url":"https:\/\/www.esplac.cat\/aquestes-vacances-treu-la-pols-al-projecte-educatiu-de-lesplai\/","name":"Aquestes vacances, treu la pols al projecte educatiu de l'esplai! - Esplac","isPartOf":{"@id":"https:\/\/www.esplac.cat\/#website"},"primaryImageOfPage":{"@id":"https:\/\/www.esplac.cat\/aquestes-vacances-treu-la-pols-al-projecte-educatiu-de-lesplai\/#primaryimage"},"image":{"@id":"https:\/\/www.esplac.cat\/aquestes-vacances-treu-la-pols-al-projecte-educatiu-de-lesplai\/#primaryimage"},"thumbnailUrl":"https:\/\/www.esplac.cat\/wp-content\/uploads\/2014\/10\/20141024_TreuPolsPE.jpg","datePublished":"2015-12-22T09:39:32+00:00","breadcrumb":{"@id":"https:\/\/www.esplac.cat\/aquestes-vacances-treu-la-pols-al-projecte-educatiu-de-lesplai\/#breadcrumb"},"inLanguage":"en-US","potentialAction":[{"@type":"ReadAction","target":["https:\/\/www.esplac.cat\/aquestes-vacances-treu-la-pols-al-projecte-educatiu-de-lesplai\/"]}]},{"@type":"ImageObject","inLanguage":"en-US","@id":"https:\/\/www.esplac.cat\/aquestes-vacances-treu-la-pols-al-projecte-educatiu-de-lesplai\/#primaryimage","url":"https:\/\/www.esplac.cat\/wp-content\/uploads\/2014\/10\/20141024_TreuPolsPE.jpg","contentUrl":"https:\/\/www.esplac.cat\/wp-content\/uploads\/2014\/10\/20141024_TreuPolsPE.jpg","width":847,"height":350},{"@type":"BreadcrumbList","@id":"https:\/\/www.esplac.cat\/aquestes-vacances-treu-la-pols-al-projecte-educatiu-de-lesplai\/#breadcrumb","itemListElement":[{"@type":"ListItem","position":1,"name":"Inici","item":"https:\/\/www.esplac.cat\/en\/"},{"@type":"ListItem","position":2,"name":"Aquestes vacances, treu la pols al projecte educatiu de l&#8217;esplai!"}]},{"@type":"WebSite","@id":"https:\/\/www.esplac.cat\/#website","url":"https:\/\/www.esplac.cat\/","name":"Esplac","description":"Esplais Catalans","publisher":{"@id":"https:\/\/www.esplac.cat\/#organization"},"potentialAction":[{"@type":"SearchAction","target":{"@type":"EntryPoint","urlTemplate":"https:\/\/www.esplac.cat\/?s={search_term_string}"},"query-input":{"@type":"PropertyValueSpecification","valueRequired":true,"valueName":"search_term_string"}}],"inLanguage":"en-US"},{"@type":"Organization","@id":"https:\/\/www.esplac.cat\/#organization","name":"Esplac","url":"https:\/\/www.esplac.cat\/","logo":{"@type":"ImageObject","inLanguage":"en-US","@id":"https:\/\/www.esplac.cat\/#\/schema\/logo\/image\/","url":"https:\/\/www.esplac.cat\/wp-content\/uploads\/2019\/08\/logox2.png","contentUrl":"https:\/\/www.esplac.cat\/wp-content\/uploads\/2019\/08\/logox2.png","width":600,"height":295,"caption":"Esplac"},"image":{"@id":"https:\/\/www.esplac.cat\/#\/schema\/logo\/image\/"}},{"@type":"Person","@id":"https:\/\/www.esplac.cat\/#\/schema\/person\/908383cf240be18b68f8855d0583faca","name":"Comunicaci\u00f3 Esplac","image":{"@type":"ImageObject","inLanguage":"en-US","@id":"https:\/\/secure.gravatar.com\/avatar\/7a4cf8feb412a76ea4a740ca02d95b06b2907b5a6c648c2dd0a1082a093c3141?s=96&d=mm&r=g","url":"https:\/\/secure.gravatar.com\/avatar\/7a4cf8feb412a76ea4a740ca02d95b06b2907b5a6c648c2dd0a1082a093c3141?s=96&d=mm&r=g","contentUrl":"https:\/\/secure.gravatar.com\/avatar\/7a4cf8feb412a76ea4a740ca02d95b06b2907b5a6c648c2dd0a1082a093c3141?s=96&d=mm&r=g","caption":"Comunicaci\u00f3 Esplac"}}]}},"_links":{"self":[{"href":"https:\/\/www.esplac.cat\/en\/wp-json\/wp\/v2\/posts\/25425","targetHints":{"allow":["GET"]}}],"collection":[{"href":"https:\/\/www.esplac.cat\/en\/wp-json\/wp\/v2\/posts"}],"about":[{"href":"https:\/\/www.esplac.cat\/en\/wp-json\/wp\/v2\/types\/post"}],"author":[{"embeddable":true,"href":"https:\/\/www.esplac.cat\/en\/wp-json\/wp\/v2\/users\/3"}],"replies":[{"embeddable":true,"href":"https:\/\/www.esplac.cat\/en\/wp-json\/wp\/v2\/comments?post=25425"}],"version-history":[{"count":0,"href":"https:\/\/www.esplac.cat\/en\/wp-json\/wp\/v2\/posts\/25425\/revisions"}],"wp:featuredmedia":[{"embeddable":true,"href":"https:\/\/www.esplac.cat\/en\/wp-json\/wp\/v2\/media\/25426"}],"wp:attachment":[{"href":"https:\/\/www.esplac.cat\/en\/wp-json\/wp\/v2\/media?parent=25425"}],"wp:term":[{"taxonomy":"category","embeddable":true,"href":"https:\/\/www.esplac.cat\/en\/wp-json\/wp\/v2\/categories?post=25425"},{"taxonomy":"post_tag","embeddable":true,"href":"https:\/\/www.esplac.cat\/en\/wp-json\/wp\/v2\/tags?post=25425"}],"curies":[{"name":"wp","href":"https:\/\/api.w.org\/{rel}","templated":true}]}}