{"id":25427,"date":"2015-12-21T17:04:49","date_gmt":"2015-12-21T15:04:49","guid":{"rendered":"http:\/\/esplac.cat\/?p=9546"},"modified":"2015-12-21T17:04:49","modified_gmt":"2015-12-21T15:04:49","slug":"esplais-catalans-compromesos-amb-la-pau-i-lajuda-a-les-persones-refugiades","status":"publish","type":"post","link":"https:\/\/www.esplac.cat\/en\/esplais-catalans-compromesos-amb-la-pau-i-lajuda-a-les-persones-refugiades\/","title":{"rendered":"Esplais Catalans compromesos amb la pau i l\u2019ajuda a les persones refugiades"},"content":{"rendered":"<h4 class=\"p1\" style=\"text-align: justify;\"><b>Esplais Catalans vam expressar el nostre suport a les persones refugiades en una resoluci\u00f3 a\u00a0la 34a\u00a0Assemblea General del 29 de novembre de 2015, a Molins de Rei. Ens comprometem a treballar amb altres entitats per tal de facilitar l&#8217;acollida\u00a0d&#8217;infants i joves refugiades i a mobilitzar-nos per donar recursos als esplais per treballar\u00a0la cultura de pau.\u00a0<\/b><b>A continuaci\u00f3\u00a0podeu llegir\u00a0la resoluci\u00f3 aprovada pels esplais:<\/b><\/h4>\n<p class=\"p1\" style=\"padding-left: 30px; text-align: justify;\">La revoluci\u00f3 democr\u00e0tica en favor de llibertats civils i drets socials coneguda com a Primavera \u00c0rab est\u00e0 en perill degut a la resist\u00e8ncia dels governs dictatorials i la impassibilitat dels pa\u00efsos occidentals. A S\u00edria, la revoluci\u00f3 pac\u00edfica va ser combatuda amb les armes per part del govern opressor de Bashar Al-Assad. La lluita inicial per un estat de dret i democr\u00e0tic ha derivat en una guerra civil amb implicaci\u00f3 de for\u00e7a agents exteriors.<\/p>\n<p class=\"p1\" style=\"padding-left: 30px; text-align: justify;\">Els resultats de la guerra s\u00f3n fins ara m\u00e9s de 220.000 morts, 4 milions de persones refugiades, prop de 8 milions de despla\u00e7ats dins del propi pa\u00eds,<span class=\"Apple-converted-space\">\u00a0 <\/span>la majoria de les ciutats i el pa\u00eds devastats, greus violacions dels drets humans, multitud de crims de guerra i una situaci\u00f3 que empitjora cada dia que passa.<\/p>\n<p class=\"p1\" style=\"padding-left: 30px; text-align: justify;\">La Convenci\u00f3 de Ginebra sobre Refugiats de 1951, signada per part de tots els estats europeus, estableix que una persona refugiada \u00e9s aquella que es troba fora del seu estat fruit d\u2019una situaci\u00f3 b\u00e8l\u00b7lica o perqu\u00e8 es troba en perill la seva vida. D\u2019acord amb el dret internacional tots els pa\u00efsos tenen l\u2019obligaci\u00f3 d\u2019atendre les peticions d\u2019asil i actuar en conseq\u00fc\u00e8ncia.<\/p>\n<p class=\"p1\" style=\"padding-left: 30px; text-align: justify;\">Durant el 2015 unes 350.000 persones han estat<span class=\"Apple-converted-space\">\u00a0 <\/span>fugint de la guerra de S\u00edria<span class=\"Apple-converted-space\">\u00a0 <\/span>intentant arribar a Europa i s\u2019han trobat amb una oposici\u00f3 frontal de la majoria d\u2019estats europeus, que rebutgen<span class=\"Apple-converted-space\">\u00a0 <\/span>acollir-los malgrat que no nom\u00e9s en tenen l\u2019obligaci\u00f3 legal sin\u00f3 tamb\u00e9 moral, ja que no han fet res per evitar que la Guerra de S\u00edria continu\u00e9s malgrat trobar-se a les portes de les seves fronteres. En aquests moment el nombre m\u00e9s gran de refugiats es troba als pa\u00efsos ve\u00efns, prop de 2 milions a Turquia, m\u00e9s d\u20191 mili\u00f3 al L\u00edban on els refugiats ja representen el 30% del total de la poblaci\u00f3 libanesa, Jord\u00e0nia n\u2019acull prop de 700.000, el 10% de la seva poblaci\u00f3. Aix\u00ed doncs, no \u00e9s comprensible que els estats europeus, molts m\u00e9s rics que els seus ve\u00efns del sud de la<span class=\"Apple-converted-space\">\u00a0 <\/span>Mediterr\u00e0nia , no puguin<span class=\"Apple-converted-space\">\u00a0 <\/span>acollir els refugiats que els pertoquen, havent-hi a la UE m\u00e9s de 500 milions de persones i nombrosos recursos i infraestructures.<\/p>\n<p class=\"p1\" style=\"padding-left: 30px; text-align: justify;\">Davant de la situaci\u00f3 que estem vivint, Esplais Catalans<\/p>\n<p class=\"p1\" style=\"padding-left: 30px; text-align: justify;\"><b>Exigim:<\/b><\/p>\n<ul class=\"ul1\" style=\"text-align: justify;\">\n<li class=\"li1\">Que el Parlament i la Generalitat instin i treballin amb els estats i la comunitat internacional per donar resposta a les sol\u00b7licituds d\u2019asil i per una resoluci\u00f3 del conflicte b\u00e8l\u00b7lic.<\/li>\n<li class=\"li1\">Que les administracions catalanes, Generalitat i ajuntaments, posin els recursos necessaris per fer una bona acollida a les persones refugiades que vinguin al nostre pa\u00eds.<\/li>\n<li class=\"li1\">Que l\u2019associacionisme educatiu siguem tinguts en compte en els plans d\u2019acollida de les persones refugiades per contribuir en l\u2019educaci\u00f3 i la socialitzaci\u00f3 d\u2019infants, de joves i de fam\u00edlies.<\/li>\n<\/ul>\n<p class=\"p1\" style=\"padding-left: 30px; text-align: justify;\"><b>Ens comprometem:<\/b><\/p>\n<ul class=\"ul1\" style=\"text-align: justify;\">\n<li class=\"li1\">A treballar conjuntament amb la resta d\u2019associacionisme educatiu per fer una bona acollida als infants i joves refugiats.<\/li>\n<li class=\"li1\">A continuar fent de l\u2019esplai un agent inclusiu i de cohesi\u00f3 social on es treballi per la cultura de la pau.<\/li>\n<li class=\"li1\">A demanar a les entitats on participem (MLP, CNJC, IFM i CLJ) que actu\u00efn de la mateixa manera.<\/li>\n<li class=\"li1\">A donar eines i recursos als esplais per poder treballar amb altres entitats de foment de la pau.<\/li>\n<li class=\"li1\">A donar suport a les mobilitzacions a favor de la pau i de la correcta acollida per part dels estats europeus.<\/li>\n<\/ul>\n<p class=\"p1\" style=\"padding-left: 30px; text-align: justify;\"><b>Ens oferim:<\/b><\/p>\n<ul class=\"ul1\" style=\"text-align: justify;\">\n<li class=\"li1\">A ajudar a les administracions en el proc\u00e9s d\u2019acollida, especialment amb infants i joves.<\/li>\n<\/ul>\n<h5><em>*RESOLUCI\u00d3 APROVADA A LA 34A ASSEMBLEA GENERAL ORDIN\u00c0RIA D\u2019ESPLAIS CATALANS, EL 29 DE NOVEMBRE DE 2015. PER LLEGIR LES\u00a0RESOLUCIONS APROVADES A LES DARRERES ASSEMBLEES, ENTREU\u00a0<a href=\"http:\/\/esplac.cat\/assemblea-general-ordinaria\/\" target=\"_blank\" rel=\"noopener noreferrer\">A LA P\u00c0GINA DE L\u2019AGO AL WEB<\/a>.<\/em><\/h5>\n<p class=\"p1\" style=\"text-align: justify;\">\n","protected":false},"excerpt":{"rendered":"<p>Esplais Catalans vam expressar el nostre suport a les persones [&hellip;]<\/p>\n","protected":false},"author":3,"featured_media":25428,"comment_status":"closed","ping_status":"open","sticky":false,"template":"","format":"standard","meta":{"om_disable_all_campaigns":false,"_monsterinsights_skip_tracking":false,"_monsterinsights_sitenote_active":false,"_monsterinsights_sitenote_note":"","_monsterinsights_sitenote_category":0,"_uf_show_specific_survey":0,"_uf_disable_surveys":false,"footnotes":""},"categories":[1127,1],"tags":[112,624,625],"class_list":["post-25427","post","type-post","status-publish","format-standard","has-post-thumbnail","hentry","category-comunicats-posicionaments","category-sense-categoria","tag-associacionisme-educatiu","tag-cultura-de-pau","tag-refugiades"],"yoast_head":"<!-- This site is optimized with the Yoast SEO plugin v27.5 - https:\/\/yoast.com\/product\/yoast-seo-wordpress\/ -->\n<title>Esplais Catalans compromesos amb la pau i l\u2019ajuda a les persones refugiades - Esplac<\/title>\n<meta name=\"robots\" content=\"index, follow, max-snippet:-1, max-image-preview:large, max-video-preview:-1\" \/>\n<link rel=\"canonical\" href=\"https:\/\/www.esplac.cat\/esplais-catalans-compromesos-amb-la-pau-i-lajuda-a-les-persones-refugiades\/\" \/>\n<meta property=\"og:locale\" content=\"en_US\" \/>\n<meta property=\"og:type\" content=\"article\" \/>\n<meta property=\"og:title\" content=\"Esplais Catalans compromesos amb la pau i l\u2019ajuda a les persones refugiades - Esplac\" \/>\n<meta property=\"og:description\" content=\"Esplais Catalans vam expressar el nostre suport a les persones [&hellip;]\" \/>\n<meta property=\"og:url\" content=\"https:\/\/www.esplac.cat\/esplais-catalans-compromesos-amb-la-pau-i-lajuda-a-les-persones-refugiades\/\" \/>\n<meta property=\"og:site_name\" content=\"Esplac\" \/>\n<meta property=\"article:published_time\" content=\"2015-12-21T15:04:49+00:00\" \/>\n<meta property=\"og:image\" content=\"https:\/\/www.esplac.cat\/wp-content\/uploads\/2015\/12\/20151221_refugees-welcome-3.jpg\" \/>\n\t<meta property=\"og:image:width\" content=\"847\" \/>\n\t<meta property=\"og:image:height\" content=\"350\" \/>\n\t<meta property=\"og:image:type\" content=\"image\/jpeg\" \/>\n<meta name=\"author\" content=\"Comunicaci\u00f3 Esplac\" \/>\n<meta name=\"twitter:card\" content=\"summary_large_image\" \/>\n<meta name=\"twitter:label1\" content=\"Written by\" \/>\n\t<meta name=\"twitter:data1\" content=\"Comunicaci\u00f3 Esplac\" \/>\n\t<meta name=\"twitter:label2\" content=\"Est. reading time\" \/>\n\t<meta name=\"twitter:data2\" content=\"4 minutes\" \/>\n<script type=\"application\/ld+json\" class=\"yoast-schema-graph\">{\"@context\":\"https:\\\/\\\/schema.org\",\"@graph\":[{\"@type\":\"Article\",\"@id\":\"https:\\\/\\\/www.esplac.cat\\\/esplais-catalans-compromesos-amb-la-pau-i-lajuda-a-les-persones-refugiades\\\/#article\",\"isPartOf\":{\"@id\":\"https:\\\/\\\/www.esplac.cat\\\/esplais-catalans-compromesos-amb-la-pau-i-lajuda-a-les-persones-refugiades\\\/\"},\"author\":{\"name\":\"Comunicaci\u00f3 Esplac\",\"@id\":\"https:\\\/\\\/www.esplac.cat\\\/#\\\/schema\\\/person\\\/908383cf240be18b68f8855d0583faca\"},\"headline\":\"Esplais Catalans compromesos amb la pau i l\u2019ajuda a les persones refugiades\",\"datePublished\":\"2015-12-21T15:04:49+00:00\",\"mainEntityOfPage\":{\"@id\":\"https:\\\/\\\/www.esplac.cat\\\/esplais-catalans-compromesos-amb-la-pau-i-lajuda-a-les-persones-refugiades\\\/\"},\"wordCount\":715,\"publisher\":{\"@id\":\"https:\\\/\\\/www.esplac.cat\\\/#organization\"},\"image\":{\"@id\":\"https:\\\/\\\/www.esplac.cat\\\/esplais-catalans-compromesos-amb-la-pau-i-lajuda-a-les-persones-refugiades\\\/#primaryimage\"},\"thumbnailUrl\":\"https:\\\/\\\/www.esplac.cat\\\/wp-content\\\/uploads\\\/2015\\\/12\\\/20151221_refugees-welcome-3.jpg\",\"keywords\":[\"associacionisme educatiu\",\"cultura de pau\",\"refugiades\"],\"articleSection\":[\"Comunicats i posicionaments\",\"Sense categoria\"],\"inLanguage\":\"en-US\"},{\"@type\":\"WebPage\",\"@id\":\"https:\\\/\\\/www.esplac.cat\\\/esplais-catalans-compromesos-amb-la-pau-i-lajuda-a-les-persones-refugiades\\\/\",\"url\":\"https:\\\/\\\/www.esplac.cat\\\/esplais-catalans-compromesos-amb-la-pau-i-lajuda-a-les-persones-refugiades\\\/\",\"name\":\"Esplais Catalans compromesos amb la pau i l\u2019ajuda a les persones refugiades - Esplac\",\"isPartOf\":{\"@id\":\"https:\\\/\\\/www.esplac.cat\\\/#website\"},\"primaryImageOfPage\":{\"@id\":\"https:\\\/\\\/www.esplac.cat\\\/esplais-catalans-compromesos-amb-la-pau-i-lajuda-a-les-persones-refugiades\\\/#primaryimage\"},\"image\":{\"@id\":\"https:\\\/\\\/www.esplac.cat\\\/esplais-catalans-compromesos-amb-la-pau-i-lajuda-a-les-persones-refugiades\\\/#primaryimage\"},\"thumbnailUrl\":\"https:\\\/\\\/www.esplac.cat\\\/wp-content\\\/uploads\\\/2015\\\/12\\\/20151221_refugees-welcome-3.jpg\",\"datePublished\":\"2015-12-21T15:04:49+00:00\",\"breadcrumb\":{\"@id\":\"https:\\\/\\\/www.esplac.cat\\\/esplais-catalans-compromesos-amb-la-pau-i-lajuda-a-les-persones-refugiades\\\/#breadcrumb\"},\"inLanguage\":\"en-US\",\"potentialAction\":[{\"@type\":\"ReadAction\",\"target\":[\"https:\\\/\\\/www.esplac.cat\\\/esplais-catalans-compromesos-amb-la-pau-i-lajuda-a-les-persones-refugiades\\\/\"]}]},{\"@type\":\"ImageObject\",\"inLanguage\":\"en-US\",\"@id\":\"https:\\\/\\\/www.esplac.cat\\\/esplais-catalans-compromesos-amb-la-pau-i-lajuda-a-les-persones-refugiades\\\/#primaryimage\",\"url\":\"https:\\\/\\\/www.esplac.cat\\\/wp-content\\\/uploads\\\/2015\\\/12\\\/20151221_refugees-welcome-3.jpg\",\"contentUrl\":\"https:\\\/\\\/www.esplac.cat\\\/wp-content\\\/uploads\\\/2015\\\/12\\\/20151221_refugees-welcome-3.jpg\",\"width\":847,\"height\":350},{\"@type\":\"BreadcrumbList\",\"@id\":\"https:\\\/\\\/www.esplac.cat\\\/esplais-catalans-compromesos-amb-la-pau-i-lajuda-a-les-persones-refugiades\\\/#breadcrumb\",\"itemListElement\":[{\"@type\":\"ListItem\",\"position\":1,\"name\":\"Inici\",\"item\":\"https:\\\/\\\/www.esplac.cat\\\/en\\\/\"},{\"@type\":\"ListItem\",\"position\":2,\"name\":\"Esplais Catalans compromesos amb la pau i l\u2019ajuda a les persones refugiades\"}]},{\"@type\":\"WebSite\",\"@id\":\"https:\\\/\\\/www.esplac.cat\\\/#website\",\"url\":\"https:\\\/\\\/www.esplac.cat\\\/\",\"name\":\"Esplac\",\"description\":\"Esplais Catalans\",\"publisher\":{\"@id\":\"https:\\\/\\\/www.esplac.cat\\\/#organization\"},\"potentialAction\":[{\"@type\":\"SearchAction\",\"target\":{\"@type\":\"EntryPoint\",\"urlTemplate\":\"https:\\\/\\\/www.esplac.cat\\\/?s={search_term_string}\"},\"query-input\":{\"@type\":\"PropertyValueSpecification\",\"valueRequired\":true,\"valueName\":\"search_term_string\"}}],\"inLanguage\":\"en-US\"},{\"@type\":\"Organization\",\"@id\":\"https:\\\/\\\/www.esplac.cat\\\/#organization\",\"name\":\"Esplac\",\"url\":\"https:\\\/\\\/www.esplac.cat\\\/\",\"logo\":{\"@type\":\"ImageObject\",\"inLanguage\":\"en-US\",\"@id\":\"https:\\\/\\\/www.esplac.cat\\\/#\\\/schema\\\/logo\\\/image\\\/\",\"url\":\"https:\\\/\\\/www.esplac.cat\\\/wp-content\\\/uploads\\\/2019\\\/08\\\/logox2.png\",\"contentUrl\":\"https:\\\/\\\/www.esplac.cat\\\/wp-content\\\/uploads\\\/2019\\\/08\\\/logox2.png\",\"width\":600,\"height\":295,\"caption\":\"Esplac\"},\"image\":{\"@id\":\"https:\\\/\\\/www.esplac.cat\\\/#\\\/schema\\\/logo\\\/image\\\/\"}},{\"@type\":\"Person\",\"@id\":\"https:\\\/\\\/www.esplac.cat\\\/#\\\/schema\\\/person\\\/908383cf240be18b68f8855d0583faca\",\"name\":\"Comunicaci\u00f3 Esplac\",\"image\":{\"@type\":\"ImageObject\",\"inLanguage\":\"en-US\",\"@id\":\"https:\\\/\\\/secure.gravatar.com\\\/avatar\\\/7a4cf8feb412a76ea4a740ca02d95b06b2907b5a6c648c2dd0a1082a093c3141?s=96&d=mm&r=g\",\"url\":\"https:\\\/\\\/secure.gravatar.com\\\/avatar\\\/7a4cf8feb412a76ea4a740ca02d95b06b2907b5a6c648c2dd0a1082a093c3141?s=96&d=mm&r=g\",\"contentUrl\":\"https:\\\/\\\/secure.gravatar.com\\\/avatar\\\/7a4cf8feb412a76ea4a740ca02d95b06b2907b5a6c648c2dd0a1082a093c3141?s=96&d=mm&r=g\",\"caption\":\"Comunicaci\u00f3 Esplac\"}}]}<\/script>\n<!-- \/ Yoast SEO plugin. -->","yoast_head_json":{"title":"Esplais Catalans compromesos amb la pau i l\u2019ajuda a les persones refugiades - Esplac","robots":{"index":"index","follow":"follow","max-snippet":"max-snippet:-1","max-image-preview":"max-image-preview:large","max-video-preview":"max-video-preview:-1"},"canonical":"https:\/\/www.esplac.cat\/esplais-catalans-compromesos-amb-la-pau-i-lajuda-a-les-persones-refugiades\/","og_locale":"en_US","og_type":"article","og_title":"Esplais Catalans compromesos amb la pau i l\u2019ajuda a les persones refugiades - Esplac","og_description":"Esplais Catalans vam expressar el nostre suport a les persones [&hellip;]","og_url":"https:\/\/www.esplac.cat\/esplais-catalans-compromesos-amb-la-pau-i-lajuda-a-les-persones-refugiades\/","og_site_name":"Esplac","article_published_time":"2015-12-21T15:04:49+00:00","og_image":[{"width":847,"height":350,"url":"https:\/\/www.esplac.cat\/wp-content\/uploads\/2015\/12\/20151221_refugees-welcome-3.jpg","type":"image\/jpeg"}],"author":"Comunicaci\u00f3 Esplac","twitter_card":"summary_large_image","twitter_misc":{"Written by":"Comunicaci\u00f3 Esplac","Est. reading time":"4 minutes"},"schema":{"@context":"https:\/\/schema.org","@graph":[{"@type":"Article","@id":"https:\/\/www.esplac.cat\/esplais-catalans-compromesos-amb-la-pau-i-lajuda-a-les-persones-refugiades\/#article","isPartOf":{"@id":"https:\/\/www.esplac.cat\/esplais-catalans-compromesos-amb-la-pau-i-lajuda-a-les-persones-refugiades\/"},"author":{"name":"Comunicaci\u00f3 Esplac","@id":"https:\/\/www.esplac.cat\/#\/schema\/person\/908383cf240be18b68f8855d0583faca"},"headline":"Esplais Catalans compromesos amb la pau i l\u2019ajuda a les persones refugiades","datePublished":"2015-12-21T15:04:49+00:00","mainEntityOfPage":{"@id":"https:\/\/www.esplac.cat\/esplais-catalans-compromesos-amb-la-pau-i-lajuda-a-les-persones-refugiades\/"},"wordCount":715,"publisher":{"@id":"https:\/\/www.esplac.cat\/#organization"},"image":{"@id":"https:\/\/www.esplac.cat\/esplais-catalans-compromesos-amb-la-pau-i-lajuda-a-les-persones-refugiades\/#primaryimage"},"thumbnailUrl":"https:\/\/www.esplac.cat\/wp-content\/uploads\/2015\/12\/20151221_refugees-welcome-3.jpg","keywords":["associacionisme educatiu","cultura de pau","refugiades"],"articleSection":["Comunicats i posicionaments","Sense categoria"],"inLanguage":"en-US"},{"@type":"WebPage","@id":"https:\/\/www.esplac.cat\/esplais-catalans-compromesos-amb-la-pau-i-lajuda-a-les-persones-refugiades\/","url":"https:\/\/www.esplac.cat\/esplais-catalans-compromesos-amb-la-pau-i-lajuda-a-les-persones-refugiades\/","name":"Esplais Catalans compromesos amb la pau i l\u2019ajuda a les persones refugiades - Esplac","isPartOf":{"@id":"https:\/\/www.esplac.cat\/#website"},"primaryImageOfPage":{"@id":"https:\/\/www.esplac.cat\/esplais-catalans-compromesos-amb-la-pau-i-lajuda-a-les-persones-refugiades\/#primaryimage"},"image":{"@id":"https:\/\/www.esplac.cat\/esplais-catalans-compromesos-amb-la-pau-i-lajuda-a-les-persones-refugiades\/#primaryimage"},"thumbnailUrl":"https:\/\/www.esplac.cat\/wp-content\/uploads\/2015\/12\/20151221_refugees-welcome-3.jpg","datePublished":"2015-12-21T15:04:49+00:00","breadcrumb":{"@id":"https:\/\/www.esplac.cat\/esplais-catalans-compromesos-amb-la-pau-i-lajuda-a-les-persones-refugiades\/#breadcrumb"},"inLanguage":"en-US","potentialAction":[{"@type":"ReadAction","target":["https:\/\/www.esplac.cat\/esplais-catalans-compromesos-amb-la-pau-i-lajuda-a-les-persones-refugiades\/"]}]},{"@type":"ImageObject","inLanguage":"en-US","@id":"https:\/\/www.esplac.cat\/esplais-catalans-compromesos-amb-la-pau-i-lajuda-a-les-persones-refugiades\/#primaryimage","url":"https:\/\/www.esplac.cat\/wp-content\/uploads\/2015\/12\/20151221_refugees-welcome-3.jpg","contentUrl":"https:\/\/www.esplac.cat\/wp-content\/uploads\/2015\/12\/20151221_refugees-welcome-3.jpg","width":847,"height":350},{"@type":"BreadcrumbList","@id":"https:\/\/www.esplac.cat\/esplais-catalans-compromesos-amb-la-pau-i-lajuda-a-les-persones-refugiades\/#breadcrumb","itemListElement":[{"@type":"ListItem","position":1,"name":"Inici","item":"https:\/\/www.esplac.cat\/en\/"},{"@type":"ListItem","position":2,"name":"Esplais Catalans compromesos amb la pau i l\u2019ajuda a les persones refugiades"}]},{"@type":"WebSite","@id":"https:\/\/www.esplac.cat\/#website","url":"https:\/\/www.esplac.cat\/","name":"Esplac","description":"Esplais Catalans","publisher":{"@id":"https:\/\/www.esplac.cat\/#organization"},"potentialAction":[{"@type":"SearchAction","target":{"@type":"EntryPoint","urlTemplate":"https:\/\/www.esplac.cat\/?s={search_term_string}"},"query-input":{"@type":"PropertyValueSpecification","valueRequired":true,"valueName":"search_term_string"}}],"inLanguage":"en-US"},{"@type":"Organization","@id":"https:\/\/www.esplac.cat\/#organization","name":"Esplac","url":"https:\/\/www.esplac.cat\/","logo":{"@type":"ImageObject","inLanguage":"en-US","@id":"https:\/\/www.esplac.cat\/#\/schema\/logo\/image\/","url":"https:\/\/www.esplac.cat\/wp-content\/uploads\/2019\/08\/logox2.png","contentUrl":"https:\/\/www.esplac.cat\/wp-content\/uploads\/2019\/08\/logox2.png","width":600,"height":295,"caption":"Esplac"},"image":{"@id":"https:\/\/www.esplac.cat\/#\/schema\/logo\/image\/"}},{"@type":"Person","@id":"https:\/\/www.esplac.cat\/#\/schema\/person\/908383cf240be18b68f8855d0583faca","name":"Comunicaci\u00f3 Esplac","image":{"@type":"ImageObject","inLanguage":"en-US","@id":"https:\/\/secure.gravatar.com\/avatar\/7a4cf8feb412a76ea4a740ca02d95b06b2907b5a6c648c2dd0a1082a093c3141?s=96&d=mm&r=g","url":"https:\/\/secure.gravatar.com\/avatar\/7a4cf8feb412a76ea4a740ca02d95b06b2907b5a6c648c2dd0a1082a093c3141?s=96&d=mm&r=g","contentUrl":"https:\/\/secure.gravatar.com\/avatar\/7a4cf8feb412a76ea4a740ca02d95b06b2907b5a6c648c2dd0a1082a093c3141?s=96&d=mm&r=g","caption":"Comunicaci\u00f3 Esplac"}}]}},"_links":{"self":[{"href":"https:\/\/www.esplac.cat\/en\/wp-json\/wp\/v2\/posts\/25427","targetHints":{"allow":["GET"]}}],"collection":[{"href":"https:\/\/www.esplac.cat\/en\/wp-json\/wp\/v2\/posts"}],"about":[{"href":"https:\/\/www.esplac.cat\/en\/wp-json\/wp\/v2\/types\/post"}],"author":[{"embeddable":true,"href":"https:\/\/www.esplac.cat\/en\/wp-json\/wp\/v2\/users\/3"}],"replies":[{"embeddable":true,"href":"https:\/\/www.esplac.cat\/en\/wp-json\/wp\/v2\/comments?post=25427"}],"version-history":[{"count":0,"href":"https:\/\/www.esplac.cat\/en\/wp-json\/wp\/v2\/posts\/25427\/revisions"}],"wp:featuredmedia":[{"embeddable":true,"href":"https:\/\/www.esplac.cat\/en\/wp-json\/wp\/v2\/media\/25428"}],"wp:attachment":[{"href":"https:\/\/www.esplac.cat\/en\/wp-json\/wp\/v2\/media?parent=25427"}],"wp:term":[{"taxonomy":"category","embeddable":true,"href":"https:\/\/www.esplac.cat\/en\/wp-json\/wp\/v2\/categories?post=25427"},{"taxonomy":"post_tag","embeddable":true,"href":"https:\/\/www.esplac.cat\/en\/wp-json\/wp\/v2\/tags?post=25427"}],"curies":[{"name":"wp","href":"https:\/\/api.w.org\/{rel}","templated":true}]}}