{"id":25431,"date":"2015-12-17T12:59:22","date_gmt":"2015-12-17T10:59:22","guid":{"rendered":"http:\/\/esplac.cat\/?p=9508"},"modified":"2015-12-17T12:59:22","modified_gmt":"2015-12-17T10:59:22","slug":"som-lalternativa-necessaria","status":"publish","type":"post","link":"https:\/\/www.esplac.cat\/en\/som-lalternativa-necessaria\/","title":{"rendered":"Som l&#8217;alternativa necess\u00e0ria!"},"content":{"rendered":"<h4 style=\"text-align: justify;\">Esplais Catalans vam posicionar-nos la darrera Assemblea General del 29 de novembre a favor de\u00a0l&#8217;associacionisme educatiu i del model de lleure voluntari liderat pels joves\u00a0davant d&#8217;un oci que promou actituds maclistes i consumisme capitalista. A continuaci\u00f3 podeu llegir\u00a0la resoluci\u00f3.<\/h4>\n<p style=\"text-align: justify;\">Esplais Catalans som una associaci\u00f3 d\u2019esplais que treballem des del voluntariat per a la transformaci\u00f3 social en base als drets dels infants. A l\u2019esplai ens comprometem a educar infants i joves d\u2019acord amb un projecte educatiu i un ideari que ens serveixen de full de ruta en all\u00f2\u00a0que fem. <strong>D\u2019aquest comprom\u00eds se\u2019n deriva una presa de posici\u00f3 cr\u00edtica i transformadora de la societat.<\/strong><\/p>\n<p class=\"p1\" style=\"text-align: justify;\">\u00c9s per tot aix\u00f2, que Esplais Catalans <strong>rebutgem frontalment aquelles activitats d\u2019oci destinades als infants i joves que promouen actituds masclistes i els estereotips de g\u00e8nere, aix\u00ed com aquelles basades en la promoci\u00f3 del consumisme capitalista.<\/strong> Aquestes son iniciatives que ens allunyen de la societat m\u00e9s justa, equitativa i lliure que intentem construir des de l\u2019esplai.<\/p>\n<p class=\"p1\" style=\"text-align: justify;\">Com a moviment educatiu ens preocupa que aquestes iniciatives siguin emmascarades sota el pretext d\u2019\u00e9sser una activitat educativa o de lleure educatiu. Ens preocupa perqu\u00e8 per una banda banalitza el concepte d\u2019educaci\u00f3 convertint-lo en ensenyament a trav\u00e9s de la reproducci\u00f3 de models i el de lleure, perqu\u00e8 l\u2019ent\u00e9n i el converteix en oci sense m\u00e9s finalitat que el propi consum. Ens sembla intolerable que des de les institucions p\u00fabliques es fomenti, promocioni i doni cobertura<span class=\"Apple-converted-space\">\u00a0 <\/span>a aquestes iniciatives, i m\u00e9s quan existeix una \u00e0mplia xarxa d\u2019entitats i associacions que des del voluntariat, des del territori i de manera vivencial ofereixen activitats educatives de qualitat als nostres infants i joves.<\/p>\n<p class=\"p1\" style=\"text-align: justify;\">Els esplais ens reivindiquem com un agent educatiu transformador i lluitem dissabte rere dissabte per oferir als infants i joves una visi\u00f3 diferent del m\u00f3n on vivim. Generem contextos que trenquen amb aquests models establerts des de la proximitat i l\u2019exemple.<\/p>\n<p class=\"p1\" style=\"text-align: justify;\"><span style=\"text-decoration: underline;\"><strong>Som l&#8217;alternativa necess\u00e0ria!<\/strong><\/span><\/p>\n<p class=\"p1\" style=\"text-align: justify;\"><b>Des d&#8217;Esplais Catalans:<\/b><\/p>\n<ul class=\"ul1\" style=\"text-align: justify;\">\n<li class=\"li1\">Denunciarem aquelles iniciatives que s\u2019allunyin del que defensem i que es venen sota un fals pretext educatiu.<\/li>\n<li class=\"li1\">Seguirem defensant el model d\u2019esplai tal com l\u2019entenem; voluntari, associatiu i transformador.<\/li>\n<li class=\"li1\">Conjuntament amb les altres federacions d\u2019esplais i caus, treballarem per reivindicar la import\u00e0ncia de l\u2019associacionisme educatiu amb que ens identifiquem.<\/li>\n<li class=\"li1\">Vetllarem perqu\u00e8 les pr\u00f2pies activitats dels esplais associats i d&#8217;Esplac respectin la resoluci\u00f3 acordada.<\/li>\n<\/ul>\n<p class=\"p1\" style=\"text-align: justify;\"><b>A les institucions p\u00fabliques els hi demanem:<\/b><\/p>\n<ul class=\"ul1\">\n<li class=\"li1\" style=\"text-align: justify;\">Que defensin i protegeixin un model de lleure associatiu i liderat per joves<\/li>\n<li class=\"li1\" style=\"text-align: justify;\">Que no promocionin iniciatives privades all\u00e0 on existeixi un teixit associatiu amb projectes educatius arrelats.<\/li>\n<\/ul>\n<h5 style=\"text-align: justify;\"><em>*Resoluci\u00f3 aprovada a la 34a Assemblea General Ordin\u00e0ria d&#8217;Esplais Catalans, el 29 de novembre de 2015. Per llegir les\u00a0resolucions aprovades a les darreres assemblees, entreu\u00a0<a href=\"http:\/\/esplac.cat\/assemblea-general-ordinaria\/\" target=\"_blank\" rel=\"noopener noreferrer\">a la p\u00e0gina de l&#8217;AGO al web<\/a>.<\/em><\/h5>\n","protected":false},"excerpt":{"rendered":"<p>Esplais Catalans vam posicionar-nos la darrera Assemblea General del 29 [&hellip;]<\/p>\n","protected":false},"author":3,"featured_media":25432,"comment_status":"closed","ping_status":"open","sticky":false,"template":"","format":"standard","meta":{"om_disable_all_campaigns":false,"_monsterinsights_skip_tracking":false,"_monsterinsights_sitenote_active":false,"_monsterinsights_sitenote_note":"","_monsterinsights_sitenote_category":0,"_uf_show_specific_survey":0,"_uf_disable_surveys":false,"footnotes":""},"categories":[1127,1],"tags":[604,112,623,326,134,158],"class_list":["post-25431","post","type-post","status-publish","format-standard","has-post-thumbnail","hentry","category-comunicats-posicionaments","category-sense-categoria","tag-ago-2015","tag-associacionisme-educatiu","tag-oci","tag-posicionament","tag-transformacio-social","tag-voluntariat"],"yoast_head":"<!-- This site is optimized with the Yoast SEO plugin v27.4 - https:\/\/yoast.com\/product\/yoast-seo-wordpress\/ -->\n<title>Som l&#039;alternativa necess\u00e0ria! - Esplac<\/title>\n<meta name=\"robots\" content=\"index, follow, max-snippet:-1, max-image-preview:large, max-video-preview:-1\" \/>\n<link rel=\"canonical\" href=\"https:\/\/www.esplac.cat\/som-lalternativa-necessaria\/\" \/>\n<meta property=\"og:locale\" content=\"en_US\" \/>\n<meta property=\"og:type\" content=\"article\" \/>\n<meta property=\"og:title\" content=\"Som l&#039;alternativa necess\u00e0ria! - Esplac\" \/>\n<meta property=\"og:description\" content=\"Esplais Catalans vam posicionar-nos la darrera Assemblea General del 29 [&hellip;]\" \/>\n<meta property=\"og:url\" content=\"https:\/\/www.esplac.cat\/som-lalternativa-necessaria\/\" \/>\n<meta property=\"og:site_name\" content=\"Esplac\" \/>\n<meta property=\"article:published_time\" content=\"2015-12-17T10:59:22+00:00\" \/>\n<meta property=\"og:image\" content=\"https:\/\/www.esplac.cat\/wp-content\/uploads\/2015\/12\/20151217_Resolucio-alternativa.jpg\" \/>\n\t<meta property=\"og:image:width\" content=\"847\" \/>\n\t<meta property=\"og:image:height\" content=\"350\" \/>\n\t<meta property=\"og:image:type\" content=\"image\/jpeg\" \/>\n<meta name=\"author\" content=\"Comunicaci\u00f3 Esplac\" \/>\n<meta name=\"twitter:card\" content=\"summary_large_image\" \/>\n<meta name=\"twitter:label1\" content=\"Written by\" \/>\n\t<meta name=\"twitter:data1\" content=\"Comunicaci\u00f3 Esplac\" \/>\n\t<meta name=\"twitter:label2\" content=\"Est. reading time\" \/>\n\t<meta name=\"twitter:data2\" content=\"2 minutes\" \/>\n<script type=\"application\/ld+json\" class=\"yoast-schema-graph\">{\"@context\":\"https:\\\/\\\/schema.org\",\"@graph\":[{\"@type\":\"Article\",\"@id\":\"https:\\\/\\\/www.esplac.cat\\\/som-lalternativa-necessaria\\\/#article\",\"isPartOf\":{\"@id\":\"https:\\\/\\\/www.esplac.cat\\\/som-lalternativa-necessaria\\\/\"},\"author\":{\"name\":\"Comunicaci\u00f3 Esplac\",\"@id\":\"https:\\\/\\\/www.esplac.cat\\\/#\\\/schema\\\/person\\\/908383cf240be18b68f8855d0583faca\"},\"headline\":\"Som l&#8217;alternativa necess\u00e0ria!\",\"datePublished\":\"2015-12-17T10:59:22+00:00\",\"mainEntityOfPage\":{\"@id\":\"https:\\\/\\\/www.esplac.cat\\\/som-lalternativa-necessaria\\\/\"},\"wordCount\":491,\"publisher\":{\"@id\":\"https:\\\/\\\/www.esplac.cat\\\/#organization\"},\"image\":{\"@id\":\"https:\\\/\\\/www.esplac.cat\\\/som-lalternativa-necessaria\\\/#primaryimage\"},\"thumbnailUrl\":\"https:\\\/\\\/www.esplac.cat\\\/wp-content\\\/uploads\\\/2015\\\/12\\\/20151217_Resolucio-alternativa.jpg\",\"keywords\":[\"AGO 2015\",\"associacionisme educatiu\",\"oci\",\"posicionament\",\"transformaci\u00f3 social\",\"voluntariat\"],\"articleSection\":[\"Comunicats i posicionaments\",\"Sense categoria\"],\"inLanguage\":\"en-US\"},{\"@type\":\"WebPage\",\"@id\":\"https:\\\/\\\/www.esplac.cat\\\/som-lalternativa-necessaria\\\/\",\"url\":\"https:\\\/\\\/www.esplac.cat\\\/som-lalternativa-necessaria\\\/\",\"name\":\"Som l'alternativa necess\u00e0ria! - Esplac\",\"isPartOf\":{\"@id\":\"https:\\\/\\\/www.esplac.cat\\\/#website\"},\"primaryImageOfPage\":{\"@id\":\"https:\\\/\\\/www.esplac.cat\\\/som-lalternativa-necessaria\\\/#primaryimage\"},\"image\":{\"@id\":\"https:\\\/\\\/www.esplac.cat\\\/som-lalternativa-necessaria\\\/#primaryimage\"},\"thumbnailUrl\":\"https:\\\/\\\/www.esplac.cat\\\/wp-content\\\/uploads\\\/2015\\\/12\\\/20151217_Resolucio-alternativa.jpg\",\"datePublished\":\"2015-12-17T10:59:22+00:00\",\"breadcrumb\":{\"@id\":\"https:\\\/\\\/www.esplac.cat\\\/som-lalternativa-necessaria\\\/#breadcrumb\"},\"inLanguage\":\"en-US\",\"potentialAction\":[{\"@type\":\"ReadAction\",\"target\":[\"https:\\\/\\\/www.esplac.cat\\\/som-lalternativa-necessaria\\\/\"]}]},{\"@type\":\"ImageObject\",\"inLanguage\":\"en-US\",\"@id\":\"https:\\\/\\\/www.esplac.cat\\\/som-lalternativa-necessaria\\\/#primaryimage\",\"url\":\"https:\\\/\\\/www.esplac.cat\\\/wp-content\\\/uploads\\\/2015\\\/12\\\/20151217_Resolucio-alternativa.jpg\",\"contentUrl\":\"https:\\\/\\\/www.esplac.cat\\\/wp-content\\\/uploads\\\/2015\\\/12\\\/20151217_Resolucio-alternativa.jpg\",\"width\":847,\"height\":350},{\"@type\":\"BreadcrumbList\",\"@id\":\"https:\\\/\\\/www.esplac.cat\\\/som-lalternativa-necessaria\\\/#breadcrumb\",\"itemListElement\":[{\"@type\":\"ListItem\",\"position\":1,\"name\":\"Inici\",\"item\":\"https:\\\/\\\/www.esplac.cat\\\/en\\\/\"},{\"@type\":\"ListItem\",\"position\":2,\"name\":\"Som l&#8217;alternativa necess\u00e0ria!\"}]},{\"@type\":\"WebSite\",\"@id\":\"https:\\\/\\\/www.esplac.cat\\\/#website\",\"url\":\"https:\\\/\\\/www.esplac.cat\\\/\",\"name\":\"Esplac\",\"description\":\"Esplais Catalans\",\"publisher\":{\"@id\":\"https:\\\/\\\/www.esplac.cat\\\/#organization\"},\"potentialAction\":[{\"@type\":\"SearchAction\",\"target\":{\"@type\":\"EntryPoint\",\"urlTemplate\":\"https:\\\/\\\/www.esplac.cat\\\/?s={search_term_string}\"},\"query-input\":{\"@type\":\"PropertyValueSpecification\",\"valueRequired\":true,\"valueName\":\"search_term_string\"}}],\"inLanguage\":\"en-US\"},{\"@type\":\"Organization\",\"@id\":\"https:\\\/\\\/www.esplac.cat\\\/#organization\",\"name\":\"Esplac\",\"url\":\"https:\\\/\\\/www.esplac.cat\\\/\",\"logo\":{\"@type\":\"ImageObject\",\"inLanguage\":\"en-US\",\"@id\":\"https:\\\/\\\/www.esplac.cat\\\/#\\\/schema\\\/logo\\\/image\\\/\",\"url\":\"https:\\\/\\\/www.esplac.cat\\\/wp-content\\\/uploads\\\/2019\\\/08\\\/logox2.png\",\"contentUrl\":\"https:\\\/\\\/www.esplac.cat\\\/wp-content\\\/uploads\\\/2019\\\/08\\\/logox2.png\",\"width\":600,\"height\":295,\"caption\":\"Esplac\"},\"image\":{\"@id\":\"https:\\\/\\\/www.esplac.cat\\\/#\\\/schema\\\/logo\\\/image\\\/\"}},{\"@type\":\"Person\",\"@id\":\"https:\\\/\\\/www.esplac.cat\\\/#\\\/schema\\\/person\\\/908383cf240be18b68f8855d0583faca\",\"name\":\"Comunicaci\u00f3 Esplac\",\"image\":{\"@type\":\"ImageObject\",\"inLanguage\":\"en-US\",\"@id\":\"https:\\\/\\\/secure.gravatar.com\\\/avatar\\\/7a4cf8feb412a76ea4a740ca02d95b06b2907b5a6c648c2dd0a1082a093c3141?s=96&d=mm&r=g\",\"url\":\"https:\\\/\\\/secure.gravatar.com\\\/avatar\\\/7a4cf8feb412a76ea4a740ca02d95b06b2907b5a6c648c2dd0a1082a093c3141?s=96&d=mm&r=g\",\"contentUrl\":\"https:\\\/\\\/secure.gravatar.com\\\/avatar\\\/7a4cf8feb412a76ea4a740ca02d95b06b2907b5a6c648c2dd0a1082a093c3141?s=96&d=mm&r=g\",\"caption\":\"Comunicaci\u00f3 Esplac\"}}]}<\/script>\n<!-- \/ Yoast SEO plugin. -->","yoast_head_json":{"title":"Som l'alternativa necess\u00e0ria! - Esplac","robots":{"index":"index","follow":"follow","max-snippet":"max-snippet:-1","max-image-preview":"max-image-preview:large","max-video-preview":"max-video-preview:-1"},"canonical":"https:\/\/www.esplac.cat\/som-lalternativa-necessaria\/","og_locale":"en_US","og_type":"article","og_title":"Som l'alternativa necess\u00e0ria! - Esplac","og_description":"Esplais Catalans vam posicionar-nos la darrera Assemblea General del 29 [&hellip;]","og_url":"https:\/\/www.esplac.cat\/som-lalternativa-necessaria\/","og_site_name":"Esplac","article_published_time":"2015-12-17T10:59:22+00:00","og_image":[{"width":847,"height":350,"url":"https:\/\/www.esplac.cat\/wp-content\/uploads\/2015\/12\/20151217_Resolucio-alternativa.jpg","type":"image\/jpeg"}],"author":"Comunicaci\u00f3 Esplac","twitter_card":"summary_large_image","twitter_misc":{"Written by":"Comunicaci\u00f3 Esplac","Est. reading time":"2 minutes"},"schema":{"@context":"https:\/\/schema.org","@graph":[{"@type":"Article","@id":"https:\/\/www.esplac.cat\/som-lalternativa-necessaria\/#article","isPartOf":{"@id":"https:\/\/www.esplac.cat\/som-lalternativa-necessaria\/"},"author":{"name":"Comunicaci\u00f3 Esplac","@id":"https:\/\/www.esplac.cat\/#\/schema\/person\/908383cf240be18b68f8855d0583faca"},"headline":"Som l&#8217;alternativa necess\u00e0ria!","datePublished":"2015-12-17T10:59:22+00:00","mainEntityOfPage":{"@id":"https:\/\/www.esplac.cat\/som-lalternativa-necessaria\/"},"wordCount":491,"publisher":{"@id":"https:\/\/www.esplac.cat\/#organization"},"image":{"@id":"https:\/\/www.esplac.cat\/som-lalternativa-necessaria\/#primaryimage"},"thumbnailUrl":"https:\/\/www.esplac.cat\/wp-content\/uploads\/2015\/12\/20151217_Resolucio-alternativa.jpg","keywords":["AGO 2015","associacionisme educatiu","oci","posicionament","transformaci\u00f3 social","voluntariat"],"articleSection":["Comunicats i posicionaments","Sense categoria"],"inLanguage":"en-US"},{"@type":"WebPage","@id":"https:\/\/www.esplac.cat\/som-lalternativa-necessaria\/","url":"https:\/\/www.esplac.cat\/som-lalternativa-necessaria\/","name":"Som l'alternativa necess\u00e0ria! - Esplac","isPartOf":{"@id":"https:\/\/www.esplac.cat\/#website"},"primaryImageOfPage":{"@id":"https:\/\/www.esplac.cat\/som-lalternativa-necessaria\/#primaryimage"},"image":{"@id":"https:\/\/www.esplac.cat\/som-lalternativa-necessaria\/#primaryimage"},"thumbnailUrl":"https:\/\/www.esplac.cat\/wp-content\/uploads\/2015\/12\/20151217_Resolucio-alternativa.jpg","datePublished":"2015-12-17T10:59:22+00:00","breadcrumb":{"@id":"https:\/\/www.esplac.cat\/som-lalternativa-necessaria\/#breadcrumb"},"inLanguage":"en-US","potentialAction":[{"@type":"ReadAction","target":["https:\/\/www.esplac.cat\/som-lalternativa-necessaria\/"]}]},{"@type":"ImageObject","inLanguage":"en-US","@id":"https:\/\/www.esplac.cat\/som-lalternativa-necessaria\/#primaryimage","url":"https:\/\/www.esplac.cat\/wp-content\/uploads\/2015\/12\/20151217_Resolucio-alternativa.jpg","contentUrl":"https:\/\/www.esplac.cat\/wp-content\/uploads\/2015\/12\/20151217_Resolucio-alternativa.jpg","width":847,"height":350},{"@type":"BreadcrumbList","@id":"https:\/\/www.esplac.cat\/som-lalternativa-necessaria\/#breadcrumb","itemListElement":[{"@type":"ListItem","position":1,"name":"Inici","item":"https:\/\/www.esplac.cat\/en\/"},{"@type":"ListItem","position":2,"name":"Som l&#8217;alternativa necess\u00e0ria!"}]},{"@type":"WebSite","@id":"https:\/\/www.esplac.cat\/#website","url":"https:\/\/www.esplac.cat\/","name":"Esplac","description":"Esplais Catalans","publisher":{"@id":"https:\/\/www.esplac.cat\/#organization"},"potentialAction":[{"@type":"SearchAction","target":{"@type":"EntryPoint","urlTemplate":"https:\/\/www.esplac.cat\/?s={search_term_string}"},"query-input":{"@type":"PropertyValueSpecification","valueRequired":true,"valueName":"search_term_string"}}],"inLanguage":"en-US"},{"@type":"Organization","@id":"https:\/\/www.esplac.cat\/#organization","name":"Esplac","url":"https:\/\/www.esplac.cat\/","logo":{"@type":"ImageObject","inLanguage":"en-US","@id":"https:\/\/www.esplac.cat\/#\/schema\/logo\/image\/","url":"https:\/\/www.esplac.cat\/wp-content\/uploads\/2019\/08\/logox2.png","contentUrl":"https:\/\/www.esplac.cat\/wp-content\/uploads\/2019\/08\/logox2.png","width":600,"height":295,"caption":"Esplac"},"image":{"@id":"https:\/\/www.esplac.cat\/#\/schema\/logo\/image\/"}},{"@type":"Person","@id":"https:\/\/www.esplac.cat\/#\/schema\/person\/908383cf240be18b68f8855d0583faca","name":"Comunicaci\u00f3 Esplac","image":{"@type":"ImageObject","inLanguage":"en-US","@id":"https:\/\/secure.gravatar.com\/avatar\/7a4cf8feb412a76ea4a740ca02d95b06b2907b5a6c648c2dd0a1082a093c3141?s=96&d=mm&r=g","url":"https:\/\/secure.gravatar.com\/avatar\/7a4cf8feb412a76ea4a740ca02d95b06b2907b5a6c648c2dd0a1082a093c3141?s=96&d=mm&r=g","contentUrl":"https:\/\/secure.gravatar.com\/avatar\/7a4cf8feb412a76ea4a740ca02d95b06b2907b5a6c648c2dd0a1082a093c3141?s=96&d=mm&r=g","caption":"Comunicaci\u00f3 Esplac"}}]}},"_links":{"self":[{"href":"https:\/\/www.esplac.cat\/en\/wp-json\/wp\/v2\/posts\/25431","targetHints":{"allow":["GET"]}}],"collection":[{"href":"https:\/\/www.esplac.cat\/en\/wp-json\/wp\/v2\/posts"}],"about":[{"href":"https:\/\/www.esplac.cat\/en\/wp-json\/wp\/v2\/types\/post"}],"author":[{"embeddable":true,"href":"https:\/\/www.esplac.cat\/en\/wp-json\/wp\/v2\/users\/3"}],"replies":[{"embeddable":true,"href":"https:\/\/www.esplac.cat\/en\/wp-json\/wp\/v2\/comments?post=25431"}],"version-history":[{"count":0,"href":"https:\/\/www.esplac.cat\/en\/wp-json\/wp\/v2\/posts\/25431\/revisions"}],"wp:featuredmedia":[{"embeddable":true,"href":"https:\/\/www.esplac.cat\/en\/wp-json\/wp\/v2\/media\/25432"}],"wp:attachment":[{"href":"https:\/\/www.esplac.cat\/en\/wp-json\/wp\/v2\/media?parent=25431"}],"wp:term":[{"taxonomy":"category","embeddable":true,"href":"https:\/\/www.esplac.cat\/en\/wp-json\/wp\/v2\/categories?post=25431"},{"taxonomy":"post_tag","embeddable":true,"href":"https:\/\/www.esplac.cat\/en\/wp-json\/wp\/v2\/tags?post=25431"}],"curies":[{"name":"wp","href":"https:\/\/api.w.org\/{rel}","templated":true}]}}