{"id":25435,"date":"2015-12-16T09:00:42","date_gmt":"2015-12-16T07:00:42","guid":{"rendered":"http:\/\/esplac.cat\/?p=9314"},"modified":"2019-11-14T13:36:41","modified_gmt":"2019-11-14T11:36:41","slug":"som-diverses-a-lesplai","status":"publish","type":"post","link":"https:\/\/www.esplac.cat\/en\/som-diverses-a-lesplai\/","title":{"rendered":"Som diverses a l&#8217;esplai?"},"content":{"rendered":"<h4>Fem formaci\u00f3 espec\u00edfica sobre la interculturalitat a l&#8217;esplai<\/h4>\n<p style=\"text-align: justify;\">El projecte d&#8217;Inclusi\u00f3 i Diversitat vol promoure la consci\u00e8ncia i la implicaci\u00f3 dels esplais vers el nostre entorn. Pretenem crear una xarxa de coneixements i reflexi\u00f3 a l&#8217;abast dels esplais i de les monitores per tal de crear models de desenvolupament de sensibilitat vers la diversitat.<\/p>\n<p style=\"text-align: justify;\">Un dels objectius del projecte \u00e9s que els esplais siguem conscients de la realitat que ens envolta i puguem arribar a ser una entitat representativa del teixit social, apropant-nos a totes les realitats i expressions socioculturals que ens s\u00f3n properes.<\/p>\n<p style=\"text-align: justify;\">\u00c9s per aix\u00f2 que us animem a participar de les <a href=\"http:\/\/esplac.cat\/wp-content\/uploads\/2015\/12\/20151218_Trobades_Interculturalitat.png\">trobades sobre INTERCULTURALITAT<\/a> que realitzarem durant aquest curs. Tindran una durada de dues hores i comptarem amb el suport i acompanyament del grup de recerca ERDISC de la UAB (al Somesplai podem trobar una <a href=\"http:\/\/www.somesplai.cat\/2015\/05\/21\/entrevista-a-edgar-iglesias\/\">entrevista a l&#8217;Edgar Iglesias<\/a>, referent del grup de recerca).<\/p>\n<p style=\"text-align: justify;\">Realitzarem 4 trobades amb la seg\u00fcent estructura:<br \/>\n&#8211; 1\u00aa trobada de formaci\u00f3 5 FEBRER: Presentem el projecte i els seus fonaments, avancem en continguts i ens emportem les primeres eines de treball!<br \/>\n&#8211; 2\u00aa trobada de formaci\u00f3 11 MAR\u00c7: recollim all\u00f2 que haguem treballat i discutit als esplais per seguir avan\u00e7ant<br \/>\n&#8211; 3\u00aa trobada de formaci\u00f3 13 MAIG: Ens seguim formant i valorem els primers resultats!<br \/>\n&#8211; 4\u00aa trobada de formaci\u00f3 10 JUNY: Tanquem el proc\u00e9s. Discutirem, valorarem i ens plantejarem com continuar amb el treball dins l&#8217;esplai!<\/p>\n<p style=\"text-align: justify;\">L&#8217;hora i el lloc de la trobada s&#8217;enviar\u00e0 directament als esplais interessats; valorarem fer la convocat\u00f2ria en funci\u00f3 dels esplais assistents! Si estem interessades en participar d&#8217;aquest proc\u00e9s o venir a la primera trobada per veure Qu\u00e8 \u00e9s aix\u00f2!?, hem de confirmar assist\u00e8ncia abans del 15 de gener a barcelona@esplac.cat. Tamb\u00e9 podem escriure al mateix correu per demanar m\u00e9s informaci\u00f3!<\/p>\n","protected":false},"excerpt":{"rendered":"<p>Fem formaci\u00f3 espec\u00edfica sobre la interculturalitat a l&#8217;esplai El projecte [&hellip;]<\/p>\n","protected":false},"author":3,"featured_media":25436,"comment_status":"closed","ping_status":"open","sticky":false,"template":"","format":"standard","meta":{"om_disable_all_campaigns":false,"_monsterinsights_skip_tracking":false,"_monsterinsights_sitenote_active":false,"_monsterinsights_sitenote_note":"","_monsterinsights_sitenote_category":0,"_uf_show_specific_survey":0,"_uf_disable_surveys":false,"footnotes":""},"categories":[1131,1166,1114,1],"tags":[138,315],"class_list":["post-25435","post","type-post","status-publish","format-standard","has-post-thumbnail","hentry","category-cursos-formacions","category-inclusio-i-diversitat","category-recursos","category-sense-categoria","tag-diversitat","tag-interculturalitat"],"yoast_head":"<!-- This site is optimized with the Yoast SEO plugin v27.4 - https:\/\/yoast.com\/product\/yoast-seo-wordpress\/ -->\n<title>Som diverses a l&#039;esplai? - Esplac<\/title>\n<meta name=\"robots\" content=\"index, follow, max-snippet:-1, max-image-preview:large, max-video-preview:-1\" \/>\n<link rel=\"canonical\" href=\"https:\/\/www.esplac.cat\/som-diverses-a-lesplai\/\" \/>\n<meta property=\"og:locale\" content=\"en_US\" \/>\n<meta property=\"og:type\" content=\"article\" \/>\n<meta property=\"og:title\" content=\"Som diverses a l&#039;esplai? - Esplac\" \/>\n<meta property=\"og:description\" content=\"Fem formaci\u00f3 espec\u00edfica sobre la interculturalitat a l&#8217;esplai El projecte [&hellip;]\" \/>\n<meta property=\"og:url\" content=\"https:\/\/www.esplac.cat\/som-diverses-a-lesplai\/\" \/>\n<meta property=\"og:site_name\" content=\"Esplac\" \/>\n<meta property=\"article:published_time\" content=\"2015-12-16T07:00:42+00:00\" \/>\n<meta property=\"article:modified_time\" content=\"2019-11-14T11:36:41+00:00\" \/>\n<meta property=\"og:image\" content=\"https:\/\/www.esplac.cat\/wp-content\/uploads\/2015\/12\/20151218_TrobadesInterculturalitat.jpg\" \/>\n\t<meta property=\"og:image:width\" content=\"847\" \/>\n\t<meta property=\"og:image:height\" content=\"350\" \/>\n\t<meta property=\"og:image:type\" content=\"image\/jpeg\" \/>\n<meta name=\"author\" content=\"Comunicaci\u00f3 Esplac\" \/>\n<meta name=\"twitter:card\" content=\"summary_large_image\" \/>\n<meta name=\"twitter:label1\" content=\"Written by\" \/>\n\t<meta name=\"twitter:data1\" content=\"Comunicaci\u00f3 Esplac\" \/>\n\t<meta name=\"twitter:label2\" content=\"Est. reading time\" \/>\n\t<meta name=\"twitter:data2\" content=\"1 minute\" \/>\n<script type=\"application\/ld+json\" class=\"yoast-schema-graph\">{\"@context\":\"https:\\\/\\\/schema.org\",\"@graph\":[{\"@type\":\"Article\",\"@id\":\"https:\\\/\\\/www.esplac.cat\\\/som-diverses-a-lesplai\\\/#article\",\"isPartOf\":{\"@id\":\"https:\\\/\\\/www.esplac.cat\\\/som-diverses-a-lesplai\\\/\"},\"author\":{\"name\":\"Comunicaci\u00f3 Esplac\",\"@id\":\"https:\\\/\\\/www.esplac.cat\\\/#\\\/schema\\\/person\\\/908383cf240be18b68f8855d0583faca\"},\"headline\":\"Som diverses a l&#8217;esplai?\",\"datePublished\":\"2015-12-16T07:00:42+00:00\",\"dateModified\":\"2019-11-14T11:36:41+00:00\",\"mainEntityOfPage\":{\"@id\":\"https:\\\/\\\/www.esplac.cat\\\/som-diverses-a-lesplai\\\/\"},\"wordCount\":310,\"publisher\":{\"@id\":\"https:\\\/\\\/www.esplac.cat\\\/#organization\"},\"image\":{\"@id\":\"https:\\\/\\\/www.esplac.cat\\\/som-diverses-a-lesplai\\\/#primaryimage\"},\"thumbnailUrl\":\"https:\\\/\\\/www.esplac.cat\\\/wp-content\\\/uploads\\\/2015\\\/12\\\/20151218_TrobadesInterculturalitat.jpg\",\"keywords\":[\"diversitat\",\"interculturalitat\"],\"articleSection\":[\"Cursos i formacions\",\"Inclusi\u00f3 i diversitat\",\"Recursos\",\"Sense categoria\"],\"inLanguage\":\"en-US\"},{\"@type\":\"WebPage\",\"@id\":\"https:\\\/\\\/www.esplac.cat\\\/som-diverses-a-lesplai\\\/\",\"url\":\"https:\\\/\\\/www.esplac.cat\\\/som-diverses-a-lesplai\\\/\",\"name\":\"Som diverses a l'esplai? - Esplac\",\"isPartOf\":{\"@id\":\"https:\\\/\\\/www.esplac.cat\\\/#website\"},\"primaryImageOfPage\":{\"@id\":\"https:\\\/\\\/www.esplac.cat\\\/som-diverses-a-lesplai\\\/#primaryimage\"},\"image\":{\"@id\":\"https:\\\/\\\/www.esplac.cat\\\/som-diverses-a-lesplai\\\/#primaryimage\"},\"thumbnailUrl\":\"https:\\\/\\\/www.esplac.cat\\\/wp-content\\\/uploads\\\/2015\\\/12\\\/20151218_TrobadesInterculturalitat.jpg\",\"datePublished\":\"2015-12-16T07:00:42+00:00\",\"dateModified\":\"2019-11-14T11:36:41+00:00\",\"breadcrumb\":{\"@id\":\"https:\\\/\\\/www.esplac.cat\\\/som-diverses-a-lesplai\\\/#breadcrumb\"},\"inLanguage\":\"en-US\",\"potentialAction\":[{\"@type\":\"ReadAction\",\"target\":[\"https:\\\/\\\/www.esplac.cat\\\/som-diverses-a-lesplai\\\/\"]}]},{\"@type\":\"ImageObject\",\"inLanguage\":\"en-US\",\"@id\":\"https:\\\/\\\/www.esplac.cat\\\/som-diverses-a-lesplai\\\/#primaryimage\",\"url\":\"https:\\\/\\\/www.esplac.cat\\\/wp-content\\\/uploads\\\/2015\\\/12\\\/20151218_TrobadesInterculturalitat.jpg\",\"contentUrl\":\"https:\\\/\\\/www.esplac.cat\\\/wp-content\\\/uploads\\\/2015\\\/12\\\/20151218_TrobadesInterculturalitat.jpg\",\"width\":847,\"height\":350},{\"@type\":\"BreadcrumbList\",\"@id\":\"https:\\\/\\\/www.esplac.cat\\\/som-diverses-a-lesplai\\\/#breadcrumb\",\"itemListElement\":[{\"@type\":\"ListItem\",\"position\":1,\"name\":\"Inici\",\"item\":\"https:\\\/\\\/www.esplac.cat\\\/en\\\/\"},{\"@type\":\"ListItem\",\"position\":2,\"name\":\"Som diverses a l&#8217;esplai?\"}]},{\"@type\":\"WebSite\",\"@id\":\"https:\\\/\\\/www.esplac.cat\\\/#website\",\"url\":\"https:\\\/\\\/www.esplac.cat\\\/\",\"name\":\"Esplac\",\"description\":\"Esplais Catalans\",\"publisher\":{\"@id\":\"https:\\\/\\\/www.esplac.cat\\\/#organization\"},\"potentialAction\":[{\"@type\":\"SearchAction\",\"target\":{\"@type\":\"EntryPoint\",\"urlTemplate\":\"https:\\\/\\\/www.esplac.cat\\\/?s={search_term_string}\"},\"query-input\":{\"@type\":\"PropertyValueSpecification\",\"valueRequired\":true,\"valueName\":\"search_term_string\"}}],\"inLanguage\":\"en-US\"},{\"@type\":\"Organization\",\"@id\":\"https:\\\/\\\/www.esplac.cat\\\/#organization\",\"name\":\"Esplac\",\"url\":\"https:\\\/\\\/www.esplac.cat\\\/\",\"logo\":{\"@type\":\"ImageObject\",\"inLanguage\":\"en-US\",\"@id\":\"https:\\\/\\\/www.esplac.cat\\\/#\\\/schema\\\/logo\\\/image\\\/\",\"url\":\"https:\\\/\\\/www.esplac.cat\\\/wp-content\\\/uploads\\\/2019\\\/08\\\/logox2.png\",\"contentUrl\":\"https:\\\/\\\/www.esplac.cat\\\/wp-content\\\/uploads\\\/2019\\\/08\\\/logox2.png\",\"width\":600,\"height\":295,\"caption\":\"Esplac\"},\"image\":{\"@id\":\"https:\\\/\\\/www.esplac.cat\\\/#\\\/schema\\\/logo\\\/image\\\/\"}},{\"@type\":\"Person\",\"@id\":\"https:\\\/\\\/www.esplac.cat\\\/#\\\/schema\\\/person\\\/908383cf240be18b68f8855d0583faca\",\"name\":\"Comunicaci\u00f3 Esplac\",\"image\":{\"@type\":\"ImageObject\",\"inLanguage\":\"en-US\",\"@id\":\"https:\\\/\\\/secure.gravatar.com\\\/avatar\\\/7a4cf8feb412a76ea4a740ca02d95b06b2907b5a6c648c2dd0a1082a093c3141?s=96&d=mm&r=g\",\"url\":\"https:\\\/\\\/secure.gravatar.com\\\/avatar\\\/7a4cf8feb412a76ea4a740ca02d95b06b2907b5a6c648c2dd0a1082a093c3141?s=96&d=mm&r=g\",\"contentUrl\":\"https:\\\/\\\/secure.gravatar.com\\\/avatar\\\/7a4cf8feb412a76ea4a740ca02d95b06b2907b5a6c648c2dd0a1082a093c3141?s=96&d=mm&r=g\",\"caption\":\"Comunicaci\u00f3 Esplac\"}}]}<\/script>\n<!-- \/ Yoast SEO plugin. -->","yoast_head_json":{"title":"Som diverses a l'esplai? - Esplac","robots":{"index":"index","follow":"follow","max-snippet":"max-snippet:-1","max-image-preview":"max-image-preview:large","max-video-preview":"max-video-preview:-1"},"canonical":"https:\/\/www.esplac.cat\/som-diverses-a-lesplai\/","og_locale":"en_US","og_type":"article","og_title":"Som diverses a l'esplai? - Esplac","og_description":"Fem formaci\u00f3 espec\u00edfica sobre la interculturalitat a l&#8217;esplai El projecte [&hellip;]","og_url":"https:\/\/www.esplac.cat\/som-diverses-a-lesplai\/","og_site_name":"Esplac","article_published_time":"2015-12-16T07:00:42+00:00","article_modified_time":"2019-11-14T11:36:41+00:00","og_image":[{"width":847,"height":350,"url":"https:\/\/www.esplac.cat\/wp-content\/uploads\/2015\/12\/20151218_TrobadesInterculturalitat.jpg","type":"image\/jpeg"}],"author":"Comunicaci\u00f3 Esplac","twitter_card":"summary_large_image","twitter_misc":{"Written by":"Comunicaci\u00f3 Esplac","Est. reading time":"1 minute"},"schema":{"@context":"https:\/\/schema.org","@graph":[{"@type":"Article","@id":"https:\/\/www.esplac.cat\/som-diverses-a-lesplai\/#article","isPartOf":{"@id":"https:\/\/www.esplac.cat\/som-diverses-a-lesplai\/"},"author":{"name":"Comunicaci\u00f3 Esplac","@id":"https:\/\/www.esplac.cat\/#\/schema\/person\/908383cf240be18b68f8855d0583faca"},"headline":"Som diverses a l&#8217;esplai?","datePublished":"2015-12-16T07:00:42+00:00","dateModified":"2019-11-14T11:36:41+00:00","mainEntityOfPage":{"@id":"https:\/\/www.esplac.cat\/som-diverses-a-lesplai\/"},"wordCount":310,"publisher":{"@id":"https:\/\/www.esplac.cat\/#organization"},"image":{"@id":"https:\/\/www.esplac.cat\/som-diverses-a-lesplai\/#primaryimage"},"thumbnailUrl":"https:\/\/www.esplac.cat\/wp-content\/uploads\/2015\/12\/20151218_TrobadesInterculturalitat.jpg","keywords":["diversitat","interculturalitat"],"articleSection":["Cursos i formacions","Inclusi\u00f3 i diversitat","Recursos","Sense categoria"],"inLanguage":"en-US"},{"@type":"WebPage","@id":"https:\/\/www.esplac.cat\/som-diverses-a-lesplai\/","url":"https:\/\/www.esplac.cat\/som-diverses-a-lesplai\/","name":"Som diverses a l'esplai? - Esplac","isPartOf":{"@id":"https:\/\/www.esplac.cat\/#website"},"primaryImageOfPage":{"@id":"https:\/\/www.esplac.cat\/som-diverses-a-lesplai\/#primaryimage"},"image":{"@id":"https:\/\/www.esplac.cat\/som-diverses-a-lesplai\/#primaryimage"},"thumbnailUrl":"https:\/\/www.esplac.cat\/wp-content\/uploads\/2015\/12\/20151218_TrobadesInterculturalitat.jpg","datePublished":"2015-12-16T07:00:42+00:00","dateModified":"2019-11-14T11:36:41+00:00","breadcrumb":{"@id":"https:\/\/www.esplac.cat\/som-diverses-a-lesplai\/#breadcrumb"},"inLanguage":"en-US","potentialAction":[{"@type":"ReadAction","target":["https:\/\/www.esplac.cat\/som-diverses-a-lesplai\/"]}]},{"@type":"ImageObject","inLanguage":"en-US","@id":"https:\/\/www.esplac.cat\/som-diverses-a-lesplai\/#primaryimage","url":"https:\/\/www.esplac.cat\/wp-content\/uploads\/2015\/12\/20151218_TrobadesInterculturalitat.jpg","contentUrl":"https:\/\/www.esplac.cat\/wp-content\/uploads\/2015\/12\/20151218_TrobadesInterculturalitat.jpg","width":847,"height":350},{"@type":"BreadcrumbList","@id":"https:\/\/www.esplac.cat\/som-diverses-a-lesplai\/#breadcrumb","itemListElement":[{"@type":"ListItem","position":1,"name":"Inici","item":"https:\/\/www.esplac.cat\/en\/"},{"@type":"ListItem","position":2,"name":"Som diverses a l&#8217;esplai?"}]},{"@type":"WebSite","@id":"https:\/\/www.esplac.cat\/#website","url":"https:\/\/www.esplac.cat\/","name":"Esplac","description":"Esplais Catalans","publisher":{"@id":"https:\/\/www.esplac.cat\/#organization"},"potentialAction":[{"@type":"SearchAction","target":{"@type":"EntryPoint","urlTemplate":"https:\/\/www.esplac.cat\/?s={search_term_string}"},"query-input":{"@type":"PropertyValueSpecification","valueRequired":true,"valueName":"search_term_string"}}],"inLanguage":"en-US"},{"@type":"Organization","@id":"https:\/\/www.esplac.cat\/#organization","name":"Esplac","url":"https:\/\/www.esplac.cat\/","logo":{"@type":"ImageObject","inLanguage":"en-US","@id":"https:\/\/www.esplac.cat\/#\/schema\/logo\/image\/","url":"https:\/\/www.esplac.cat\/wp-content\/uploads\/2019\/08\/logox2.png","contentUrl":"https:\/\/www.esplac.cat\/wp-content\/uploads\/2019\/08\/logox2.png","width":600,"height":295,"caption":"Esplac"},"image":{"@id":"https:\/\/www.esplac.cat\/#\/schema\/logo\/image\/"}},{"@type":"Person","@id":"https:\/\/www.esplac.cat\/#\/schema\/person\/908383cf240be18b68f8855d0583faca","name":"Comunicaci\u00f3 Esplac","image":{"@type":"ImageObject","inLanguage":"en-US","@id":"https:\/\/secure.gravatar.com\/avatar\/7a4cf8feb412a76ea4a740ca02d95b06b2907b5a6c648c2dd0a1082a093c3141?s=96&d=mm&r=g","url":"https:\/\/secure.gravatar.com\/avatar\/7a4cf8feb412a76ea4a740ca02d95b06b2907b5a6c648c2dd0a1082a093c3141?s=96&d=mm&r=g","contentUrl":"https:\/\/secure.gravatar.com\/avatar\/7a4cf8feb412a76ea4a740ca02d95b06b2907b5a6c648c2dd0a1082a093c3141?s=96&d=mm&r=g","caption":"Comunicaci\u00f3 Esplac"}}]}},"_links":{"self":[{"href":"https:\/\/www.esplac.cat\/en\/wp-json\/wp\/v2\/posts\/25435","targetHints":{"allow":["GET"]}}],"collection":[{"href":"https:\/\/www.esplac.cat\/en\/wp-json\/wp\/v2\/posts"}],"about":[{"href":"https:\/\/www.esplac.cat\/en\/wp-json\/wp\/v2\/types\/post"}],"author":[{"embeddable":true,"href":"https:\/\/www.esplac.cat\/en\/wp-json\/wp\/v2\/users\/3"}],"replies":[{"embeddable":true,"href":"https:\/\/www.esplac.cat\/en\/wp-json\/wp\/v2\/comments?post=25435"}],"version-history":[{"count":0,"href":"https:\/\/www.esplac.cat\/en\/wp-json\/wp\/v2\/posts\/25435\/revisions"}],"wp:featuredmedia":[{"embeddable":true,"href":"https:\/\/www.esplac.cat\/en\/wp-json\/wp\/v2\/media\/25436"}],"wp:attachment":[{"href":"https:\/\/www.esplac.cat\/en\/wp-json\/wp\/v2\/media?parent=25435"}],"wp:term":[{"taxonomy":"category","embeddable":true,"href":"https:\/\/www.esplac.cat\/en\/wp-json\/wp\/v2\/categories?post=25435"},{"taxonomy":"post_tag","embeddable":true,"href":"https:\/\/www.esplac.cat\/en\/wp-json\/wp\/v2\/tags?post=25435"}],"curies":[{"name":"wp","href":"https:\/\/api.w.org\/{rel}","templated":true}]}}