{"id":25453,"date":"2015-12-02T15:36:49","date_gmt":"2015-12-02T13:36:49","guid":{"rendered":"http:\/\/esplac.cat\/?p=9266"},"modified":"2015-12-02T15:36:49","modified_gmt":"2015-12-02T13:36:49","slug":"esplais-caus-sants-montjuic-primera-edicio-sembralleure","status":"publish","type":"post","link":"https:\/\/www.esplac.cat\/en\/esplais-caus-sants-montjuic-primera-edicio-sembralleure\/","title":{"rendered":"Esplais i caus de Sants-Montju\u00efc celebren la primera edici\u00f3 del SembraLleure"},"content":{"rendered":"<p class=\"p1\"><strong>El passat 21 de Novembre la Federaci\u00f3 d\u2019Esplais i Caus de Sants-Montju\u00efc vam organitzar la primera edici\u00f3 del SembraLleure en la que hi van participar m\u00e9s de 200 infants i 50 monis, caps i quel\u00b7les.<\/strong><\/p>\n<p class=\"p1\">La jornada va constar d\u2019una macroginmcana per tot el barri de Sants que desembocava en una xocolatada al parc de l\u2019Espanya Industrial. Tot seguit, vam participar en un sopar a Can Batll\u00f3 que va acabar en un cercavila i concerts populars. La celebraci\u00f3 de la festa va estar marcada per la seva proximitat amb el dia dels Drets dels infants. Durant la macrogimcana cada grup va anar recollint diversos drets dels infants i finalment els vam ajuntar tots al punt de trobada per poder fer un mural gegant.<\/p>\n<p class=\"p1\">Tamb\u00e9 vam poder gaudir d\u2019una coreografia espectacular tot ballant al ritme\u00a0de la can\u00e7\u00f3 \u201cEls drets dels infants\u201d, del grup d&#8217;animaci\u00f3 Xiula.<\/p>\n","protected":false},"excerpt":{"rendered":"<p>El passat 21 de Novembre la Federaci\u00f3 d\u2019Esplais i Caus [&hellip;]<\/p>\n","protected":false},"author":3,"featured_media":25454,"comment_status":"closed","ping_status":"open","sticky":false,"template":"","format":"standard","meta":{"om_disable_all_campaigns":false,"_monsterinsights_skip_tracking":false,"_monsterinsights_sitenote_active":false,"_monsterinsights_sitenote_note":"","_monsterinsights_sitenote_category":0,"_uf_show_specific_survey":0,"_uf_disable_surveys":false,"footnotes":""},"categories":[1135,1110,1128],"tags":[384,45,119],"class_list":["post-25453","post","type-post","status-publish","format-standard","has-post-thumbnail","hentry","category-20-n-drets-dels-infants","category-activitats-sectors","category-sector-barcelona","tag-20-n","tag-drets-dels-infants","tag-sector-barcelona"],"yoast_head":"<!-- This site is optimized with the Yoast SEO plugin v27.5 - https:\/\/yoast.com\/product\/yoast-seo-wordpress\/ -->\n<title>Esplais i caus de Sants-Montju\u00efc celebren la primera edici\u00f3 del SembraLleure - Esplac<\/title>\n<meta name=\"robots\" content=\"index, follow, max-snippet:-1, max-image-preview:large, max-video-preview:-1\" \/>\n<link rel=\"canonical\" href=\"https:\/\/www.esplac.cat\/es\/esplais-caus-sants-montjuic-primera-edicio-sembralleure\/\" \/>\n<meta property=\"og:locale\" content=\"en_US\" \/>\n<meta property=\"og:type\" content=\"article\" \/>\n<meta property=\"og:title\" content=\"Esplais i caus de Sants-Montju\u00efc celebren la primera edici\u00f3 del SembraLleure - Esplac\" \/>\n<meta property=\"og:description\" content=\"El passat 21 de Novembre la Federaci\u00f3 d\u2019Esplais i Caus [&hellip;]\" \/>\n<meta property=\"og:url\" content=\"https:\/\/www.esplac.cat\/es\/esplais-caus-sants-montjuic-primera-edicio-sembralleure\/\" \/>\n<meta property=\"og:site_name\" content=\"Esplac\" \/>\n<meta property=\"article:published_time\" content=\"2015-12-02T13:36:49+00:00\" \/>\n<meta property=\"og:image\" content=\"https:\/\/www.esplac.cat\/wp-content\/uploads\/2015\/12\/20151202_Dudi-Sants.jpg\" \/>\n\t<meta property=\"og:image:width\" content=\"847\" \/>\n\t<meta property=\"og:image:height\" content=\"350\" \/>\n\t<meta property=\"og:image:type\" content=\"image\/jpeg\" \/>\n<meta name=\"author\" content=\"Comunicaci\u00f3 Esplac\" \/>\n<meta name=\"twitter:card\" content=\"summary_large_image\" \/>\n<meta name=\"twitter:label1\" content=\"Written by\" \/>\n\t<meta name=\"twitter:data1\" content=\"Comunicaci\u00f3 Esplac\" \/>\n\t<meta name=\"twitter:label2\" content=\"Est. reading time\" \/>\n\t<meta name=\"twitter:data2\" content=\"1 minute\" \/>\n<script type=\"application\/ld+json\" class=\"yoast-schema-graph\">{\"@context\":\"https:\\\/\\\/schema.org\",\"@graph\":[{\"@type\":\"Article\",\"@id\":\"https:\\\/\\\/www.esplac.cat\\\/es\\\/esplais-caus-sants-montjuic-primera-edicio-sembralleure\\\/#article\",\"isPartOf\":{\"@id\":\"https:\\\/\\\/www.esplac.cat\\\/es\\\/esplais-caus-sants-montjuic-primera-edicio-sembralleure\\\/\"},\"author\":{\"name\":\"Comunicaci\u00f3 Esplac\",\"@id\":\"https:\\\/\\\/www.esplac.cat\\\/#\\\/schema\\\/person\\\/908383cf240be18b68f8855d0583faca\"},\"headline\":\"Esplais i caus de Sants-Montju\u00efc celebren la primera edici\u00f3 del SembraLleure\",\"datePublished\":\"2015-12-02T13:36:49+00:00\",\"mainEntityOfPage\":{\"@id\":\"https:\\\/\\\/www.esplac.cat\\\/es\\\/esplais-caus-sants-montjuic-primera-edicio-sembralleure\\\/\"},\"wordCount\":162,\"publisher\":{\"@id\":\"https:\\\/\\\/www.esplac.cat\\\/#organization\"},\"image\":{\"@id\":\"https:\\\/\\\/www.esplac.cat\\\/es\\\/esplais-caus-sants-montjuic-primera-edicio-sembralleure\\\/#primaryimage\"},\"thumbnailUrl\":\"https:\\\/\\\/www.esplac.cat\\\/wp-content\\\/uploads\\\/2015\\\/12\\\/20151202_Dudi-Sants.jpg\",\"keywords\":[\"20-N\",\"drets dels infants\",\"sector Barcelona\"],\"articleSection\":[\"20-N: Drets dels infants\",\"Activitats sectors\",\"Sector Barcelona\"],\"inLanguage\":\"en-US\"},{\"@type\":\"WebPage\",\"@id\":\"https:\\\/\\\/www.esplac.cat\\\/es\\\/esplais-caus-sants-montjuic-primera-edicio-sembralleure\\\/\",\"url\":\"https:\\\/\\\/www.esplac.cat\\\/es\\\/esplais-caus-sants-montjuic-primera-edicio-sembralleure\\\/\",\"name\":\"Esplais i caus de Sants-Montju\u00efc celebren la primera edici\u00f3 del SembraLleure - Esplac\",\"isPartOf\":{\"@id\":\"https:\\\/\\\/www.esplac.cat\\\/#website\"},\"primaryImageOfPage\":{\"@id\":\"https:\\\/\\\/www.esplac.cat\\\/es\\\/esplais-caus-sants-montjuic-primera-edicio-sembralleure\\\/#primaryimage\"},\"image\":{\"@id\":\"https:\\\/\\\/www.esplac.cat\\\/es\\\/esplais-caus-sants-montjuic-primera-edicio-sembralleure\\\/#primaryimage\"},\"thumbnailUrl\":\"https:\\\/\\\/www.esplac.cat\\\/wp-content\\\/uploads\\\/2015\\\/12\\\/20151202_Dudi-Sants.jpg\",\"datePublished\":\"2015-12-02T13:36:49+00:00\",\"breadcrumb\":{\"@id\":\"https:\\\/\\\/www.esplac.cat\\\/es\\\/esplais-caus-sants-montjuic-primera-edicio-sembralleure\\\/#breadcrumb\"},\"inLanguage\":\"en-US\",\"potentialAction\":[{\"@type\":\"ReadAction\",\"target\":[\"https:\\\/\\\/www.esplac.cat\\\/es\\\/esplais-caus-sants-montjuic-primera-edicio-sembralleure\\\/\"]}]},{\"@type\":\"ImageObject\",\"inLanguage\":\"en-US\",\"@id\":\"https:\\\/\\\/www.esplac.cat\\\/es\\\/esplais-caus-sants-montjuic-primera-edicio-sembralleure\\\/#primaryimage\",\"url\":\"https:\\\/\\\/www.esplac.cat\\\/wp-content\\\/uploads\\\/2015\\\/12\\\/20151202_Dudi-Sants.jpg\",\"contentUrl\":\"https:\\\/\\\/www.esplac.cat\\\/wp-content\\\/uploads\\\/2015\\\/12\\\/20151202_Dudi-Sants.jpg\",\"width\":847,\"height\":350},{\"@type\":\"BreadcrumbList\",\"@id\":\"https:\\\/\\\/www.esplac.cat\\\/es\\\/esplais-caus-sants-montjuic-primera-edicio-sembralleure\\\/#breadcrumb\",\"itemListElement\":[{\"@type\":\"ListItem\",\"position\":1,\"name\":\"Inici\",\"item\":\"https:\\\/\\\/www.esplac.cat\\\/en\\\/\"},{\"@type\":\"ListItem\",\"position\":2,\"name\":\"Esplais i caus de Sants-Montju\u00efc celebren la primera edici\u00f3 del SembraLleure\"}]},{\"@type\":\"WebSite\",\"@id\":\"https:\\\/\\\/www.esplac.cat\\\/#website\",\"url\":\"https:\\\/\\\/www.esplac.cat\\\/\",\"name\":\"Esplac\",\"description\":\"Esplais Catalans\",\"publisher\":{\"@id\":\"https:\\\/\\\/www.esplac.cat\\\/#organization\"},\"potentialAction\":[{\"@type\":\"SearchAction\",\"target\":{\"@type\":\"EntryPoint\",\"urlTemplate\":\"https:\\\/\\\/www.esplac.cat\\\/?s={search_term_string}\"},\"query-input\":{\"@type\":\"PropertyValueSpecification\",\"valueRequired\":true,\"valueName\":\"search_term_string\"}}],\"inLanguage\":\"en-US\"},{\"@type\":\"Organization\",\"@id\":\"https:\\\/\\\/www.esplac.cat\\\/#organization\",\"name\":\"Esplac\",\"url\":\"https:\\\/\\\/www.esplac.cat\\\/\",\"logo\":{\"@type\":\"ImageObject\",\"inLanguage\":\"en-US\",\"@id\":\"https:\\\/\\\/www.esplac.cat\\\/#\\\/schema\\\/logo\\\/image\\\/\",\"url\":\"https:\\\/\\\/www.esplac.cat\\\/wp-content\\\/uploads\\\/2019\\\/08\\\/logox2.png\",\"contentUrl\":\"https:\\\/\\\/www.esplac.cat\\\/wp-content\\\/uploads\\\/2019\\\/08\\\/logox2.png\",\"width\":600,\"height\":295,\"caption\":\"Esplac\"},\"image\":{\"@id\":\"https:\\\/\\\/www.esplac.cat\\\/#\\\/schema\\\/logo\\\/image\\\/\"}},{\"@type\":\"Person\",\"@id\":\"https:\\\/\\\/www.esplac.cat\\\/#\\\/schema\\\/person\\\/908383cf240be18b68f8855d0583faca\",\"name\":\"Comunicaci\u00f3 Esplac\",\"image\":{\"@type\":\"ImageObject\",\"inLanguage\":\"en-US\",\"@id\":\"https:\\\/\\\/secure.gravatar.com\\\/avatar\\\/7a4cf8feb412a76ea4a740ca02d95b06b2907b5a6c648c2dd0a1082a093c3141?s=96&d=mm&r=g\",\"url\":\"https:\\\/\\\/secure.gravatar.com\\\/avatar\\\/7a4cf8feb412a76ea4a740ca02d95b06b2907b5a6c648c2dd0a1082a093c3141?s=96&d=mm&r=g\",\"contentUrl\":\"https:\\\/\\\/secure.gravatar.com\\\/avatar\\\/7a4cf8feb412a76ea4a740ca02d95b06b2907b5a6c648c2dd0a1082a093c3141?s=96&d=mm&r=g\",\"caption\":\"Comunicaci\u00f3 Esplac\"}}]}<\/script>\n<!-- \/ Yoast SEO plugin. -->","yoast_head_json":{"title":"Esplais i caus de Sants-Montju\u00efc celebren la primera edici\u00f3 del SembraLleure - Esplac","robots":{"index":"index","follow":"follow","max-snippet":"max-snippet:-1","max-image-preview":"max-image-preview:large","max-video-preview":"max-video-preview:-1"},"canonical":"https:\/\/www.esplac.cat\/es\/esplais-caus-sants-montjuic-primera-edicio-sembralleure\/","og_locale":"en_US","og_type":"article","og_title":"Esplais i caus de Sants-Montju\u00efc celebren la primera edici\u00f3 del SembraLleure - Esplac","og_description":"El passat 21 de Novembre la Federaci\u00f3 d\u2019Esplais i Caus [&hellip;]","og_url":"https:\/\/www.esplac.cat\/es\/esplais-caus-sants-montjuic-primera-edicio-sembralleure\/","og_site_name":"Esplac","article_published_time":"2015-12-02T13:36:49+00:00","og_image":[{"width":847,"height":350,"url":"https:\/\/www.esplac.cat\/wp-content\/uploads\/2015\/12\/20151202_Dudi-Sants.jpg","type":"image\/jpeg"}],"author":"Comunicaci\u00f3 Esplac","twitter_card":"summary_large_image","twitter_misc":{"Written by":"Comunicaci\u00f3 Esplac","Est. reading time":"1 minute"},"schema":{"@context":"https:\/\/schema.org","@graph":[{"@type":"Article","@id":"https:\/\/www.esplac.cat\/es\/esplais-caus-sants-montjuic-primera-edicio-sembralleure\/#article","isPartOf":{"@id":"https:\/\/www.esplac.cat\/es\/esplais-caus-sants-montjuic-primera-edicio-sembralleure\/"},"author":{"name":"Comunicaci\u00f3 Esplac","@id":"https:\/\/www.esplac.cat\/#\/schema\/person\/908383cf240be18b68f8855d0583faca"},"headline":"Esplais i caus de Sants-Montju\u00efc celebren la primera edici\u00f3 del SembraLleure","datePublished":"2015-12-02T13:36:49+00:00","mainEntityOfPage":{"@id":"https:\/\/www.esplac.cat\/es\/esplais-caus-sants-montjuic-primera-edicio-sembralleure\/"},"wordCount":162,"publisher":{"@id":"https:\/\/www.esplac.cat\/#organization"},"image":{"@id":"https:\/\/www.esplac.cat\/es\/esplais-caus-sants-montjuic-primera-edicio-sembralleure\/#primaryimage"},"thumbnailUrl":"https:\/\/www.esplac.cat\/wp-content\/uploads\/2015\/12\/20151202_Dudi-Sants.jpg","keywords":["20-N","drets dels infants","sector Barcelona"],"articleSection":["20-N: Drets dels infants","Activitats sectors","Sector Barcelona"],"inLanguage":"en-US"},{"@type":"WebPage","@id":"https:\/\/www.esplac.cat\/es\/esplais-caus-sants-montjuic-primera-edicio-sembralleure\/","url":"https:\/\/www.esplac.cat\/es\/esplais-caus-sants-montjuic-primera-edicio-sembralleure\/","name":"Esplais i caus de Sants-Montju\u00efc celebren la primera edici\u00f3 del SembraLleure - Esplac","isPartOf":{"@id":"https:\/\/www.esplac.cat\/#website"},"primaryImageOfPage":{"@id":"https:\/\/www.esplac.cat\/es\/esplais-caus-sants-montjuic-primera-edicio-sembralleure\/#primaryimage"},"image":{"@id":"https:\/\/www.esplac.cat\/es\/esplais-caus-sants-montjuic-primera-edicio-sembralleure\/#primaryimage"},"thumbnailUrl":"https:\/\/www.esplac.cat\/wp-content\/uploads\/2015\/12\/20151202_Dudi-Sants.jpg","datePublished":"2015-12-02T13:36:49+00:00","breadcrumb":{"@id":"https:\/\/www.esplac.cat\/es\/esplais-caus-sants-montjuic-primera-edicio-sembralleure\/#breadcrumb"},"inLanguage":"en-US","potentialAction":[{"@type":"ReadAction","target":["https:\/\/www.esplac.cat\/es\/esplais-caus-sants-montjuic-primera-edicio-sembralleure\/"]}]},{"@type":"ImageObject","inLanguage":"en-US","@id":"https:\/\/www.esplac.cat\/es\/esplais-caus-sants-montjuic-primera-edicio-sembralleure\/#primaryimage","url":"https:\/\/www.esplac.cat\/wp-content\/uploads\/2015\/12\/20151202_Dudi-Sants.jpg","contentUrl":"https:\/\/www.esplac.cat\/wp-content\/uploads\/2015\/12\/20151202_Dudi-Sants.jpg","width":847,"height":350},{"@type":"BreadcrumbList","@id":"https:\/\/www.esplac.cat\/es\/esplais-caus-sants-montjuic-primera-edicio-sembralleure\/#breadcrumb","itemListElement":[{"@type":"ListItem","position":1,"name":"Inici","item":"https:\/\/www.esplac.cat\/en\/"},{"@type":"ListItem","position":2,"name":"Esplais i caus de Sants-Montju\u00efc celebren la primera edici\u00f3 del SembraLleure"}]},{"@type":"WebSite","@id":"https:\/\/www.esplac.cat\/#website","url":"https:\/\/www.esplac.cat\/","name":"Esplac","description":"Esplais Catalans","publisher":{"@id":"https:\/\/www.esplac.cat\/#organization"},"potentialAction":[{"@type":"SearchAction","target":{"@type":"EntryPoint","urlTemplate":"https:\/\/www.esplac.cat\/?s={search_term_string}"},"query-input":{"@type":"PropertyValueSpecification","valueRequired":true,"valueName":"search_term_string"}}],"inLanguage":"en-US"},{"@type":"Organization","@id":"https:\/\/www.esplac.cat\/#organization","name":"Esplac","url":"https:\/\/www.esplac.cat\/","logo":{"@type":"ImageObject","inLanguage":"en-US","@id":"https:\/\/www.esplac.cat\/#\/schema\/logo\/image\/","url":"https:\/\/www.esplac.cat\/wp-content\/uploads\/2019\/08\/logox2.png","contentUrl":"https:\/\/www.esplac.cat\/wp-content\/uploads\/2019\/08\/logox2.png","width":600,"height":295,"caption":"Esplac"},"image":{"@id":"https:\/\/www.esplac.cat\/#\/schema\/logo\/image\/"}},{"@type":"Person","@id":"https:\/\/www.esplac.cat\/#\/schema\/person\/908383cf240be18b68f8855d0583faca","name":"Comunicaci\u00f3 Esplac","image":{"@type":"ImageObject","inLanguage":"en-US","@id":"https:\/\/secure.gravatar.com\/avatar\/7a4cf8feb412a76ea4a740ca02d95b06b2907b5a6c648c2dd0a1082a093c3141?s=96&d=mm&r=g","url":"https:\/\/secure.gravatar.com\/avatar\/7a4cf8feb412a76ea4a740ca02d95b06b2907b5a6c648c2dd0a1082a093c3141?s=96&d=mm&r=g","contentUrl":"https:\/\/secure.gravatar.com\/avatar\/7a4cf8feb412a76ea4a740ca02d95b06b2907b5a6c648c2dd0a1082a093c3141?s=96&d=mm&r=g","caption":"Comunicaci\u00f3 Esplac"}}]}},"_links":{"self":[{"href":"https:\/\/www.esplac.cat\/en\/wp-json\/wp\/v2\/posts\/25453","targetHints":{"allow":["GET"]}}],"collection":[{"href":"https:\/\/www.esplac.cat\/en\/wp-json\/wp\/v2\/posts"}],"about":[{"href":"https:\/\/www.esplac.cat\/en\/wp-json\/wp\/v2\/types\/post"}],"author":[{"embeddable":true,"href":"https:\/\/www.esplac.cat\/en\/wp-json\/wp\/v2\/users\/3"}],"replies":[{"embeddable":true,"href":"https:\/\/www.esplac.cat\/en\/wp-json\/wp\/v2\/comments?post=25453"}],"version-history":[{"count":0,"href":"https:\/\/www.esplac.cat\/en\/wp-json\/wp\/v2\/posts\/25453\/revisions"}],"wp:featuredmedia":[{"embeddable":true,"href":"https:\/\/www.esplac.cat\/en\/wp-json\/wp\/v2\/media\/25454"}],"wp:attachment":[{"href":"https:\/\/www.esplac.cat\/en\/wp-json\/wp\/v2\/media?parent=25453"}],"wp:term":[{"taxonomy":"category","embeddable":true,"href":"https:\/\/www.esplac.cat\/en\/wp-json\/wp\/v2\/categories?post=25453"},{"taxonomy":"post_tag","embeddable":true,"href":"https:\/\/www.esplac.cat\/en\/wp-json\/wp\/v2\/tags?post=25453"}],"curies":[{"name":"wp","href":"https:\/\/api.w.org\/{rel}","templated":true}]}}