{"id":25459,"date":"2015-11-27T11:29:36","date_gmt":"2015-11-27T09:29:36","guid":{"rendered":"http:\/\/esplac.cat\/?p=9231"},"modified":"2015-11-27T11:29:36","modified_gmt":"2015-11-27T09:29:36","slug":"ens-adherim-a-la-manifestacio-convocada-per-la-plataforma-mai-mes-el-28-n","status":"publish","type":"post","link":"https:\/\/www.esplac.cat\/en\/ens-adherim-a-la-manifestacio-convocada-per-la-plataforma-mai-mes-el-28-n\/","title":{"rendered":"Ens adherim a la manifestaci\u00f3 convocada per la Plataforma Mai M\u00e9s el 28-N"},"content":{"rendered":"<p style=\"text-align: justify;\"><strong>La manifestaci\u00f3, convocada dissabte 28 de novembre a les 17h a la pla\u00e7a Universitat de Barcelona, porta per\u00a0lema &#8220;Ni terrorisme, ni guerra, ni feixisme, ni retallada de llibertats.\u00a0Per la pau, la just\u00edcia social i els drets humans aqu\u00ed i arreu&#8221;<\/strong><\/p>\n<p style=\"text-align: justify;\">Esplais Catalans\u00a0som una entitat compromesa amb la pau, els drets humans i la cohesi\u00f3 social. Per aix\u00f2, sortirem\u00a0dissabte per mostrar el nostre rebuig a\u00a0la guerra i la viol\u00e8ncia i mostrar la nostra solidaritat amn les refugiades i les v\u00edctimes de la viol\u00e8ncia, independentment d\u2019on es produeixi.<\/p>\n<p style=\"text-align: justify;\">Us reprodu\u00efm el manifest de la <strong><a href=\"http:\/\/plataformamaimes.cat\/\" target=\"_blank\" rel=\"noopener noreferrer\">Plataforma Mai M\u00e9s<\/a><\/strong>, al qual ens hi\u00a0sumem:<\/p>\n<p style=\"padding-left: 30px; text-align: justify;\"><strong>Mai M\u00e9s<\/strong><\/p>\n<p style=\"padding-left: 30px; text-align: justify;\"><strong>Ni terrorisme, ni guerra, ni feixisme, ni retallada de llibertats.<\/strong><br \/>\n<strong>Per la pau, la just\u00edcia social i els drets humans aqu\u00ed i arreu<\/strong><\/p>\n<p style=\"padding-left: 30px; text-align: justify;\">D\u2019un temps en\u00e7\u00e0, veiem com les petites vict\u00f2ries que hav\u00edem assolit perillen pel retorn d\u2019un discurs involucionista que ens retorna a l\u2019esquema del xoc de civilitzacions. I aix\u00f2 passa en un moment on Europa ha viscut l\u2019arribada de centenars de milers de persones que cercaven refugi fugint dels conflictes i de la viol\u00e8ncia de S\u00edria, Afganistan, Ucra\u00efna, Iraq, Eritrea o L\u00edbia, entre d\u2019altres.<\/p>\n<p style=\"padding-left: 30px; text-align: justify;\">I malgrat que Gr\u00e8cia va ser el bressol de l\u2019asil, on va n\u00e9ixer fa m\u00e9s de 2000 anys, i que despr\u00e9s de la segona guerra mundial va ser Europa qui va portar aquesta idea a l\u2019escena internacional amb la convenci\u00f3 de Ginebra de 1951, la reacci\u00f3 de les institucions europees i els estats membres de la UE a la darrera crisi de refugiats ha estat aixecar tanques, ometre el salvament mar\u00edtim, reprimir i dificultar el tr\u00e0nsit i limitar el dret d\u2019asil. La mateixa Europa que veu reapar\u00e8ixer la resposta islam\u00f2foba i el rebuig organitzat per l\u2019extrema dreta a l\u2019arribada de persones refugiades als pa\u00efsos d\u2019acollida.<\/p>\n<p style=\"padding-left: 30px; text-align: justify;\">I de sobte, un atemptat al cor d\u2019Europa, molt m\u00e9s a prop del que estem acostumats, ens ha gla\u00e7at la sang i hem vist com a Par\u00eds patia en pr\u00f2pia pell el que van patir fa ben poc a Beirut, Ankara, Tunis, i el que pateixen milers de persones cada dia a S\u00edria, Iraq, Pakistan, Afganistan i Nig\u00e8ria, pa\u00efsos on es concentren el 80% dels atemptats terroristes comesos durant els darrers anys. Pa\u00efsos on bona part dels nostres governs i empreses armament\u00edstiques han estat venent armes i protegit governs no democr\u00e0tics en virtut d\u2019una suposada seguretat i estabilitat regional.<\/p>\n<p style=\"padding-left: 30px; text-align: justify;\">Per nosaltres, el respecte a la vida, als drets humans i a la conviv\u00e8ncia, s\u00f3n peces fonamentals d\u2019una exist\u00e8ncia digna i en pau. I \u00e9s per aix\u00f2 que ara i sempre rebutgem radicalment la viol\u00e8ncia en totes les seves formes, ja sigui directa, cultural o estructural. En especial la viol\u00e8ncia indiscriminada i cruelment dirigida contra la poblaci\u00f3 civil. Per aix\u00f2, creiem que \u00e9s imprescindible expressar el nostre rebuig a la viol\u00e8ncia i la nostra solidaritat amb les v\u00edctimes i els seus familiars, independentment d\u2019on es produeixi. Una viol\u00e8ncia que cal eradicar tamb\u00e9 en les respostes que es puguin donar.<\/p>\n<p style=\"padding-left: 30px; text-align: justify;\">Perqu\u00e8 sabem que el terror busca provocar respostes irracionals i estigmatitzadores, que deteriorin les relacions entre les comunitats, ja sigui a Par\u00eds, a Catalunya o a qualsevol indret, posant en perill el m\u00e9s preci\u00f3s que tenim: la cohesi\u00f3 social. La viol\u00e8ncia cerca trencar les bases de la conviv\u00e8ncia i buscar incoher\u00e8ncies entre els valors que defensem i la seva aplicaci\u00f3 a alguns dels seus ciutadans en funci\u00f3 del seu pa\u00eds d\u2019origen, creences, \u00e8tnia, etc.<\/p>\n<p style=\"padding-left: 30px; text-align: justify;\">I davant l\u2019amena\u00e7a que els nostres governs responguin amb intevencions militars als mateixos pa\u00efsos que pateixen el terrorisme, o amb l\u2019enduriment de les lleis d\u2019estrangeria i les repatriacions for\u00e7oses, o amb el tancament de fronteres i la vulneraci\u00f3 dels drets humans a qui busca acollida, o amb limitacions de les nostres llibertats en benefici d\u2019un suposat augment de la seguretat, creiem que la societat civil s\u2019ha de mobilitzar per evitar una escalada al desastre.<\/p>\n<p style=\"padding-left: 30px; text-align: justify;\">Per aix\u00f2 ens tornem a al\u00e7ar, per dir prou. No permetrem que en el nostre nom s\u2019inici\u00ef una nova guerra, no avalarem cap bombardeig, no acceptarem cap nova retallada de les nostres llibertats, no callarem davant la proliferaci\u00f3 de discursos islam\u00f2fobs, racistes i feixistes, i no permetrem m\u00e9s lleis xen\u00f2fobes ni m\u00e9s centres de detenci\u00f3 il\u00b7legals o il\u00b7leg\u00edtims. Per la pau, la llibertat, la igualtat, la fraternitat, la solidaritat, la just\u00edcia global i la la\u00efcitat, hem decidit sortir al carrer a dir mai m\u00e9s.<\/p>\n<p style=\"padding-left: 30px; text-align: justify;\">Barcelona, novembre de 2015<\/p>\n","protected":false},"excerpt":{"rendered":"<p>La manifestaci\u00f3, convocada dissabte 28 de novembre a les 17h [&hellip;]<\/p>\n","protected":false},"author":3,"featured_media":25460,"comment_status":"closed","ping_status":"open","sticky":false,"template":"","format":"standard","meta":{"om_disable_all_campaigns":false,"_monsterinsights_skip_tracking":false,"_monsterinsights_sitenote_active":false,"_monsterinsights_sitenote_note":"","_monsterinsights_sitenote_category":0,"_uf_show_specific_survey":0,"_uf_disable_surveys":false,"footnotes":""},"categories":[1127,1],"tags":[609,610,611,326],"class_list":["post-25459","post","type-post","status-publish","format-standard","has-post-thumbnail","hentry","category-comunicats-posicionaments","category-sense-categoria","tag-manifestacio","tag-no-a-la-guerra","tag-plataforma-mai-mes","tag-posicionament"],"yoast_head":"<!-- This site is optimized with the Yoast SEO plugin v27.4 - https:\/\/yoast.com\/product\/yoast-seo-wordpress\/ -->\n<title>Ens adherim a la manifestaci\u00f3 convocada per la Plataforma Mai M\u00e9s el 28-N - Esplac<\/title>\n<meta name=\"robots\" content=\"index, follow, max-snippet:-1, max-image-preview:large, max-video-preview:-1\" \/>\n<link rel=\"canonical\" href=\"https:\/\/www.esplac.cat\/ens-adherim-a-la-manifestacio-convocada-per-la-plataforma-mai-mes-el-28-n\/\" \/>\n<meta property=\"og:locale\" content=\"en_US\" \/>\n<meta property=\"og:type\" content=\"article\" \/>\n<meta property=\"og:title\" content=\"Ens adherim a la manifestaci\u00f3 convocada per la Plataforma Mai M\u00e9s el 28-N - Esplac\" \/>\n<meta property=\"og:description\" content=\"La manifestaci\u00f3, convocada dissabte 28 de novembre a les 17h [&hellip;]\" \/>\n<meta property=\"og:url\" content=\"https:\/\/www.esplac.cat\/ens-adherim-a-la-manifestacio-convocada-per-la-plataforma-mai-mes-el-28-n\/\" \/>\n<meta property=\"og:site_name\" content=\"Esplac\" \/>\n<meta property=\"article:published_time\" content=\"2015-11-27T09:29:36+00:00\" \/>\n<meta property=\"og:image\" content=\"https:\/\/www.esplac.cat\/wp-content\/uploads\/2015\/11\/20151127_manif-maimes-28N.jpg\" \/>\n\t<meta property=\"og:image:width\" content=\"847\" \/>\n\t<meta property=\"og:image:height\" content=\"475\" \/>\n\t<meta property=\"og:image:type\" content=\"image\/jpeg\" \/>\n<meta name=\"author\" content=\"Comunicaci\u00f3 Esplac\" \/>\n<meta name=\"twitter:card\" content=\"summary_large_image\" \/>\n<meta name=\"twitter:label1\" content=\"Written by\" \/>\n\t<meta name=\"twitter:data1\" content=\"Comunicaci\u00f3 Esplac\" \/>\n\t<meta name=\"twitter:label2\" content=\"Est. reading time\" \/>\n\t<meta name=\"twitter:data2\" content=\"4 minutes\" \/>\n<script type=\"application\/ld+json\" class=\"yoast-schema-graph\">{\"@context\":\"https:\\\/\\\/schema.org\",\"@graph\":[{\"@type\":\"Article\",\"@id\":\"https:\\\/\\\/www.esplac.cat\\\/ens-adherim-a-la-manifestacio-convocada-per-la-plataforma-mai-mes-el-28-n\\\/#article\",\"isPartOf\":{\"@id\":\"https:\\\/\\\/www.esplac.cat\\\/ens-adherim-a-la-manifestacio-convocada-per-la-plataforma-mai-mes-el-28-n\\\/\"},\"author\":{\"name\":\"Comunicaci\u00f3 Esplac\",\"@id\":\"https:\\\/\\\/www.esplac.cat\\\/#\\\/schema\\\/person\\\/908383cf240be18b68f8855d0583faca\"},\"headline\":\"Ens adherim a la manifestaci\u00f3 convocada per la Plataforma Mai M\u00e9s el 28-N\",\"datePublished\":\"2015-11-27T09:29:36+00:00\",\"mainEntityOfPage\":{\"@id\":\"https:\\\/\\\/www.esplac.cat\\\/ens-adherim-a-la-manifestacio-convocada-per-la-plataforma-mai-mes-el-28-n\\\/\"},\"wordCount\":827,\"publisher\":{\"@id\":\"https:\\\/\\\/www.esplac.cat\\\/#organization\"},\"image\":{\"@id\":\"https:\\\/\\\/www.esplac.cat\\\/ens-adherim-a-la-manifestacio-convocada-per-la-plataforma-mai-mes-el-28-n\\\/#primaryimage\"},\"thumbnailUrl\":\"https:\\\/\\\/www.esplac.cat\\\/wp-content\\\/uploads\\\/2015\\\/11\\\/20151127_manif-maimes-28N.jpg\",\"keywords\":[\"manifestaci\u00f3\",\"No a la guerra\",\"Plataforma Mai m\u00e9s\",\"posicionament\"],\"articleSection\":[\"Comunicats i posicionaments\",\"Sense categoria\"],\"inLanguage\":\"en-US\"},{\"@type\":\"WebPage\",\"@id\":\"https:\\\/\\\/www.esplac.cat\\\/ens-adherim-a-la-manifestacio-convocada-per-la-plataforma-mai-mes-el-28-n\\\/\",\"url\":\"https:\\\/\\\/www.esplac.cat\\\/ens-adherim-a-la-manifestacio-convocada-per-la-plataforma-mai-mes-el-28-n\\\/\",\"name\":\"Ens adherim a la manifestaci\u00f3 convocada per la Plataforma Mai M\u00e9s el 28-N - Esplac\",\"isPartOf\":{\"@id\":\"https:\\\/\\\/www.esplac.cat\\\/#website\"},\"primaryImageOfPage\":{\"@id\":\"https:\\\/\\\/www.esplac.cat\\\/ens-adherim-a-la-manifestacio-convocada-per-la-plataforma-mai-mes-el-28-n\\\/#primaryimage\"},\"image\":{\"@id\":\"https:\\\/\\\/www.esplac.cat\\\/ens-adherim-a-la-manifestacio-convocada-per-la-plataforma-mai-mes-el-28-n\\\/#primaryimage\"},\"thumbnailUrl\":\"https:\\\/\\\/www.esplac.cat\\\/wp-content\\\/uploads\\\/2015\\\/11\\\/20151127_manif-maimes-28N.jpg\",\"datePublished\":\"2015-11-27T09:29:36+00:00\",\"breadcrumb\":{\"@id\":\"https:\\\/\\\/www.esplac.cat\\\/ens-adherim-a-la-manifestacio-convocada-per-la-plataforma-mai-mes-el-28-n\\\/#breadcrumb\"},\"inLanguage\":\"en-US\",\"potentialAction\":[{\"@type\":\"ReadAction\",\"target\":[\"https:\\\/\\\/www.esplac.cat\\\/ens-adherim-a-la-manifestacio-convocada-per-la-plataforma-mai-mes-el-28-n\\\/\"]}]},{\"@type\":\"ImageObject\",\"inLanguage\":\"en-US\",\"@id\":\"https:\\\/\\\/www.esplac.cat\\\/ens-adherim-a-la-manifestacio-convocada-per-la-plataforma-mai-mes-el-28-n\\\/#primaryimage\",\"url\":\"https:\\\/\\\/www.esplac.cat\\\/wp-content\\\/uploads\\\/2015\\\/11\\\/20151127_manif-maimes-28N.jpg\",\"contentUrl\":\"https:\\\/\\\/www.esplac.cat\\\/wp-content\\\/uploads\\\/2015\\\/11\\\/20151127_manif-maimes-28N.jpg\",\"width\":847,\"height\":475},{\"@type\":\"BreadcrumbList\",\"@id\":\"https:\\\/\\\/www.esplac.cat\\\/ens-adherim-a-la-manifestacio-convocada-per-la-plataforma-mai-mes-el-28-n\\\/#breadcrumb\",\"itemListElement\":[{\"@type\":\"ListItem\",\"position\":1,\"name\":\"Inici\",\"item\":\"https:\\\/\\\/www.esplac.cat\\\/en\\\/\"},{\"@type\":\"ListItem\",\"position\":2,\"name\":\"Ens adherim a la manifestaci\u00f3 convocada per la Plataforma Mai M\u00e9s el 28-N\"}]},{\"@type\":\"WebSite\",\"@id\":\"https:\\\/\\\/www.esplac.cat\\\/#website\",\"url\":\"https:\\\/\\\/www.esplac.cat\\\/\",\"name\":\"Esplac\",\"description\":\"Esplais Catalans\",\"publisher\":{\"@id\":\"https:\\\/\\\/www.esplac.cat\\\/#organization\"},\"potentialAction\":[{\"@type\":\"SearchAction\",\"target\":{\"@type\":\"EntryPoint\",\"urlTemplate\":\"https:\\\/\\\/www.esplac.cat\\\/?s={search_term_string}\"},\"query-input\":{\"@type\":\"PropertyValueSpecification\",\"valueRequired\":true,\"valueName\":\"search_term_string\"}}],\"inLanguage\":\"en-US\"},{\"@type\":\"Organization\",\"@id\":\"https:\\\/\\\/www.esplac.cat\\\/#organization\",\"name\":\"Esplac\",\"url\":\"https:\\\/\\\/www.esplac.cat\\\/\",\"logo\":{\"@type\":\"ImageObject\",\"inLanguage\":\"en-US\",\"@id\":\"https:\\\/\\\/www.esplac.cat\\\/#\\\/schema\\\/logo\\\/image\\\/\",\"url\":\"https:\\\/\\\/www.esplac.cat\\\/wp-content\\\/uploads\\\/2019\\\/08\\\/logox2.png\",\"contentUrl\":\"https:\\\/\\\/www.esplac.cat\\\/wp-content\\\/uploads\\\/2019\\\/08\\\/logox2.png\",\"width\":600,\"height\":295,\"caption\":\"Esplac\"},\"image\":{\"@id\":\"https:\\\/\\\/www.esplac.cat\\\/#\\\/schema\\\/logo\\\/image\\\/\"}},{\"@type\":\"Person\",\"@id\":\"https:\\\/\\\/www.esplac.cat\\\/#\\\/schema\\\/person\\\/908383cf240be18b68f8855d0583faca\",\"name\":\"Comunicaci\u00f3 Esplac\",\"image\":{\"@type\":\"ImageObject\",\"inLanguage\":\"en-US\",\"@id\":\"https:\\\/\\\/secure.gravatar.com\\\/avatar\\\/7a4cf8feb412a76ea4a740ca02d95b06b2907b5a6c648c2dd0a1082a093c3141?s=96&d=mm&r=g\",\"url\":\"https:\\\/\\\/secure.gravatar.com\\\/avatar\\\/7a4cf8feb412a76ea4a740ca02d95b06b2907b5a6c648c2dd0a1082a093c3141?s=96&d=mm&r=g\",\"contentUrl\":\"https:\\\/\\\/secure.gravatar.com\\\/avatar\\\/7a4cf8feb412a76ea4a740ca02d95b06b2907b5a6c648c2dd0a1082a093c3141?s=96&d=mm&r=g\",\"caption\":\"Comunicaci\u00f3 Esplac\"}}]}<\/script>\n<!-- \/ Yoast SEO plugin. -->","yoast_head_json":{"title":"Ens adherim a la manifestaci\u00f3 convocada per la Plataforma Mai M\u00e9s el 28-N - Esplac","robots":{"index":"index","follow":"follow","max-snippet":"max-snippet:-1","max-image-preview":"max-image-preview:large","max-video-preview":"max-video-preview:-1"},"canonical":"https:\/\/www.esplac.cat\/ens-adherim-a-la-manifestacio-convocada-per-la-plataforma-mai-mes-el-28-n\/","og_locale":"en_US","og_type":"article","og_title":"Ens adherim a la manifestaci\u00f3 convocada per la Plataforma Mai M\u00e9s el 28-N - Esplac","og_description":"La manifestaci\u00f3, convocada dissabte 28 de novembre a les 17h [&hellip;]","og_url":"https:\/\/www.esplac.cat\/ens-adherim-a-la-manifestacio-convocada-per-la-plataforma-mai-mes-el-28-n\/","og_site_name":"Esplac","article_published_time":"2015-11-27T09:29:36+00:00","og_image":[{"width":847,"height":475,"url":"https:\/\/www.esplac.cat\/wp-content\/uploads\/2015\/11\/20151127_manif-maimes-28N.jpg","type":"image\/jpeg"}],"author":"Comunicaci\u00f3 Esplac","twitter_card":"summary_large_image","twitter_misc":{"Written by":"Comunicaci\u00f3 Esplac","Est. reading time":"4 minutes"},"schema":{"@context":"https:\/\/schema.org","@graph":[{"@type":"Article","@id":"https:\/\/www.esplac.cat\/ens-adherim-a-la-manifestacio-convocada-per-la-plataforma-mai-mes-el-28-n\/#article","isPartOf":{"@id":"https:\/\/www.esplac.cat\/ens-adherim-a-la-manifestacio-convocada-per-la-plataforma-mai-mes-el-28-n\/"},"author":{"name":"Comunicaci\u00f3 Esplac","@id":"https:\/\/www.esplac.cat\/#\/schema\/person\/908383cf240be18b68f8855d0583faca"},"headline":"Ens adherim a la manifestaci\u00f3 convocada per la Plataforma Mai M\u00e9s el 28-N","datePublished":"2015-11-27T09:29:36+00:00","mainEntityOfPage":{"@id":"https:\/\/www.esplac.cat\/ens-adherim-a-la-manifestacio-convocada-per-la-plataforma-mai-mes-el-28-n\/"},"wordCount":827,"publisher":{"@id":"https:\/\/www.esplac.cat\/#organization"},"image":{"@id":"https:\/\/www.esplac.cat\/ens-adherim-a-la-manifestacio-convocada-per-la-plataforma-mai-mes-el-28-n\/#primaryimage"},"thumbnailUrl":"https:\/\/www.esplac.cat\/wp-content\/uploads\/2015\/11\/20151127_manif-maimes-28N.jpg","keywords":["manifestaci\u00f3","No a la guerra","Plataforma Mai m\u00e9s","posicionament"],"articleSection":["Comunicats i posicionaments","Sense categoria"],"inLanguage":"en-US"},{"@type":"WebPage","@id":"https:\/\/www.esplac.cat\/ens-adherim-a-la-manifestacio-convocada-per-la-plataforma-mai-mes-el-28-n\/","url":"https:\/\/www.esplac.cat\/ens-adherim-a-la-manifestacio-convocada-per-la-plataforma-mai-mes-el-28-n\/","name":"Ens adherim a la manifestaci\u00f3 convocada per la Plataforma Mai M\u00e9s el 28-N - Esplac","isPartOf":{"@id":"https:\/\/www.esplac.cat\/#website"},"primaryImageOfPage":{"@id":"https:\/\/www.esplac.cat\/ens-adherim-a-la-manifestacio-convocada-per-la-plataforma-mai-mes-el-28-n\/#primaryimage"},"image":{"@id":"https:\/\/www.esplac.cat\/ens-adherim-a-la-manifestacio-convocada-per-la-plataforma-mai-mes-el-28-n\/#primaryimage"},"thumbnailUrl":"https:\/\/www.esplac.cat\/wp-content\/uploads\/2015\/11\/20151127_manif-maimes-28N.jpg","datePublished":"2015-11-27T09:29:36+00:00","breadcrumb":{"@id":"https:\/\/www.esplac.cat\/ens-adherim-a-la-manifestacio-convocada-per-la-plataforma-mai-mes-el-28-n\/#breadcrumb"},"inLanguage":"en-US","potentialAction":[{"@type":"ReadAction","target":["https:\/\/www.esplac.cat\/ens-adherim-a-la-manifestacio-convocada-per-la-plataforma-mai-mes-el-28-n\/"]}]},{"@type":"ImageObject","inLanguage":"en-US","@id":"https:\/\/www.esplac.cat\/ens-adherim-a-la-manifestacio-convocada-per-la-plataforma-mai-mes-el-28-n\/#primaryimage","url":"https:\/\/www.esplac.cat\/wp-content\/uploads\/2015\/11\/20151127_manif-maimes-28N.jpg","contentUrl":"https:\/\/www.esplac.cat\/wp-content\/uploads\/2015\/11\/20151127_manif-maimes-28N.jpg","width":847,"height":475},{"@type":"BreadcrumbList","@id":"https:\/\/www.esplac.cat\/ens-adherim-a-la-manifestacio-convocada-per-la-plataforma-mai-mes-el-28-n\/#breadcrumb","itemListElement":[{"@type":"ListItem","position":1,"name":"Inici","item":"https:\/\/www.esplac.cat\/en\/"},{"@type":"ListItem","position":2,"name":"Ens adherim a la manifestaci\u00f3 convocada per la Plataforma Mai M\u00e9s el 28-N"}]},{"@type":"WebSite","@id":"https:\/\/www.esplac.cat\/#website","url":"https:\/\/www.esplac.cat\/","name":"Esplac","description":"Esplais Catalans","publisher":{"@id":"https:\/\/www.esplac.cat\/#organization"},"potentialAction":[{"@type":"SearchAction","target":{"@type":"EntryPoint","urlTemplate":"https:\/\/www.esplac.cat\/?s={search_term_string}"},"query-input":{"@type":"PropertyValueSpecification","valueRequired":true,"valueName":"search_term_string"}}],"inLanguage":"en-US"},{"@type":"Organization","@id":"https:\/\/www.esplac.cat\/#organization","name":"Esplac","url":"https:\/\/www.esplac.cat\/","logo":{"@type":"ImageObject","inLanguage":"en-US","@id":"https:\/\/www.esplac.cat\/#\/schema\/logo\/image\/","url":"https:\/\/www.esplac.cat\/wp-content\/uploads\/2019\/08\/logox2.png","contentUrl":"https:\/\/www.esplac.cat\/wp-content\/uploads\/2019\/08\/logox2.png","width":600,"height":295,"caption":"Esplac"},"image":{"@id":"https:\/\/www.esplac.cat\/#\/schema\/logo\/image\/"}},{"@type":"Person","@id":"https:\/\/www.esplac.cat\/#\/schema\/person\/908383cf240be18b68f8855d0583faca","name":"Comunicaci\u00f3 Esplac","image":{"@type":"ImageObject","inLanguage":"en-US","@id":"https:\/\/secure.gravatar.com\/avatar\/7a4cf8feb412a76ea4a740ca02d95b06b2907b5a6c648c2dd0a1082a093c3141?s=96&d=mm&r=g","url":"https:\/\/secure.gravatar.com\/avatar\/7a4cf8feb412a76ea4a740ca02d95b06b2907b5a6c648c2dd0a1082a093c3141?s=96&d=mm&r=g","contentUrl":"https:\/\/secure.gravatar.com\/avatar\/7a4cf8feb412a76ea4a740ca02d95b06b2907b5a6c648c2dd0a1082a093c3141?s=96&d=mm&r=g","caption":"Comunicaci\u00f3 Esplac"}}]}},"_links":{"self":[{"href":"https:\/\/www.esplac.cat\/en\/wp-json\/wp\/v2\/posts\/25459","targetHints":{"allow":["GET"]}}],"collection":[{"href":"https:\/\/www.esplac.cat\/en\/wp-json\/wp\/v2\/posts"}],"about":[{"href":"https:\/\/www.esplac.cat\/en\/wp-json\/wp\/v2\/types\/post"}],"author":[{"embeddable":true,"href":"https:\/\/www.esplac.cat\/en\/wp-json\/wp\/v2\/users\/3"}],"replies":[{"embeddable":true,"href":"https:\/\/www.esplac.cat\/en\/wp-json\/wp\/v2\/comments?post=25459"}],"version-history":[{"count":0,"href":"https:\/\/www.esplac.cat\/en\/wp-json\/wp\/v2\/posts\/25459\/revisions"}],"wp:featuredmedia":[{"embeddable":true,"href":"https:\/\/www.esplac.cat\/en\/wp-json\/wp\/v2\/media\/25460"}],"wp:attachment":[{"href":"https:\/\/www.esplac.cat\/en\/wp-json\/wp\/v2\/media?parent=25459"}],"wp:term":[{"taxonomy":"category","embeddable":true,"href":"https:\/\/www.esplac.cat\/en\/wp-json\/wp\/v2\/categories?post=25459"},{"taxonomy":"post_tag","embeddable":true,"href":"https:\/\/www.esplac.cat\/en\/wp-json\/wp\/v2\/tags?post=25459"}],"curies":[{"name":"wp","href":"https:\/\/api.w.org\/{rel}","templated":true}]}}