{"id":25463,"date":"2015-11-20T09:50:37","date_gmt":"2015-11-20T07:50:37","guid":{"rendered":"http:\/\/esplac.cat\/?p=9210"},"modified":"2019-11-14T13:38:38","modified_gmt":"2019-11-14T11:38:38","slug":"la-darrera-reunio-del-presidium-de-lifm-sei-sha-celebrat-al-masnou","status":"publish","type":"post","link":"https:\/\/www.esplac.cat\/en\/la-darrera-reunio-del-presidium-de-lifm-sei-sha-celebrat-al-masnou\/","title":{"rendered":"La darrera reuni\u00f3 del Presidium de l\u2019IFM-SEI s\u2019ha celebrat al Masnou"},"content":{"rendered":"<p style=\"text-align: justify;\"><span style=\"font-weight: 400;\">El passat cap de setmana es va celebrar a l&#8217;alberg del Masnou la reuni\u00f3 del Presidium del IFM-SEi. Aquestes reunions es celebren 4 cops l&#8217;any: dos presencialment i dos per via telem\u00e0tica. El Presidium \u00e9s l&#8217;\u00f2rgan que executa els mandats del congr\u00e9s celebrat cada 3 anys. En comparaci\u00f3 amb l&#8217;estructura d&#8217;Esplac, seria l\u2019equivalent de l&#8217;equip de direcci\u00f3.<\/span><\/p>\n<p style=\"text-align: justify;\"><span style=\"font-weight: 400;\">El 2016 ser\u00e0 un any molt important per el IFM-SEI ja que se celebrar\u00e0 a Alemanya, del 23 de juliol al 5 d&#8217;agost, el campament internacional, a on totes les entitats d\u2019aquesta plataforma estan convidades a participar. Segurament ja n\u2019haureu llegit altres articles al web d\u2019Esplac.<\/span><\/p>\n<p style=\"text-align: justify;\"><span style=\"font-weight: 400;\">A m\u00e9s del campament internacional, es va parlar sobre temes tan diversos com en quin moment estan les relacions amb les altres plataformes de joventut mundial, les institucions que treballen temes de joventut i inf\u00e0ncia o fins i tot l&#8217;estat de les entitats a cadascuna de les regions on el IFM-SEI t\u00e9 representaci\u00f3. Aix\u00f2 \u00e9s Am\u00e8rica del sud i Am\u00e8rica central, \u00c0sia, Orient Mitj\u00e0, Africa i Europa.<\/span><\/p>\n<p style=\"text-align: justify;\">Es van avaluar alguns dels projectes que s&#8217;han portat a terme, com el de Servei de Voluntariat Europeu (Partnership for education) o projectes com el Peace Education.<\/p>\n<p style=\"text-align: justify;\"><span style=\"font-weight: 400;\">L\u2019IFM-SEI tamb\u00e9 treballa per poder dur a terme projectes el 2016 el finan\u00e7ament del qual dep\u00e8n del de la Comissi\u00f3 Europea i que es resoldr\u00e0 a mitjans de desembre 2015.<\/span><\/p>\n<p style=\"text-align: justify;\"><span style=\"font-weight: 400;\">Si voleu saber-ne m\u00e9s de com va anar el Presidium o quins projectes de l&#8217;IFM-SEI poden gaudir els esplais, veniu a la comissi\u00f3 internacional i seguim treballant per teixir xarxa arreu del m\u00f3n.<\/span><\/p>\n<p style=\"text-align: justify;\">\n<p style=\"text-align: justify;\">\n<p style=\"text-align: justify;\">\n","protected":false},"excerpt":{"rendered":"<p>El passat cap de setmana es va celebrar a l&#8217;alberg [&hellip;]<\/p>\n","protected":false},"author":3,"featured_media":25464,"comment_status":"closed","ping_status":"open","sticky":false,"template":"","format":"standard","meta":{"om_disable_all_campaigns":false,"_monsterinsights_skip_tracking":false,"_monsterinsights_sitenote_active":false,"_monsterinsights_sitenote_note":"","_monsterinsights_sitenote_category":0,"_uf_show_specific_survey":0,"_uf_disable_surveys":false,"footnotes":""},"categories":[1112,1167,1],"tags":[59,555,608],"class_list":["post-25463","post","type-post","status-publish","format-standard","has-post-thumbnail","hentry","category-esplac-al-mon","category-infancia","category-sense-categoria","tag-ifm-sei","tag-internacional","tag-presidium"],"yoast_head":"<!-- This site is optimized with the Yoast SEO plugin v27.5 - https:\/\/yoast.com\/product\/yoast-seo-wordpress\/ -->\n<title>La darrera reuni\u00f3 del Presidium de l\u2019IFM-SEI s\u2019ha celebrat al Masnou - Esplac<\/title>\n<meta name=\"robots\" content=\"index, follow, max-snippet:-1, max-image-preview:large, max-video-preview:-1\" \/>\n<link rel=\"canonical\" href=\"https:\/\/www.esplac.cat\/la-darrera-reunio-del-presidium-de-lifm-sei-sha-celebrat-al-masnou\/\" \/>\n<meta property=\"og:locale\" content=\"en_US\" \/>\n<meta property=\"og:type\" content=\"article\" \/>\n<meta property=\"og:title\" content=\"La darrera reuni\u00f3 del Presidium de l\u2019IFM-SEI s\u2019ha celebrat al Masnou - Esplac\" \/>\n<meta property=\"og:description\" content=\"El passat cap de setmana es va celebrar a l&#8217;alberg [&hellip;]\" \/>\n<meta property=\"og:url\" content=\"https:\/\/www.esplac.cat\/la-darrera-reunio-del-presidium-de-lifm-sei-sha-celebrat-al-masnou\/\" \/>\n<meta property=\"og:site_name\" content=\"Esplac\" \/>\n<meta property=\"article:published_time\" content=\"2015-11-20T07:50:37+00:00\" \/>\n<meta property=\"article:modified_time\" content=\"2019-11-14T11:38:38+00:00\" \/>\n<meta property=\"og:image\" content=\"https:\/\/www.esplac.cat\/wp-content\/uploads\/2015\/11\/Noti_IFM.jpg\" \/>\n\t<meta property=\"og:image:width\" content=\"857\" \/>\n\t<meta property=\"og:image:height\" content=\"350\" \/>\n\t<meta property=\"og:image:type\" content=\"image\/jpeg\" \/>\n<meta name=\"author\" content=\"Comunicaci\u00f3 Esplac\" \/>\n<meta name=\"twitter:card\" content=\"summary_large_image\" \/>\n<meta name=\"twitter:label1\" content=\"Written by\" \/>\n\t<meta name=\"twitter:data1\" content=\"Comunicaci\u00f3 Esplac\" \/>\n\t<meta name=\"twitter:label2\" content=\"Est. reading time\" \/>\n\t<meta name=\"twitter:data2\" content=\"1 minute\" \/>\n<script type=\"application\/ld+json\" class=\"yoast-schema-graph\">{\"@context\":\"https:\\\/\\\/schema.org\",\"@graph\":[{\"@type\":\"Article\",\"@id\":\"https:\\\/\\\/www.esplac.cat\\\/la-darrera-reunio-del-presidium-de-lifm-sei-sha-celebrat-al-masnou\\\/#article\",\"isPartOf\":{\"@id\":\"https:\\\/\\\/www.esplac.cat\\\/la-darrera-reunio-del-presidium-de-lifm-sei-sha-celebrat-al-masnou\\\/\"},\"author\":{\"name\":\"Comunicaci\u00f3 Esplac\",\"@id\":\"https:\\\/\\\/www.esplac.cat\\\/#\\\/schema\\\/person\\\/908383cf240be18b68f8855d0583faca\"},\"headline\":\"La darrera reuni\u00f3 del Presidium de l\u2019IFM-SEI s\u2019ha celebrat al Masnou\",\"datePublished\":\"2015-11-20T07:50:37+00:00\",\"dateModified\":\"2019-11-14T11:38:38+00:00\",\"mainEntityOfPage\":{\"@id\":\"https:\\\/\\\/www.esplac.cat\\\/la-darrera-reunio-del-presidium-de-lifm-sei-sha-celebrat-al-masnou\\\/\"},\"wordCount\":291,\"publisher\":{\"@id\":\"https:\\\/\\\/www.esplac.cat\\\/#organization\"},\"image\":{\"@id\":\"https:\\\/\\\/www.esplac.cat\\\/la-darrera-reunio-del-presidium-de-lifm-sei-sha-celebrat-al-masnou\\\/#primaryimage\"},\"thumbnailUrl\":\"https:\\\/\\\/www.esplac.cat\\\/wp-content\\\/uploads\\\/2015\\\/11\\\/Noti_IFM.jpg\",\"keywords\":[\"IFM-SEI\",\"internacional\",\"Presidium\"],\"articleSection\":[\"Esplac al m\u00f3n\",\"Inf\u00e0ncia i Esplaiada\",\"Sense categoria\"],\"inLanguage\":\"en-US\"},{\"@type\":\"WebPage\",\"@id\":\"https:\\\/\\\/www.esplac.cat\\\/la-darrera-reunio-del-presidium-de-lifm-sei-sha-celebrat-al-masnou\\\/\",\"url\":\"https:\\\/\\\/www.esplac.cat\\\/la-darrera-reunio-del-presidium-de-lifm-sei-sha-celebrat-al-masnou\\\/\",\"name\":\"La darrera reuni\u00f3 del Presidium de l\u2019IFM-SEI s\u2019ha celebrat al Masnou - Esplac\",\"isPartOf\":{\"@id\":\"https:\\\/\\\/www.esplac.cat\\\/#website\"},\"primaryImageOfPage\":{\"@id\":\"https:\\\/\\\/www.esplac.cat\\\/la-darrera-reunio-del-presidium-de-lifm-sei-sha-celebrat-al-masnou\\\/#primaryimage\"},\"image\":{\"@id\":\"https:\\\/\\\/www.esplac.cat\\\/la-darrera-reunio-del-presidium-de-lifm-sei-sha-celebrat-al-masnou\\\/#primaryimage\"},\"thumbnailUrl\":\"https:\\\/\\\/www.esplac.cat\\\/wp-content\\\/uploads\\\/2015\\\/11\\\/Noti_IFM.jpg\",\"datePublished\":\"2015-11-20T07:50:37+00:00\",\"dateModified\":\"2019-11-14T11:38:38+00:00\",\"breadcrumb\":{\"@id\":\"https:\\\/\\\/www.esplac.cat\\\/la-darrera-reunio-del-presidium-de-lifm-sei-sha-celebrat-al-masnou\\\/#breadcrumb\"},\"inLanguage\":\"en-US\",\"potentialAction\":[{\"@type\":\"ReadAction\",\"target\":[\"https:\\\/\\\/www.esplac.cat\\\/la-darrera-reunio-del-presidium-de-lifm-sei-sha-celebrat-al-masnou\\\/\"]}]},{\"@type\":\"ImageObject\",\"inLanguage\":\"en-US\",\"@id\":\"https:\\\/\\\/www.esplac.cat\\\/la-darrera-reunio-del-presidium-de-lifm-sei-sha-celebrat-al-masnou\\\/#primaryimage\",\"url\":\"https:\\\/\\\/www.esplac.cat\\\/wp-content\\\/uploads\\\/2015\\\/11\\\/Noti_IFM.jpg\",\"contentUrl\":\"https:\\\/\\\/www.esplac.cat\\\/wp-content\\\/uploads\\\/2015\\\/11\\\/Noti_IFM.jpg\",\"width\":857,\"height\":350},{\"@type\":\"BreadcrumbList\",\"@id\":\"https:\\\/\\\/www.esplac.cat\\\/la-darrera-reunio-del-presidium-de-lifm-sei-sha-celebrat-al-masnou\\\/#breadcrumb\",\"itemListElement\":[{\"@type\":\"ListItem\",\"position\":1,\"name\":\"Inici\",\"item\":\"https:\\\/\\\/www.esplac.cat\\\/en\\\/\"},{\"@type\":\"ListItem\",\"position\":2,\"name\":\"La darrera reuni\u00f3 del Presidium de l\u2019IFM-SEI s\u2019ha celebrat al Masnou\"}]},{\"@type\":\"WebSite\",\"@id\":\"https:\\\/\\\/www.esplac.cat\\\/#website\",\"url\":\"https:\\\/\\\/www.esplac.cat\\\/\",\"name\":\"Esplac\",\"description\":\"Esplais Catalans\",\"publisher\":{\"@id\":\"https:\\\/\\\/www.esplac.cat\\\/#organization\"},\"potentialAction\":[{\"@type\":\"SearchAction\",\"target\":{\"@type\":\"EntryPoint\",\"urlTemplate\":\"https:\\\/\\\/www.esplac.cat\\\/?s={search_term_string}\"},\"query-input\":{\"@type\":\"PropertyValueSpecification\",\"valueRequired\":true,\"valueName\":\"search_term_string\"}}],\"inLanguage\":\"en-US\"},{\"@type\":\"Organization\",\"@id\":\"https:\\\/\\\/www.esplac.cat\\\/#organization\",\"name\":\"Esplac\",\"url\":\"https:\\\/\\\/www.esplac.cat\\\/\",\"logo\":{\"@type\":\"ImageObject\",\"inLanguage\":\"en-US\",\"@id\":\"https:\\\/\\\/www.esplac.cat\\\/#\\\/schema\\\/logo\\\/image\\\/\",\"url\":\"https:\\\/\\\/www.esplac.cat\\\/wp-content\\\/uploads\\\/2019\\\/08\\\/logox2.png\",\"contentUrl\":\"https:\\\/\\\/www.esplac.cat\\\/wp-content\\\/uploads\\\/2019\\\/08\\\/logox2.png\",\"width\":600,\"height\":295,\"caption\":\"Esplac\"},\"image\":{\"@id\":\"https:\\\/\\\/www.esplac.cat\\\/#\\\/schema\\\/logo\\\/image\\\/\"}},{\"@type\":\"Person\",\"@id\":\"https:\\\/\\\/www.esplac.cat\\\/#\\\/schema\\\/person\\\/908383cf240be18b68f8855d0583faca\",\"name\":\"Comunicaci\u00f3 Esplac\",\"image\":{\"@type\":\"ImageObject\",\"inLanguage\":\"en-US\",\"@id\":\"https:\\\/\\\/secure.gravatar.com\\\/avatar\\\/7a4cf8feb412a76ea4a740ca02d95b06b2907b5a6c648c2dd0a1082a093c3141?s=96&d=mm&r=g\",\"url\":\"https:\\\/\\\/secure.gravatar.com\\\/avatar\\\/7a4cf8feb412a76ea4a740ca02d95b06b2907b5a6c648c2dd0a1082a093c3141?s=96&d=mm&r=g\",\"contentUrl\":\"https:\\\/\\\/secure.gravatar.com\\\/avatar\\\/7a4cf8feb412a76ea4a740ca02d95b06b2907b5a6c648c2dd0a1082a093c3141?s=96&d=mm&r=g\",\"caption\":\"Comunicaci\u00f3 Esplac\"}}]}<\/script>\n<!-- \/ Yoast SEO plugin. -->","yoast_head_json":{"title":"La darrera reuni\u00f3 del Presidium de l\u2019IFM-SEI s\u2019ha celebrat al Masnou - Esplac","robots":{"index":"index","follow":"follow","max-snippet":"max-snippet:-1","max-image-preview":"max-image-preview:large","max-video-preview":"max-video-preview:-1"},"canonical":"https:\/\/www.esplac.cat\/la-darrera-reunio-del-presidium-de-lifm-sei-sha-celebrat-al-masnou\/","og_locale":"en_US","og_type":"article","og_title":"La darrera reuni\u00f3 del Presidium de l\u2019IFM-SEI s\u2019ha celebrat al Masnou - Esplac","og_description":"El passat cap de setmana es va celebrar a l&#8217;alberg [&hellip;]","og_url":"https:\/\/www.esplac.cat\/la-darrera-reunio-del-presidium-de-lifm-sei-sha-celebrat-al-masnou\/","og_site_name":"Esplac","article_published_time":"2015-11-20T07:50:37+00:00","article_modified_time":"2019-11-14T11:38:38+00:00","og_image":[{"width":857,"height":350,"url":"https:\/\/www.esplac.cat\/wp-content\/uploads\/2015\/11\/Noti_IFM.jpg","type":"image\/jpeg"}],"author":"Comunicaci\u00f3 Esplac","twitter_card":"summary_large_image","twitter_misc":{"Written by":"Comunicaci\u00f3 Esplac","Est. reading time":"1 minute"},"schema":{"@context":"https:\/\/schema.org","@graph":[{"@type":"Article","@id":"https:\/\/www.esplac.cat\/la-darrera-reunio-del-presidium-de-lifm-sei-sha-celebrat-al-masnou\/#article","isPartOf":{"@id":"https:\/\/www.esplac.cat\/la-darrera-reunio-del-presidium-de-lifm-sei-sha-celebrat-al-masnou\/"},"author":{"name":"Comunicaci\u00f3 Esplac","@id":"https:\/\/www.esplac.cat\/#\/schema\/person\/908383cf240be18b68f8855d0583faca"},"headline":"La darrera reuni\u00f3 del Presidium de l\u2019IFM-SEI s\u2019ha celebrat al Masnou","datePublished":"2015-11-20T07:50:37+00:00","dateModified":"2019-11-14T11:38:38+00:00","mainEntityOfPage":{"@id":"https:\/\/www.esplac.cat\/la-darrera-reunio-del-presidium-de-lifm-sei-sha-celebrat-al-masnou\/"},"wordCount":291,"publisher":{"@id":"https:\/\/www.esplac.cat\/#organization"},"image":{"@id":"https:\/\/www.esplac.cat\/la-darrera-reunio-del-presidium-de-lifm-sei-sha-celebrat-al-masnou\/#primaryimage"},"thumbnailUrl":"https:\/\/www.esplac.cat\/wp-content\/uploads\/2015\/11\/Noti_IFM.jpg","keywords":["IFM-SEI","internacional","Presidium"],"articleSection":["Esplac al m\u00f3n","Inf\u00e0ncia i Esplaiada","Sense categoria"],"inLanguage":"en-US"},{"@type":"WebPage","@id":"https:\/\/www.esplac.cat\/la-darrera-reunio-del-presidium-de-lifm-sei-sha-celebrat-al-masnou\/","url":"https:\/\/www.esplac.cat\/la-darrera-reunio-del-presidium-de-lifm-sei-sha-celebrat-al-masnou\/","name":"La darrera reuni\u00f3 del Presidium de l\u2019IFM-SEI s\u2019ha celebrat al Masnou - Esplac","isPartOf":{"@id":"https:\/\/www.esplac.cat\/#website"},"primaryImageOfPage":{"@id":"https:\/\/www.esplac.cat\/la-darrera-reunio-del-presidium-de-lifm-sei-sha-celebrat-al-masnou\/#primaryimage"},"image":{"@id":"https:\/\/www.esplac.cat\/la-darrera-reunio-del-presidium-de-lifm-sei-sha-celebrat-al-masnou\/#primaryimage"},"thumbnailUrl":"https:\/\/www.esplac.cat\/wp-content\/uploads\/2015\/11\/Noti_IFM.jpg","datePublished":"2015-11-20T07:50:37+00:00","dateModified":"2019-11-14T11:38:38+00:00","breadcrumb":{"@id":"https:\/\/www.esplac.cat\/la-darrera-reunio-del-presidium-de-lifm-sei-sha-celebrat-al-masnou\/#breadcrumb"},"inLanguage":"en-US","potentialAction":[{"@type":"ReadAction","target":["https:\/\/www.esplac.cat\/la-darrera-reunio-del-presidium-de-lifm-sei-sha-celebrat-al-masnou\/"]}]},{"@type":"ImageObject","inLanguage":"en-US","@id":"https:\/\/www.esplac.cat\/la-darrera-reunio-del-presidium-de-lifm-sei-sha-celebrat-al-masnou\/#primaryimage","url":"https:\/\/www.esplac.cat\/wp-content\/uploads\/2015\/11\/Noti_IFM.jpg","contentUrl":"https:\/\/www.esplac.cat\/wp-content\/uploads\/2015\/11\/Noti_IFM.jpg","width":857,"height":350},{"@type":"BreadcrumbList","@id":"https:\/\/www.esplac.cat\/la-darrera-reunio-del-presidium-de-lifm-sei-sha-celebrat-al-masnou\/#breadcrumb","itemListElement":[{"@type":"ListItem","position":1,"name":"Inici","item":"https:\/\/www.esplac.cat\/en\/"},{"@type":"ListItem","position":2,"name":"La darrera reuni\u00f3 del Presidium de l\u2019IFM-SEI s\u2019ha celebrat al Masnou"}]},{"@type":"WebSite","@id":"https:\/\/www.esplac.cat\/#website","url":"https:\/\/www.esplac.cat\/","name":"Esplac","description":"Esplais Catalans","publisher":{"@id":"https:\/\/www.esplac.cat\/#organization"},"potentialAction":[{"@type":"SearchAction","target":{"@type":"EntryPoint","urlTemplate":"https:\/\/www.esplac.cat\/?s={search_term_string}"},"query-input":{"@type":"PropertyValueSpecification","valueRequired":true,"valueName":"search_term_string"}}],"inLanguage":"en-US"},{"@type":"Organization","@id":"https:\/\/www.esplac.cat\/#organization","name":"Esplac","url":"https:\/\/www.esplac.cat\/","logo":{"@type":"ImageObject","inLanguage":"en-US","@id":"https:\/\/www.esplac.cat\/#\/schema\/logo\/image\/","url":"https:\/\/www.esplac.cat\/wp-content\/uploads\/2019\/08\/logox2.png","contentUrl":"https:\/\/www.esplac.cat\/wp-content\/uploads\/2019\/08\/logox2.png","width":600,"height":295,"caption":"Esplac"},"image":{"@id":"https:\/\/www.esplac.cat\/#\/schema\/logo\/image\/"}},{"@type":"Person","@id":"https:\/\/www.esplac.cat\/#\/schema\/person\/908383cf240be18b68f8855d0583faca","name":"Comunicaci\u00f3 Esplac","image":{"@type":"ImageObject","inLanguage":"en-US","@id":"https:\/\/secure.gravatar.com\/avatar\/7a4cf8feb412a76ea4a740ca02d95b06b2907b5a6c648c2dd0a1082a093c3141?s=96&d=mm&r=g","url":"https:\/\/secure.gravatar.com\/avatar\/7a4cf8feb412a76ea4a740ca02d95b06b2907b5a6c648c2dd0a1082a093c3141?s=96&d=mm&r=g","contentUrl":"https:\/\/secure.gravatar.com\/avatar\/7a4cf8feb412a76ea4a740ca02d95b06b2907b5a6c648c2dd0a1082a093c3141?s=96&d=mm&r=g","caption":"Comunicaci\u00f3 Esplac"}}]}},"_links":{"self":[{"href":"https:\/\/www.esplac.cat\/en\/wp-json\/wp\/v2\/posts\/25463","targetHints":{"allow":["GET"]}}],"collection":[{"href":"https:\/\/www.esplac.cat\/en\/wp-json\/wp\/v2\/posts"}],"about":[{"href":"https:\/\/www.esplac.cat\/en\/wp-json\/wp\/v2\/types\/post"}],"author":[{"embeddable":true,"href":"https:\/\/www.esplac.cat\/en\/wp-json\/wp\/v2\/users\/3"}],"replies":[{"embeddable":true,"href":"https:\/\/www.esplac.cat\/en\/wp-json\/wp\/v2\/comments?post=25463"}],"version-history":[{"count":0,"href":"https:\/\/www.esplac.cat\/en\/wp-json\/wp\/v2\/posts\/25463\/revisions"}],"wp:featuredmedia":[{"embeddable":true,"href":"https:\/\/www.esplac.cat\/en\/wp-json\/wp\/v2\/media\/25464"}],"wp:attachment":[{"href":"https:\/\/www.esplac.cat\/en\/wp-json\/wp\/v2\/media?parent=25463"}],"wp:term":[{"taxonomy":"category","embeddable":true,"href":"https:\/\/www.esplac.cat\/en\/wp-json\/wp\/v2\/categories?post=25463"},{"taxonomy":"post_tag","embeddable":true,"href":"https:\/\/www.esplac.cat\/en\/wp-json\/wp\/v2\/tags?post=25463"}],"curies":[{"name":"wp","href":"https:\/\/api.w.org\/{rel}","templated":true}]}}