{"id":25467,"date":"2015-11-18T09:29:46","date_gmt":"2015-11-18T07:29:46","guid":{"rendered":"http:\/\/esplac.cat\/?p=9162"},"modified":"2015-11-18T09:29:46","modified_gmt":"2015-11-18T07:29:46","slug":"dudi-baix-llobregat","status":"publish","type":"post","link":"https:\/\/www.esplac.cat\/en\/dudi-baix-llobregat\/","title":{"rendered":"La Diada Universal dels Drets dels Infants reunir\u00e0 gaireb\u00e9 500 infants i joves a Sant Esteve Sesrovires"},"content":{"rendered":"<h4 style=\"text-align: justify;\">Les activitats programades a m\u00e9s de la part l\u00fadica, volen promoure l&#8217;esperit cr\u00edtic al voltant dels Drets dels Infants.<\/h4>\n<p style=\"text-align: justify;\">Un any m\u00e9s, els esplais del sector Baix Llobregat s&#8217;han organitzat per celebrar conjuntament la Diada Universal dels Drets dels Infants, el DUDI. Enguany tindr\u00e0 lloc el 21 de novembre a Sant Esteve Sesrovires, on l&#8217;esplai Trapella acollir\u00e0 a gaireb\u00e9 500 participants, entre infants, joves i monitors i monitores de 7 esplais m\u00e9s (L&#8217;Agrupa, Greska, Pa amb Tom\u00e0quet, Arc de Sant Mart\u00ed de Torrelles, Peti ki Peti, Guspira i ASDIVI).<br \/>\nEl Sector Baix Llobregat ha treballat amb planificaci\u00f3 i molta organitzaci\u00f3 pr\u00e8via per fer d&#8217;aquesta diada un espai el m\u00e0xim de participatiu possible, per tal que els infants en siguin els grans protagonistes. L&#8217;activitat ha implicat molta organitzaci\u00f3 entre els esplais i la col\u00b7laboraci\u00f3 amb l&#8217;Ajuntament de Sant Esteve Sesrovires, el qual ha facilitat l&#8217;\u00fas dels espais i la infraestructura necess\u00e0ria.<br \/>\nEls esplais ho tenen clar, els Drets dels Infants es treballen cada dia, durant tot l&#8217;any, com a acci\u00f3 transversal del projecte educatiu. Tot i aix\u00ed, la celebraci\u00f3 del DUDI \u00e9s una bona ocasi\u00f3 per donar a con\u00e8ixer al poble la tasca dels esplais, fer visibles els drets dels infants i sensibilitzar a la societat que els drets cal con\u00e8ixer-los, posar-los en pr\u00e0ctica i defensar-los quan aquests es vulneren.<br \/>\nLa Jornada comen\u00e7ar\u00e0 a les 10 del mat\u00ed i finalitzar\u00e0 a les 17h de la tarda, amb tot un seguit d&#8217;activitats per als diferents grups d&#8217;infants i joves.<br \/>\nEl grup d&#8217;Infantil (P3-P5) treballar\u00e0 els drets dels infants a trav\u00e9s d&#8217;un centre d&#8217;inter\u00e8s que gira al voltant d&#8217;un conte, els infants hauran de buscar les p\u00e0gines d&#8217;aquest conte per anar-lo completant. La hist\u00f2ria del conte parla d&#8217;un nen, el Tarik, que ha hagut de marxar de S\u00edria com a refugiat, fugint de la guerra que pateixen a la seva terra. El tarik ha de passar per molts pa\u00efsos abans d&#8217;arribar a casa nostra, i en cada pa\u00eds se li vulnerar\u00e0 un dret. Els infants faran un joc relacionat amb cada un d&#8217;aquests drets (dret a l&#8217;habitatge, dreta a l&#8217;educaci\u00f3, dreta a la sanitat, dret al joc&#8230;) i alhora que juguen podran reflexionar sobre la import\u00e0ncia d&#8217;aquests drets.<br \/>\nEl grup de Petits i Mitjans (1r-6\u00e8 de prim\u00e0ria) viur\u00e0 un centre d&#8217;inter\u00e8s diferent, amb la hist\u00f2ria d&#8217;un pilot d&#8217;avi\u00f3, el qual \u00e9s l\u2019encarregat de portar els drets dels infants al DUDI. El pilot, a causa d&#8217;un petit accident, perdr\u00e0 els drets i els infants els hauran de recuperar o els perdran per sempre. Per fer-ho, hauran de superar un seguit de proves i, a mesura que les vagin resolent, aniran fent cam\u00ed fins arribar a un cofre amb un mapa que els dur\u00e0 al lloc on hi ha el llibre dels Drets dels Infants.<br \/>\nEl grup de Grans i Joves (Eso i Batxillerat) podran escollir entre uns tallers al mat\u00ed i uns tallers a la tarda, en funci\u00f3 de les seves motivacions i interessos. Enguany es vol refor\u00e7ar que el DUDI sigui alhora un espai de coneixen\u00e7a, d&#8217;intercanvi entre joves dels esplais del sector. Els tallers s\u00f3n molt diversos: Taller de castellers, de Rugby, de Muai Thai, de teles, de zumba i de percussi\u00f3.<br \/>\nA la tarda, els grups de Petits, Mitjans i Grans, aix\u00ed com tota aquella gent del poble que s&#8217;hi vulgui sumar, gaudiran de l&#8217;espectacle esbojarrat i divertit del Grup d&#8217;animaci\u00f3 Amb\u00e4ukatun\u00e0bia. Amb ells, el 21 de novembre els infants, joves, monitors i monitores cridaran junts tenim veu, tenim drets!<\/p>\n<p style=\"text-align: justify;\"><a href=\"http:\/\/esplac.cat\/wp-content\/uploads\/2015\/11\/Cartell20n_BL_2015_web.jpg\"><img decoding=\"async\" class=\"aligncenter wp-image-9163 size-large\" src=\"http:\/\/esplac.cat\/wp-content\/uploads\/2015\/11\/Cartell20n_BL_2015_web-724x1024.jpg\" alt=\"Cartell20n_BL_2015_web\" width=\"724\" height=\"1024\" \/><\/a><\/p>\n","protected":false},"excerpt":{"rendered":"<p>Les activitats programades a m\u00e9s de la part l\u00fadica, volen [&hellip;]<\/p>\n","protected":false},"author":3,"featured_media":25468,"comment_status":"closed","ping_status":"open","sticky":false,"template":"","format":"standard","meta":{"om_disable_all_campaigns":false,"_monsterinsights_skip_tracking":false,"_monsterinsights_sitenote_active":false,"_monsterinsights_sitenote_note":"","_monsterinsights_sitenote_category":0,"_uf_show_specific_survey":0,"_uf_disable_surveys":false,"footnotes":""},"categories":[1110,1124],"tags":[],"class_list":["post-25467","post","type-post","status-publish","format-standard","has-post-thumbnail","hentry","category-activitats-sectors","category-sector-baix-llobregat"],"yoast_head":"<!-- This site is optimized with the Yoast SEO plugin v27.5 - https:\/\/yoast.com\/product\/yoast-seo-wordpress\/ -->\n<title>La Diada Universal dels Drets dels Infants reunir\u00e0 gaireb\u00e9 500 infants i joves a Sant Esteve Sesrovires - Esplac<\/title>\n<meta name=\"robots\" content=\"index, follow, max-snippet:-1, max-image-preview:large, max-video-preview:-1\" \/>\n<link rel=\"canonical\" href=\"https:\/\/www.esplac.cat\/dudi-baix-llobregat\/\" \/>\n<meta property=\"og:locale\" content=\"en_US\" \/>\n<meta property=\"og:type\" content=\"article\" \/>\n<meta property=\"og:title\" content=\"La Diada Universal dels Drets dels Infants reunir\u00e0 gaireb\u00e9 500 infants i joves a Sant Esteve Sesrovires - Esplac\" \/>\n<meta property=\"og:description\" content=\"Les activitats programades a m\u00e9s de la part l\u00fadica, volen [&hellip;]\" \/>\n<meta property=\"og:url\" content=\"https:\/\/www.esplac.cat\/dudi-baix-llobregat\/\" \/>\n<meta property=\"og:site_name\" content=\"Esplac\" \/>\n<meta property=\"article:published_time\" content=\"2015-11-18T07:29:46+00:00\" \/>\n<meta property=\"og:image\" content=\"https:\/\/www.esplac.cat\/wp-content\/uploads\/2015\/11\/DUDI_BL.jpg\" \/>\n\t<meta property=\"og:image:width\" content=\"847\" \/>\n\t<meta property=\"og:image:height\" content=\"350\" \/>\n\t<meta property=\"og:image:type\" content=\"image\/jpeg\" \/>\n<meta name=\"author\" content=\"Comunicaci\u00f3 Esplac\" \/>\n<meta name=\"twitter:card\" content=\"summary_large_image\" \/>\n<meta name=\"twitter:label1\" content=\"Written by\" \/>\n\t<meta name=\"twitter:data1\" content=\"Comunicaci\u00f3 Esplac\" \/>\n\t<meta name=\"twitter:label2\" content=\"Est. reading time\" \/>\n\t<meta name=\"twitter:data2\" content=\"3 minutes\" \/>\n<script type=\"application\/ld+json\" class=\"yoast-schema-graph\">{\"@context\":\"https:\\\/\\\/schema.org\",\"@graph\":[{\"@type\":\"Article\",\"@id\":\"https:\\\/\\\/www.esplac.cat\\\/dudi-baix-llobregat\\\/#article\",\"isPartOf\":{\"@id\":\"https:\\\/\\\/www.esplac.cat\\\/dudi-baix-llobregat\\\/\"},\"author\":{\"name\":\"Comunicaci\u00f3 Esplac\",\"@id\":\"https:\\\/\\\/www.esplac.cat\\\/#\\\/schema\\\/person\\\/908383cf240be18b68f8855d0583faca\"},\"headline\":\"La Diada Universal dels Drets dels Infants reunir\u00e0 gaireb\u00e9 500 infants i joves a Sant Esteve Sesrovires\",\"datePublished\":\"2015-11-18T07:29:46+00:00\",\"mainEntityOfPage\":{\"@id\":\"https:\\\/\\\/www.esplac.cat\\\/dudi-baix-llobregat\\\/\"},\"wordCount\":652,\"publisher\":{\"@id\":\"https:\\\/\\\/www.esplac.cat\\\/#organization\"},\"image\":{\"@id\":\"https:\\\/\\\/www.esplac.cat\\\/dudi-baix-llobregat\\\/#primaryimage\"},\"thumbnailUrl\":\"https:\\\/\\\/www.esplac.cat\\\/wp-content\\\/uploads\\\/2015\\\/11\\\/DUDI_BL.jpg\",\"articleSection\":[\"Activitats sectors\",\"Sector Baix Llobregat\"],\"inLanguage\":\"en-US\"},{\"@type\":\"WebPage\",\"@id\":\"https:\\\/\\\/www.esplac.cat\\\/dudi-baix-llobregat\\\/\",\"url\":\"https:\\\/\\\/www.esplac.cat\\\/dudi-baix-llobregat\\\/\",\"name\":\"La Diada Universal dels Drets dels Infants reunir\u00e0 gaireb\u00e9 500 infants i joves a Sant Esteve Sesrovires - Esplac\",\"isPartOf\":{\"@id\":\"https:\\\/\\\/www.esplac.cat\\\/#website\"},\"primaryImageOfPage\":{\"@id\":\"https:\\\/\\\/www.esplac.cat\\\/dudi-baix-llobregat\\\/#primaryimage\"},\"image\":{\"@id\":\"https:\\\/\\\/www.esplac.cat\\\/dudi-baix-llobregat\\\/#primaryimage\"},\"thumbnailUrl\":\"https:\\\/\\\/www.esplac.cat\\\/wp-content\\\/uploads\\\/2015\\\/11\\\/DUDI_BL.jpg\",\"datePublished\":\"2015-11-18T07:29:46+00:00\",\"breadcrumb\":{\"@id\":\"https:\\\/\\\/www.esplac.cat\\\/dudi-baix-llobregat\\\/#breadcrumb\"},\"inLanguage\":\"en-US\",\"potentialAction\":[{\"@type\":\"ReadAction\",\"target\":[\"https:\\\/\\\/www.esplac.cat\\\/dudi-baix-llobregat\\\/\"]}]},{\"@type\":\"ImageObject\",\"inLanguage\":\"en-US\",\"@id\":\"https:\\\/\\\/www.esplac.cat\\\/dudi-baix-llobregat\\\/#primaryimage\",\"url\":\"https:\\\/\\\/www.esplac.cat\\\/wp-content\\\/uploads\\\/2015\\\/11\\\/DUDI_BL.jpg\",\"contentUrl\":\"https:\\\/\\\/www.esplac.cat\\\/wp-content\\\/uploads\\\/2015\\\/11\\\/DUDI_BL.jpg\",\"width\":847,\"height\":350},{\"@type\":\"BreadcrumbList\",\"@id\":\"https:\\\/\\\/www.esplac.cat\\\/dudi-baix-llobregat\\\/#breadcrumb\",\"itemListElement\":[{\"@type\":\"ListItem\",\"position\":1,\"name\":\"Inici\",\"item\":\"https:\\\/\\\/www.esplac.cat\\\/en\\\/\"},{\"@type\":\"ListItem\",\"position\":2,\"name\":\"La Diada Universal dels Drets dels Infants reunir\u00e0 gaireb\u00e9 500 infants i joves a Sant Esteve Sesrovires\"}]},{\"@type\":\"WebSite\",\"@id\":\"https:\\\/\\\/www.esplac.cat\\\/#website\",\"url\":\"https:\\\/\\\/www.esplac.cat\\\/\",\"name\":\"Esplac\",\"description\":\"Esplais Catalans\",\"publisher\":{\"@id\":\"https:\\\/\\\/www.esplac.cat\\\/#organization\"},\"potentialAction\":[{\"@type\":\"SearchAction\",\"target\":{\"@type\":\"EntryPoint\",\"urlTemplate\":\"https:\\\/\\\/www.esplac.cat\\\/?s={search_term_string}\"},\"query-input\":{\"@type\":\"PropertyValueSpecification\",\"valueRequired\":true,\"valueName\":\"search_term_string\"}}],\"inLanguage\":\"en-US\"},{\"@type\":\"Organization\",\"@id\":\"https:\\\/\\\/www.esplac.cat\\\/#organization\",\"name\":\"Esplac\",\"url\":\"https:\\\/\\\/www.esplac.cat\\\/\",\"logo\":{\"@type\":\"ImageObject\",\"inLanguage\":\"en-US\",\"@id\":\"https:\\\/\\\/www.esplac.cat\\\/#\\\/schema\\\/logo\\\/image\\\/\",\"url\":\"https:\\\/\\\/www.esplac.cat\\\/wp-content\\\/uploads\\\/2019\\\/08\\\/logox2.png\",\"contentUrl\":\"https:\\\/\\\/www.esplac.cat\\\/wp-content\\\/uploads\\\/2019\\\/08\\\/logox2.png\",\"width\":600,\"height\":295,\"caption\":\"Esplac\"},\"image\":{\"@id\":\"https:\\\/\\\/www.esplac.cat\\\/#\\\/schema\\\/logo\\\/image\\\/\"}},{\"@type\":\"Person\",\"@id\":\"https:\\\/\\\/www.esplac.cat\\\/#\\\/schema\\\/person\\\/908383cf240be18b68f8855d0583faca\",\"name\":\"Comunicaci\u00f3 Esplac\",\"image\":{\"@type\":\"ImageObject\",\"inLanguage\":\"en-US\",\"@id\":\"https:\\\/\\\/secure.gravatar.com\\\/avatar\\\/7a4cf8feb412a76ea4a740ca02d95b06b2907b5a6c648c2dd0a1082a093c3141?s=96&d=mm&r=g\",\"url\":\"https:\\\/\\\/secure.gravatar.com\\\/avatar\\\/7a4cf8feb412a76ea4a740ca02d95b06b2907b5a6c648c2dd0a1082a093c3141?s=96&d=mm&r=g\",\"contentUrl\":\"https:\\\/\\\/secure.gravatar.com\\\/avatar\\\/7a4cf8feb412a76ea4a740ca02d95b06b2907b5a6c648c2dd0a1082a093c3141?s=96&d=mm&r=g\",\"caption\":\"Comunicaci\u00f3 Esplac\"}}]}<\/script>\n<!-- \/ Yoast SEO plugin. -->","yoast_head_json":{"title":"La Diada Universal dels Drets dels Infants reunir\u00e0 gaireb\u00e9 500 infants i joves a Sant Esteve Sesrovires - Esplac","robots":{"index":"index","follow":"follow","max-snippet":"max-snippet:-1","max-image-preview":"max-image-preview:large","max-video-preview":"max-video-preview:-1"},"canonical":"https:\/\/www.esplac.cat\/dudi-baix-llobregat\/","og_locale":"en_US","og_type":"article","og_title":"La Diada Universal dels Drets dels Infants reunir\u00e0 gaireb\u00e9 500 infants i joves a Sant Esteve Sesrovires - Esplac","og_description":"Les activitats programades a m\u00e9s de la part l\u00fadica, volen [&hellip;]","og_url":"https:\/\/www.esplac.cat\/dudi-baix-llobregat\/","og_site_name":"Esplac","article_published_time":"2015-11-18T07:29:46+00:00","og_image":[{"width":847,"height":350,"url":"https:\/\/www.esplac.cat\/wp-content\/uploads\/2015\/11\/DUDI_BL.jpg","type":"image\/jpeg"}],"author":"Comunicaci\u00f3 Esplac","twitter_card":"summary_large_image","twitter_misc":{"Written by":"Comunicaci\u00f3 Esplac","Est. reading time":"3 minutes"},"schema":{"@context":"https:\/\/schema.org","@graph":[{"@type":"Article","@id":"https:\/\/www.esplac.cat\/dudi-baix-llobregat\/#article","isPartOf":{"@id":"https:\/\/www.esplac.cat\/dudi-baix-llobregat\/"},"author":{"name":"Comunicaci\u00f3 Esplac","@id":"https:\/\/www.esplac.cat\/#\/schema\/person\/908383cf240be18b68f8855d0583faca"},"headline":"La Diada Universal dels Drets dels Infants reunir\u00e0 gaireb\u00e9 500 infants i joves a Sant Esteve Sesrovires","datePublished":"2015-11-18T07:29:46+00:00","mainEntityOfPage":{"@id":"https:\/\/www.esplac.cat\/dudi-baix-llobregat\/"},"wordCount":652,"publisher":{"@id":"https:\/\/www.esplac.cat\/#organization"},"image":{"@id":"https:\/\/www.esplac.cat\/dudi-baix-llobregat\/#primaryimage"},"thumbnailUrl":"https:\/\/www.esplac.cat\/wp-content\/uploads\/2015\/11\/DUDI_BL.jpg","articleSection":["Activitats sectors","Sector Baix Llobregat"],"inLanguage":"en-US"},{"@type":"WebPage","@id":"https:\/\/www.esplac.cat\/dudi-baix-llobregat\/","url":"https:\/\/www.esplac.cat\/dudi-baix-llobregat\/","name":"La Diada Universal dels Drets dels Infants reunir\u00e0 gaireb\u00e9 500 infants i joves a Sant Esteve Sesrovires - Esplac","isPartOf":{"@id":"https:\/\/www.esplac.cat\/#website"},"primaryImageOfPage":{"@id":"https:\/\/www.esplac.cat\/dudi-baix-llobregat\/#primaryimage"},"image":{"@id":"https:\/\/www.esplac.cat\/dudi-baix-llobregat\/#primaryimage"},"thumbnailUrl":"https:\/\/www.esplac.cat\/wp-content\/uploads\/2015\/11\/DUDI_BL.jpg","datePublished":"2015-11-18T07:29:46+00:00","breadcrumb":{"@id":"https:\/\/www.esplac.cat\/dudi-baix-llobregat\/#breadcrumb"},"inLanguage":"en-US","potentialAction":[{"@type":"ReadAction","target":["https:\/\/www.esplac.cat\/dudi-baix-llobregat\/"]}]},{"@type":"ImageObject","inLanguage":"en-US","@id":"https:\/\/www.esplac.cat\/dudi-baix-llobregat\/#primaryimage","url":"https:\/\/www.esplac.cat\/wp-content\/uploads\/2015\/11\/DUDI_BL.jpg","contentUrl":"https:\/\/www.esplac.cat\/wp-content\/uploads\/2015\/11\/DUDI_BL.jpg","width":847,"height":350},{"@type":"BreadcrumbList","@id":"https:\/\/www.esplac.cat\/dudi-baix-llobregat\/#breadcrumb","itemListElement":[{"@type":"ListItem","position":1,"name":"Inici","item":"https:\/\/www.esplac.cat\/en\/"},{"@type":"ListItem","position":2,"name":"La Diada Universal dels Drets dels Infants reunir\u00e0 gaireb\u00e9 500 infants i joves a Sant Esteve Sesrovires"}]},{"@type":"WebSite","@id":"https:\/\/www.esplac.cat\/#website","url":"https:\/\/www.esplac.cat\/","name":"Esplac","description":"Esplais Catalans","publisher":{"@id":"https:\/\/www.esplac.cat\/#organization"},"potentialAction":[{"@type":"SearchAction","target":{"@type":"EntryPoint","urlTemplate":"https:\/\/www.esplac.cat\/?s={search_term_string}"},"query-input":{"@type":"PropertyValueSpecification","valueRequired":true,"valueName":"search_term_string"}}],"inLanguage":"en-US"},{"@type":"Organization","@id":"https:\/\/www.esplac.cat\/#organization","name":"Esplac","url":"https:\/\/www.esplac.cat\/","logo":{"@type":"ImageObject","inLanguage":"en-US","@id":"https:\/\/www.esplac.cat\/#\/schema\/logo\/image\/","url":"https:\/\/www.esplac.cat\/wp-content\/uploads\/2019\/08\/logox2.png","contentUrl":"https:\/\/www.esplac.cat\/wp-content\/uploads\/2019\/08\/logox2.png","width":600,"height":295,"caption":"Esplac"},"image":{"@id":"https:\/\/www.esplac.cat\/#\/schema\/logo\/image\/"}},{"@type":"Person","@id":"https:\/\/www.esplac.cat\/#\/schema\/person\/908383cf240be18b68f8855d0583faca","name":"Comunicaci\u00f3 Esplac","image":{"@type":"ImageObject","inLanguage":"en-US","@id":"https:\/\/secure.gravatar.com\/avatar\/7a4cf8feb412a76ea4a740ca02d95b06b2907b5a6c648c2dd0a1082a093c3141?s=96&d=mm&r=g","url":"https:\/\/secure.gravatar.com\/avatar\/7a4cf8feb412a76ea4a740ca02d95b06b2907b5a6c648c2dd0a1082a093c3141?s=96&d=mm&r=g","contentUrl":"https:\/\/secure.gravatar.com\/avatar\/7a4cf8feb412a76ea4a740ca02d95b06b2907b5a6c648c2dd0a1082a093c3141?s=96&d=mm&r=g","caption":"Comunicaci\u00f3 Esplac"}}]}},"_links":{"self":[{"href":"https:\/\/www.esplac.cat\/en\/wp-json\/wp\/v2\/posts\/25467","targetHints":{"allow":["GET"]}}],"collection":[{"href":"https:\/\/www.esplac.cat\/en\/wp-json\/wp\/v2\/posts"}],"about":[{"href":"https:\/\/www.esplac.cat\/en\/wp-json\/wp\/v2\/types\/post"}],"author":[{"embeddable":true,"href":"https:\/\/www.esplac.cat\/en\/wp-json\/wp\/v2\/users\/3"}],"replies":[{"embeddable":true,"href":"https:\/\/www.esplac.cat\/en\/wp-json\/wp\/v2\/comments?post=25467"}],"version-history":[{"count":0,"href":"https:\/\/www.esplac.cat\/en\/wp-json\/wp\/v2\/posts\/25467\/revisions"}],"wp:featuredmedia":[{"embeddable":true,"href":"https:\/\/www.esplac.cat\/en\/wp-json\/wp\/v2\/media\/25468"}],"wp:attachment":[{"href":"https:\/\/www.esplac.cat\/en\/wp-json\/wp\/v2\/media?parent=25467"}],"wp:term":[{"taxonomy":"category","embeddable":true,"href":"https:\/\/www.esplac.cat\/en\/wp-json\/wp\/v2\/categories?post=25467"},{"taxonomy":"post_tag","embeddable":true,"href":"https:\/\/www.esplac.cat\/en\/wp-json\/wp\/v2\/tags?post=25467"}],"curies":[{"name":"wp","href":"https:\/\/api.w.org\/{rel}","templated":true}]}}