{"id":25474,"date":"2015-11-17T10:13:17","date_gmt":"2015-11-17T08:13:17","guid":{"rendered":"http:\/\/esplac.cat\/?p=9134"},"modified":"2015-11-17T10:13:17","modified_gmt":"2015-11-17T08:13:17","slug":"bona-practica-eines-de-suport-per-a-la-programacio-dactivitats","status":"publish","type":"post","link":"https:\/\/www.esplac.cat\/en\/bona-practica-eines-de-suport-per-a-la-programacio-dactivitats\/","title":{"rendered":"Bona pr\u00e0ctica: eines de suport per a la programaci\u00f3 d&#8217;activitats"},"content":{"rendered":"<h4 class=\"p1\"><b>L\u2019<a href=\"http:\/\/esplac.cat\/cercador-desplais\/?esplai=miv&amp;poblacio=\" target=\"_blank\" rel=\"noopener noreferrer\">esplai MIV<\/a>\u00a0de Vilafranca del Pened\u00e8s\u00a0ha fet un cartell sobre la psicologia evolutiva per poder oferir als i les monis de l\u2019esplai un recurs per treballar amb les diferents edats i potenciar les seves aptituds<\/b><\/h4>\n<p class=\"p1\">L\u2019inici del curs \u00e9s el moment per pensar quines activitats volem fer al llarg del curs amb cada un dels grups d\u2019edat de l&#8217;esplai. Per a fer-ho podem tenir en compte molts aspectes: els <strong>objectius<\/strong> del projecte educatiu<i>, <\/i>els del curs i els que volem treballar amb cada <strong>grup d\u2019edat<\/strong>, qu\u00e8 hem fet els darrers cursos i quina ha estat la <strong>valoraci\u00f3<\/strong>, quina \u00e9s la <strong>din\u00e0mica<\/strong> i el tarann\u00e0 del grup, etc.<\/p>\n<p class=\"p1\">L\u2019esplai MIV comparteix amb nosaltres una eina creada per la comissi\u00f3 pedag\u00f2gica de l\u2019esplai, amb l\u2019objectiu de fer un recull de recursos a tenir en compte pels i les monis a l&#8217;hora de preparar activitats pels infants i joves. Ho explica l&#8217;esplai MIV:<\/p>\n<p class=\"p2\" style=\"padding-left: 30px;\"><em>&#8220;El motiu de la realitzaci\u00f3 del cartell va ser perqu\u00e8 vam trobar una mancan\u00e7a en el funcionament dels grups de monis de l&#8217;esplai. Aix\u00f2 va sorgir fruit de la necessitat de pautar o de donar idees als monitors i monitores dels grups sobre qu\u00e8 i com es pot treballar en les diferents edats, per tal de poder aprofitar les potencialitats de cada edat.<\/em><\/p>\n<p class=\"p2\" style=\"padding-left: 30px;\"><em>Vam realitzar-ho combinant varis documents que ten\u00edem de psicologia evolutiva, molts extrets del curs de monitores i amb les aportacions de tot l&#8217;equip per arribar a fer-ho d&#8217;una manera consensuada. Finalment, per convertir-ho amb un recurs \u00fatil vam fer-ho visible fent-ne un cartell de manera digital i el vam penjar a la sala de monitors\/es de l&#8217;esplai&#8221;.<\/em><\/p>\n<p class=\"p1\">Els infants creixen, aprenen i desenvolupen noves habilitats a un ritme fren\u00e8tic. L\u2019esplai \u00e9s l\u2019espai idoni per a promoure aquests canvis en un context diferent al de l\u2019escola, la fam\u00edlia o els amics. Com a monis, tenir en compte el moment evolutiu del grup i de cada infant o jove ens d\u00f3na pistes a l\u2019hora de programar i proposar activitats.<\/p>\n<p class=\"p1\">Tot i que, a trets generals, un grup d\u2019una edat es pot definir per unes caracter\u00edstiques, no podem oblidar mai que cada infant t\u00e9 el seu propi ritme de desenvolupament i aprenentatges i, alhora, cadasc\u00fa t\u00e9 uns interessos i motivacions que el fan \u00fanic i diferent als altres.<\/p>\n<p class=\"p1\"><b>Com ho treballem amb els infants? <\/b><\/p>\n<p class=\"p3\">Al Banc de Recursos hi podeu trobar l\u2019activitat \u201c<a href=\"http:\/\/assac.esplac.cat\/esplai\/banc_recursos_fitxes_activitat\/genera_pdf_act.php?id_activitat=1\"><b>el bosc de les difer\u00e8ncies<\/b><\/a><span class=\"s1\">\u201d,<\/span>\u00a0en qu\u00e8 a partir de la lectura d\u2019un dels contes del llibre <em><a href=\"http:\/\/esplac.cat\/vetaqui\/\" target=\"_blank\" rel=\"noopener noreferrer\">Vet aqu\u00ed els nostres drets<\/a><\/em>\u00a0els infants aprenen des de diferents punts de partida\u00a0mitjan\u00e7ant\u00a0diverses din\u00e0miques.<\/p>\n","protected":false},"excerpt":{"rendered":"<p>L\u2019esplai MIV\u00a0de Vilafranca del Pened\u00e8s\u00a0ha fet un cartell sobre la [&hellip;]<\/p>\n","protected":false},"author":3,"featured_media":25475,"comment_status":"closed","ping_status":"open","sticky":false,"template":"","format":"standard","meta":{"om_disable_all_campaigns":false,"_monsterinsights_skip_tracking":false,"_monsterinsights_sitenote_active":false,"_monsterinsights_sitenote_note":"","_monsterinsights_sitenote_category":0,"_uf_show_specific_survey":0,"_uf_disable_surveys":false,"footnotes":""},"categories":[1121,1],"tags":[44,67,605,606],"class_list":["post-25474","post","type-post","status-publish","format-standard","has-post-thumbnail","hentry","category-bones-practiques-2","category-sense-categoria","tag-banc-de-recursos","tag-bones-practiques","tag-grups-dedat","tag-programacio-dactivitats"],"yoast_head":"<!-- This site is optimized with the Yoast SEO plugin v27.4 - https:\/\/yoast.com\/product\/yoast-seo-wordpress\/ -->\n<title>Bona pr\u00e0ctica: eines de suport per a la programaci\u00f3 d&#039;activitats - Esplac<\/title>\n<meta name=\"robots\" content=\"index, follow, max-snippet:-1, max-image-preview:large, max-video-preview:-1\" \/>\n<link rel=\"canonical\" href=\"https:\/\/www.esplac.cat\/bona-practica-eines-de-suport-per-a-la-programacio-dactivitats\/\" \/>\n<meta property=\"og:locale\" content=\"en_US\" \/>\n<meta property=\"og:type\" content=\"article\" \/>\n<meta property=\"og:title\" content=\"Bona pr\u00e0ctica: eines de suport per a la programaci\u00f3 d&#039;activitats - Esplac\" \/>\n<meta property=\"og:description\" content=\"L\u2019esplai MIV\u00a0de Vilafranca del Pened\u00e8s\u00a0ha fet un cartell sobre la [&hellip;]\" \/>\n<meta property=\"og:url\" content=\"https:\/\/www.esplac.cat\/bona-practica-eines-de-suport-per-a-la-programacio-dactivitats\/\" \/>\n<meta property=\"og:site_name\" content=\"Esplac\" \/>\n<meta property=\"article:published_time\" content=\"2015-11-17T08:13:17+00:00\" \/>\n<meta property=\"og:image\" content=\"https:\/\/www.esplac.cat\/wp-content\/uploads\/2015\/11\/20151115_BP_Miv.jpg\" \/>\n\t<meta property=\"og:image:width\" content=\"847\" \/>\n\t<meta property=\"og:image:height\" content=\"350\" \/>\n\t<meta property=\"og:image:type\" content=\"image\/jpeg\" \/>\n<meta name=\"author\" content=\"Comunicaci\u00f3 Esplac\" \/>\n<meta name=\"twitter:card\" content=\"summary_large_image\" \/>\n<meta name=\"twitter:label1\" content=\"Written by\" \/>\n\t<meta name=\"twitter:data1\" content=\"Comunicaci\u00f3 Esplac\" \/>\n\t<meta name=\"twitter:label2\" content=\"Est. reading time\" \/>\n\t<meta name=\"twitter:data2\" content=\"2 minutes\" \/>\n<script type=\"application\/ld+json\" class=\"yoast-schema-graph\">{\"@context\":\"https:\\\/\\\/schema.org\",\"@graph\":[{\"@type\":\"Article\",\"@id\":\"https:\\\/\\\/www.esplac.cat\\\/bona-practica-eines-de-suport-per-a-la-programacio-dactivitats\\\/#article\",\"isPartOf\":{\"@id\":\"https:\\\/\\\/www.esplac.cat\\\/bona-practica-eines-de-suport-per-a-la-programacio-dactivitats\\\/\"},\"author\":{\"name\":\"Comunicaci\u00f3 Esplac\",\"@id\":\"https:\\\/\\\/www.esplac.cat\\\/#\\\/schema\\\/person\\\/908383cf240be18b68f8855d0583faca\"},\"headline\":\"Bona pr\u00e0ctica: eines de suport per a la programaci\u00f3 d&#8217;activitats\",\"datePublished\":\"2015-11-17T08:13:17+00:00\",\"mainEntityOfPage\":{\"@id\":\"https:\\\/\\\/www.esplac.cat\\\/bona-practica-eines-de-suport-per-a-la-programacio-dactivitats\\\/\"},\"wordCount\":474,\"publisher\":{\"@id\":\"https:\\\/\\\/www.esplac.cat\\\/#organization\"},\"image\":{\"@id\":\"https:\\\/\\\/www.esplac.cat\\\/bona-practica-eines-de-suport-per-a-la-programacio-dactivitats\\\/#primaryimage\"},\"thumbnailUrl\":\"https:\\\/\\\/www.esplac.cat\\\/wp-content\\\/uploads\\\/2015\\\/11\\\/20151115_BP_Miv.jpg\",\"keywords\":[\"banc de recursos\",\"bones pr\u00e0ctiques\",\"grups d'edat\",\"programaci\u00f3 d'activitats\"],\"articleSection\":[\"Bones pr\u00e0ctiques\",\"Sense categoria\"],\"inLanguage\":\"en-US\"},{\"@type\":\"WebPage\",\"@id\":\"https:\\\/\\\/www.esplac.cat\\\/bona-practica-eines-de-suport-per-a-la-programacio-dactivitats\\\/\",\"url\":\"https:\\\/\\\/www.esplac.cat\\\/bona-practica-eines-de-suport-per-a-la-programacio-dactivitats\\\/\",\"name\":\"Bona pr\u00e0ctica: eines de suport per a la programaci\u00f3 d'activitats - Esplac\",\"isPartOf\":{\"@id\":\"https:\\\/\\\/www.esplac.cat\\\/#website\"},\"primaryImageOfPage\":{\"@id\":\"https:\\\/\\\/www.esplac.cat\\\/bona-practica-eines-de-suport-per-a-la-programacio-dactivitats\\\/#primaryimage\"},\"image\":{\"@id\":\"https:\\\/\\\/www.esplac.cat\\\/bona-practica-eines-de-suport-per-a-la-programacio-dactivitats\\\/#primaryimage\"},\"thumbnailUrl\":\"https:\\\/\\\/www.esplac.cat\\\/wp-content\\\/uploads\\\/2015\\\/11\\\/20151115_BP_Miv.jpg\",\"datePublished\":\"2015-11-17T08:13:17+00:00\",\"breadcrumb\":{\"@id\":\"https:\\\/\\\/www.esplac.cat\\\/bona-practica-eines-de-suport-per-a-la-programacio-dactivitats\\\/#breadcrumb\"},\"inLanguage\":\"en-US\",\"potentialAction\":[{\"@type\":\"ReadAction\",\"target\":[\"https:\\\/\\\/www.esplac.cat\\\/bona-practica-eines-de-suport-per-a-la-programacio-dactivitats\\\/\"]}]},{\"@type\":\"ImageObject\",\"inLanguage\":\"en-US\",\"@id\":\"https:\\\/\\\/www.esplac.cat\\\/bona-practica-eines-de-suport-per-a-la-programacio-dactivitats\\\/#primaryimage\",\"url\":\"https:\\\/\\\/www.esplac.cat\\\/wp-content\\\/uploads\\\/2015\\\/11\\\/20151115_BP_Miv.jpg\",\"contentUrl\":\"https:\\\/\\\/www.esplac.cat\\\/wp-content\\\/uploads\\\/2015\\\/11\\\/20151115_BP_Miv.jpg\",\"width\":847,\"height\":350},{\"@type\":\"BreadcrumbList\",\"@id\":\"https:\\\/\\\/www.esplac.cat\\\/bona-practica-eines-de-suport-per-a-la-programacio-dactivitats\\\/#breadcrumb\",\"itemListElement\":[{\"@type\":\"ListItem\",\"position\":1,\"name\":\"Inici\",\"item\":\"https:\\\/\\\/www.esplac.cat\\\/en\\\/\"},{\"@type\":\"ListItem\",\"position\":2,\"name\":\"Bona pr\u00e0ctica: eines de suport per a la programaci\u00f3 d&#8217;activitats\"}]},{\"@type\":\"WebSite\",\"@id\":\"https:\\\/\\\/www.esplac.cat\\\/#website\",\"url\":\"https:\\\/\\\/www.esplac.cat\\\/\",\"name\":\"Esplac\",\"description\":\"Esplais Catalans\",\"publisher\":{\"@id\":\"https:\\\/\\\/www.esplac.cat\\\/#organization\"},\"potentialAction\":[{\"@type\":\"SearchAction\",\"target\":{\"@type\":\"EntryPoint\",\"urlTemplate\":\"https:\\\/\\\/www.esplac.cat\\\/?s={search_term_string}\"},\"query-input\":{\"@type\":\"PropertyValueSpecification\",\"valueRequired\":true,\"valueName\":\"search_term_string\"}}],\"inLanguage\":\"en-US\"},{\"@type\":\"Organization\",\"@id\":\"https:\\\/\\\/www.esplac.cat\\\/#organization\",\"name\":\"Esplac\",\"url\":\"https:\\\/\\\/www.esplac.cat\\\/\",\"logo\":{\"@type\":\"ImageObject\",\"inLanguage\":\"en-US\",\"@id\":\"https:\\\/\\\/www.esplac.cat\\\/#\\\/schema\\\/logo\\\/image\\\/\",\"url\":\"https:\\\/\\\/www.esplac.cat\\\/wp-content\\\/uploads\\\/2019\\\/08\\\/logox2.png\",\"contentUrl\":\"https:\\\/\\\/www.esplac.cat\\\/wp-content\\\/uploads\\\/2019\\\/08\\\/logox2.png\",\"width\":600,\"height\":295,\"caption\":\"Esplac\"},\"image\":{\"@id\":\"https:\\\/\\\/www.esplac.cat\\\/#\\\/schema\\\/logo\\\/image\\\/\"}},{\"@type\":\"Person\",\"@id\":\"https:\\\/\\\/www.esplac.cat\\\/#\\\/schema\\\/person\\\/908383cf240be18b68f8855d0583faca\",\"name\":\"Comunicaci\u00f3 Esplac\",\"image\":{\"@type\":\"ImageObject\",\"inLanguage\":\"en-US\",\"@id\":\"https:\\\/\\\/secure.gravatar.com\\\/avatar\\\/7a4cf8feb412a76ea4a740ca02d95b06b2907b5a6c648c2dd0a1082a093c3141?s=96&d=mm&r=g\",\"url\":\"https:\\\/\\\/secure.gravatar.com\\\/avatar\\\/7a4cf8feb412a76ea4a740ca02d95b06b2907b5a6c648c2dd0a1082a093c3141?s=96&d=mm&r=g\",\"contentUrl\":\"https:\\\/\\\/secure.gravatar.com\\\/avatar\\\/7a4cf8feb412a76ea4a740ca02d95b06b2907b5a6c648c2dd0a1082a093c3141?s=96&d=mm&r=g\",\"caption\":\"Comunicaci\u00f3 Esplac\"}}]}<\/script>\n<!-- \/ Yoast SEO plugin. -->","yoast_head_json":{"title":"Bona pr\u00e0ctica: eines de suport per a la programaci\u00f3 d'activitats - Esplac","robots":{"index":"index","follow":"follow","max-snippet":"max-snippet:-1","max-image-preview":"max-image-preview:large","max-video-preview":"max-video-preview:-1"},"canonical":"https:\/\/www.esplac.cat\/bona-practica-eines-de-suport-per-a-la-programacio-dactivitats\/","og_locale":"en_US","og_type":"article","og_title":"Bona pr\u00e0ctica: eines de suport per a la programaci\u00f3 d'activitats - Esplac","og_description":"L\u2019esplai MIV\u00a0de Vilafranca del Pened\u00e8s\u00a0ha fet un cartell sobre la [&hellip;]","og_url":"https:\/\/www.esplac.cat\/bona-practica-eines-de-suport-per-a-la-programacio-dactivitats\/","og_site_name":"Esplac","article_published_time":"2015-11-17T08:13:17+00:00","og_image":[{"width":847,"height":350,"url":"https:\/\/www.esplac.cat\/wp-content\/uploads\/2015\/11\/20151115_BP_Miv.jpg","type":"image\/jpeg"}],"author":"Comunicaci\u00f3 Esplac","twitter_card":"summary_large_image","twitter_misc":{"Written by":"Comunicaci\u00f3 Esplac","Est. reading time":"2 minutes"},"schema":{"@context":"https:\/\/schema.org","@graph":[{"@type":"Article","@id":"https:\/\/www.esplac.cat\/bona-practica-eines-de-suport-per-a-la-programacio-dactivitats\/#article","isPartOf":{"@id":"https:\/\/www.esplac.cat\/bona-practica-eines-de-suport-per-a-la-programacio-dactivitats\/"},"author":{"name":"Comunicaci\u00f3 Esplac","@id":"https:\/\/www.esplac.cat\/#\/schema\/person\/908383cf240be18b68f8855d0583faca"},"headline":"Bona pr\u00e0ctica: eines de suport per a la programaci\u00f3 d&#8217;activitats","datePublished":"2015-11-17T08:13:17+00:00","mainEntityOfPage":{"@id":"https:\/\/www.esplac.cat\/bona-practica-eines-de-suport-per-a-la-programacio-dactivitats\/"},"wordCount":474,"publisher":{"@id":"https:\/\/www.esplac.cat\/#organization"},"image":{"@id":"https:\/\/www.esplac.cat\/bona-practica-eines-de-suport-per-a-la-programacio-dactivitats\/#primaryimage"},"thumbnailUrl":"https:\/\/www.esplac.cat\/wp-content\/uploads\/2015\/11\/20151115_BP_Miv.jpg","keywords":["banc de recursos","bones pr\u00e0ctiques","grups d'edat","programaci\u00f3 d'activitats"],"articleSection":["Bones pr\u00e0ctiques","Sense categoria"],"inLanguage":"en-US"},{"@type":"WebPage","@id":"https:\/\/www.esplac.cat\/bona-practica-eines-de-suport-per-a-la-programacio-dactivitats\/","url":"https:\/\/www.esplac.cat\/bona-practica-eines-de-suport-per-a-la-programacio-dactivitats\/","name":"Bona pr\u00e0ctica: eines de suport per a la programaci\u00f3 d'activitats - Esplac","isPartOf":{"@id":"https:\/\/www.esplac.cat\/#website"},"primaryImageOfPage":{"@id":"https:\/\/www.esplac.cat\/bona-practica-eines-de-suport-per-a-la-programacio-dactivitats\/#primaryimage"},"image":{"@id":"https:\/\/www.esplac.cat\/bona-practica-eines-de-suport-per-a-la-programacio-dactivitats\/#primaryimage"},"thumbnailUrl":"https:\/\/www.esplac.cat\/wp-content\/uploads\/2015\/11\/20151115_BP_Miv.jpg","datePublished":"2015-11-17T08:13:17+00:00","breadcrumb":{"@id":"https:\/\/www.esplac.cat\/bona-practica-eines-de-suport-per-a-la-programacio-dactivitats\/#breadcrumb"},"inLanguage":"en-US","potentialAction":[{"@type":"ReadAction","target":["https:\/\/www.esplac.cat\/bona-practica-eines-de-suport-per-a-la-programacio-dactivitats\/"]}]},{"@type":"ImageObject","inLanguage":"en-US","@id":"https:\/\/www.esplac.cat\/bona-practica-eines-de-suport-per-a-la-programacio-dactivitats\/#primaryimage","url":"https:\/\/www.esplac.cat\/wp-content\/uploads\/2015\/11\/20151115_BP_Miv.jpg","contentUrl":"https:\/\/www.esplac.cat\/wp-content\/uploads\/2015\/11\/20151115_BP_Miv.jpg","width":847,"height":350},{"@type":"BreadcrumbList","@id":"https:\/\/www.esplac.cat\/bona-practica-eines-de-suport-per-a-la-programacio-dactivitats\/#breadcrumb","itemListElement":[{"@type":"ListItem","position":1,"name":"Inici","item":"https:\/\/www.esplac.cat\/en\/"},{"@type":"ListItem","position":2,"name":"Bona pr\u00e0ctica: eines de suport per a la programaci\u00f3 d&#8217;activitats"}]},{"@type":"WebSite","@id":"https:\/\/www.esplac.cat\/#website","url":"https:\/\/www.esplac.cat\/","name":"Esplac","description":"Esplais Catalans","publisher":{"@id":"https:\/\/www.esplac.cat\/#organization"},"potentialAction":[{"@type":"SearchAction","target":{"@type":"EntryPoint","urlTemplate":"https:\/\/www.esplac.cat\/?s={search_term_string}"},"query-input":{"@type":"PropertyValueSpecification","valueRequired":true,"valueName":"search_term_string"}}],"inLanguage":"en-US"},{"@type":"Organization","@id":"https:\/\/www.esplac.cat\/#organization","name":"Esplac","url":"https:\/\/www.esplac.cat\/","logo":{"@type":"ImageObject","inLanguage":"en-US","@id":"https:\/\/www.esplac.cat\/#\/schema\/logo\/image\/","url":"https:\/\/www.esplac.cat\/wp-content\/uploads\/2019\/08\/logox2.png","contentUrl":"https:\/\/www.esplac.cat\/wp-content\/uploads\/2019\/08\/logox2.png","width":600,"height":295,"caption":"Esplac"},"image":{"@id":"https:\/\/www.esplac.cat\/#\/schema\/logo\/image\/"}},{"@type":"Person","@id":"https:\/\/www.esplac.cat\/#\/schema\/person\/908383cf240be18b68f8855d0583faca","name":"Comunicaci\u00f3 Esplac","image":{"@type":"ImageObject","inLanguage":"en-US","@id":"https:\/\/secure.gravatar.com\/avatar\/7a4cf8feb412a76ea4a740ca02d95b06b2907b5a6c648c2dd0a1082a093c3141?s=96&d=mm&r=g","url":"https:\/\/secure.gravatar.com\/avatar\/7a4cf8feb412a76ea4a740ca02d95b06b2907b5a6c648c2dd0a1082a093c3141?s=96&d=mm&r=g","contentUrl":"https:\/\/secure.gravatar.com\/avatar\/7a4cf8feb412a76ea4a740ca02d95b06b2907b5a6c648c2dd0a1082a093c3141?s=96&d=mm&r=g","caption":"Comunicaci\u00f3 Esplac"}}]}},"_links":{"self":[{"href":"https:\/\/www.esplac.cat\/en\/wp-json\/wp\/v2\/posts\/25474","targetHints":{"allow":["GET"]}}],"collection":[{"href":"https:\/\/www.esplac.cat\/en\/wp-json\/wp\/v2\/posts"}],"about":[{"href":"https:\/\/www.esplac.cat\/en\/wp-json\/wp\/v2\/types\/post"}],"author":[{"embeddable":true,"href":"https:\/\/www.esplac.cat\/en\/wp-json\/wp\/v2\/users\/3"}],"replies":[{"embeddable":true,"href":"https:\/\/www.esplac.cat\/en\/wp-json\/wp\/v2\/comments?post=25474"}],"version-history":[{"count":0,"href":"https:\/\/www.esplac.cat\/en\/wp-json\/wp\/v2\/posts\/25474\/revisions"}],"wp:featuredmedia":[{"embeddable":true,"href":"https:\/\/www.esplac.cat\/en\/wp-json\/wp\/v2\/media\/25475"}],"wp:attachment":[{"href":"https:\/\/www.esplac.cat\/en\/wp-json\/wp\/v2\/media?parent=25474"}],"wp:term":[{"taxonomy":"category","embeddable":true,"href":"https:\/\/www.esplac.cat\/en\/wp-json\/wp\/v2\/categories?post=25474"},{"taxonomy":"post_tag","embeddable":true,"href":"https:\/\/www.esplac.cat\/en\/wp-json\/wp\/v2\/tags?post=25474"}],"curies":[{"name":"wp","href":"https:\/\/api.w.org\/{rel}","templated":true}]}}