{"id":25477,"date":"2015-11-13T11:52:24","date_gmt":"2015-11-13T09:52:24","guid":{"rendered":"http:\/\/esplac.cat\/?p=9110"},"modified":"2019-11-14T13:31:51","modified_gmt":"2019-11-14T11:31:51","slug":"adolescencia-genere-i-sexualitat-tema-v-jornades-de-lleure-i-sexisme","status":"publish","type":"post","link":"https:\/\/www.esplac.cat\/en\/adolescencia-genere-i-sexualitat-tema-v-jornades-de-lleure-i-sexisme\/","title":{"rendered":"Adolesc\u00e8ncia, g\u00e8nere i sexualitat, tema de les V Jornades de Lleure i Sexisme"},"content":{"rendered":"<p class=\"p1\"><b>El programa, atrevit i divers, ha agrupat a persones vinculades al m\u00f3n de l&#8217;associacionisme educatiu, juvenil, moviments feministes i LGTBIQ<\/b><\/p>\n<p class=\"p1\">El passat 8 de novembre de 2015 es van celebrar les <a href=\"https:\/\/lleureisexisme.wordpress.com\/\"><span class=\"s1\">V Jornades de Lleure i Sexisme<\/span><\/a><span class=\"s2\">, un espai de trobada entre l\u2019associacionisme educatiu i el moviment feminista i LGBTIQ. Les Jornades, que vam organitzar amb L&#8217;Escola Lliure el Sol i Casals de Joves i compten amb la col\u00b7laboraci\u00f3 d&#8217;entitats i col\u00b7lectius que treballen des de la perspectiva feminista. L\u2019espai neix de la necessitat d\u2019aquestes entitats d\u2019afrontar la q\u00fcesti\u00f3 sexista, com a conseq\u00fc\u00e8ncia d\u2019una an\u00e0lisi pr\u00e8via: <\/span><b>tamb\u00e9 a les associacions educatives es reprodueixen rols, din\u00e0miques i formes de relaci\u00f3 sexistes. <\/b>En aquest sentit, un dels principals objectius de les jornades \u00e9s el treball en xarxa, per estendre discursos, <b>teixir complicitats i sumar esfor\u00e7os<\/b> per seguir creant debat, aprenentatges i generant recursos \u00fatils en l&#8217;\u00e0mbit de l&#8217;associacionisme educatiu.<\/p>\n<p class=\"p1\">Les inscripcions es van tancar amb 120 participants i amb una llarga llista d&#8217;espera, per\u00f2 finalment van participar-hi al voltant de 100 persones, entre elles; monitors i monitores d&#8217;Esplais, Caus, membres de Casals de Joves, altres organitzacions juvenils i persones interessades en el tema.<\/p>\n<p class=\"p1\">\u00c9s el cinqu\u00e8 any que s&#8217;organitzen i constantment es van repensant i reformulant en funci\u00f3 de les valoracions i les propostes de millora de les persones participants. De fet, el propi tema de les Jornades sorgueix de les propostes de les persones participants en l&#8217;any anterior \u00ab<b>Adolesc\u00e8ncia, g\u00e8nere i sexualitat\u00bb. <\/b><\/p>\n<p class=\"p1\">El programa inclo\u00efa nou tallers diversos, dels quals es podia escollir un al mat\u00ed i un a la tarda. Els tallers del mat\u00ed eren formacions, plantejades d&#8217;una forma molt participativa, per generar debat i reflexions que remoguin consci\u00e8ncies, generin dubtes, facin visible tab\u00fas, pors i incoher\u00e8ncies de les participants.<\/p>\n<p class=\"p1\"><span class=\"s1\"><a href=\"http:\/\/ulleresperesquerrans.com\/\">Ulleres per esquerrans<\/a><\/span><span class=\"s2\">, <a href=\"https:\/\/asscurcuma.wordpress.com\/\"><span class=\"s3\">C\u00farcuma<\/span><\/a>, <a href=\"http:\/\/candela.cat\/inici\/\"><span class=\"s3\">Candela<\/span><\/a> i <a href=\"http:\/\/www.filalagulla.org\/\"><span class=\"s3\">Filalagulla<\/span><\/a> <\/span>van ser algunes de les associacions que van realitzar els tallers, per tractar temes com; l&#8217;\u00fas de les xarxes socials entre els i les joves, com fem un acompanyament per refor\u00e7ar-ne les potencialitats i construir relacions lliures de viol\u00e8ncia; com plantegem l&#8217;anticoncepci\u00f3 amb els adolescents i com aix\u00f2 afecta a la manera d&#8217;entendre la sexualitat;\u00a0<span class=\"s4\">un taller no-mixt destinat a homes amb ganes d&#8217;explorar i q\u00fcestionar el seu proc\u00e9s i relaci\u00f3 entre la masculinitat, el rang i els privilegis; i finalment un taller per repensar la pornografia, donant<\/span> una ullada al porno actual, des del m\u00e9s comercial al m\u00e9s te\u00f2ric i subversiu, analitzant les diferents narratives, el tractament del g\u00e8nere, les tend\u00e8ncies sexuals, qu\u00e8 significa consumir-lo i com usar-lo per explorar la pr\u00f2pia sexualitat.<\/p>\n<p class=\"p1\">A la tarda els tallers donaven veu a diferents projectes existents al territori; com l\u2019equip Barcelona Roller Derby, <b>Ingles de acero; <\/b>el passi del documental <b>Yes, we fuck<\/b> i un posterior col\u00b7loqui amb membres del projecte; un taller que a partir de fragments del documental Tchindas va generar moltes reflexions al voltant de la transexualitat, trencant estereotips i tab\u00fas sobre aquest tema. Finalment la Cia. Penyora Teatre va escenificar una pe\u00e7a teatral sobre una noia que se sent agredida sexualment mentre jugava en una casa de col\u00f2nies, utilitzant la metodologia del teatre-f\u00f2rum per tractar un tema tant complex i delicat.<\/p>\n<p class=\"p1\">Les jornades van concloure amb l&#8217;espectacle divertit i agosarat dels Mon\u00f2legs de la Vagina.<\/p>\n<p class=\"p1\">Seguim generant espais de debat i formaci\u00f3 per treballar\u00a0en perspectiva feminista!<\/p>\n<p class=\"p1\">\n","protected":false},"excerpt":{"rendered":"<p>El programa, atrevit i divers, ha agrupat a persones vinculades [&hellip;]<\/p>\n","protected":false},"author":3,"featured_media":25478,"comment_status":"closed","ping_status":"open","sticky":false,"template":"","format":"standard","meta":{"om_disable_all_campaigns":false,"_monsterinsights_skip_tracking":false,"_monsterinsights_sitenote_active":false,"_monsterinsights_sitenote_note":"","_monsterinsights_sitenote_category":0,"_uf_show_specific_survey":0,"_uf_disable_surveys":false,"footnotes":""},"categories":[1119,1163,1],"tags":[177,58,421,565,73],"class_list":["post-25477","post","type-post","status-publish","format-standard","has-post-thumbnail","hentry","category-activitats-comissions-grups-de-treball","category-protocol","category-sense-categoria","tag-comissio-de-genere","tag-genere","tag-jornades-de-formacio","tag-lleure-i-sexisme","tag-sexualitat"],"yoast_head":"<!-- This site is optimized with the Yoast SEO plugin v27.5 - https:\/\/yoast.com\/product\/yoast-seo-wordpress\/ -->\n<title>Adolesc\u00e8ncia, g\u00e8nere i sexualitat, tema de les V Jornades de Lleure i Sexisme - Esplac<\/title>\n<meta name=\"robots\" content=\"index, follow, max-snippet:-1, max-image-preview:large, max-video-preview:-1\" \/>\n<link rel=\"canonical\" href=\"https:\/\/www.esplac.cat\/adolescencia-genere-i-sexualitat-tema-v-jornades-de-lleure-i-sexisme\/\" \/>\n<meta property=\"og:locale\" content=\"en_US\" \/>\n<meta property=\"og:type\" content=\"article\" \/>\n<meta property=\"og:title\" content=\"Adolesc\u00e8ncia, g\u00e8nere i sexualitat, tema de les V Jornades de Lleure i Sexisme - Esplac\" \/>\n<meta property=\"og:description\" content=\"El programa, atrevit i divers, ha agrupat a persones vinculades [&hellip;]\" \/>\n<meta property=\"og:url\" content=\"https:\/\/www.esplac.cat\/adolescencia-genere-i-sexualitat-tema-v-jornades-de-lleure-i-sexisme\/\" \/>\n<meta property=\"og:site_name\" content=\"Esplac\" \/>\n<meta property=\"article:published_time\" content=\"2015-11-13T09:52:24+00:00\" \/>\n<meta property=\"article:modified_time\" content=\"2019-11-14T11:31:51+00:00\" \/>\n<meta property=\"og:image\" content=\"https:\/\/www.esplac.cat\/wp-content\/uploads\/2015\/11\/20151113_Jornades_lleure_sex.jpg\" \/>\n\t<meta property=\"og:image:width\" content=\"847\" \/>\n\t<meta property=\"og:image:height\" content=\"350\" \/>\n\t<meta property=\"og:image:type\" content=\"image\/jpeg\" \/>\n<meta name=\"author\" content=\"Comunicaci\u00f3 Esplac\" \/>\n<meta name=\"twitter:card\" content=\"summary_large_image\" \/>\n<meta name=\"twitter:label1\" content=\"Written by\" \/>\n\t<meta name=\"twitter:data1\" content=\"Comunicaci\u00f3 Esplac\" \/>\n\t<meta name=\"twitter:label2\" content=\"Est. reading time\" \/>\n\t<meta name=\"twitter:data2\" content=\"3 minutes\" \/>\n<script type=\"application\/ld+json\" class=\"yoast-schema-graph\">{\"@context\":\"https:\\\/\\\/schema.org\",\"@graph\":[{\"@type\":\"Article\",\"@id\":\"https:\\\/\\\/www.esplac.cat\\\/adolescencia-genere-i-sexualitat-tema-v-jornades-de-lleure-i-sexisme\\\/#article\",\"isPartOf\":{\"@id\":\"https:\\\/\\\/www.esplac.cat\\\/adolescencia-genere-i-sexualitat-tema-v-jornades-de-lleure-i-sexisme\\\/\"},\"author\":{\"name\":\"Comunicaci\u00f3 Esplac\",\"@id\":\"https:\\\/\\\/www.esplac.cat\\\/#\\\/schema\\\/person\\\/908383cf240be18b68f8855d0583faca\"},\"headline\":\"Adolesc\u00e8ncia, g\u00e8nere i sexualitat, tema de les V Jornades de Lleure i Sexisme\",\"datePublished\":\"2015-11-13T09:52:24+00:00\",\"dateModified\":\"2019-11-14T11:31:51+00:00\",\"mainEntityOfPage\":{\"@id\":\"https:\\\/\\\/www.esplac.cat\\\/adolescencia-genere-i-sexualitat-tema-v-jornades-de-lleure-i-sexisme\\\/\"},\"wordCount\":611,\"publisher\":{\"@id\":\"https:\\\/\\\/www.esplac.cat\\\/#organization\"},\"image\":{\"@id\":\"https:\\\/\\\/www.esplac.cat\\\/adolescencia-genere-i-sexualitat-tema-v-jornades-de-lleure-i-sexisme\\\/#primaryimage\"},\"thumbnailUrl\":\"https:\\\/\\\/www.esplac.cat\\\/wp-content\\\/uploads\\\/2015\\\/11\\\/20151113_Jornades_lleure_sex.jpg\",\"keywords\":[\"comissi\u00f3 de g\u00e8nere\",\"g\u00e8nere\",\"jornades de formaci\u00f3\",\"lleure i sexisme\",\"sexualitat\"],\"articleSection\":[\"Activitats comissions i grups de treball\",\"Protocol\",\"Sense categoria\"],\"inLanguage\":\"en-US\"},{\"@type\":\"WebPage\",\"@id\":\"https:\\\/\\\/www.esplac.cat\\\/adolescencia-genere-i-sexualitat-tema-v-jornades-de-lleure-i-sexisme\\\/\",\"url\":\"https:\\\/\\\/www.esplac.cat\\\/adolescencia-genere-i-sexualitat-tema-v-jornades-de-lleure-i-sexisme\\\/\",\"name\":\"Adolesc\u00e8ncia, g\u00e8nere i sexualitat, tema de les V Jornades de Lleure i Sexisme - Esplac\",\"isPartOf\":{\"@id\":\"https:\\\/\\\/www.esplac.cat\\\/#website\"},\"primaryImageOfPage\":{\"@id\":\"https:\\\/\\\/www.esplac.cat\\\/adolescencia-genere-i-sexualitat-tema-v-jornades-de-lleure-i-sexisme\\\/#primaryimage\"},\"image\":{\"@id\":\"https:\\\/\\\/www.esplac.cat\\\/adolescencia-genere-i-sexualitat-tema-v-jornades-de-lleure-i-sexisme\\\/#primaryimage\"},\"thumbnailUrl\":\"https:\\\/\\\/www.esplac.cat\\\/wp-content\\\/uploads\\\/2015\\\/11\\\/20151113_Jornades_lleure_sex.jpg\",\"datePublished\":\"2015-11-13T09:52:24+00:00\",\"dateModified\":\"2019-11-14T11:31:51+00:00\",\"breadcrumb\":{\"@id\":\"https:\\\/\\\/www.esplac.cat\\\/adolescencia-genere-i-sexualitat-tema-v-jornades-de-lleure-i-sexisme\\\/#breadcrumb\"},\"inLanguage\":\"en-US\",\"potentialAction\":[{\"@type\":\"ReadAction\",\"target\":[\"https:\\\/\\\/www.esplac.cat\\\/adolescencia-genere-i-sexualitat-tema-v-jornades-de-lleure-i-sexisme\\\/\"]}]},{\"@type\":\"ImageObject\",\"inLanguage\":\"en-US\",\"@id\":\"https:\\\/\\\/www.esplac.cat\\\/adolescencia-genere-i-sexualitat-tema-v-jornades-de-lleure-i-sexisme\\\/#primaryimage\",\"url\":\"https:\\\/\\\/www.esplac.cat\\\/wp-content\\\/uploads\\\/2015\\\/11\\\/20151113_Jornades_lleure_sex.jpg\",\"contentUrl\":\"https:\\\/\\\/www.esplac.cat\\\/wp-content\\\/uploads\\\/2015\\\/11\\\/20151113_Jornades_lleure_sex.jpg\",\"width\":847,\"height\":350},{\"@type\":\"BreadcrumbList\",\"@id\":\"https:\\\/\\\/www.esplac.cat\\\/adolescencia-genere-i-sexualitat-tema-v-jornades-de-lleure-i-sexisme\\\/#breadcrumb\",\"itemListElement\":[{\"@type\":\"ListItem\",\"position\":1,\"name\":\"Inici\",\"item\":\"https:\\\/\\\/www.esplac.cat\\\/en\\\/\"},{\"@type\":\"ListItem\",\"position\":2,\"name\":\"Adolesc\u00e8ncia, g\u00e8nere i sexualitat, tema de les V Jornades de Lleure i Sexisme\"}]},{\"@type\":\"WebSite\",\"@id\":\"https:\\\/\\\/www.esplac.cat\\\/#website\",\"url\":\"https:\\\/\\\/www.esplac.cat\\\/\",\"name\":\"Esplac\",\"description\":\"Esplais Catalans\",\"publisher\":{\"@id\":\"https:\\\/\\\/www.esplac.cat\\\/#organization\"},\"potentialAction\":[{\"@type\":\"SearchAction\",\"target\":{\"@type\":\"EntryPoint\",\"urlTemplate\":\"https:\\\/\\\/www.esplac.cat\\\/?s={search_term_string}\"},\"query-input\":{\"@type\":\"PropertyValueSpecification\",\"valueRequired\":true,\"valueName\":\"search_term_string\"}}],\"inLanguage\":\"en-US\"},{\"@type\":\"Organization\",\"@id\":\"https:\\\/\\\/www.esplac.cat\\\/#organization\",\"name\":\"Esplac\",\"url\":\"https:\\\/\\\/www.esplac.cat\\\/\",\"logo\":{\"@type\":\"ImageObject\",\"inLanguage\":\"en-US\",\"@id\":\"https:\\\/\\\/www.esplac.cat\\\/#\\\/schema\\\/logo\\\/image\\\/\",\"url\":\"https:\\\/\\\/www.esplac.cat\\\/wp-content\\\/uploads\\\/2019\\\/08\\\/logox2.png\",\"contentUrl\":\"https:\\\/\\\/www.esplac.cat\\\/wp-content\\\/uploads\\\/2019\\\/08\\\/logox2.png\",\"width\":600,\"height\":295,\"caption\":\"Esplac\"},\"image\":{\"@id\":\"https:\\\/\\\/www.esplac.cat\\\/#\\\/schema\\\/logo\\\/image\\\/\"}},{\"@type\":\"Person\",\"@id\":\"https:\\\/\\\/www.esplac.cat\\\/#\\\/schema\\\/person\\\/908383cf240be18b68f8855d0583faca\",\"name\":\"Comunicaci\u00f3 Esplac\",\"image\":{\"@type\":\"ImageObject\",\"inLanguage\":\"en-US\",\"@id\":\"https:\\\/\\\/secure.gravatar.com\\\/avatar\\\/7a4cf8feb412a76ea4a740ca02d95b06b2907b5a6c648c2dd0a1082a093c3141?s=96&d=mm&r=g\",\"url\":\"https:\\\/\\\/secure.gravatar.com\\\/avatar\\\/7a4cf8feb412a76ea4a740ca02d95b06b2907b5a6c648c2dd0a1082a093c3141?s=96&d=mm&r=g\",\"contentUrl\":\"https:\\\/\\\/secure.gravatar.com\\\/avatar\\\/7a4cf8feb412a76ea4a740ca02d95b06b2907b5a6c648c2dd0a1082a093c3141?s=96&d=mm&r=g\",\"caption\":\"Comunicaci\u00f3 Esplac\"}}]}<\/script>\n<!-- \/ Yoast SEO plugin. -->","yoast_head_json":{"title":"Adolesc\u00e8ncia, g\u00e8nere i sexualitat, tema de les V Jornades de Lleure i Sexisme - Esplac","robots":{"index":"index","follow":"follow","max-snippet":"max-snippet:-1","max-image-preview":"max-image-preview:large","max-video-preview":"max-video-preview:-1"},"canonical":"https:\/\/www.esplac.cat\/adolescencia-genere-i-sexualitat-tema-v-jornades-de-lleure-i-sexisme\/","og_locale":"en_US","og_type":"article","og_title":"Adolesc\u00e8ncia, g\u00e8nere i sexualitat, tema de les V Jornades de Lleure i Sexisme - Esplac","og_description":"El programa, atrevit i divers, ha agrupat a persones vinculades [&hellip;]","og_url":"https:\/\/www.esplac.cat\/adolescencia-genere-i-sexualitat-tema-v-jornades-de-lleure-i-sexisme\/","og_site_name":"Esplac","article_published_time":"2015-11-13T09:52:24+00:00","article_modified_time":"2019-11-14T11:31:51+00:00","og_image":[{"width":847,"height":350,"url":"https:\/\/www.esplac.cat\/wp-content\/uploads\/2015\/11\/20151113_Jornades_lleure_sex.jpg","type":"image\/jpeg"}],"author":"Comunicaci\u00f3 Esplac","twitter_card":"summary_large_image","twitter_misc":{"Written by":"Comunicaci\u00f3 Esplac","Est. reading time":"3 minutes"},"schema":{"@context":"https:\/\/schema.org","@graph":[{"@type":"Article","@id":"https:\/\/www.esplac.cat\/adolescencia-genere-i-sexualitat-tema-v-jornades-de-lleure-i-sexisme\/#article","isPartOf":{"@id":"https:\/\/www.esplac.cat\/adolescencia-genere-i-sexualitat-tema-v-jornades-de-lleure-i-sexisme\/"},"author":{"name":"Comunicaci\u00f3 Esplac","@id":"https:\/\/www.esplac.cat\/#\/schema\/person\/908383cf240be18b68f8855d0583faca"},"headline":"Adolesc\u00e8ncia, g\u00e8nere i sexualitat, tema de les V Jornades de Lleure i Sexisme","datePublished":"2015-11-13T09:52:24+00:00","dateModified":"2019-11-14T11:31:51+00:00","mainEntityOfPage":{"@id":"https:\/\/www.esplac.cat\/adolescencia-genere-i-sexualitat-tema-v-jornades-de-lleure-i-sexisme\/"},"wordCount":611,"publisher":{"@id":"https:\/\/www.esplac.cat\/#organization"},"image":{"@id":"https:\/\/www.esplac.cat\/adolescencia-genere-i-sexualitat-tema-v-jornades-de-lleure-i-sexisme\/#primaryimage"},"thumbnailUrl":"https:\/\/www.esplac.cat\/wp-content\/uploads\/2015\/11\/20151113_Jornades_lleure_sex.jpg","keywords":["comissi\u00f3 de g\u00e8nere","g\u00e8nere","jornades de formaci\u00f3","lleure i sexisme","sexualitat"],"articleSection":["Activitats comissions i grups de treball","Protocol","Sense categoria"],"inLanguage":"en-US"},{"@type":"WebPage","@id":"https:\/\/www.esplac.cat\/adolescencia-genere-i-sexualitat-tema-v-jornades-de-lleure-i-sexisme\/","url":"https:\/\/www.esplac.cat\/adolescencia-genere-i-sexualitat-tema-v-jornades-de-lleure-i-sexisme\/","name":"Adolesc\u00e8ncia, g\u00e8nere i sexualitat, tema de les V Jornades de Lleure i Sexisme - Esplac","isPartOf":{"@id":"https:\/\/www.esplac.cat\/#website"},"primaryImageOfPage":{"@id":"https:\/\/www.esplac.cat\/adolescencia-genere-i-sexualitat-tema-v-jornades-de-lleure-i-sexisme\/#primaryimage"},"image":{"@id":"https:\/\/www.esplac.cat\/adolescencia-genere-i-sexualitat-tema-v-jornades-de-lleure-i-sexisme\/#primaryimage"},"thumbnailUrl":"https:\/\/www.esplac.cat\/wp-content\/uploads\/2015\/11\/20151113_Jornades_lleure_sex.jpg","datePublished":"2015-11-13T09:52:24+00:00","dateModified":"2019-11-14T11:31:51+00:00","breadcrumb":{"@id":"https:\/\/www.esplac.cat\/adolescencia-genere-i-sexualitat-tema-v-jornades-de-lleure-i-sexisme\/#breadcrumb"},"inLanguage":"en-US","potentialAction":[{"@type":"ReadAction","target":["https:\/\/www.esplac.cat\/adolescencia-genere-i-sexualitat-tema-v-jornades-de-lleure-i-sexisme\/"]}]},{"@type":"ImageObject","inLanguage":"en-US","@id":"https:\/\/www.esplac.cat\/adolescencia-genere-i-sexualitat-tema-v-jornades-de-lleure-i-sexisme\/#primaryimage","url":"https:\/\/www.esplac.cat\/wp-content\/uploads\/2015\/11\/20151113_Jornades_lleure_sex.jpg","contentUrl":"https:\/\/www.esplac.cat\/wp-content\/uploads\/2015\/11\/20151113_Jornades_lleure_sex.jpg","width":847,"height":350},{"@type":"BreadcrumbList","@id":"https:\/\/www.esplac.cat\/adolescencia-genere-i-sexualitat-tema-v-jornades-de-lleure-i-sexisme\/#breadcrumb","itemListElement":[{"@type":"ListItem","position":1,"name":"Inici","item":"https:\/\/www.esplac.cat\/en\/"},{"@type":"ListItem","position":2,"name":"Adolesc\u00e8ncia, g\u00e8nere i sexualitat, tema de les V Jornades de Lleure i Sexisme"}]},{"@type":"WebSite","@id":"https:\/\/www.esplac.cat\/#website","url":"https:\/\/www.esplac.cat\/","name":"Esplac","description":"Esplais Catalans","publisher":{"@id":"https:\/\/www.esplac.cat\/#organization"},"potentialAction":[{"@type":"SearchAction","target":{"@type":"EntryPoint","urlTemplate":"https:\/\/www.esplac.cat\/?s={search_term_string}"},"query-input":{"@type":"PropertyValueSpecification","valueRequired":true,"valueName":"search_term_string"}}],"inLanguage":"en-US"},{"@type":"Organization","@id":"https:\/\/www.esplac.cat\/#organization","name":"Esplac","url":"https:\/\/www.esplac.cat\/","logo":{"@type":"ImageObject","inLanguage":"en-US","@id":"https:\/\/www.esplac.cat\/#\/schema\/logo\/image\/","url":"https:\/\/www.esplac.cat\/wp-content\/uploads\/2019\/08\/logox2.png","contentUrl":"https:\/\/www.esplac.cat\/wp-content\/uploads\/2019\/08\/logox2.png","width":600,"height":295,"caption":"Esplac"},"image":{"@id":"https:\/\/www.esplac.cat\/#\/schema\/logo\/image\/"}},{"@type":"Person","@id":"https:\/\/www.esplac.cat\/#\/schema\/person\/908383cf240be18b68f8855d0583faca","name":"Comunicaci\u00f3 Esplac","image":{"@type":"ImageObject","inLanguage":"en-US","@id":"https:\/\/secure.gravatar.com\/avatar\/7a4cf8feb412a76ea4a740ca02d95b06b2907b5a6c648c2dd0a1082a093c3141?s=96&d=mm&r=g","url":"https:\/\/secure.gravatar.com\/avatar\/7a4cf8feb412a76ea4a740ca02d95b06b2907b5a6c648c2dd0a1082a093c3141?s=96&d=mm&r=g","contentUrl":"https:\/\/secure.gravatar.com\/avatar\/7a4cf8feb412a76ea4a740ca02d95b06b2907b5a6c648c2dd0a1082a093c3141?s=96&d=mm&r=g","caption":"Comunicaci\u00f3 Esplac"}}]}},"_links":{"self":[{"href":"https:\/\/www.esplac.cat\/en\/wp-json\/wp\/v2\/posts\/25477","targetHints":{"allow":["GET"]}}],"collection":[{"href":"https:\/\/www.esplac.cat\/en\/wp-json\/wp\/v2\/posts"}],"about":[{"href":"https:\/\/www.esplac.cat\/en\/wp-json\/wp\/v2\/types\/post"}],"author":[{"embeddable":true,"href":"https:\/\/www.esplac.cat\/en\/wp-json\/wp\/v2\/users\/3"}],"replies":[{"embeddable":true,"href":"https:\/\/www.esplac.cat\/en\/wp-json\/wp\/v2\/comments?post=25477"}],"version-history":[{"count":0,"href":"https:\/\/www.esplac.cat\/en\/wp-json\/wp\/v2\/posts\/25477\/revisions"}],"wp:featuredmedia":[{"embeddable":true,"href":"https:\/\/www.esplac.cat\/en\/wp-json\/wp\/v2\/media\/25478"}],"wp:attachment":[{"href":"https:\/\/www.esplac.cat\/en\/wp-json\/wp\/v2\/media?parent=25477"}],"wp:term":[{"taxonomy":"category","embeddable":true,"href":"https:\/\/www.esplac.cat\/en\/wp-json\/wp\/v2\/categories?post=25477"},{"taxonomy":"post_tag","embeddable":true,"href":"https:\/\/www.esplac.cat\/en\/wp-json\/wp\/v2\/tags?post=25477"}],"curies":[{"name":"wp","href":"https:\/\/api.w.org\/{rel}","templated":true}]}}