{"id":25481,"date":"2015-11-11T09:00:47","date_gmt":"2015-11-11T07:00:47","guid":{"rendered":"http:\/\/esplac.cat\/?p=9025"},"modified":"2015-11-11T09:00:47","modified_gmt":"2015-11-11T07:00:47","slug":"objectius-i-projectes-del-sector-penedes-garraf","status":"publish","type":"post","link":"https:\/\/www.esplac.cat\/en\/objectius-i-projectes-del-sector-penedes-garraf\/","title":{"rendered":"Objectius i projectes del Sector Pened\u00e8s-Garraf"},"content":{"rendered":"<h4 style=\"text-align: justify;\">Enguany tenen com a objectiu principal cr\u00e9ixer en formaci\u00f3 i buscar noves eines de coordinaci\u00f3 amb l&#8217;EGS<\/h4>\n<p style=\"text-align: justify;\">Despr\u00e9s d\u2019una AGO amb molta participaci\u00f3, el sector va definir les l\u00ednies de treball que vol dur a terme aquest any. Entre aquestes trobem varies activitats; com la realitzaci\u00f3 de la Diada dels Drets dels Infants, el Cal\u00e7a\u2019t \u2013 trobada de monis del sector \u2013 i la realitzaci\u00f3 d\u2019una trobada formativa de grans i joves del sector.<\/p>\n<p style=\"text-align: justify;\">Alguns projectes que es volen dur a terme s\u00f3n: Fer la dessuadora del sector, crear un espai per poder compartir informaci\u00f3, recursos, eines, valoracions&#8230;entre tots els esplais, fer difusi\u00f3 de les activitats i les comissions d\u2019Esplac, crear espais per poder fer compres conjuntes i, el projecte principal, formar-se com a sector. Intentar obrir les formacions que facin els esplais per poder compartir-les amb la resta i\/o intentar fer un reton.<\/p>\n<p style=\"text-align: justify;\">Aquest any tamb\u00e9, vol omplir-se de sentit les visites que l\u2019EGS faci als esplais, millorant la coordinaci\u00f3 que es genera entre EGS i esplais del sector.<\/p>\n","protected":false},"excerpt":{"rendered":"<p>Enguany tenen com a objectiu principal cr\u00e9ixer en formaci\u00f3 i [&hellip;]<\/p>\n","protected":false},"author":3,"featured_media":25483,"comment_status":"closed","ping_status":"open","sticky":false,"template":"","format":"standard","meta":{"om_disable_all_campaigns":false,"_monsterinsights_skip_tracking":false,"_monsterinsights_sitenote_active":false,"_monsterinsights_sitenote_note":"","_monsterinsights_sitenote_category":0,"_uf_show_specific_survey":0,"_uf_disable_surveys":false,"footnotes":""},"categories":[1110,1123],"tags":[355,356,106,23],"class_list":["post-25481","post","type-post","status-publish","format-standard","has-post-thumbnail","hentry","category-activitats-sectors","category-sector-penedes-garraf-anoia","tag-ago-sector","tag-c5-egs","tag-sector-penedes-garraf","tag-sectors-geografics"],"yoast_head":"<!-- This site is optimized with the Yoast SEO plugin v27.4 - https:\/\/yoast.com\/product\/yoast-seo-wordpress\/ -->\n<title>Objectius i projectes del Sector Pened\u00e8s-Garraf - Esplac<\/title>\n<meta name=\"robots\" content=\"index, follow, max-snippet:-1, max-image-preview:large, max-video-preview:-1\" \/>\n<link rel=\"canonical\" href=\"https:\/\/www.esplac.cat\/objectius-i-projectes-del-sector-penedes-garraf\/\" \/>\n<meta property=\"og:locale\" content=\"en_US\" \/>\n<meta property=\"og:type\" content=\"article\" \/>\n<meta property=\"og:title\" content=\"Objectius i projectes del Sector Pened\u00e8s-Garraf - Esplac\" \/>\n<meta property=\"og:description\" content=\"Enguany tenen com a objectiu principal cr\u00e9ixer en formaci\u00f3 i [&hellip;]\" \/>\n<meta property=\"og:url\" content=\"https:\/\/www.esplac.cat\/objectius-i-projectes-del-sector-penedes-garraf\/\" \/>\n<meta property=\"og:site_name\" content=\"Esplac\" \/>\n<meta property=\"article:published_time\" content=\"2015-11-11T07:00:47+00:00\" \/>\n<meta property=\"og:image\" content=\"https:\/\/www.esplac.cat\/wp-content\/uploads\/2015\/11\/NoticiaPG.jpg\" \/>\n\t<meta property=\"og:image:width\" content=\"847\" \/>\n\t<meta property=\"og:image:height\" content=\"350\" \/>\n\t<meta property=\"og:image:type\" content=\"image\/jpeg\" \/>\n<meta name=\"author\" content=\"Comunicaci\u00f3 Esplac\" \/>\n<meta name=\"twitter:card\" content=\"summary_large_image\" \/>\n<meta name=\"twitter:label1\" content=\"Written by\" \/>\n\t<meta name=\"twitter:data1\" content=\"Comunicaci\u00f3 Esplac\" \/>\n\t<meta name=\"twitter:label2\" content=\"Est. reading time\" \/>\n\t<meta name=\"twitter:data2\" content=\"1 minute\" \/>\n<script type=\"application\/ld+json\" class=\"yoast-schema-graph\">{\"@context\":\"https:\\\/\\\/schema.org\",\"@graph\":[{\"@type\":\"Article\",\"@id\":\"https:\\\/\\\/www.esplac.cat\\\/objectius-i-projectes-del-sector-penedes-garraf\\\/#article\",\"isPartOf\":{\"@id\":\"https:\\\/\\\/www.esplac.cat\\\/objectius-i-projectes-del-sector-penedes-garraf\\\/\"},\"author\":{\"name\":\"Comunicaci\u00f3 Esplac\",\"@id\":\"https:\\\/\\\/www.esplac.cat\\\/#\\\/schema\\\/person\\\/908383cf240be18b68f8855d0583faca\"},\"headline\":\"Objectius i projectes del Sector Pened\u00e8s-Garraf\",\"datePublished\":\"2015-11-11T07:00:47+00:00\",\"mainEntityOfPage\":{\"@id\":\"https:\\\/\\\/www.esplac.cat\\\/objectius-i-projectes-del-sector-penedes-garraf\\\/\"},\"wordCount\":188,\"publisher\":{\"@id\":\"https:\\\/\\\/www.esplac.cat\\\/#organization\"},\"image\":{\"@id\":\"https:\\\/\\\/www.esplac.cat\\\/objectius-i-projectes-del-sector-penedes-garraf\\\/#primaryimage\"},\"thumbnailUrl\":\"https:\\\/\\\/www.esplac.cat\\\/wp-content\\\/uploads\\\/2015\\\/11\\\/NoticiaPG.jpg\",\"keywords\":[\"AGO sector\",\"EGS\",\"Sector Pened\u00e8s-Garraf\",\"sectors geogr\u00e0fics\"],\"articleSection\":[\"Activitats sectors\",\"Sector Pened\u00e8s, Garraf i Anoia\"],\"inLanguage\":\"en-US\"},{\"@type\":\"WebPage\",\"@id\":\"https:\\\/\\\/www.esplac.cat\\\/objectius-i-projectes-del-sector-penedes-garraf\\\/\",\"url\":\"https:\\\/\\\/www.esplac.cat\\\/objectius-i-projectes-del-sector-penedes-garraf\\\/\",\"name\":\"Objectius i projectes del Sector Pened\u00e8s-Garraf - Esplac\",\"isPartOf\":{\"@id\":\"https:\\\/\\\/www.esplac.cat\\\/#website\"},\"primaryImageOfPage\":{\"@id\":\"https:\\\/\\\/www.esplac.cat\\\/objectius-i-projectes-del-sector-penedes-garraf\\\/#primaryimage\"},\"image\":{\"@id\":\"https:\\\/\\\/www.esplac.cat\\\/objectius-i-projectes-del-sector-penedes-garraf\\\/#primaryimage\"},\"thumbnailUrl\":\"https:\\\/\\\/www.esplac.cat\\\/wp-content\\\/uploads\\\/2015\\\/11\\\/NoticiaPG.jpg\",\"datePublished\":\"2015-11-11T07:00:47+00:00\",\"breadcrumb\":{\"@id\":\"https:\\\/\\\/www.esplac.cat\\\/objectius-i-projectes-del-sector-penedes-garraf\\\/#breadcrumb\"},\"inLanguage\":\"en-US\",\"potentialAction\":[{\"@type\":\"ReadAction\",\"target\":[\"https:\\\/\\\/www.esplac.cat\\\/objectius-i-projectes-del-sector-penedes-garraf\\\/\"]}]},{\"@type\":\"ImageObject\",\"inLanguage\":\"en-US\",\"@id\":\"https:\\\/\\\/www.esplac.cat\\\/objectius-i-projectes-del-sector-penedes-garraf\\\/#primaryimage\",\"url\":\"https:\\\/\\\/www.esplac.cat\\\/wp-content\\\/uploads\\\/2015\\\/11\\\/NoticiaPG.jpg\",\"contentUrl\":\"https:\\\/\\\/www.esplac.cat\\\/wp-content\\\/uploads\\\/2015\\\/11\\\/NoticiaPG.jpg\",\"width\":847,\"height\":350},{\"@type\":\"BreadcrumbList\",\"@id\":\"https:\\\/\\\/www.esplac.cat\\\/objectius-i-projectes-del-sector-penedes-garraf\\\/#breadcrumb\",\"itemListElement\":[{\"@type\":\"ListItem\",\"position\":1,\"name\":\"Inici\",\"item\":\"https:\\\/\\\/www.esplac.cat\\\/en\\\/\"},{\"@type\":\"ListItem\",\"position\":2,\"name\":\"Objectius i projectes del Sector Pened\u00e8s-Garraf\"}]},{\"@type\":\"WebSite\",\"@id\":\"https:\\\/\\\/www.esplac.cat\\\/#website\",\"url\":\"https:\\\/\\\/www.esplac.cat\\\/\",\"name\":\"Esplac\",\"description\":\"Esplais Catalans\",\"publisher\":{\"@id\":\"https:\\\/\\\/www.esplac.cat\\\/#organization\"},\"potentialAction\":[{\"@type\":\"SearchAction\",\"target\":{\"@type\":\"EntryPoint\",\"urlTemplate\":\"https:\\\/\\\/www.esplac.cat\\\/?s={search_term_string}\"},\"query-input\":{\"@type\":\"PropertyValueSpecification\",\"valueRequired\":true,\"valueName\":\"search_term_string\"}}],\"inLanguage\":\"en-US\"},{\"@type\":\"Organization\",\"@id\":\"https:\\\/\\\/www.esplac.cat\\\/#organization\",\"name\":\"Esplac\",\"url\":\"https:\\\/\\\/www.esplac.cat\\\/\",\"logo\":{\"@type\":\"ImageObject\",\"inLanguage\":\"en-US\",\"@id\":\"https:\\\/\\\/www.esplac.cat\\\/#\\\/schema\\\/logo\\\/image\\\/\",\"url\":\"https:\\\/\\\/www.esplac.cat\\\/wp-content\\\/uploads\\\/2019\\\/08\\\/logox2.png\",\"contentUrl\":\"https:\\\/\\\/www.esplac.cat\\\/wp-content\\\/uploads\\\/2019\\\/08\\\/logox2.png\",\"width\":600,\"height\":295,\"caption\":\"Esplac\"},\"image\":{\"@id\":\"https:\\\/\\\/www.esplac.cat\\\/#\\\/schema\\\/logo\\\/image\\\/\"}},{\"@type\":\"Person\",\"@id\":\"https:\\\/\\\/www.esplac.cat\\\/#\\\/schema\\\/person\\\/908383cf240be18b68f8855d0583faca\",\"name\":\"Comunicaci\u00f3 Esplac\",\"image\":{\"@type\":\"ImageObject\",\"inLanguage\":\"en-US\",\"@id\":\"https:\\\/\\\/secure.gravatar.com\\\/avatar\\\/7a4cf8feb412a76ea4a740ca02d95b06b2907b5a6c648c2dd0a1082a093c3141?s=96&d=mm&r=g\",\"url\":\"https:\\\/\\\/secure.gravatar.com\\\/avatar\\\/7a4cf8feb412a76ea4a740ca02d95b06b2907b5a6c648c2dd0a1082a093c3141?s=96&d=mm&r=g\",\"contentUrl\":\"https:\\\/\\\/secure.gravatar.com\\\/avatar\\\/7a4cf8feb412a76ea4a740ca02d95b06b2907b5a6c648c2dd0a1082a093c3141?s=96&d=mm&r=g\",\"caption\":\"Comunicaci\u00f3 Esplac\"}}]}<\/script>\n<!-- \/ Yoast SEO plugin. -->","yoast_head_json":{"title":"Objectius i projectes del Sector Pened\u00e8s-Garraf - Esplac","robots":{"index":"index","follow":"follow","max-snippet":"max-snippet:-1","max-image-preview":"max-image-preview:large","max-video-preview":"max-video-preview:-1"},"canonical":"https:\/\/www.esplac.cat\/objectius-i-projectes-del-sector-penedes-garraf\/","og_locale":"en_US","og_type":"article","og_title":"Objectius i projectes del Sector Pened\u00e8s-Garraf - Esplac","og_description":"Enguany tenen com a objectiu principal cr\u00e9ixer en formaci\u00f3 i [&hellip;]","og_url":"https:\/\/www.esplac.cat\/objectius-i-projectes-del-sector-penedes-garraf\/","og_site_name":"Esplac","article_published_time":"2015-11-11T07:00:47+00:00","og_image":[{"width":847,"height":350,"url":"https:\/\/www.esplac.cat\/wp-content\/uploads\/2015\/11\/NoticiaPG.jpg","type":"image\/jpeg"}],"author":"Comunicaci\u00f3 Esplac","twitter_card":"summary_large_image","twitter_misc":{"Written by":"Comunicaci\u00f3 Esplac","Est. reading time":"1 minute"},"schema":{"@context":"https:\/\/schema.org","@graph":[{"@type":"Article","@id":"https:\/\/www.esplac.cat\/objectius-i-projectes-del-sector-penedes-garraf\/#article","isPartOf":{"@id":"https:\/\/www.esplac.cat\/objectius-i-projectes-del-sector-penedes-garraf\/"},"author":{"name":"Comunicaci\u00f3 Esplac","@id":"https:\/\/www.esplac.cat\/#\/schema\/person\/908383cf240be18b68f8855d0583faca"},"headline":"Objectius i projectes del Sector Pened\u00e8s-Garraf","datePublished":"2015-11-11T07:00:47+00:00","mainEntityOfPage":{"@id":"https:\/\/www.esplac.cat\/objectius-i-projectes-del-sector-penedes-garraf\/"},"wordCount":188,"publisher":{"@id":"https:\/\/www.esplac.cat\/#organization"},"image":{"@id":"https:\/\/www.esplac.cat\/objectius-i-projectes-del-sector-penedes-garraf\/#primaryimage"},"thumbnailUrl":"https:\/\/www.esplac.cat\/wp-content\/uploads\/2015\/11\/NoticiaPG.jpg","keywords":["AGO sector","EGS","Sector Pened\u00e8s-Garraf","sectors geogr\u00e0fics"],"articleSection":["Activitats sectors","Sector Pened\u00e8s, Garraf i Anoia"],"inLanguage":"en-US"},{"@type":"WebPage","@id":"https:\/\/www.esplac.cat\/objectius-i-projectes-del-sector-penedes-garraf\/","url":"https:\/\/www.esplac.cat\/objectius-i-projectes-del-sector-penedes-garraf\/","name":"Objectius i projectes del Sector Pened\u00e8s-Garraf - Esplac","isPartOf":{"@id":"https:\/\/www.esplac.cat\/#website"},"primaryImageOfPage":{"@id":"https:\/\/www.esplac.cat\/objectius-i-projectes-del-sector-penedes-garraf\/#primaryimage"},"image":{"@id":"https:\/\/www.esplac.cat\/objectius-i-projectes-del-sector-penedes-garraf\/#primaryimage"},"thumbnailUrl":"https:\/\/www.esplac.cat\/wp-content\/uploads\/2015\/11\/NoticiaPG.jpg","datePublished":"2015-11-11T07:00:47+00:00","breadcrumb":{"@id":"https:\/\/www.esplac.cat\/objectius-i-projectes-del-sector-penedes-garraf\/#breadcrumb"},"inLanguage":"en-US","potentialAction":[{"@type":"ReadAction","target":["https:\/\/www.esplac.cat\/objectius-i-projectes-del-sector-penedes-garraf\/"]}]},{"@type":"ImageObject","inLanguage":"en-US","@id":"https:\/\/www.esplac.cat\/objectius-i-projectes-del-sector-penedes-garraf\/#primaryimage","url":"https:\/\/www.esplac.cat\/wp-content\/uploads\/2015\/11\/NoticiaPG.jpg","contentUrl":"https:\/\/www.esplac.cat\/wp-content\/uploads\/2015\/11\/NoticiaPG.jpg","width":847,"height":350},{"@type":"BreadcrumbList","@id":"https:\/\/www.esplac.cat\/objectius-i-projectes-del-sector-penedes-garraf\/#breadcrumb","itemListElement":[{"@type":"ListItem","position":1,"name":"Inici","item":"https:\/\/www.esplac.cat\/en\/"},{"@type":"ListItem","position":2,"name":"Objectius i projectes del Sector Pened\u00e8s-Garraf"}]},{"@type":"WebSite","@id":"https:\/\/www.esplac.cat\/#website","url":"https:\/\/www.esplac.cat\/","name":"Esplac","description":"Esplais Catalans","publisher":{"@id":"https:\/\/www.esplac.cat\/#organization"},"potentialAction":[{"@type":"SearchAction","target":{"@type":"EntryPoint","urlTemplate":"https:\/\/www.esplac.cat\/?s={search_term_string}"},"query-input":{"@type":"PropertyValueSpecification","valueRequired":true,"valueName":"search_term_string"}}],"inLanguage":"en-US"},{"@type":"Organization","@id":"https:\/\/www.esplac.cat\/#organization","name":"Esplac","url":"https:\/\/www.esplac.cat\/","logo":{"@type":"ImageObject","inLanguage":"en-US","@id":"https:\/\/www.esplac.cat\/#\/schema\/logo\/image\/","url":"https:\/\/www.esplac.cat\/wp-content\/uploads\/2019\/08\/logox2.png","contentUrl":"https:\/\/www.esplac.cat\/wp-content\/uploads\/2019\/08\/logox2.png","width":600,"height":295,"caption":"Esplac"},"image":{"@id":"https:\/\/www.esplac.cat\/#\/schema\/logo\/image\/"}},{"@type":"Person","@id":"https:\/\/www.esplac.cat\/#\/schema\/person\/908383cf240be18b68f8855d0583faca","name":"Comunicaci\u00f3 Esplac","image":{"@type":"ImageObject","inLanguage":"en-US","@id":"https:\/\/secure.gravatar.com\/avatar\/7a4cf8feb412a76ea4a740ca02d95b06b2907b5a6c648c2dd0a1082a093c3141?s=96&d=mm&r=g","url":"https:\/\/secure.gravatar.com\/avatar\/7a4cf8feb412a76ea4a740ca02d95b06b2907b5a6c648c2dd0a1082a093c3141?s=96&d=mm&r=g","contentUrl":"https:\/\/secure.gravatar.com\/avatar\/7a4cf8feb412a76ea4a740ca02d95b06b2907b5a6c648c2dd0a1082a093c3141?s=96&d=mm&r=g","caption":"Comunicaci\u00f3 Esplac"}}]}},"_links":{"self":[{"href":"https:\/\/www.esplac.cat\/en\/wp-json\/wp\/v2\/posts\/25481","targetHints":{"allow":["GET"]}}],"collection":[{"href":"https:\/\/www.esplac.cat\/en\/wp-json\/wp\/v2\/posts"}],"about":[{"href":"https:\/\/www.esplac.cat\/en\/wp-json\/wp\/v2\/types\/post"}],"author":[{"embeddable":true,"href":"https:\/\/www.esplac.cat\/en\/wp-json\/wp\/v2\/users\/3"}],"replies":[{"embeddable":true,"href":"https:\/\/www.esplac.cat\/en\/wp-json\/wp\/v2\/comments?post=25481"}],"version-history":[{"count":0,"href":"https:\/\/www.esplac.cat\/en\/wp-json\/wp\/v2\/posts\/25481\/revisions"}],"wp:featuredmedia":[{"embeddable":true,"href":"https:\/\/www.esplac.cat\/en\/wp-json\/wp\/v2\/media\/25483"}],"wp:attachment":[{"href":"https:\/\/www.esplac.cat\/en\/wp-json\/wp\/v2\/media?parent=25481"}],"wp:term":[{"taxonomy":"category","embeddable":true,"href":"https:\/\/www.esplac.cat\/en\/wp-json\/wp\/v2\/categories?post=25481"},{"taxonomy":"post_tag","embeddable":true,"href":"https:\/\/www.esplac.cat\/en\/wp-json\/wp\/v2\/tags?post=25481"}],"curies":[{"name":"wp","href":"https:\/\/api.w.org\/{rel}","templated":true}]}}