{"id":25497,"date":"2015-11-04T16:41:14","date_gmt":"2015-11-04T14:41:14","guid":{"rendered":"http:\/\/esplac.cat\/?p=8961"},"modified":"2015-11-04T16:41:14","modified_gmt":"2015-11-04T14:41:14","slug":"debat-i-formacio-a-la-presentacio-del-monografic-politica-i-esplai","status":"publish","type":"post","link":"https:\/\/www.esplac.cat\/en\/debat-i-formacio-a-la-presentacio-del-monografic-politica-i-esplai\/","title":{"rendered":"Debat i formaci\u00f3 a la presentaci\u00f3 del monogr\u00e0fic &#8220;Pol\u00edtica i esplai&#8221;"},"content":{"rendered":"<h4>L&#8217;acte central de la jornada de la revista Som Esplai, que es va celebrar el 23 d&#8217;octubre a la Sala d&#8217;actes de l&#8217;Associaci\u00f3 de Mestres Rosa Sensat, va ser una taula rodona amb \u00c8lia Torrescasana, Alba Cuevas i Irene Balaguer com a ponents<\/h4>\n<p>La relaci\u00f3 entre pol\u00edtica i el m\u00f3n del lleure\u00a0va ser el tema central de la jornada &#8220;Pol\u00edtica i esplai&#8221;, en qu\u00e8 vam escoltar les opinions i experi\u00e8ncies de tres dones activistes i amb molta relaci\u00f3 amb l&#8217;educaci\u00f3 en el lleure: \u00c8lia Torrescasana, exmembre de l&#8217;Equip de Direcci\u00f3 d&#8217;Esplais Catalans i actualment regidora de la CUP a Sallent; Alba Cuevas, portaveu de SOS Racisme i antiga monitora de l&#8217;esplai Picabufa (Xang\u00f3); i Irene Balaguer, fins fa pocs mesos presidenta de l&#8217;Associaci\u00f3 de Mestres Rosa Sensat.<\/p>\n<p>Les tres van tocar diversos temes. Van\u00a0explicar-nos com creuen que es pot fer pol\u00edtica\u00a0des de l&#8217;esplai, quines din\u00e0miques que aprenem a l&#8217;esplai ens poden despr\u00e9s servir en la nostra traject\u00f2ria d&#8217;activisme, com \u00e9s \u2013o podria ser- la nostra relaci\u00f3 amb altres\u00a0moviments socials o pol\u00edtics o\u00a0de quina manera pot educar l&#8217;esplai als infants per fer-los\u00a0persones m\u00e9s lliures i cr\u00edtiques.<\/p>\n<p>Tot seguit, es va generar debat entre les persones assistents sobre com ens impliquem els esplais en pol\u00edtica i quina mena de feina pol\u00edtica fem o haur\u00edem de fer. <strong><a href=\"http:\/\/www.somesplai.cat\/2015\/11\/04\/la-politica-que-neix-a-lesplai-i-creix-al-carrer\/\" target=\"_blank\" rel=\"noopener noreferrer\">Recollim al Som Esplai una de les reflexions d&#8217;un dels assistents a l&#8217;acte, en Dani Costa, monitor de l&#8217;esplai La Fera de Terrassa.<\/a><\/strong><\/p>\n<p>Si us vau perdre el debat, hem penjat el v\u00eddeo complet al YouTube! Aqu\u00ed el podeu veure:<\/p>\n<p><iframe class=\"fusion-hidden\" data-privacy-type=\"youtube\" src=\"\" data-privacy-src=\"https:\/\/www.youtube.com\/embed\/oZXA66RHM5U\" width=\"847\" height=\"350\" frameborder=\"0\" allowfullscreen=\"allowfullscreen\"><\/iframe><div class=\"fusion-privacy-placeholder\" style=\"width:847px; height:350px;\" data-privacy-type=\"youtube\"><div class=\"fusion-privacy-placeholder-content\"><div class=\"fusion-privacy-label\">For privacy reasons YouTube needs your permission to be loaded. For more details, please see our <a class=\"privacy-policy-link\" href=\"https:\/\/www.esplac.cat\/avis-legal\/\" rel=\"privacy-policy\">Av\u00eds Legal<\/a>.<\/div><a href=\"\" data-privacy-type=\"youtube\" class=\"fusion-button button-default fusion-button-default-size button fusion-privacy-consent\">I Accept<\/a><\/div><\/div><\/p>\n<p>Tamb\u00e9 podreu trobar <strong>una galeria de fotos de la taula rodona al Flickr d&#8217;Esplais Catalans:<\/strong><\/p>\n<p><a title=\"Taula Rodona &quot;Pol\u00edtica i esplai&quot;\" href=\"https:\/\/www.flickr.com\/photos\/esplaiscatalans\/albums\/72157658492222484\" data-flickr-embed=\"true\"><img decoding=\"async\" src=\"https:\/\/farm6.staticflickr.com\/5786\/22163340443_6b2b98f353_z.jpg\" alt=\"Taula Rodona &quot;Pol\u00edtica i esplai&quot;\" width=\"847\" height=\"350\" \/><\/a><script src=\"\/\/embedr.flickr.com\/assets\/client-code.js\" async=\"\" charset=\"utf-8\"><\/script><\/p>\n","protected":false},"excerpt":{"rendered":"<p>L&#8217;acte central de la jornada de la revista Som Esplai, [&hellip;]<\/p>\n","protected":false},"author":3,"featured_media":25498,"comment_status":"closed","ping_status":"open","sticky":false,"template":"","format":"standard","meta":{"om_disable_all_campaigns":false,"_monsterinsights_skip_tracking":false,"_monsterinsights_sitenote_active":false,"_monsterinsights_sitenote_note":"","_monsterinsights_sitenote_category":0,"_uf_show_specific_survey":0,"_uf_disable_surveys":false,"footnotes":""},"categories":[1111,1126,1],"tags":[598,599,54,600,601,602,327],"class_list":["post-25497","post","type-post","status-publish","format-standard","has-post-thumbnail","hentry","category-activitats-esplac","category-lapiqueta","category-sense-categoria","tag-alba-cuevas","tag-debat","tag-formacio","tag-politica","tag-politica-i-esplai","tag-som-esplai","tag-sos-racisme"],"yoast_head":"<!-- This site is optimized with the Yoast SEO plugin v27.4 - https:\/\/yoast.com\/product\/yoast-seo-wordpress\/ -->\n<title>Debat i formaci\u00f3 a la presentaci\u00f3 del monogr\u00e0fic &quot;Pol\u00edtica i esplai&quot; - Esplac<\/title>\n<meta name=\"robots\" content=\"index, follow, max-snippet:-1, max-image-preview:large, max-video-preview:-1\" \/>\n<link rel=\"canonical\" href=\"https:\/\/www.esplac.cat\/debat-i-formacio-a-la-presentacio-del-monografic-politica-i-esplai\/\" \/>\n<meta property=\"og:locale\" content=\"en_US\" \/>\n<meta property=\"og:type\" content=\"article\" \/>\n<meta property=\"og:title\" content=\"Debat i formaci\u00f3 a la presentaci\u00f3 del monogr\u00e0fic &quot;Pol\u00edtica i esplai&quot; - Esplac\" \/>\n<meta property=\"og:description\" content=\"L&#8217;acte central de la jornada de la revista Som Esplai, [&hellip;]\" \/>\n<meta property=\"og:url\" content=\"https:\/\/www.esplac.cat\/debat-i-formacio-a-la-presentacio-del-monografic-politica-i-esplai\/\" \/>\n<meta property=\"og:site_name\" content=\"Esplac\" \/>\n<meta property=\"article:published_time\" content=\"2015-11-04T14:41:14+00:00\" \/>\n<meta property=\"og:image\" content=\"https:\/\/www.esplac.cat\/wp-content\/uploads\/2015\/11\/20151104_Acte-SomEsplai.png\" \/>\n\t<meta property=\"og:image:width\" content=\"847\" \/>\n\t<meta property=\"og:image:height\" content=\"350\" \/>\n\t<meta property=\"og:image:type\" content=\"image\/png\" \/>\n<meta name=\"author\" content=\"Comunicaci\u00f3 Esplac\" \/>\n<meta name=\"twitter:card\" content=\"summary_large_image\" \/>\n<meta name=\"twitter:label1\" content=\"Written by\" \/>\n\t<meta name=\"twitter:data1\" content=\"Comunicaci\u00f3 Esplac\" \/>\n\t<meta name=\"twitter:label2\" content=\"Est. reading time\" \/>\n\t<meta name=\"twitter:data2\" content=\"1 minute\" \/>\n<script type=\"application\/ld+json\" class=\"yoast-schema-graph\">{\"@context\":\"https:\\\/\\\/schema.org\",\"@graph\":[{\"@type\":\"Article\",\"@id\":\"https:\\\/\\\/www.esplac.cat\\\/debat-i-formacio-a-la-presentacio-del-monografic-politica-i-esplai\\\/#article\",\"isPartOf\":{\"@id\":\"https:\\\/\\\/www.esplac.cat\\\/debat-i-formacio-a-la-presentacio-del-monografic-politica-i-esplai\\\/\"},\"author\":{\"name\":\"Comunicaci\u00f3 Esplac\",\"@id\":\"https:\\\/\\\/www.esplac.cat\\\/#\\\/schema\\\/person\\\/908383cf240be18b68f8855d0583faca\"},\"headline\":\"Debat i formaci\u00f3 a la presentaci\u00f3 del monogr\u00e0fic &#8220;Pol\u00edtica i esplai&#8221;\",\"datePublished\":\"2015-11-04T14:41:14+00:00\",\"mainEntityOfPage\":{\"@id\":\"https:\\\/\\\/www.esplac.cat\\\/debat-i-formacio-a-la-presentacio-del-monografic-politica-i-esplai\\\/\"},\"wordCount\":319,\"publisher\":{\"@id\":\"https:\\\/\\\/www.esplac.cat\\\/#organization\"},\"image\":{\"@id\":\"https:\\\/\\\/www.esplac.cat\\\/debat-i-formacio-a-la-presentacio-del-monografic-politica-i-esplai\\\/#primaryimage\"},\"thumbnailUrl\":\"https:\\\/\\\/www.esplac.cat\\\/wp-content\\\/uploads\\\/2015\\\/11\\\/20151104_Acte-SomEsplai.png\",\"keywords\":[\"Alba Cuevas\",\"debat\",\"formaci\u00f3\",\"politica\",\"pol\u00edtica i esplai\",\"som esplai\",\"sos racisme\"],\"articleSection\":[\"Activitats esplac\",\"La Piqueta\",\"Sense categoria\"],\"inLanguage\":\"en-US\"},{\"@type\":\"WebPage\",\"@id\":\"https:\\\/\\\/www.esplac.cat\\\/debat-i-formacio-a-la-presentacio-del-monografic-politica-i-esplai\\\/\",\"url\":\"https:\\\/\\\/www.esplac.cat\\\/debat-i-formacio-a-la-presentacio-del-monografic-politica-i-esplai\\\/\",\"name\":\"Debat i formaci\u00f3 a la presentaci\u00f3 del monogr\u00e0fic \\\"Pol\u00edtica i esplai\\\" - Esplac\",\"isPartOf\":{\"@id\":\"https:\\\/\\\/www.esplac.cat\\\/#website\"},\"primaryImageOfPage\":{\"@id\":\"https:\\\/\\\/www.esplac.cat\\\/debat-i-formacio-a-la-presentacio-del-monografic-politica-i-esplai\\\/#primaryimage\"},\"image\":{\"@id\":\"https:\\\/\\\/www.esplac.cat\\\/debat-i-formacio-a-la-presentacio-del-monografic-politica-i-esplai\\\/#primaryimage\"},\"thumbnailUrl\":\"https:\\\/\\\/www.esplac.cat\\\/wp-content\\\/uploads\\\/2015\\\/11\\\/20151104_Acte-SomEsplai.png\",\"datePublished\":\"2015-11-04T14:41:14+00:00\",\"breadcrumb\":{\"@id\":\"https:\\\/\\\/www.esplac.cat\\\/debat-i-formacio-a-la-presentacio-del-monografic-politica-i-esplai\\\/#breadcrumb\"},\"inLanguage\":\"en-US\",\"potentialAction\":[{\"@type\":\"ReadAction\",\"target\":[\"https:\\\/\\\/www.esplac.cat\\\/debat-i-formacio-a-la-presentacio-del-monografic-politica-i-esplai\\\/\"]}]},{\"@type\":\"ImageObject\",\"inLanguage\":\"en-US\",\"@id\":\"https:\\\/\\\/www.esplac.cat\\\/debat-i-formacio-a-la-presentacio-del-monografic-politica-i-esplai\\\/#primaryimage\",\"url\":\"https:\\\/\\\/www.esplac.cat\\\/wp-content\\\/uploads\\\/2015\\\/11\\\/20151104_Acte-SomEsplai.png\",\"contentUrl\":\"https:\\\/\\\/www.esplac.cat\\\/wp-content\\\/uploads\\\/2015\\\/11\\\/20151104_Acte-SomEsplai.png\",\"width\":847,\"height\":350},{\"@type\":\"BreadcrumbList\",\"@id\":\"https:\\\/\\\/www.esplac.cat\\\/debat-i-formacio-a-la-presentacio-del-monografic-politica-i-esplai\\\/#breadcrumb\",\"itemListElement\":[{\"@type\":\"ListItem\",\"position\":1,\"name\":\"Inici\",\"item\":\"https:\\\/\\\/www.esplac.cat\\\/en\\\/\"},{\"@type\":\"ListItem\",\"position\":2,\"name\":\"Debat i formaci\u00f3 a la presentaci\u00f3 del monogr\u00e0fic &#8220;Pol\u00edtica i esplai&#8221;\"}]},{\"@type\":\"WebSite\",\"@id\":\"https:\\\/\\\/www.esplac.cat\\\/#website\",\"url\":\"https:\\\/\\\/www.esplac.cat\\\/\",\"name\":\"Esplac\",\"description\":\"Esplais Catalans\",\"publisher\":{\"@id\":\"https:\\\/\\\/www.esplac.cat\\\/#organization\"},\"potentialAction\":[{\"@type\":\"SearchAction\",\"target\":{\"@type\":\"EntryPoint\",\"urlTemplate\":\"https:\\\/\\\/www.esplac.cat\\\/?s={search_term_string}\"},\"query-input\":{\"@type\":\"PropertyValueSpecification\",\"valueRequired\":true,\"valueName\":\"search_term_string\"}}],\"inLanguage\":\"en-US\"},{\"@type\":\"Organization\",\"@id\":\"https:\\\/\\\/www.esplac.cat\\\/#organization\",\"name\":\"Esplac\",\"url\":\"https:\\\/\\\/www.esplac.cat\\\/\",\"logo\":{\"@type\":\"ImageObject\",\"inLanguage\":\"en-US\",\"@id\":\"https:\\\/\\\/www.esplac.cat\\\/#\\\/schema\\\/logo\\\/image\\\/\",\"url\":\"https:\\\/\\\/www.esplac.cat\\\/wp-content\\\/uploads\\\/2019\\\/08\\\/logox2.png\",\"contentUrl\":\"https:\\\/\\\/www.esplac.cat\\\/wp-content\\\/uploads\\\/2019\\\/08\\\/logox2.png\",\"width\":600,\"height\":295,\"caption\":\"Esplac\"},\"image\":{\"@id\":\"https:\\\/\\\/www.esplac.cat\\\/#\\\/schema\\\/logo\\\/image\\\/\"}},{\"@type\":\"Person\",\"@id\":\"https:\\\/\\\/www.esplac.cat\\\/#\\\/schema\\\/person\\\/908383cf240be18b68f8855d0583faca\",\"name\":\"Comunicaci\u00f3 Esplac\",\"image\":{\"@type\":\"ImageObject\",\"inLanguage\":\"en-US\",\"@id\":\"https:\\\/\\\/secure.gravatar.com\\\/avatar\\\/7a4cf8feb412a76ea4a740ca02d95b06b2907b5a6c648c2dd0a1082a093c3141?s=96&d=mm&r=g\",\"url\":\"https:\\\/\\\/secure.gravatar.com\\\/avatar\\\/7a4cf8feb412a76ea4a740ca02d95b06b2907b5a6c648c2dd0a1082a093c3141?s=96&d=mm&r=g\",\"contentUrl\":\"https:\\\/\\\/secure.gravatar.com\\\/avatar\\\/7a4cf8feb412a76ea4a740ca02d95b06b2907b5a6c648c2dd0a1082a093c3141?s=96&d=mm&r=g\",\"caption\":\"Comunicaci\u00f3 Esplac\"}}]}<\/script>\n<!-- \/ Yoast SEO plugin. -->","yoast_head_json":{"title":"Debat i formaci\u00f3 a la presentaci\u00f3 del monogr\u00e0fic \"Pol\u00edtica i esplai\" - Esplac","robots":{"index":"index","follow":"follow","max-snippet":"max-snippet:-1","max-image-preview":"max-image-preview:large","max-video-preview":"max-video-preview:-1"},"canonical":"https:\/\/www.esplac.cat\/debat-i-formacio-a-la-presentacio-del-monografic-politica-i-esplai\/","og_locale":"en_US","og_type":"article","og_title":"Debat i formaci\u00f3 a la presentaci\u00f3 del monogr\u00e0fic \"Pol\u00edtica i esplai\" - Esplac","og_description":"L&#8217;acte central de la jornada de la revista Som Esplai, [&hellip;]","og_url":"https:\/\/www.esplac.cat\/debat-i-formacio-a-la-presentacio-del-monografic-politica-i-esplai\/","og_site_name":"Esplac","article_published_time":"2015-11-04T14:41:14+00:00","og_image":[{"width":847,"height":350,"url":"https:\/\/www.esplac.cat\/wp-content\/uploads\/2015\/11\/20151104_Acte-SomEsplai.png","type":"image\/png"}],"author":"Comunicaci\u00f3 Esplac","twitter_card":"summary_large_image","twitter_misc":{"Written by":"Comunicaci\u00f3 Esplac","Est. reading time":"1 minute"},"schema":{"@context":"https:\/\/schema.org","@graph":[{"@type":"Article","@id":"https:\/\/www.esplac.cat\/debat-i-formacio-a-la-presentacio-del-monografic-politica-i-esplai\/#article","isPartOf":{"@id":"https:\/\/www.esplac.cat\/debat-i-formacio-a-la-presentacio-del-monografic-politica-i-esplai\/"},"author":{"name":"Comunicaci\u00f3 Esplac","@id":"https:\/\/www.esplac.cat\/#\/schema\/person\/908383cf240be18b68f8855d0583faca"},"headline":"Debat i formaci\u00f3 a la presentaci\u00f3 del monogr\u00e0fic &#8220;Pol\u00edtica i esplai&#8221;","datePublished":"2015-11-04T14:41:14+00:00","mainEntityOfPage":{"@id":"https:\/\/www.esplac.cat\/debat-i-formacio-a-la-presentacio-del-monografic-politica-i-esplai\/"},"wordCount":319,"publisher":{"@id":"https:\/\/www.esplac.cat\/#organization"},"image":{"@id":"https:\/\/www.esplac.cat\/debat-i-formacio-a-la-presentacio-del-monografic-politica-i-esplai\/#primaryimage"},"thumbnailUrl":"https:\/\/www.esplac.cat\/wp-content\/uploads\/2015\/11\/20151104_Acte-SomEsplai.png","keywords":["Alba Cuevas","debat","formaci\u00f3","politica","pol\u00edtica i esplai","som esplai","sos racisme"],"articleSection":["Activitats esplac","La Piqueta","Sense categoria"],"inLanguage":"en-US"},{"@type":"WebPage","@id":"https:\/\/www.esplac.cat\/debat-i-formacio-a-la-presentacio-del-monografic-politica-i-esplai\/","url":"https:\/\/www.esplac.cat\/debat-i-formacio-a-la-presentacio-del-monografic-politica-i-esplai\/","name":"Debat i formaci\u00f3 a la presentaci\u00f3 del monogr\u00e0fic \"Pol\u00edtica i esplai\" - Esplac","isPartOf":{"@id":"https:\/\/www.esplac.cat\/#website"},"primaryImageOfPage":{"@id":"https:\/\/www.esplac.cat\/debat-i-formacio-a-la-presentacio-del-monografic-politica-i-esplai\/#primaryimage"},"image":{"@id":"https:\/\/www.esplac.cat\/debat-i-formacio-a-la-presentacio-del-monografic-politica-i-esplai\/#primaryimage"},"thumbnailUrl":"https:\/\/www.esplac.cat\/wp-content\/uploads\/2015\/11\/20151104_Acte-SomEsplai.png","datePublished":"2015-11-04T14:41:14+00:00","breadcrumb":{"@id":"https:\/\/www.esplac.cat\/debat-i-formacio-a-la-presentacio-del-monografic-politica-i-esplai\/#breadcrumb"},"inLanguage":"en-US","potentialAction":[{"@type":"ReadAction","target":["https:\/\/www.esplac.cat\/debat-i-formacio-a-la-presentacio-del-monografic-politica-i-esplai\/"]}]},{"@type":"ImageObject","inLanguage":"en-US","@id":"https:\/\/www.esplac.cat\/debat-i-formacio-a-la-presentacio-del-monografic-politica-i-esplai\/#primaryimage","url":"https:\/\/www.esplac.cat\/wp-content\/uploads\/2015\/11\/20151104_Acte-SomEsplai.png","contentUrl":"https:\/\/www.esplac.cat\/wp-content\/uploads\/2015\/11\/20151104_Acte-SomEsplai.png","width":847,"height":350},{"@type":"BreadcrumbList","@id":"https:\/\/www.esplac.cat\/debat-i-formacio-a-la-presentacio-del-monografic-politica-i-esplai\/#breadcrumb","itemListElement":[{"@type":"ListItem","position":1,"name":"Inici","item":"https:\/\/www.esplac.cat\/en\/"},{"@type":"ListItem","position":2,"name":"Debat i formaci\u00f3 a la presentaci\u00f3 del monogr\u00e0fic &#8220;Pol\u00edtica i esplai&#8221;"}]},{"@type":"WebSite","@id":"https:\/\/www.esplac.cat\/#website","url":"https:\/\/www.esplac.cat\/","name":"Esplac","description":"Esplais Catalans","publisher":{"@id":"https:\/\/www.esplac.cat\/#organization"},"potentialAction":[{"@type":"SearchAction","target":{"@type":"EntryPoint","urlTemplate":"https:\/\/www.esplac.cat\/?s={search_term_string}"},"query-input":{"@type":"PropertyValueSpecification","valueRequired":true,"valueName":"search_term_string"}}],"inLanguage":"en-US"},{"@type":"Organization","@id":"https:\/\/www.esplac.cat\/#organization","name":"Esplac","url":"https:\/\/www.esplac.cat\/","logo":{"@type":"ImageObject","inLanguage":"en-US","@id":"https:\/\/www.esplac.cat\/#\/schema\/logo\/image\/","url":"https:\/\/www.esplac.cat\/wp-content\/uploads\/2019\/08\/logox2.png","contentUrl":"https:\/\/www.esplac.cat\/wp-content\/uploads\/2019\/08\/logox2.png","width":600,"height":295,"caption":"Esplac"},"image":{"@id":"https:\/\/www.esplac.cat\/#\/schema\/logo\/image\/"}},{"@type":"Person","@id":"https:\/\/www.esplac.cat\/#\/schema\/person\/908383cf240be18b68f8855d0583faca","name":"Comunicaci\u00f3 Esplac","image":{"@type":"ImageObject","inLanguage":"en-US","@id":"https:\/\/secure.gravatar.com\/avatar\/7a4cf8feb412a76ea4a740ca02d95b06b2907b5a6c648c2dd0a1082a093c3141?s=96&d=mm&r=g","url":"https:\/\/secure.gravatar.com\/avatar\/7a4cf8feb412a76ea4a740ca02d95b06b2907b5a6c648c2dd0a1082a093c3141?s=96&d=mm&r=g","contentUrl":"https:\/\/secure.gravatar.com\/avatar\/7a4cf8feb412a76ea4a740ca02d95b06b2907b5a6c648c2dd0a1082a093c3141?s=96&d=mm&r=g","caption":"Comunicaci\u00f3 Esplac"}}]}},"_links":{"self":[{"href":"https:\/\/www.esplac.cat\/en\/wp-json\/wp\/v2\/posts\/25497","targetHints":{"allow":["GET"]}}],"collection":[{"href":"https:\/\/www.esplac.cat\/en\/wp-json\/wp\/v2\/posts"}],"about":[{"href":"https:\/\/www.esplac.cat\/en\/wp-json\/wp\/v2\/types\/post"}],"author":[{"embeddable":true,"href":"https:\/\/www.esplac.cat\/en\/wp-json\/wp\/v2\/users\/3"}],"replies":[{"embeddable":true,"href":"https:\/\/www.esplac.cat\/en\/wp-json\/wp\/v2\/comments?post=25497"}],"version-history":[{"count":0,"href":"https:\/\/www.esplac.cat\/en\/wp-json\/wp\/v2\/posts\/25497\/revisions"}],"wp:featuredmedia":[{"embeddable":true,"href":"https:\/\/www.esplac.cat\/en\/wp-json\/wp\/v2\/media\/25498"}],"wp:attachment":[{"href":"https:\/\/www.esplac.cat\/en\/wp-json\/wp\/v2\/media?parent=25497"}],"wp:term":[{"taxonomy":"category","embeddable":true,"href":"https:\/\/www.esplac.cat\/en\/wp-json\/wp\/v2\/categories?post=25497"},{"taxonomy":"post_tag","embeddable":true,"href":"https:\/\/www.esplac.cat\/en\/wp-json\/wp\/v2\/tags?post=25497"}],"curies":[{"name":"wp","href":"https:\/\/api.w.org\/{rel}","templated":true}]}}