{"id":25499,"date":"2015-11-02T11:21:49","date_gmt":"2015-11-02T09:21:49","guid":{"rendered":"http:\/\/esplac.cat\/?p=8935"},"modified":"2015-11-02T11:21:49","modified_gmt":"2015-11-02T09:21:49","slug":"dos-videos-que-resumeixen-la-darrera-escola-esplac","status":"publish","type":"post","link":"https:\/\/www.esplac.cat\/en\/dos-videos-que-resumeixen-la-darrera-escola-esplac\/","title":{"rendered":"Dos v\u00eddeos que resumeixen la darrera Escola d&#8217;Esplac"},"content":{"rendered":"<h4>Publiquem un parell de v\u00eddeos\u00a0al Youtube amb entrevistes a ponents i talleristes de l&#8217;Escola d&#8217;Esplac i les conclusions de monitors i monitores participants a les formacions<\/h4>\n<p>L&#8217;Escola d&#8217;Esplac, la trobada anual de formaci\u00f3 d&#8217;Esplais Catalans, es va celebrar el passat 7 i 8 de febrer a l&#8217;alberg Torre Ametller de Cabrera de Mar. Vam parlar i debatre sobre\u00a0l&#8217;educaci\u00f3 emocional a l&#8217;esplai i va ser un espai molt enriquidor de formaci\u00f3 per a monis de molts esplais!<\/p>\n<p>Ara que ja estem en plena preparaci\u00f3 de\u00a0la propera Escola d&#8217;Esplac, que tractar\u00e0 el tema de la participaci\u00f3 \u2013com vau decidir els esplais en una enquesta a finals del curs passat-, \u00e9s un molt bon moment per recuperar els millors moments de la darrera trobada. Hem preparat un parell de v\u00eddeos, que ja teniu penjats al YouTube!<\/p>\n<p><strong>Escola d&#8217;Esplac 2015: taules rodones i tallers<\/strong><\/p>\n<p><iframe class=\"fusion-hidden\" data-privacy-type=\"youtube\" src=\"\" data-privacy-src=\"https:\/\/www.youtube.com\/embed\/tVpjMqgAUMA\" width=\"847\" height=\"350\" frameborder=\"0\" allowfullscreen=\"allowfullscreen\"><\/iframe><div class=\"fusion-privacy-placeholder\" style=\"width:847px; height:350px;\" data-privacy-type=\"youtube\"><div class=\"fusion-privacy-placeholder-content\"><div class=\"fusion-privacy-label\">For privacy reasons YouTube needs your permission to be loaded. For more details, please see our <a class=\"privacy-policy-link\" href=\"https:\/\/www.esplac.cat\/avis-legal\/\" rel=\"privacy-policy\">Av\u00eds Legal<\/a>.<\/div><a href=\"\" data-privacy-type=\"youtube\" class=\"fusion-button button-default fusion-button-default-size button fusion-privacy-consent\">I Accept<\/a><\/div><\/div><\/p>\n<p><strong>Escola d&#8217;Esplac 2015:\u00a0participants i conclusions<\/strong><\/p>\n<p><iframe class=\"fusion-hidden\" data-privacy-type=\"youtube\" src=\"\" data-privacy-src=\"https:\/\/www.youtube.com\/embed\/bth6iKO1C7I\" width=\"847\" height=\"350\" frameborder=\"0\" allowfullscreen=\"allowfullscreen\"><\/iframe><div class=\"fusion-privacy-placeholder\" style=\"width:847px; height:350px;\" data-privacy-type=\"youtube\"><div class=\"fusion-privacy-placeholder-content\"><div class=\"fusion-privacy-label\">For privacy reasons YouTube needs your permission to be loaded. For more details, please see our <a class=\"privacy-policy-link\" href=\"https:\/\/www.esplac.cat\/avis-legal\/\" rel=\"privacy-policy\">Av\u00eds Legal<\/a>.<\/div><a href=\"\" data-privacy-type=\"youtube\" class=\"fusion-button button-default fusion-button-default-size button fusion-privacy-consent\">I Accept<\/a><\/div><\/div><\/p>\n<p>La propera edici\u00f3 tindr\u00e0 lloc el 20 i 21 de febrer a Sant Salvador de Guardiola, a la comarca del Bages.<\/p>\n<p><strong><a href=\"http:\/\/esplac.cat\/escola-desplac\/#1440261683617-65232ca3-dbdd\" target=\"_blank\" rel=\"noopener noreferrer\">Properament trobareu m\u00e9s informaci\u00f3 sobre el programa a la nova p\u00e0gina de l&#8217;Escola d&#8217;Esplac al<\/a><a href=\"http:\/\/esplac.cat\/escola-desplac\/#1440261683617-65232ca3-dbdd\" target=\"_blank\" rel=\"noopener noreferrer\"> web<\/a><\/strong>!<\/p>\n","protected":false},"excerpt":{"rendered":"<p>Publiquem un parell de v\u00eddeos\u00a0al Youtube amb entrevistes a ponents [&hellip;]<\/p>\n","protected":false},"author":3,"featured_media":25500,"comment_status":"closed","ping_status":"open","sticky":false,"template":"","format":"standard","meta":{"om_disable_all_campaigns":false,"_monsterinsights_skip_tracking":false,"_monsterinsights_sitenote_active":false,"_monsterinsights_sitenote_note":"","_monsterinsights_sitenote_category":0,"_uf_show_specific_survey":0,"_uf_disable_surveys":false,"footnotes":""},"categories":[1111,1131,1129,1],"tags":[415,596,597,54],"class_list":["post-25499","post","type-post","status-publish","format-standard","has-post-thumbnail","hentry","category-activitats-esplac","category-cursos-formacions","category-escola-desplac","category-sense-categoria","tag-educacio-emocional","tag-ee15","tag-escola-desplac-2015","tag-formacio"],"yoast_head":"<!-- This site is optimized with the Yoast SEO plugin v27.5 - https:\/\/yoast.com\/product\/yoast-seo-wordpress\/ -->\n<title>Dos v\u00eddeos que resumeixen la darrera Escola d&#039;Esplac - Esplac<\/title>\n<meta name=\"robots\" content=\"index, follow, max-snippet:-1, max-image-preview:large, max-video-preview:-1\" \/>\n<link rel=\"canonical\" href=\"https:\/\/www.esplac.cat\/dos-videos-que-resumeixen-la-darrera-escola-esplac\/\" \/>\n<meta property=\"og:locale\" content=\"en_US\" \/>\n<meta property=\"og:type\" content=\"article\" \/>\n<meta property=\"og:title\" content=\"Dos v\u00eddeos que resumeixen la darrera Escola d&#039;Esplac - Esplac\" \/>\n<meta property=\"og:description\" content=\"Publiquem un parell de v\u00eddeos\u00a0al Youtube amb entrevistes a ponents [&hellip;]\" \/>\n<meta property=\"og:url\" content=\"https:\/\/www.esplac.cat\/dos-videos-que-resumeixen-la-darrera-escola-esplac\/\" \/>\n<meta property=\"og:site_name\" content=\"Esplac\" \/>\n<meta property=\"article:published_time\" content=\"2015-11-02T09:21:49+00:00\" \/>\n<meta property=\"og:image\" content=\"https:\/\/www.esplac.cat\/wp-content\/uploads\/2015\/11\/20151102_video-resum_EE15.png\" \/>\n\t<meta property=\"og:image:width\" content=\"847\" \/>\n\t<meta property=\"og:image:height\" content=\"350\" \/>\n\t<meta property=\"og:image:type\" content=\"image\/png\" \/>\n<meta name=\"author\" content=\"Comunicaci\u00f3 Esplac\" \/>\n<meta name=\"twitter:card\" content=\"summary_large_image\" \/>\n<meta name=\"twitter:label1\" content=\"Written by\" \/>\n\t<meta name=\"twitter:data1\" content=\"Comunicaci\u00f3 Esplac\" \/>\n\t<meta name=\"twitter:label2\" content=\"Est. reading time\" \/>\n\t<meta name=\"twitter:data2\" content=\"1 minute\" \/>\n<script type=\"application\/ld+json\" class=\"yoast-schema-graph\">{\"@context\":\"https:\\\/\\\/schema.org\",\"@graph\":[{\"@type\":\"Article\",\"@id\":\"https:\\\/\\\/www.esplac.cat\\\/dos-videos-que-resumeixen-la-darrera-escola-esplac\\\/#article\",\"isPartOf\":{\"@id\":\"https:\\\/\\\/www.esplac.cat\\\/dos-videos-que-resumeixen-la-darrera-escola-esplac\\\/\"},\"author\":{\"name\":\"Comunicaci\u00f3 Esplac\",\"@id\":\"https:\\\/\\\/www.esplac.cat\\\/#\\\/schema\\\/person\\\/908383cf240be18b68f8855d0583faca\"},\"headline\":\"Dos v\u00eddeos que resumeixen la darrera Escola d&#8217;Esplac\",\"datePublished\":\"2015-11-02T09:21:49+00:00\",\"mainEntityOfPage\":{\"@id\":\"https:\\\/\\\/www.esplac.cat\\\/dos-videos-que-resumeixen-la-darrera-escola-esplac\\\/\"},\"wordCount\":207,\"publisher\":{\"@id\":\"https:\\\/\\\/www.esplac.cat\\\/#organization\"},\"image\":{\"@id\":\"https:\\\/\\\/www.esplac.cat\\\/dos-videos-que-resumeixen-la-darrera-escola-esplac\\\/#primaryimage\"},\"thumbnailUrl\":\"https:\\\/\\\/www.esplac.cat\\\/wp-content\\\/uploads\\\/2015\\\/11\\\/20151102_video-resum_EE15.png\",\"keywords\":[\"educaci\u00f3 emocional\",\"EE15\",\"escola d'esplac 2015\",\"formaci\u00f3\"],\"articleSection\":[\"Activitats esplac\",\"Cursos i formacions\",\"Escola d'Esplac\",\"Sense categoria\"],\"inLanguage\":\"en-US\"},{\"@type\":\"WebPage\",\"@id\":\"https:\\\/\\\/www.esplac.cat\\\/dos-videos-que-resumeixen-la-darrera-escola-esplac\\\/\",\"url\":\"https:\\\/\\\/www.esplac.cat\\\/dos-videos-que-resumeixen-la-darrera-escola-esplac\\\/\",\"name\":\"Dos v\u00eddeos que resumeixen la darrera Escola d'Esplac - Esplac\",\"isPartOf\":{\"@id\":\"https:\\\/\\\/www.esplac.cat\\\/#website\"},\"primaryImageOfPage\":{\"@id\":\"https:\\\/\\\/www.esplac.cat\\\/dos-videos-que-resumeixen-la-darrera-escola-esplac\\\/#primaryimage\"},\"image\":{\"@id\":\"https:\\\/\\\/www.esplac.cat\\\/dos-videos-que-resumeixen-la-darrera-escola-esplac\\\/#primaryimage\"},\"thumbnailUrl\":\"https:\\\/\\\/www.esplac.cat\\\/wp-content\\\/uploads\\\/2015\\\/11\\\/20151102_video-resum_EE15.png\",\"datePublished\":\"2015-11-02T09:21:49+00:00\",\"breadcrumb\":{\"@id\":\"https:\\\/\\\/www.esplac.cat\\\/dos-videos-que-resumeixen-la-darrera-escola-esplac\\\/#breadcrumb\"},\"inLanguage\":\"en-US\",\"potentialAction\":[{\"@type\":\"ReadAction\",\"target\":[\"https:\\\/\\\/www.esplac.cat\\\/dos-videos-que-resumeixen-la-darrera-escola-esplac\\\/\"]}]},{\"@type\":\"ImageObject\",\"inLanguage\":\"en-US\",\"@id\":\"https:\\\/\\\/www.esplac.cat\\\/dos-videos-que-resumeixen-la-darrera-escola-esplac\\\/#primaryimage\",\"url\":\"https:\\\/\\\/www.esplac.cat\\\/wp-content\\\/uploads\\\/2015\\\/11\\\/20151102_video-resum_EE15.png\",\"contentUrl\":\"https:\\\/\\\/www.esplac.cat\\\/wp-content\\\/uploads\\\/2015\\\/11\\\/20151102_video-resum_EE15.png\",\"width\":847,\"height\":350},{\"@type\":\"BreadcrumbList\",\"@id\":\"https:\\\/\\\/www.esplac.cat\\\/dos-videos-que-resumeixen-la-darrera-escola-esplac\\\/#breadcrumb\",\"itemListElement\":[{\"@type\":\"ListItem\",\"position\":1,\"name\":\"Inici\",\"item\":\"https:\\\/\\\/www.esplac.cat\\\/en\\\/\"},{\"@type\":\"ListItem\",\"position\":2,\"name\":\"Dos v\u00eddeos que resumeixen la darrera Escola d&#8217;Esplac\"}]},{\"@type\":\"WebSite\",\"@id\":\"https:\\\/\\\/www.esplac.cat\\\/#website\",\"url\":\"https:\\\/\\\/www.esplac.cat\\\/\",\"name\":\"Esplac\",\"description\":\"Esplais Catalans\",\"publisher\":{\"@id\":\"https:\\\/\\\/www.esplac.cat\\\/#organization\"},\"potentialAction\":[{\"@type\":\"SearchAction\",\"target\":{\"@type\":\"EntryPoint\",\"urlTemplate\":\"https:\\\/\\\/www.esplac.cat\\\/?s={search_term_string}\"},\"query-input\":{\"@type\":\"PropertyValueSpecification\",\"valueRequired\":true,\"valueName\":\"search_term_string\"}}],\"inLanguage\":\"en-US\"},{\"@type\":\"Organization\",\"@id\":\"https:\\\/\\\/www.esplac.cat\\\/#organization\",\"name\":\"Esplac\",\"url\":\"https:\\\/\\\/www.esplac.cat\\\/\",\"logo\":{\"@type\":\"ImageObject\",\"inLanguage\":\"en-US\",\"@id\":\"https:\\\/\\\/www.esplac.cat\\\/#\\\/schema\\\/logo\\\/image\\\/\",\"url\":\"https:\\\/\\\/www.esplac.cat\\\/wp-content\\\/uploads\\\/2019\\\/08\\\/logox2.png\",\"contentUrl\":\"https:\\\/\\\/www.esplac.cat\\\/wp-content\\\/uploads\\\/2019\\\/08\\\/logox2.png\",\"width\":600,\"height\":295,\"caption\":\"Esplac\"},\"image\":{\"@id\":\"https:\\\/\\\/www.esplac.cat\\\/#\\\/schema\\\/logo\\\/image\\\/\"}},{\"@type\":\"Person\",\"@id\":\"https:\\\/\\\/www.esplac.cat\\\/#\\\/schema\\\/person\\\/908383cf240be18b68f8855d0583faca\",\"name\":\"Comunicaci\u00f3 Esplac\",\"image\":{\"@type\":\"ImageObject\",\"inLanguage\":\"en-US\",\"@id\":\"https:\\\/\\\/secure.gravatar.com\\\/avatar\\\/7a4cf8feb412a76ea4a740ca02d95b06b2907b5a6c648c2dd0a1082a093c3141?s=96&d=mm&r=g\",\"url\":\"https:\\\/\\\/secure.gravatar.com\\\/avatar\\\/7a4cf8feb412a76ea4a740ca02d95b06b2907b5a6c648c2dd0a1082a093c3141?s=96&d=mm&r=g\",\"contentUrl\":\"https:\\\/\\\/secure.gravatar.com\\\/avatar\\\/7a4cf8feb412a76ea4a740ca02d95b06b2907b5a6c648c2dd0a1082a093c3141?s=96&d=mm&r=g\",\"caption\":\"Comunicaci\u00f3 Esplac\"}}]}<\/script>\n<!-- \/ Yoast SEO plugin. -->","yoast_head_json":{"title":"Dos v\u00eddeos que resumeixen la darrera Escola d'Esplac - Esplac","robots":{"index":"index","follow":"follow","max-snippet":"max-snippet:-1","max-image-preview":"max-image-preview:large","max-video-preview":"max-video-preview:-1"},"canonical":"https:\/\/www.esplac.cat\/dos-videos-que-resumeixen-la-darrera-escola-esplac\/","og_locale":"en_US","og_type":"article","og_title":"Dos v\u00eddeos que resumeixen la darrera Escola d'Esplac - Esplac","og_description":"Publiquem un parell de v\u00eddeos\u00a0al Youtube amb entrevistes a ponents [&hellip;]","og_url":"https:\/\/www.esplac.cat\/dos-videos-que-resumeixen-la-darrera-escola-esplac\/","og_site_name":"Esplac","article_published_time":"2015-11-02T09:21:49+00:00","og_image":[{"width":847,"height":350,"url":"https:\/\/www.esplac.cat\/wp-content\/uploads\/2015\/11\/20151102_video-resum_EE15.png","type":"image\/png"}],"author":"Comunicaci\u00f3 Esplac","twitter_card":"summary_large_image","twitter_misc":{"Written by":"Comunicaci\u00f3 Esplac","Est. reading time":"1 minute"},"schema":{"@context":"https:\/\/schema.org","@graph":[{"@type":"Article","@id":"https:\/\/www.esplac.cat\/dos-videos-que-resumeixen-la-darrera-escola-esplac\/#article","isPartOf":{"@id":"https:\/\/www.esplac.cat\/dos-videos-que-resumeixen-la-darrera-escola-esplac\/"},"author":{"name":"Comunicaci\u00f3 Esplac","@id":"https:\/\/www.esplac.cat\/#\/schema\/person\/908383cf240be18b68f8855d0583faca"},"headline":"Dos v\u00eddeos que resumeixen la darrera Escola d&#8217;Esplac","datePublished":"2015-11-02T09:21:49+00:00","mainEntityOfPage":{"@id":"https:\/\/www.esplac.cat\/dos-videos-que-resumeixen-la-darrera-escola-esplac\/"},"wordCount":207,"publisher":{"@id":"https:\/\/www.esplac.cat\/#organization"},"image":{"@id":"https:\/\/www.esplac.cat\/dos-videos-que-resumeixen-la-darrera-escola-esplac\/#primaryimage"},"thumbnailUrl":"https:\/\/www.esplac.cat\/wp-content\/uploads\/2015\/11\/20151102_video-resum_EE15.png","keywords":["educaci\u00f3 emocional","EE15","escola d'esplac 2015","formaci\u00f3"],"articleSection":["Activitats esplac","Cursos i formacions","Escola d'Esplac","Sense categoria"],"inLanguage":"en-US"},{"@type":"WebPage","@id":"https:\/\/www.esplac.cat\/dos-videos-que-resumeixen-la-darrera-escola-esplac\/","url":"https:\/\/www.esplac.cat\/dos-videos-que-resumeixen-la-darrera-escola-esplac\/","name":"Dos v\u00eddeos que resumeixen la darrera Escola d'Esplac - Esplac","isPartOf":{"@id":"https:\/\/www.esplac.cat\/#website"},"primaryImageOfPage":{"@id":"https:\/\/www.esplac.cat\/dos-videos-que-resumeixen-la-darrera-escola-esplac\/#primaryimage"},"image":{"@id":"https:\/\/www.esplac.cat\/dos-videos-que-resumeixen-la-darrera-escola-esplac\/#primaryimage"},"thumbnailUrl":"https:\/\/www.esplac.cat\/wp-content\/uploads\/2015\/11\/20151102_video-resum_EE15.png","datePublished":"2015-11-02T09:21:49+00:00","breadcrumb":{"@id":"https:\/\/www.esplac.cat\/dos-videos-que-resumeixen-la-darrera-escola-esplac\/#breadcrumb"},"inLanguage":"en-US","potentialAction":[{"@type":"ReadAction","target":["https:\/\/www.esplac.cat\/dos-videos-que-resumeixen-la-darrera-escola-esplac\/"]}]},{"@type":"ImageObject","inLanguage":"en-US","@id":"https:\/\/www.esplac.cat\/dos-videos-que-resumeixen-la-darrera-escola-esplac\/#primaryimage","url":"https:\/\/www.esplac.cat\/wp-content\/uploads\/2015\/11\/20151102_video-resum_EE15.png","contentUrl":"https:\/\/www.esplac.cat\/wp-content\/uploads\/2015\/11\/20151102_video-resum_EE15.png","width":847,"height":350},{"@type":"BreadcrumbList","@id":"https:\/\/www.esplac.cat\/dos-videos-que-resumeixen-la-darrera-escola-esplac\/#breadcrumb","itemListElement":[{"@type":"ListItem","position":1,"name":"Inici","item":"https:\/\/www.esplac.cat\/en\/"},{"@type":"ListItem","position":2,"name":"Dos v\u00eddeos que resumeixen la darrera Escola d&#8217;Esplac"}]},{"@type":"WebSite","@id":"https:\/\/www.esplac.cat\/#website","url":"https:\/\/www.esplac.cat\/","name":"Esplac","description":"Esplais Catalans","publisher":{"@id":"https:\/\/www.esplac.cat\/#organization"},"potentialAction":[{"@type":"SearchAction","target":{"@type":"EntryPoint","urlTemplate":"https:\/\/www.esplac.cat\/?s={search_term_string}"},"query-input":{"@type":"PropertyValueSpecification","valueRequired":true,"valueName":"search_term_string"}}],"inLanguage":"en-US"},{"@type":"Organization","@id":"https:\/\/www.esplac.cat\/#organization","name":"Esplac","url":"https:\/\/www.esplac.cat\/","logo":{"@type":"ImageObject","inLanguage":"en-US","@id":"https:\/\/www.esplac.cat\/#\/schema\/logo\/image\/","url":"https:\/\/www.esplac.cat\/wp-content\/uploads\/2019\/08\/logox2.png","contentUrl":"https:\/\/www.esplac.cat\/wp-content\/uploads\/2019\/08\/logox2.png","width":600,"height":295,"caption":"Esplac"},"image":{"@id":"https:\/\/www.esplac.cat\/#\/schema\/logo\/image\/"}},{"@type":"Person","@id":"https:\/\/www.esplac.cat\/#\/schema\/person\/908383cf240be18b68f8855d0583faca","name":"Comunicaci\u00f3 Esplac","image":{"@type":"ImageObject","inLanguage":"en-US","@id":"https:\/\/secure.gravatar.com\/avatar\/7a4cf8feb412a76ea4a740ca02d95b06b2907b5a6c648c2dd0a1082a093c3141?s=96&d=mm&r=g","url":"https:\/\/secure.gravatar.com\/avatar\/7a4cf8feb412a76ea4a740ca02d95b06b2907b5a6c648c2dd0a1082a093c3141?s=96&d=mm&r=g","contentUrl":"https:\/\/secure.gravatar.com\/avatar\/7a4cf8feb412a76ea4a740ca02d95b06b2907b5a6c648c2dd0a1082a093c3141?s=96&d=mm&r=g","caption":"Comunicaci\u00f3 Esplac"}}]}},"_links":{"self":[{"href":"https:\/\/www.esplac.cat\/en\/wp-json\/wp\/v2\/posts\/25499","targetHints":{"allow":["GET"]}}],"collection":[{"href":"https:\/\/www.esplac.cat\/en\/wp-json\/wp\/v2\/posts"}],"about":[{"href":"https:\/\/www.esplac.cat\/en\/wp-json\/wp\/v2\/types\/post"}],"author":[{"embeddable":true,"href":"https:\/\/www.esplac.cat\/en\/wp-json\/wp\/v2\/users\/3"}],"replies":[{"embeddable":true,"href":"https:\/\/www.esplac.cat\/en\/wp-json\/wp\/v2\/comments?post=25499"}],"version-history":[{"count":0,"href":"https:\/\/www.esplac.cat\/en\/wp-json\/wp\/v2\/posts\/25499\/revisions"}],"wp:featuredmedia":[{"embeddable":true,"href":"https:\/\/www.esplac.cat\/en\/wp-json\/wp\/v2\/media\/25500"}],"wp:attachment":[{"href":"https:\/\/www.esplac.cat\/en\/wp-json\/wp\/v2\/media?parent=25499"}],"wp:term":[{"taxonomy":"category","embeddable":true,"href":"https:\/\/www.esplac.cat\/en\/wp-json\/wp\/v2\/categories?post=25499"},{"taxonomy":"post_tag","embeddable":true,"href":"https:\/\/www.esplac.cat\/en\/wp-json\/wp\/v2\/tags?post=25499"}],"curies":[{"name":"wp","href":"https:\/\/api.w.org\/{rel}","templated":true}]}}