{"id":25501,"date":"2015-10-30T12:09:30","date_gmt":"2015-10-30T10:09:30","guid":{"rendered":"http:\/\/esplac.cat\/?p=8925"},"modified":"2019-11-14T13:29:03","modified_gmt":"2019-11-14T11:29:03","slug":"bona-practica-millorem-el-treball-amb-adolescents-i-el-relleu-a-lesplai","status":"publish","type":"post","link":"https:\/\/www.esplac.cat\/en\/bona-practica-millorem-el-treball-amb-adolescents-i-el-relleu-a-lesplai\/","title":{"rendered":"Bona pr\u00e0ctica: millorem el treball amb adolescents i el relleu a l&#8217;esplai"},"content":{"rendered":"<h4 class=\"p1\">Els esplais SCV-Clot i Guineueta del sector Barcelona ens expliquen les seves experi\u00e8ncies per acompanyar als adolescents en el seu proc\u00e9s de creixement i relleu<\/h4>\n<p class=\"p1\">L\u2019<b>adolesc\u00e8ncia \u00e9s una etapa de grans canvis<\/b> en tots els sentits, una aut\u00e8ntica revoluci\u00f3 interna que transforma l\u2019infant en adult. L\u2019esplai esdev\u00e9 un espai idoni per a elles, un espai on trobar-se un grup redu\u00eft amb uns monitors i monitores que les acompanyen en el proc\u00e9s de creixement. En aquest sentit, un dels grans reptes de l\u2019esplai \u00e9s cohesionar el grup de joves, vetllar perqu\u00e8 s\u2019identifiquin amb el projecte i hi participin de manera continuada.<\/p>\n<p class=\"p1\">Per aquest motiu, el treball amb adolescents \u00e9s una de les l\u00ednies constants en la feina d\u2019un esplai. \u00c9s fonamental l\u2019exist\u00e8ncia d\u2019un projecte que canalitzi aquesta feina doni suport a aquesta tasca. El futur de l\u2019esplai i del canvi social passa per aquesta franja d\u2019edat. Per tant, <b>cal fer una revisi\u00f3 de la documentaci\u00f3 i el relleu existent<\/b> i generar noves din\u00e0miques pedag\u00f2giques i de suport.<\/p>\n<p><span class=\"s2\"><b>Necessitem idees!<\/b><\/span><\/p>\n<ul class=\"ul1\">\n<li class=\"li1\"><span class=\"s2\"><b>El Roger Puig de l&#8217;<\/b><a href=\"http:\/\/www.scvelclot.com\/\"><b>esplai SCV-El Clot<\/b><\/a><\/span><span class=\"s3\"> ens explica que&#8230;<\/span><\/li>\n<\/ul>\n<p class=\"p1\">L&#8217;esplai sempre ha tingut sempre una d\u00e8ria especial pel <b>relleu i per la formaci\u00f3 de les joves<\/b> que esdevenen monitores. Entendre l&#8217;entrada al monitoratge com un salt d&#8217;edat que comporta unes noves responsabilitats a l&#8217;entitat \u00e9s, al meu entendre, un menyspreu a la mateixa figura de la monitora. Des de la nostra entitat entenem el relleu com un proc\u00e9s d&#8217;aprenentatge i de pertinen\u00e7a i transformaci\u00f3 del grup i l&#8217;entitat.<\/p>\n<p class=\"p1\">Realment creiem que \u00e9s cert que el relleu t\u00e9 la mateixa durada que el temps de vida (o d&#8217;estan\u00e7a si ho preferiu) del monitor dins l&#8217;entitat, ja que aquest no deixa mai d&#8217;aprendre i ensenyar. No obstant <b>durant aquest proc\u00e9s s\u00f3n visibles 3 grans blocs<\/b> -almenys s\u00f3n els que jo constato-, i que formen una campana inversa depenent del grau de consci\u00e8ncia de la monitora:<\/p>\n<ol class=\"ol1\">\n<li class=\"li1\">El <span class=\"s2\">proc\u00e9s d&#8217;entrada<\/span> on majorit\u00e0riament el coneixement es rep de part de la gent m\u00e9s veterana, i es comen\u00e7a a experimentar en la pr\u00e0ctica.<\/li>\n<li class=\"li1\">L&#8217;<span class=\"s2\">estada a l&#8217;entitat<\/span>, l&#8217;etapa m\u00e9s llarga on es desenvolupen les eines pr\u00e0ctiques i es comencen a con\u00e8ixer i descobrir els diferents nivells d&#8217;implicaci\u00f3 i potencialitats de cada persona.<\/li>\n<li class=\"li1\">La <span class=\"s2\">Sortida<\/span>, on gr\u00e0cies a la llarga experi\u00e8ncia pr\u00e0ctica, s&#8217;amplia la base te\u00f2rica, i on s&#8217;enforteixen els lligams de les persones que queden a l&#8217;entitat i que prenen rols m\u00e9s t\u00e8cnics o de suport.<\/li>\n<\/ol>\n<p class=\"p1\">Cal afegir que aquesta reflexi\u00f3 es basa en l&#8217;experi\u00e8ncia del nostre esplai i tot i que hem documentat el proc\u00e9s i tenim marcs de refer\u00e8ncia te\u00f2rics, a la pr\u00e0ctica funcionem m\u00e9s \u201cintu\u00eftivament<b>\u201d <\/b>i per tant i com no podria ser d&#8217;altra manera, \u00e9s una idea q\u00fcestionable en la seva totalitat.<\/p>\n<p class=\"p1\"><strong><a href=\"http:\/\/www.somesplai.cat\/2015\/10\/29\/el-relleu-a-lesplai-scv-el-clot\/\" target=\"_blank\" rel=\"noopener noreferrer\">Si voleu llegir qu\u00e8 s\u00f3n aquests 3 blocs i saber-ne m\u00e9s, en aquest article del\u00a0SomEsplai trobareu tota l&#8217;experi\u00e8ncia!<\/a><\/strong><\/p>\n<ul class=\"ul1\">\n<li class=\"li3\"><span class=\"s6\"><b>I a l&#8217;<\/b><a href=\"https:\/\/esplaiguineueta.wordpress.com\/\"><span class=\"s2\"><b>esplai Guineuet<\/b><\/span><span class=\"s7\">a<\/span><\/a><\/span><span class=\"s7\">&#8230;<\/span><\/li>\n<\/ul>\n<p class=\"p1\">D&#8217;acord amb el projecte educatiu i buscant<span class=\"Apple-converted-space\">\u00a0 <\/span>l&#8217;arrelament dels i les joves al barri i promovent el sentiment de pertinen\u00e7a a l&#8217;entitat i a l&#8217;associacionisme, utilitzem el <b>GAG (Grup d&#8217;Adolescents Guineueta)<\/b> com a espai de<span class=\"Apple-converted-space\">\u00a0 <\/span>creixement personal i col\u00b7lectiu dels i les adolescents.<\/p>\n<p class=\"p1\">Aquest \u00e9s un <b>projecte conjunt<\/b> entre l\u2019Esplai Guineueta i el Casal de Joves Guineueta on, despr\u00e9s d&#8217;una etapa a l&#8217;esplai, les joves d\u2019entre 14 i 15 anys poden participar d&#8217;aquest grup, el qual \u00e9s un <b>espai d\u2019interrelaci\u00f3 i una escola de participaci\u00f3<\/b> des d\u2019una vessant emp\u00edrica, dinamitzada i coordinada per un equip de dinamitzadores -dues amb un bagatge dins l&#8217;esplai i dues del casal de joves-.<\/p>\n<p class=\"p1\">El GAG es desenvolupa a trav\u00e9s de dos cursos on el grup d\u2019adolescents i les dinamitzadores ens trobem setmanalment per dur a terme activitats i generar diversos projectes a partir dels interessos dels i les joves que hi formen part. Les activitats que hi realitzem s\u00f3n enteses com a mitjans a trav\u00e9s dels quals desenvolupar processos que els permeti adquirir eines i habilitats socials pel ple desenvolupament com individus en una societat i a la vegada possibilitar la creaci\u00f3 d\u2019un sentiment de pertinen\u00e7a al grup. Els i les joves s\u00f3n les veritables protagonistes de la nostra intervenci\u00f3, i \u00e9s aqu\u00ed on dipositem el nostre \u00e8mfasi, les considerem com a agent actiu dins la seva realitat.<\/p>\n<p class=\"p1\"><strong><a href=\"http:\/\/www.somesplai.cat\/2015\/10\/30\/treball-amb-adolescents-esplai-guineueta\/\" target=\"_blank\" rel=\"noopener noreferrer\">Elles ens ho expliquen amb un v\u00eddeo<span class=\"s3\"> i al <\/span>SomEsplai podeu llegir el seu\u00a0funcionament!<\/a><\/strong><\/p>\n","protected":false},"excerpt":{"rendered":"<p>Els esplais SCV-Clot i Guineueta del sector Barcelona ens expliquen [&hellip;]<\/p>\n","protected":false},"author":3,"featured_media":25502,"comment_status":"closed","ping_status":"open","sticky":false,"template":"","format":"standard","meta":{"om_disable_all_campaigns":false,"_monsterinsights_skip_tracking":false,"_monsterinsights_sitenote_active":false,"_monsterinsights_sitenote_note":"","_monsterinsights_sitenote_category":0,"_uf_show_specific_survey":0,"_uf_disable_surveys":false,"footnotes":""},"categories":[1121,1162,1],"tags":[51,67,357,77,594,119,595],"class_list":["post-25501","post","type-post","status-publish","format-standard","has-post-thumbnail","hentry","category-bones-practiques-2","category-linies-pedagogiques","category-sense-categoria","tag-adolescents","tag-bones-practiques","tag-guineueta","tag-relleu-generacional","tag-scv-el-clot","tag-sector-barcelona","tag-treball-amb-adolescents"],"yoast_head":"<!-- This site is optimized with the Yoast SEO plugin v27.4 - https:\/\/yoast.com\/product\/yoast-seo-wordpress\/ -->\n<title>Bona pr\u00e0ctica: millorem el treball amb adolescents i el relleu a l&#039;esplai - Esplac<\/title>\n<meta name=\"robots\" content=\"index, follow, max-snippet:-1, max-image-preview:large, max-video-preview:-1\" \/>\n<link rel=\"canonical\" href=\"https:\/\/www.esplac.cat\/en\/bona-practica-millorem-el-treball-amb-adolescents-i-el-relleu-a-lesplai\/\" \/>\n<meta property=\"og:locale\" content=\"en_US\" \/>\n<meta property=\"og:type\" content=\"article\" \/>\n<meta property=\"og:title\" content=\"Bona pr\u00e0ctica: millorem el treball amb adolescents i el relleu a l&#039;esplai - Esplac\" \/>\n<meta property=\"og:description\" content=\"Els esplais SCV-Clot i Guineueta del sector Barcelona ens expliquen [&hellip;]\" \/>\n<meta property=\"og:url\" content=\"https:\/\/www.esplac.cat\/en\/bona-practica-millorem-el-treball-amb-adolescents-i-el-relleu-a-lesplai\/\" \/>\n<meta property=\"og:site_name\" content=\"Esplac\" \/>\n<meta property=\"article:published_time\" content=\"2015-10-30T10:09:30+00:00\" \/>\n<meta property=\"article:modified_time\" content=\"2019-11-14T11:29:03+00:00\" \/>\n<meta property=\"og:image\" content=\"https:\/\/www.esplac.cat\/wp-content\/uploads\/2015\/10\/20151030_BP-relleu.png\" \/>\n\t<meta property=\"og:image:width\" content=\"847\" \/>\n\t<meta property=\"og:image:height\" content=\"350\" \/>\n\t<meta property=\"og:image:type\" content=\"image\/png\" \/>\n<meta name=\"author\" content=\"Comunicaci\u00f3 Esplac\" \/>\n<meta name=\"twitter:card\" content=\"summary_large_image\" \/>\n<meta name=\"twitter:label1\" content=\"Written by\" \/>\n\t<meta name=\"twitter:data1\" content=\"Comunicaci\u00f3 Esplac\" \/>\n\t<meta name=\"twitter:label2\" content=\"Est. reading time\" \/>\n\t<meta name=\"twitter:data2\" content=\"4 minutes\" \/>\n<script type=\"application\/ld+json\" class=\"yoast-schema-graph\">{\"@context\":\"https:\\\/\\\/schema.org\",\"@graph\":[{\"@type\":\"Article\",\"@id\":\"https:\\\/\\\/www.esplac.cat\\\/en\\\/bona-practica-millorem-el-treball-amb-adolescents-i-el-relleu-a-lesplai\\\/#article\",\"isPartOf\":{\"@id\":\"https:\\\/\\\/www.esplac.cat\\\/en\\\/bona-practica-millorem-el-treball-amb-adolescents-i-el-relleu-a-lesplai\\\/\"},\"author\":{\"name\":\"Comunicaci\u00f3 Esplac\",\"@id\":\"https:\\\/\\\/www.esplac.cat\\\/#\\\/schema\\\/person\\\/908383cf240be18b68f8855d0583faca\"},\"headline\":\"Bona pr\u00e0ctica: millorem el treball amb adolescents i el relleu a l&#8217;esplai\",\"datePublished\":\"2015-10-30T10:09:30+00:00\",\"dateModified\":\"2019-11-14T11:29:03+00:00\",\"mainEntityOfPage\":{\"@id\":\"https:\\\/\\\/www.esplac.cat\\\/en\\\/bona-practica-millorem-el-treball-amb-adolescents-i-el-relleu-a-lesplai\\\/\"},\"wordCount\":821,\"publisher\":{\"@id\":\"https:\\\/\\\/www.esplac.cat\\\/#organization\"},\"image\":{\"@id\":\"https:\\\/\\\/www.esplac.cat\\\/en\\\/bona-practica-millorem-el-treball-amb-adolescents-i-el-relleu-a-lesplai\\\/#primaryimage\"},\"thumbnailUrl\":\"https:\\\/\\\/www.esplac.cat\\\/wp-content\\\/uploads\\\/2015\\\/10\\\/20151030_BP-relleu.png\",\"keywords\":[\"adolescents\",\"bones pr\u00e0ctiques\",\"Guineueta\",\"relleu generacional\",\"scv el clot\",\"sector Barcelona\",\"treball amb adolescents\"],\"articleSection\":[\"Bones pr\u00e0ctiques\",\"L\u00ednies pedag\u00f2giques\",\"Sense categoria\"],\"inLanguage\":\"en-US\"},{\"@type\":\"WebPage\",\"@id\":\"https:\\\/\\\/www.esplac.cat\\\/en\\\/bona-practica-millorem-el-treball-amb-adolescents-i-el-relleu-a-lesplai\\\/\",\"url\":\"https:\\\/\\\/www.esplac.cat\\\/en\\\/bona-practica-millorem-el-treball-amb-adolescents-i-el-relleu-a-lesplai\\\/\",\"name\":\"Bona pr\u00e0ctica: millorem el treball amb adolescents i el relleu a l'esplai - Esplac\",\"isPartOf\":{\"@id\":\"https:\\\/\\\/www.esplac.cat\\\/#website\"},\"primaryImageOfPage\":{\"@id\":\"https:\\\/\\\/www.esplac.cat\\\/en\\\/bona-practica-millorem-el-treball-amb-adolescents-i-el-relleu-a-lesplai\\\/#primaryimage\"},\"image\":{\"@id\":\"https:\\\/\\\/www.esplac.cat\\\/en\\\/bona-practica-millorem-el-treball-amb-adolescents-i-el-relleu-a-lesplai\\\/#primaryimage\"},\"thumbnailUrl\":\"https:\\\/\\\/www.esplac.cat\\\/wp-content\\\/uploads\\\/2015\\\/10\\\/20151030_BP-relleu.png\",\"datePublished\":\"2015-10-30T10:09:30+00:00\",\"dateModified\":\"2019-11-14T11:29:03+00:00\",\"breadcrumb\":{\"@id\":\"https:\\\/\\\/www.esplac.cat\\\/en\\\/bona-practica-millorem-el-treball-amb-adolescents-i-el-relleu-a-lesplai\\\/#breadcrumb\"},\"inLanguage\":\"en-US\",\"potentialAction\":[{\"@type\":\"ReadAction\",\"target\":[\"https:\\\/\\\/www.esplac.cat\\\/en\\\/bona-practica-millorem-el-treball-amb-adolescents-i-el-relleu-a-lesplai\\\/\"]}]},{\"@type\":\"ImageObject\",\"inLanguage\":\"en-US\",\"@id\":\"https:\\\/\\\/www.esplac.cat\\\/en\\\/bona-practica-millorem-el-treball-amb-adolescents-i-el-relleu-a-lesplai\\\/#primaryimage\",\"url\":\"https:\\\/\\\/www.esplac.cat\\\/wp-content\\\/uploads\\\/2015\\\/10\\\/20151030_BP-relleu.png\",\"contentUrl\":\"https:\\\/\\\/www.esplac.cat\\\/wp-content\\\/uploads\\\/2015\\\/10\\\/20151030_BP-relleu.png\",\"width\":847,\"height\":350},{\"@type\":\"BreadcrumbList\",\"@id\":\"https:\\\/\\\/www.esplac.cat\\\/en\\\/bona-practica-millorem-el-treball-amb-adolescents-i-el-relleu-a-lesplai\\\/#breadcrumb\",\"itemListElement\":[{\"@type\":\"ListItem\",\"position\":1,\"name\":\"Inici\",\"item\":\"https:\\\/\\\/www.esplac.cat\\\/en\\\/\"},{\"@type\":\"ListItem\",\"position\":2,\"name\":\"Bona pr\u00e0ctica: millorem el treball amb adolescents i el relleu a l&#8217;esplai\"}]},{\"@type\":\"WebSite\",\"@id\":\"https:\\\/\\\/www.esplac.cat\\\/#website\",\"url\":\"https:\\\/\\\/www.esplac.cat\\\/\",\"name\":\"Esplac\",\"description\":\"Esplais Catalans\",\"publisher\":{\"@id\":\"https:\\\/\\\/www.esplac.cat\\\/#organization\"},\"potentialAction\":[{\"@type\":\"SearchAction\",\"target\":{\"@type\":\"EntryPoint\",\"urlTemplate\":\"https:\\\/\\\/www.esplac.cat\\\/?s={search_term_string}\"},\"query-input\":{\"@type\":\"PropertyValueSpecification\",\"valueRequired\":true,\"valueName\":\"search_term_string\"}}],\"inLanguage\":\"en-US\"},{\"@type\":\"Organization\",\"@id\":\"https:\\\/\\\/www.esplac.cat\\\/#organization\",\"name\":\"Esplac\",\"url\":\"https:\\\/\\\/www.esplac.cat\\\/\",\"logo\":{\"@type\":\"ImageObject\",\"inLanguage\":\"en-US\",\"@id\":\"https:\\\/\\\/www.esplac.cat\\\/#\\\/schema\\\/logo\\\/image\\\/\",\"url\":\"https:\\\/\\\/www.esplac.cat\\\/wp-content\\\/uploads\\\/2019\\\/08\\\/logox2.png\",\"contentUrl\":\"https:\\\/\\\/www.esplac.cat\\\/wp-content\\\/uploads\\\/2019\\\/08\\\/logox2.png\",\"width\":600,\"height\":295,\"caption\":\"Esplac\"},\"image\":{\"@id\":\"https:\\\/\\\/www.esplac.cat\\\/#\\\/schema\\\/logo\\\/image\\\/\"}},{\"@type\":\"Person\",\"@id\":\"https:\\\/\\\/www.esplac.cat\\\/#\\\/schema\\\/person\\\/908383cf240be18b68f8855d0583faca\",\"name\":\"Comunicaci\u00f3 Esplac\",\"image\":{\"@type\":\"ImageObject\",\"inLanguage\":\"en-US\",\"@id\":\"https:\\\/\\\/secure.gravatar.com\\\/avatar\\\/7a4cf8feb412a76ea4a740ca02d95b06b2907b5a6c648c2dd0a1082a093c3141?s=96&d=mm&r=g\",\"url\":\"https:\\\/\\\/secure.gravatar.com\\\/avatar\\\/7a4cf8feb412a76ea4a740ca02d95b06b2907b5a6c648c2dd0a1082a093c3141?s=96&d=mm&r=g\",\"contentUrl\":\"https:\\\/\\\/secure.gravatar.com\\\/avatar\\\/7a4cf8feb412a76ea4a740ca02d95b06b2907b5a6c648c2dd0a1082a093c3141?s=96&d=mm&r=g\",\"caption\":\"Comunicaci\u00f3 Esplac\"}}]}<\/script>\n<!-- \/ Yoast SEO plugin. -->","yoast_head_json":{"title":"Bona pr\u00e0ctica: millorem el treball amb adolescents i el relleu a l'esplai - Esplac","robots":{"index":"index","follow":"follow","max-snippet":"max-snippet:-1","max-image-preview":"max-image-preview:large","max-video-preview":"max-video-preview:-1"},"canonical":"https:\/\/www.esplac.cat\/en\/bona-practica-millorem-el-treball-amb-adolescents-i-el-relleu-a-lesplai\/","og_locale":"en_US","og_type":"article","og_title":"Bona pr\u00e0ctica: millorem el treball amb adolescents i el relleu a l'esplai - Esplac","og_description":"Els esplais SCV-Clot i Guineueta del sector Barcelona ens expliquen [&hellip;]","og_url":"https:\/\/www.esplac.cat\/en\/bona-practica-millorem-el-treball-amb-adolescents-i-el-relleu-a-lesplai\/","og_site_name":"Esplac","article_published_time":"2015-10-30T10:09:30+00:00","article_modified_time":"2019-11-14T11:29:03+00:00","og_image":[{"width":847,"height":350,"url":"https:\/\/www.esplac.cat\/wp-content\/uploads\/2015\/10\/20151030_BP-relleu.png","type":"image\/png"}],"author":"Comunicaci\u00f3 Esplac","twitter_card":"summary_large_image","twitter_misc":{"Written by":"Comunicaci\u00f3 Esplac","Est. reading time":"4 minutes"},"schema":{"@context":"https:\/\/schema.org","@graph":[{"@type":"Article","@id":"https:\/\/www.esplac.cat\/en\/bona-practica-millorem-el-treball-amb-adolescents-i-el-relleu-a-lesplai\/#article","isPartOf":{"@id":"https:\/\/www.esplac.cat\/en\/bona-practica-millorem-el-treball-amb-adolescents-i-el-relleu-a-lesplai\/"},"author":{"name":"Comunicaci\u00f3 Esplac","@id":"https:\/\/www.esplac.cat\/#\/schema\/person\/908383cf240be18b68f8855d0583faca"},"headline":"Bona pr\u00e0ctica: millorem el treball amb adolescents i el relleu a l&#8217;esplai","datePublished":"2015-10-30T10:09:30+00:00","dateModified":"2019-11-14T11:29:03+00:00","mainEntityOfPage":{"@id":"https:\/\/www.esplac.cat\/en\/bona-practica-millorem-el-treball-amb-adolescents-i-el-relleu-a-lesplai\/"},"wordCount":821,"publisher":{"@id":"https:\/\/www.esplac.cat\/#organization"},"image":{"@id":"https:\/\/www.esplac.cat\/en\/bona-practica-millorem-el-treball-amb-adolescents-i-el-relleu-a-lesplai\/#primaryimage"},"thumbnailUrl":"https:\/\/www.esplac.cat\/wp-content\/uploads\/2015\/10\/20151030_BP-relleu.png","keywords":["adolescents","bones pr\u00e0ctiques","Guineueta","relleu generacional","scv el clot","sector Barcelona","treball amb adolescents"],"articleSection":["Bones pr\u00e0ctiques","L\u00ednies pedag\u00f2giques","Sense categoria"],"inLanguage":"en-US"},{"@type":"WebPage","@id":"https:\/\/www.esplac.cat\/en\/bona-practica-millorem-el-treball-amb-adolescents-i-el-relleu-a-lesplai\/","url":"https:\/\/www.esplac.cat\/en\/bona-practica-millorem-el-treball-amb-adolescents-i-el-relleu-a-lesplai\/","name":"Bona pr\u00e0ctica: millorem el treball amb adolescents i el relleu a l'esplai - Esplac","isPartOf":{"@id":"https:\/\/www.esplac.cat\/#website"},"primaryImageOfPage":{"@id":"https:\/\/www.esplac.cat\/en\/bona-practica-millorem-el-treball-amb-adolescents-i-el-relleu-a-lesplai\/#primaryimage"},"image":{"@id":"https:\/\/www.esplac.cat\/en\/bona-practica-millorem-el-treball-amb-adolescents-i-el-relleu-a-lesplai\/#primaryimage"},"thumbnailUrl":"https:\/\/www.esplac.cat\/wp-content\/uploads\/2015\/10\/20151030_BP-relleu.png","datePublished":"2015-10-30T10:09:30+00:00","dateModified":"2019-11-14T11:29:03+00:00","breadcrumb":{"@id":"https:\/\/www.esplac.cat\/en\/bona-practica-millorem-el-treball-amb-adolescents-i-el-relleu-a-lesplai\/#breadcrumb"},"inLanguage":"en-US","potentialAction":[{"@type":"ReadAction","target":["https:\/\/www.esplac.cat\/en\/bona-practica-millorem-el-treball-amb-adolescents-i-el-relleu-a-lesplai\/"]}]},{"@type":"ImageObject","inLanguage":"en-US","@id":"https:\/\/www.esplac.cat\/en\/bona-practica-millorem-el-treball-amb-adolescents-i-el-relleu-a-lesplai\/#primaryimage","url":"https:\/\/www.esplac.cat\/wp-content\/uploads\/2015\/10\/20151030_BP-relleu.png","contentUrl":"https:\/\/www.esplac.cat\/wp-content\/uploads\/2015\/10\/20151030_BP-relleu.png","width":847,"height":350},{"@type":"BreadcrumbList","@id":"https:\/\/www.esplac.cat\/en\/bona-practica-millorem-el-treball-amb-adolescents-i-el-relleu-a-lesplai\/#breadcrumb","itemListElement":[{"@type":"ListItem","position":1,"name":"Inici","item":"https:\/\/www.esplac.cat\/en\/"},{"@type":"ListItem","position":2,"name":"Bona pr\u00e0ctica: millorem el treball amb adolescents i el relleu a l&#8217;esplai"}]},{"@type":"WebSite","@id":"https:\/\/www.esplac.cat\/#website","url":"https:\/\/www.esplac.cat\/","name":"Esplac","description":"Esplais Catalans","publisher":{"@id":"https:\/\/www.esplac.cat\/#organization"},"potentialAction":[{"@type":"SearchAction","target":{"@type":"EntryPoint","urlTemplate":"https:\/\/www.esplac.cat\/?s={search_term_string}"},"query-input":{"@type":"PropertyValueSpecification","valueRequired":true,"valueName":"search_term_string"}}],"inLanguage":"en-US"},{"@type":"Organization","@id":"https:\/\/www.esplac.cat\/#organization","name":"Esplac","url":"https:\/\/www.esplac.cat\/","logo":{"@type":"ImageObject","inLanguage":"en-US","@id":"https:\/\/www.esplac.cat\/#\/schema\/logo\/image\/","url":"https:\/\/www.esplac.cat\/wp-content\/uploads\/2019\/08\/logox2.png","contentUrl":"https:\/\/www.esplac.cat\/wp-content\/uploads\/2019\/08\/logox2.png","width":600,"height":295,"caption":"Esplac"},"image":{"@id":"https:\/\/www.esplac.cat\/#\/schema\/logo\/image\/"}},{"@type":"Person","@id":"https:\/\/www.esplac.cat\/#\/schema\/person\/908383cf240be18b68f8855d0583faca","name":"Comunicaci\u00f3 Esplac","image":{"@type":"ImageObject","inLanguage":"en-US","@id":"https:\/\/secure.gravatar.com\/avatar\/7a4cf8feb412a76ea4a740ca02d95b06b2907b5a6c648c2dd0a1082a093c3141?s=96&d=mm&r=g","url":"https:\/\/secure.gravatar.com\/avatar\/7a4cf8feb412a76ea4a740ca02d95b06b2907b5a6c648c2dd0a1082a093c3141?s=96&d=mm&r=g","contentUrl":"https:\/\/secure.gravatar.com\/avatar\/7a4cf8feb412a76ea4a740ca02d95b06b2907b5a6c648c2dd0a1082a093c3141?s=96&d=mm&r=g","caption":"Comunicaci\u00f3 Esplac"}}]}},"_links":{"self":[{"href":"https:\/\/www.esplac.cat\/en\/wp-json\/wp\/v2\/posts\/25501","targetHints":{"allow":["GET"]}}],"collection":[{"href":"https:\/\/www.esplac.cat\/en\/wp-json\/wp\/v2\/posts"}],"about":[{"href":"https:\/\/www.esplac.cat\/en\/wp-json\/wp\/v2\/types\/post"}],"author":[{"embeddable":true,"href":"https:\/\/www.esplac.cat\/en\/wp-json\/wp\/v2\/users\/3"}],"replies":[{"embeddable":true,"href":"https:\/\/www.esplac.cat\/en\/wp-json\/wp\/v2\/comments?post=25501"}],"version-history":[{"count":0,"href":"https:\/\/www.esplac.cat\/en\/wp-json\/wp\/v2\/posts\/25501\/revisions"}],"wp:featuredmedia":[{"embeddable":true,"href":"https:\/\/www.esplac.cat\/en\/wp-json\/wp\/v2\/media\/25502"}],"wp:attachment":[{"href":"https:\/\/www.esplac.cat\/en\/wp-json\/wp\/v2\/media?parent=25501"}],"wp:term":[{"taxonomy":"category","embeddable":true,"href":"https:\/\/www.esplac.cat\/en\/wp-json\/wp\/v2\/categories?post=25501"},{"taxonomy":"post_tag","embeddable":true,"href":"https:\/\/www.esplac.cat\/en\/wp-json\/wp\/v2\/tags?post=25501"}],"curies":[{"name":"wp","href":"https:\/\/api.w.org\/{rel}","templated":true}]}}