{"id":25503,"date":"2015-10-30T10:42:28","date_gmt":"2015-10-30T08:42:28","guid":{"rendered":"http:\/\/esplac.cat\/?p=8914"},"modified":"2019-11-14T13:15:38","modified_gmt":"2019-11-14T11:15:38","slug":"accio-creacio-i-compromis-per-al-nou-curs-del-baix-llobregat","status":"publish","type":"post","link":"https:\/\/www.esplac.cat\/en\/accio-creacio-i-compromis-per-al-nou-curs-del-baix-llobregat\/","title":{"rendered":"Acci\u00f3, creaci\u00f3 i comprom\u00eds per al nou curs del Baix Llobregat"},"content":{"rendered":"<h4 style=\"text-align: justify;\">Es conforma el nou EGS i els nous projectes pel curs 2015\/16<\/h4>\n<p style=\"text-align: justify;\">El sector Baix Llobregat cada vegada \u00e9s m\u00e9s actiu i cohesionat. Els esplais que en formem part, ens sentim part d&#8217;un projecte col\u00b7lectiu que hem constru\u00eft entre totes i que any rere any anem millorant i reconstruint. Perqu\u00e8 si una cosa ens agrada, \u00e9s; replantejar-nos el que fem, marcar-nos nous reptes, analitzar les necessitats i interessos del sector i buscar-hi respostes creatives.<\/p>\n<p style=\"text-align: justify;\">A poc a poc, anem creixent, ja som 14 esplais de 13 poblacions diferents del Baix Llobregat. Per\u00f2 el nostre objectiu no \u00e9s cr\u00e9ixer perqu\u00e8 si, volem crear una xarxa que permeti con\u00e8ixer les problem\u00e0tiques que tenen els esplais localment, i donar-hi una resposta globalment.<\/p>\n<p style=\"text-align: justify;\">Els esplais del Baix s\u00f3n diversos, com ho s\u00f3n els seus pobles, ciutats i la seva gent, i d&#8217;aquesta riquesa ens volem nodrir, en les assemblees de sector, en les activitats com el Dudi i les trobades d&#8217;infants i joves i en espais de debat, reflexi\u00f3 i formaci\u00f3 per als i les monis del sector, com la Trobada de monis, CIM intersectorial, jornades formatives, comissions per treballar en perspectiva de g\u00e8nere i inclusiva, etc.<\/p>\n<p style=\"text-align: justify;\">Tenim molta feina i un calendari ben ajustat, per\u00f2 la farem tan b\u00e9 com sabem, amb un EGS renovat i el suport dels i de les monis que participin de les comissions de treball. Perqu\u00e8 la participaci\u00f3 \u00e9s acci\u00f3, creaci\u00f3 i comprom\u00eds!<\/p>\n","protected":false},"excerpt":{"rendered":"<p>Es conforma el nou EGS i els nous projectes pel [&hellip;]<\/p>\n","protected":false},"author":3,"featured_media":25504,"comment_status":"closed","ping_status":"open","sticky":false,"template":"","format":"standard","meta":{"om_disable_all_campaigns":false,"_monsterinsights_skip_tracking":false,"_monsterinsights_sitenote_active":false,"_monsterinsights_sitenote_note":"","_monsterinsights_sitenote_category":0,"_uf_show_specific_survey":0,"_uf_disable_surveys":false,"footnotes":""},"categories":[1110,1160,1124],"tags":[114,23],"class_list":["post-25503","post","type-post","status-publish","format-standard","has-post-thumbnail","hentry","category-activitats-sectors","category-comissio-gsdd","category-sector-baix-llobregat","tag-sector-baix-llobregat","tag-sectors-geografics"],"yoast_head":"<!-- This site is optimized with the Yoast SEO plugin v27.5 - https:\/\/yoast.com\/product\/yoast-seo-wordpress\/ -->\n<title>Acci\u00f3, creaci\u00f3 i comprom\u00eds per al nou curs del Baix Llobregat - Esplac<\/title>\n<meta name=\"robots\" content=\"index, follow, max-snippet:-1, max-image-preview:large, max-video-preview:-1\" \/>\n<link rel=\"canonical\" href=\"https:\/\/www.esplac.cat\/accio-creacio-i-compromis-per-al-nou-curs-del-baix-llobregat\/\" \/>\n<meta property=\"og:locale\" content=\"en_US\" \/>\n<meta property=\"og:type\" content=\"article\" \/>\n<meta property=\"og:title\" content=\"Acci\u00f3, creaci\u00f3 i comprom\u00eds per al nou curs del Baix Llobregat - Esplac\" \/>\n<meta property=\"og:description\" content=\"Es conforma el nou EGS i els nous projectes pel [&hellip;]\" \/>\n<meta property=\"og:url\" content=\"https:\/\/www.esplac.cat\/accio-creacio-i-compromis-per-al-nou-curs-del-baix-llobregat\/\" \/>\n<meta property=\"og:site_name\" content=\"Esplac\" \/>\n<meta property=\"article:published_time\" content=\"2015-10-30T08:42:28+00:00\" \/>\n<meta property=\"article:modified_time\" content=\"2019-11-14T11:15:38+00:00\" \/>\n<meta property=\"og:image\" content=\"https:\/\/www.esplac.cat\/wp-content\/uploads\/2015\/10\/BaixLlu_Web.jpg\" \/>\n\t<meta property=\"og:image:width\" content=\"857\" \/>\n\t<meta property=\"og:image:height\" content=\"350\" \/>\n\t<meta property=\"og:image:type\" content=\"image\/jpeg\" \/>\n<meta name=\"author\" content=\"Comunicaci\u00f3 Esplac\" \/>\n<meta name=\"twitter:card\" content=\"summary_large_image\" \/>\n<meta name=\"twitter:label1\" content=\"Written by\" \/>\n\t<meta name=\"twitter:data1\" content=\"Comunicaci\u00f3 Esplac\" \/>\n\t<meta name=\"twitter:label2\" content=\"Est. reading time\" \/>\n\t<meta name=\"twitter:data2\" content=\"1 minute\" \/>\n<script type=\"application\/ld+json\" class=\"yoast-schema-graph\">{\"@context\":\"https:\\\/\\\/schema.org\",\"@graph\":[{\"@type\":\"Article\",\"@id\":\"https:\\\/\\\/www.esplac.cat\\\/accio-creacio-i-compromis-per-al-nou-curs-del-baix-llobregat\\\/#article\",\"isPartOf\":{\"@id\":\"https:\\\/\\\/www.esplac.cat\\\/accio-creacio-i-compromis-per-al-nou-curs-del-baix-llobregat\\\/\"},\"author\":{\"name\":\"Comunicaci\u00f3 Esplac\",\"@id\":\"https:\\\/\\\/www.esplac.cat\\\/#\\\/schema\\\/person\\\/908383cf240be18b68f8855d0583faca\"},\"headline\":\"Acci\u00f3, creaci\u00f3 i comprom\u00eds per al nou curs del Baix Llobregat\",\"datePublished\":\"2015-10-30T08:42:28+00:00\",\"dateModified\":\"2019-11-14T11:15:38+00:00\",\"mainEntityOfPage\":{\"@id\":\"https:\\\/\\\/www.esplac.cat\\\/accio-creacio-i-compromis-per-al-nou-curs-del-baix-llobregat\\\/\"},\"wordCount\":257,\"publisher\":{\"@id\":\"https:\\\/\\\/www.esplac.cat\\\/#organization\"},\"image\":{\"@id\":\"https:\\\/\\\/www.esplac.cat\\\/accio-creacio-i-compromis-per-al-nou-curs-del-baix-llobregat\\\/#primaryimage\"},\"thumbnailUrl\":\"https:\\\/\\\/www.esplac.cat\\\/wp-content\\\/uploads\\\/2015\\\/10\\\/BaixLlu_Web.jpg\",\"keywords\":[\"sector Baix Llobregat\",\"sectors geogr\u00e0fics\"],\"articleSection\":[\"Activitats sectors\",\"Comissi\u00f3 GSDD\",\"Sector Baix Llobregat\"],\"inLanguage\":\"en-US\"},{\"@type\":\"WebPage\",\"@id\":\"https:\\\/\\\/www.esplac.cat\\\/accio-creacio-i-compromis-per-al-nou-curs-del-baix-llobregat\\\/\",\"url\":\"https:\\\/\\\/www.esplac.cat\\\/accio-creacio-i-compromis-per-al-nou-curs-del-baix-llobregat\\\/\",\"name\":\"Acci\u00f3, creaci\u00f3 i comprom\u00eds per al nou curs del Baix Llobregat - Esplac\",\"isPartOf\":{\"@id\":\"https:\\\/\\\/www.esplac.cat\\\/#website\"},\"primaryImageOfPage\":{\"@id\":\"https:\\\/\\\/www.esplac.cat\\\/accio-creacio-i-compromis-per-al-nou-curs-del-baix-llobregat\\\/#primaryimage\"},\"image\":{\"@id\":\"https:\\\/\\\/www.esplac.cat\\\/accio-creacio-i-compromis-per-al-nou-curs-del-baix-llobregat\\\/#primaryimage\"},\"thumbnailUrl\":\"https:\\\/\\\/www.esplac.cat\\\/wp-content\\\/uploads\\\/2015\\\/10\\\/BaixLlu_Web.jpg\",\"datePublished\":\"2015-10-30T08:42:28+00:00\",\"dateModified\":\"2019-11-14T11:15:38+00:00\",\"breadcrumb\":{\"@id\":\"https:\\\/\\\/www.esplac.cat\\\/accio-creacio-i-compromis-per-al-nou-curs-del-baix-llobregat\\\/#breadcrumb\"},\"inLanguage\":\"en-US\",\"potentialAction\":[{\"@type\":\"ReadAction\",\"target\":[\"https:\\\/\\\/www.esplac.cat\\\/accio-creacio-i-compromis-per-al-nou-curs-del-baix-llobregat\\\/\"]}]},{\"@type\":\"ImageObject\",\"inLanguage\":\"en-US\",\"@id\":\"https:\\\/\\\/www.esplac.cat\\\/accio-creacio-i-compromis-per-al-nou-curs-del-baix-llobregat\\\/#primaryimage\",\"url\":\"https:\\\/\\\/www.esplac.cat\\\/wp-content\\\/uploads\\\/2015\\\/10\\\/BaixLlu_Web.jpg\",\"contentUrl\":\"https:\\\/\\\/www.esplac.cat\\\/wp-content\\\/uploads\\\/2015\\\/10\\\/BaixLlu_Web.jpg\",\"width\":857,\"height\":350},{\"@type\":\"BreadcrumbList\",\"@id\":\"https:\\\/\\\/www.esplac.cat\\\/accio-creacio-i-compromis-per-al-nou-curs-del-baix-llobregat\\\/#breadcrumb\",\"itemListElement\":[{\"@type\":\"ListItem\",\"position\":1,\"name\":\"Inici\",\"item\":\"https:\\\/\\\/www.esplac.cat\\\/en\\\/\"},{\"@type\":\"ListItem\",\"position\":2,\"name\":\"Acci\u00f3, creaci\u00f3 i comprom\u00eds per al nou curs del Baix Llobregat\"}]},{\"@type\":\"WebSite\",\"@id\":\"https:\\\/\\\/www.esplac.cat\\\/#website\",\"url\":\"https:\\\/\\\/www.esplac.cat\\\/\",\"name\":\"Esplac\",\"description\":\"Esplais Catalans\",\"publisher\":{\"@id\":\"https:\\\/\\\/www.esplac.cat\\\/#organization\"},\"potentialAction\":[{\"@type\":\"SearchAction\",\"target\":{\"@type\":\"EntryPoint\",\"urlTemplate\":\"https:\\\/\\\/www.esplac.cat\\\/?s={search_term_string}\"},\"query-input\":{\"@type\":\"PropertyValueSpecification\",\"valueRequired\":true,\"valueName\":\"search_term_string\"}}],\"inLanguage\":\"en-US\"},{\"@type\":\"Organization\",\"@id\":\"https:\\\/\\\/www.esplac.cat\\\/#organization\",\"name\":\"Esplac\",\"url\":\"https:\\\/\\\/www.esplac.cat\\\/\",\"logo\":{\"@type\":\"ImageObject\",\"inLanguage\":\"en-US\",\"@id\":\"https:\\\/\\\/www.esplac.cat\\\/#\\\/schema\\\/logo\\\/image\\\/\",\"url\":\"https:\\\/\\\/www.esplac.cat\\\/wp-content\\\/uploads\\\/2019\\\/08\\\/logox2.png\",\"contentUrl\":\"https:\\\/\\\/www.esplac.cat\\\/wp-content\\\/uploads\\\/2019\\\/08\\\/logox2.png\",\"width\":600,\"height\":295,\"caption\":\"Esplac\"},\"image\":{\"@id\":\"https:\\\/\\\/www.esplac.cat\\\/#\\\/schema\\\/logo\\\/image\\\/\"}},{\"@type\":\"Person\",\"@id\":\"https:\\\/\\\/www.esplac.cat\\\/#\\\/schema\\\/person\\\/908383cf240be18b68f8855d0583faca\",\"name\":\"Comunicaci\u00f3 Esplac\",\"image\":{\"@type\":\"ImageObject\",\"inLanguage\":\"en-US\",\"@id\":\"https:\\\/\\\/secure.gravatar.com\\\/avatar\\\/7a4cf8feb412a76ea4a740ca02d95b06b2907b5a6c648c2dd0a1082a093c3141?s=96&d=mm&r=g\",\"url\":\"https:\\\/\\\/secure.gravatar.com\\\/avatar\\\/7a4cf8feb412a76ea4a740ca02d95b06b2907b5a6c648c2dd0a1082a093c3141?s=96&d=mm&r=g\",\"contentUrl\":\"https:\\\/\\\/secure.gravatar.com\\\/avatar\\\/7a4cf8feb412a76ea4a740ca02d95b06b2907b5a6c648c2dd0a1082a093c3141?s=96&d=mm&r=g\",\"caption\":\"Comunicaci\u00f3 Esplac\"}}]}<\/script>\n<!-- \/ Yoast SEO plugin. -->","yoast_head_json":{"title":"Acci\u00f3, creaci\u00f3 i comprom\u00eds per al nou curs del Baix Llobregat - Esplac","robots":{"index":"index","follow":"follow","max-snippet":"max-snippet:-1","max-image-preview":"max-image-preview:large","max-video-preview":"max-video-preview:-1"},"canonical":"https:\/\/www.esplac.cat\/accio-creacio-i-compromis-per-al-nou-curs-del-baix-llobregat\/","og_locale":"en_US","og_type":"article","og_title":"Acci\u00f3, creaci\u00f3 i comprom\u00eds per al nou curs del Baix Llobregat - Esplac","og_description":"Es conforma el nou EGS i els nous projectes pel [&hellip;]","og_url":"https:\/\/www.esplac.cat\/accio-creacio-i-compromis-per-al-nou-curs-del-baix-llobregat\/","og_site_name":"Esplac","article_published_time":"2015-10-30T08:42:28+00:00","article_modified_time":"2019-11-14T11:15:38+00:00","og_image":[{"width":857,"height":350,"url":"https:\/\/www.esplac.cat\/wp-content\/uploads\/2015\/10\/BaixLlu_Web.jpg","type":"image\/jpeg"}],"author":"Comunicaci\u00f3 Esplac","twitter_card":"summary_large_image","twitter_misc":{"Written by":"Comunicaci\u00f3 Esplac","Est. reading time":"1 minute"},"schema":{"@context":"https:\/\/schema.org","@graph":[{"@type":"Article","@id":"https:\/\/www.esplac.cat\/accio-creacio-i-compromis-per-al-nou-curs-del-baix-llobregat\/#article","isPartOf":{"@id":"https:\/\/www.esplac.cat\/accio-creacio-i-compromis-per-al-nou-curs-del-baix-llobregat\/"},"author":{"name":"Comunicaci\u00f3 Esplac","@id":"https:\/\/www.esplac.cat\/#\/schema\/person\/908383cf240be18b68f8855d0583faca"},"headline":"Acci\u00f3, creaci\u00f3 i comprom\u00eds per al nou curs del Baix Llobregat","datePublished":"2015-10-30T08:42:28+00:00","dateModified":"2019-11-14T11:15:38+00:00","mainEntityOfPage":{"@id":"https:\/\/www.esplac.cat\/accio-creacio-i-compromis-per-al-nou-curs-del-baix-llobregat\/"},"wordCount":257,"publisher":{"@id":"https:\/\/www.esplac.cat\/#organization"},"image":{"@id":"https:\/\/www.esplac.cat\/accio-creacio-i-compromis-per-al-nou-curs-del-baix-llobregat\/#primaryimage"},"thumbnailUrl":"https:\/\/www.esplac.cat\/wp-content\/uploads\/2015\/10\/BaixLlu_Web.jpg","keywords":["sector Baix Llobregat","sectors geogr\u00e0fics"],"articleSection":["Activitats sectors","Comissi\u00f3 GSDD","Sector Baix Llobregat"],"inLanguage":"en-US"},{"@type":"WebPage","@id":"https:\/\/www.esplac.cat\/accio-creacio-i-compromis-per-al-nou-curs-del-baix-llobregat\/","url":"https:\/\/www.esplac.cat\/accio-creacio-i-compromis-per-al-nou-curs-del-baix-llobregat\/","name":"Acci\u00f3, creaci\u00f3 i comprom\u00eds per al nou curs del Baix Llobregat - Esplac","isPartOf":{"@id":"https:\/\/www.esplac.cat\/#website"},"primaryImageOfPage":{"@id":"https:\/\/www.esplac.cat\/accio-creacio-i-compromis-per-al-nou-curs-del-baix-llobregat\/#primaryimage"},"image":{"@id":"https:\/\/www.esplac.cat\/accio-creacio-i-compromis-per-al-nou-curs-del-baix-llobregat\/#primaryimage"},"thumbnailUrl":"https:\/\/www.esplac.cat\/wp-content\/uploads\/2015\/10\/BaixLlu_Web.jpg","datePublished":"2015-10-30T08:42:28+00:00","dateModified":"2019-11-14T11:15:38+00:00","breadcrumb":{"@id":"https:\/\/www.esplac.cat\/accio-creacio-i-compromis-per-al-nou-curs-del-baix-llobregat\/#breadcrumb"},"inLanguage":"en-US","potentialAction":[{"@type":"ReadAction","target":["https:\/\/www.esplac.cat\/accio-creacio-i-compromis-per-al-nou-curs-del-baix-llobregat\/"]}]},{"@type":"ImageObject","inLanguage":"en-US","@id":"https:\/\/www.esplac.cat\/accio-creacio-i-compromis-per-al-nou-curs-del-baix-llobregat\/#primaryimage","url":"https:\/\/www.esplac.cat\/wp-content\/uploads\/2015\/10\/BaixLlu_Web.jpg","contentUrl":"https:\/\/www.esplac.cat\/wp-content\/uploads\/2015\/10\/BaixLlu_Web.jpg","width":857,"height":350},{"@type":"BreadcrumbList","@id":"https:\/\/www.esplac.cat\/accio-creacio-i-compromis-per-al-nou-curs-del-baix-llobregat\/#breadcrumb","itemListElement":[{"@type":"ListItem","position":1,"name":"Inici","item":"https:\/\/www.esplac.cat\/en\/"},{"@type":"ListItem","position":2,"name":"Acci\u00f3, creaci\u00f3 i comprom\u00eds per al nou curs del Baix Llobregat"}]},{"@type":"WebSite","@id":"https:\/\/www.esplac.cat\/#website","url":"https:\/\/www.esplac.cat\/","name":"Esplac","description":"Esplais Catalans","publisher":{"@id":"https:\/\/www.esplac.cat\/#organization"},"potentialAction":[{"@type":"SearchAction","target":{"@type":"EntryPoint","urlTemplate":"https:\/\/www.esplac.cat\/?s={search_term_string}"},"query-input":{"@type":"PropertyValueSpecification","valueRequired":true,"valueName":"search_term_string"}}],"inLanguage":"en-US"},{"@type":"Organization","@id":"https:\/\/www.esplac.cat\/#organization","name":"Esplac","url":"https:\/\/www.esplac.cat\/","logo":{"@type":"ImageObject","inLanguage":"en-US","@id":"https:\/\/www.esplac.cat\/#\/schema\/logo\/image\/","url":"https:\/\/www.esplac.cat\/wp-content\/uploads\/2019\/08\/logox2.png","contentUrl":"https:\/\/www.esplac.cat\/wp-content\/uploads\/2019\/08\/logox2.png","width":600,"height":295,"caption":"Esplac"},"image":{"@id":"https:\/\/www.esplac.cat\/#\/schema\/logo\/image\/"}},{"@type":"Person","@id":"https:\/\/www.esplac.cat\/#\/schema\/person\/908383cf240be18b68f8855d0583faca","name":"Comunicaci\u00f3 Esplac","image":{"@type":"ImageObject","inLanguage":"en-US","@id":"https:\/\/secure.gravatar.com\/avatar\/7a4cf8feb412a76ea4a740ca02d95b06b2907b5a6c648c2dd0a1082a093c3141?s=96&d=mm&r=g","url":"https:\/\/secure.gravatar.com\/avatar\/7a4cf8feb412a76ea4a740ca02d95b06b2907b5a6c648c2dd0a1082a093c3141?s=96&d=mm&r=g","contentUrl":"https:\/\/secure.gravatar.com\/avatar\/7a4cf8feb412a76ea4a740ca02d95b06b2907b5a6c648c2dd0a1082a093c3141?s=96&d=mm&r=g","caption":"Comunicaci\u00f3 Esplac"}}]}},"_links":{"self":[{"href":"https:\/\/www.esplac.cat\/en\/wp-json\/wp\/v2\/posts\/25503","targetHints":{"allow":["GET"]}}],"collection":[{"href":"https:\/\/www.esplac.cat\/en\/wp-json\/wp\/v2\/posts"}],"about":[{"href":"https:\/\/www.esplac.cat\/en\/wp-json\/wp\/v2\/types\/post"}],"author":[{"embeddable":true,"href":"https:\/\/www.esplac.cat\/en\/wp-json\/wp\/v2\/users\/3"}],"replies":[{"embeddable":true,"href":"https:\/\/www.esplac.cat\/en\/wp-json\/wp\/v2\/comments?post=25503"}],"version-history":[{"count":0,"href":"https:\/\/www.esplac.cat\/en\/wp-json\/wp\/v2\/posts\/25503\/revisions"}],"wp:featuredmedia":[{"embeddable":true,"href":"https:\/\/www.esplac.cat\/en\/wp-json\/wp\/v2\/media\/25504"}],"wp:attachment":[{"href":"https:\/\/www.esplac.cat\/en\/wp-json\/wp\/v2\/media?parent=25503"}],"wp:term":[{"taxonomy":"category","embeddable":true,"href":"https:\/\/www.esplac.cat\/en\/wp-json\/wp\/v2\/categories?post=25503"},{"taxonomy":"post_tag","embeddable":true,"href":"https:\/\/www.esplac.cat\/en\/wp-json\/wp\/v2\/tags?post=25503"}],"curies":[{"name":"wp","href":"https:\/\/api.w.org\/{rel}","templated":true}]}}