{"id":25505,"date":"2015-10-30T10:20:09","date_gmt":"2015-10-30T08:20:09","guid":{"rendered":"http:\/\/esplac.cat\/?p=8894"},"modified":"2015-10-30T10:20:09","modified_gmt":"2015-10-30T08:20:09","slug":"nous-reptes-sector-valles","status":"publish","type":"post","link":"https:\/\/www.esplac.cat\/en\/nous-reptes-sector-valles\/","title":{"rendered":"Nou EGS, noves comissions i nous reptes al Sector Vall\u00e8s!"},"content":{"rendered":"<h4 class=\"p1\" style=\"text-align: justify;\"><span class=\"s1\">El sector Vall\u00e8s encara\u00a0aquest curs 2015\/16 amb molta energia i noves\u00a0<\/span><span class=\"s1\">pr\u00e0ctiques<\/span><\/h4>\n<p class=\"p1\" style=\"text-align: justify;\"><span class=\"s1\">Seguim apostant per les trobades de cap de setmana, tant d\u2019infants\u00a0<\/span><span class=\"s1\">i joves com de monis, per\u00f2 tamb\u00e9 incorporem alguna novetat com l\u2019excursi\u00f3\u00a0<\/span><span class=\"s1\">dels 3 turons, que consistir\u00e0 en pujar 3 cims del Vall\u00e8s en un mateix dia.<\/span><\/p>\n<p class=\"p1\" style=\"text-align: justify;\"><span class=\"s1\">Tampoc deixarem de formar-nos i per aix\u00f2 repetirem la \u201cformaci\u00f3 a la brasa\u201d i la\u00a0<\/span><span class=\"s1\">trobada de pre-monis. A m\u00e9s, treballarem l\u2019intercanvi d\u2019experi\u00e8ncies i al 2n\u00a0<\/span><span class=\"s1\">trimestre alguns monitors\/es passaran el dissabte a la tarda a un altre esplai,\u00a0<\/span><span class=\"s1\">per veure altres realitats i compartir recursos.<\/span><\/p>\n<p class=\"p1\" style=\"text-align: justify;\"><span class=\"s1\">Seguirem treballant per augmentar la participaci\u00f3 dels esplais a les activitats i\u00a0<\/span><span class=\"s1\">reunions del sector i alhora per donar m\u00e9s veu als infants a les nostres\u00a0<\/span><span class=\"s1\">trobades. Com a reptes esperem elaborar un Reglament de R\u00e8gim Intern del\u00a0<\/span><span class=\"s1\">sector i impulsar altres noves comissions com la de Localitza\u2019t Vall\u00e8s i la de\u00a0<\/span><span class=\"s1\">Comunicaci\u00f3.\u00a0<\/span><\/p>\n<p class=\"p1\" style=\"text-align: justify;\"><span class=\"s1\">A m\u00e9s, i tamb\u00e9 com a novetat, aquest curs el nou EGS ha fet una tancada. All\u00e0\u00a0<\/span><span class=\"s1\">han planificat la dinamitzaci\u00f3 d\u2019aquest curs per\u00f2 tamb\u00e9 s\u2019han conegut m\u00e9s a\u00a0<\/span><span class=\"s1\">fons i s\u2019han omplert de motivaci\u00f3 per fer el millor possible les seves tasques\u00a0<\/span><span class=\"s1\">d\u2019enguany!<\/span><\/p>\n<p class=\"p1\" style=\"text-align: justify;\">\n","protected":false},"excerpt":{"rendered":"<p>El sector Vall\u00e8s encara\u00a0aquest curs 2015\/16 amb molta energia i [&hellip;]<\/p>\n","protected":false},"author":3,"featured_media":25506,"comment_status":"closed","ping_status":"open","sticky":false,"template":"","format":"standard","meta":{"om_disable_all_campaigns":false,"_monsterinsights_skip_tracking":false,"_monsterinsights_sitenote_active":false,"_monsterinsights_sitenote_note":"","_monsterinsights_sitenote_category":0,"_uf_show_specific_survey":0,"_uf_disable_surveys":false,"footnotes":""},"categories":[1110,1137],"tags":[122,23],"class_list":["post-25505","post","type-post","status-publish","format-standard","has-post-thumbnail","hentry","category-activitats-sectors","category-sector-valles","tag-sector-valles","tag-sectors-geografics"],"yoast_head":"<!-- This site is optimized with the Yoast SEO plugin v27.5 - https:\/\/yoast.com\/product\/yoast-seo-wordpress\/ -->\n<title>Nou EGS, noves comissions i nous reptes al Sector Vall\u00e8s! - Esplac<\/title>\n<meta name=\"robots\" content=\"index, follow, max-snippet:-1, max-image-preview:large, max-video-preview:-1\" \/>\n<link rel=\"canonical\" href=\"https:\/\/www.esplac.cat\/nous-reptes-sector-valles\/\" \/>\n<meta property=\"og:locale\" content=\"en_US\" \/>\n<meta property=\"og:type\" content=\"article\" \/>\n<meta property=\"og:title\" content=\"Nou EGS, noves comissions i nous reptes al Sector Vall\u00e8s! - Esplac\" \/>\n<meta property=\"og:description\" content=\"El sector Vall\u00e8s encara\u00a0aquest curs 2015\/16 amb molta energia i [&hellip;]\" \/>\n<meta property=\"og:url\" content=\"https:\/\/www.esplac.cat\/nous-reptes-sector-valles\/\" \/>\n<meta property=\"og:site_name\" content=\"Esplac\" \/>\n<meta property=\"article:published_time\" content=\"2015-10-30T08:20:09+00:00\" \/>\n<meta property=\"og:image\" content=\"https:\/\/www.esplac.cat\/wp-content\/uploads\/2015\/10\/SValles_Web.jpg\" \/>\n\t<meta property=\"og:image:width\" content=\"700\" \/>\n\t<meta property=\"og:image:height\" content=\"300\" \/>\n\t<meta property=\"og:image:type\" content=\"image\/jpeg\" \/>\n<meta name=\"author\" content=\"Comunicaci\u00f3 Esplac\" \/>\n<meta name=\"twitter:card\" content=\"summary_large_image\" \/>\n<meta name=\"twitter:label1\" content=\"Written by\" \/>\n\t<meta name=\"twitter:data1\" content=\"Comunicaci\u00f3 Esplac\" \/>\n\t<meta name=\"twitter:label2\" content=\"Est. reading time\" \/>\n\t<meta name=\"twitter:data2\" content=\"1 minute\" \/>\n<script type=\"application\/ld+json\" class=\"yoast-schema-graph\">{\"@context\":\"https:\\\/\\\/schema.org\",\"@graph\":[{\"@type\":\"Article\",\"@id\":\"https:\\\/\\\/www.esplac.cat\\\/nous-reptes-sector-valles\\\/#article\",\"isPartOf\":{\"@id\":\"https:\\\/\\\/www.esplac.cat\\\/nous-reptes-sector-valles\\\/\"},\"author\":{\"name\":\"Comunicaci\u00f3 Esplac\",\"@id\":\"https:\\\/\\\/www.esplac.cat\\\/#\\\/schema\\\/person\\\/908383cf240be18b68f8855d0583faca\"},\"headline\":\"Nou EGS, noves comissions i nous reptes al Sector Vall\u00e8s!\",\"datePublished\":\"2015-10-30T08:20:09+00:00\",\"mainEntityOfPage\":{\"@id\":\"https:\\\/\\\/www.esplac.cat\\\/nous-reptes-sector-valles\\\/\"},\"wordCount\":222,\"publisher\":{\"@id\":\"https:\\\/\\\/www.esplac.cat\\\/#organization\"},\"image\":{\"@id\":\"https:\\\/\\\/www.esplac.cat\\\/nous-reptes-sector-valles\\\/#primaryimage\"},\"thumbnailUrl\":\"https:\\\/\\\/www.esplac.cat\\\/wp-content\\\/uploads\\\/2015\\\/10\\\/SValles_Web.jpg\",\"keywords\":[\"sector Vall\u00e8s\",\"sectors geogr\u00e0fics\"],\"articleSection\":[\"Activitats sectors\",\"Sector Vall\u00e8s\"],\"inLanguage\":\"en-US\"},{\"@type\":\"WebPage\",\"@id\":\"https:\\\/\\\/www.esplac.cat\\\/nous-reptes-sector-valles\\\/\",\"url\":\"https:\\\/\\\/www.esplac.cat\\\/nous-reptes-sector-valles\\\/\",\"name\":\"Nou EGS, noves comissions i nous reptes al Sector Vall\u00e8s! - Esplac\",\"isPartOf\":{\"@id\":\"https:\\\/\\\/www.esplac.cat\\\/#website\"},\"primaryImageOfPage\":{\"@id\":\"https:\\\/\\\/www.esplac.cat\\\/nous-reptes-sector-valles\\\/#primaryimage\"},\"image\":{\"@id\":\"https:\\\/\\\/www.esplac.cat\\\/nous-reptes-sector-valles\\\/#primaryimage\"},\"thumbnailUrl\":\"https:\\\/\\\/www.esplac.cat\\\/wp-content\\\/uploads\\\/2015\\\/10\\\/SValles_Web.jpg\",\"datePublished\":\"2015-10-30T08:20:09+00:00\",\"breadcrumb\":{\"@id\":\"https:\\\/\\\/www.esplac.cat\\\/nous-reptes-sector-valles\\\/#breadcrumb\"},\"inLanguage\":\"en-US\",\"potentialAction\":[{\"@type\":\"ReadAction\",\"target\":[\"https:\\\/\\\/www.esplac.cat\\\/nous-reptes-sector-valles\\\/\"]}]},{\"@type\":\"ImageObject\",\"inLanguage\":\"en-US\",\"@id\":\"https:\\\/\\\/www.esplac.cat\\\/nous-reptes-sector-valles\\\/#primaryimage\",\"url\":\"https:\\\/\\\/www.esplac.cat\\\/wp-content\\\/uploads\\\/2015\\\/10\\\/SValles_Web.jpg\",\"contentUrl\":\"https:\\\/\\\/www.esplac.cat\\\/wp-content\\\/uploads\\\/2015\\\/10\\\/SValles_Web.jpg\",\"width\":700,\"height\":300},{\"@type\":\"BreadcrumbList\",\"@id\":\"https:\\\/\\\/www.esplac.cat\\\/nous-reptes-sector-valles\\\/#breadcrumb\",\"itemListElement\":[{\"@type\":\"ListItem\",\"position\":1,\"name\":\"Inici\",\"item\":\"https:\\\/\\\/www.esplac.cat\\\/en\\\/\"},{\"@type\":\"ListItem\",\"position\":2,\"name\":\"Nou EGS, noves comissions i nous reptes al Sector Vall\u00e8s!\"}]},{\"@type\":\"WebSite\",\"@id\":\"https:\\\/\\\/www.esplac.cat\\\/#website\",\"url\":\"https:\\\/\\\/www.esplac.cat\\\/\",\"name\":\"Esplac\",\"description\":\"Esplais Catalans\",\"publisher\":{\"@id\":\"https:\\\/\\\/www.esplac.cat\\\/#organization\"},\"potentialAction\":[{\"@type\":\"SearchAction\",\"target\":{\"@type\":\"EntryPoint\",\"urlTemplate\":\"https:\\\/\\\/www.esplac.cat\\\/?s={search_term_string}\"},\"query-input\":{\"@type\":\"PropertyValueSpecification\",\"valueRequired\":true,\"valueName\":\"search_term_string\"}}],\"inLanguage\":\"en-US\"},{\"@type\":\"Organization\",\"@id\":\"https:\\\/\\\/www.esplac.cat\\\/#organization\",\"name\":\"Esplac\",\"url\":\"https:\\\/\\\/www.esplac.cat\\\/\",\"logo\":{\"@type\":\"ImageObject\",\"inLanguage\":\"en-US\",\"@id\":\"https:\\\/\\\/www.esplac.cat\\\/#\\\/schema\\\/logo\\\/image\\\/\",\"url\":\"https:\\\/\\\/www.esplac.cat\\\/wp-content\\\/uploads\\\/2019\\\/08\\\/logox2.png\",\"contentUrl\":\"https:\\\/\\\/www.esplac.cat\\\/wp-content\\\/uploads\\\/2019\\\/08\\\/logox2.png\",\"width\":600,\"height\":295,\"caption\":\"Esplac\"},\"image\":{\"@id\":\"https:\\\/\\\/www.esplac.cat\\\/#\\\/schema\\\/logo\\\/image\\\/\"}},{\"@type\":\"Person\",\"@id\":\"https:\\\/\\\/www.esplac.cat\\\/#\\\/schema\\\/person\\\/908383cf240be18b68f8855d0583faca\",\"name\":\"Comunicaci\u00f3 Esplac\",\"image\":{\"@type\":\"ImageObject\",\"inLanguage\":\"en-US\",\"@id\":\"https:\\\/\\\/secure.gravatar.com\\\/avatar\\\/7a4cf8feb412a76ea4a740ca02d95b06b2907b5a6c648c2dd0a1082a093c3141?s=96&d=mm&r=g\",\"url\":\"https:\\\/\\\/secure.gravatar.com\\\/avatar\\\/7a4cf8feb412a76ea4a740ca02d95b06b2907b5a6c648c2dd0a1082a093c3141?s=96&d=mm&r=g\",\"contentUrl\":\"https:\\\/\\\/secure.gravatar.com\\\/avatar\\\/7a4cf8feb412a76ea4a740ca02d95b06b2907b5a6c648c2dd0a1082a093c3141?s=96&d=mm&r=g\",\"caption\":\"Comunicaci\u00f3 Esplac\"}}]}<\/script>\n<!-- \/ Yoast SEO plugin. -->","yoast_head_json":{"title":"Nou EGS, noves comissions i nous reptes al Sector Vall\u00e8s! - Esplac","robots":{"index":"index","follow":"follow","max-snippet":"max-snippet:-1","max-image-preview":"max-image-preview:large","max-video-preview":"max-video-preview:-1"},"canonical":"https:\/\/www.esplac.cat\/nous-reptes-sector-valles\/","og_locale":"en_US","og_type":"article","og_title":"Nou EGS, noves comissions i nous reptes al Sector Vall\u00e8s! - Esplac","og_description":"El sector Vall\u00e8s encara\u00a0aquest curs 2015\/16 amb molta energia i [&hellip;]","og_url":"https:\/\/www.esplac.cat\/nous-reptes-sector-valles\/","og_site_name":"Esplac","article_published_time":"2015-10-30T08:20:09+00:00","og_image":[{"width":700,"height":300,"url":"https:\/\/www.esplac.cat\/wp-content\/uploads\/2015\/10\/SValles_Web.jpg","type":"image\/jpeg"}],"author":"Comunicaci\u00f3 Esplac","twitter_card":"summary_large_image","twitter_misc":{"Written by":"Comunicaci\u00f3 Esplac","Est. reading time":"1 minute"},"schema":{"@context":"https:\/\/schema.org","@graph":[{"@type":"Article","@id":"https:\/\/www.esplac.cat\/nous-reptes-sector-valles\/#article","isPartOf":{"@id":"https:\/\/www.esplac.cat\/nous-reptes-sector-valles\/"},"author":{"name":"Comunicaci\u00f3 Esplac","@id":"https:\/\/www.esplac.cat\/#\/schema\/person\/908383cf240be18b68f8855d0583faca"},"headline":"Nou EGS, noves comissions i nous reptes al Sector Vall\u00e8s!","datePublished":"2015-10-30T08:20:09+00:00","mainEntityOfPage":{"@id":"https:\/\/www.esplac.cat\/nous-reptes-sector-valles\/"},"wordCount":222,"publisher":{"@id":"https:\/\/www.esplac.cat\/#organization"},"image":{"@id":"https:\/\/www.esplac.cat\/nous-reptes-sector-valles\/#primaryimage"},"thumbnailUrl":"https:\/\/www.esplac.cat\/wp-content\/uploads\/2015\/10\/SValles_Web.jpg","keywords":["sector Vall\u00e8s","sectors geogr\u00e0fics"],"articleSection":["Activitats sectors","Sector Vall\u00e8s"],"inLanguage":"en-US"},{"@type":"WebPage","@id":"https:\/\/www.esplac.cat\/nous-reptes-sector-valles\/","url":"https:\/\/www.esplac.cat\/nous-reptes-sector-valles\/","name":"Nou EGS, noves comissions i nous reptes al Sector Vall\u00e8s! - Esplac","isPartOf":{"@id":"https:\/\/www.esplac.cat\/#website"},"primaryImageOfPage":{"@id":"https:\/\/www.esplac.cat\/nous-reptes-sector-valles\/#primaryimage"},"image":{"@id":"https:\/\/www.esplac.cat\/nous-reptes-sector-valles\/#primaryimage"},"thumbnailUrl":"https:\/\/www.esplac.cat\/wp-content\/uploads\/2015\/10\/SValles_Web.jpg","datePublished":"2015-10-30T08:20:09+00:00","breadcrumb":{"@id":"https:\/\/www.esplac.cat\/nous-reptes-sector-valles\/#breadcrumb"},"inLanguage":"en-US","potentialAction":[{"@type":"ReadAction","target":["https:\/\/www.esplac.cat\/nous-reptes-sector-valles\/"]}]},{"@type":"ImageObject","inLanguage":"en-US","@id":"https:\/\/www.esplac.cat\/nous-reptes-sector-valles\/#primaryimage","url":"https:\/\/www.esplac.cat\/wp-content\/uploads\/2015\/10\/SValles_Web.jpg","contentUrl":"https:\/\/www.esplac.cat\/wp-content\/uploads\/2015\/10\/SValles_Web.jpg","width":700,"height":300},{"@type":"BreadcrumbList","@id":"https:\/\/www.esplac.cat\/nous-reptes-sector-valles\/#breadcrumb","itemListElement":[{"@type":"ListItem","position":1,"name":"Inici","item":"https:\/\/www.esplac.cat\/en\/"},{"@type":"ListItem","position":2,"name":"Nou EGS, noves comissions i nous reptes al Sector Vall\u00e8s!"}]},{"@type":"WebSite","@id":"https:\/\/www.esplac.cat\/#website","url":"https:\/\/www.esplac.cat\/","name":"Esplac","description":"Esplais Catalans","publisher":{"@id":"https:\/\/www.esplac.cat\/#organization"},"potentialAction":[{"@type":"SearchAction","target":{"@type":"EntryPoint","urlTemplate":"https:\/\/www.esplac.cat\/?s={search_term_string}"},"query-input":{"@type":"PropertyValueSpecification","valueRequired":true,"valueName":"search_term_string"}}],"inLanguage":"en-US"},{"@type":"Organization","@id":"https:\/\/www.esplac.cat\/#organization","name":"Esplac","url":"https:\/\/www.esplac.cat\/","logo":{"@type":"ImageObject","inLanguage":"en-US","@id":"https:\/\/www.esplac.cat\/#\/schema\/logo\/image\/","url":"https:\/\/www.esplac.cat\/wp-content\/uploads\/2019\/08\/logox2.png","contentUrl":"https:\/\/www.esplac.cat\/wp-content\/uploads\/2019\/08\/logox2.png","width":600,"height":295,"caption":"Esplac"},"image":{"@id":"https:\/\/www.esplac.cat\/#\/schema\/logo\/image\/"}},{"@type":"Person","@id":"https:\/\/www.esplac.cat\/#\/schema\/person\/908383cf240be18b68f8855d0583faca","name":"Comunicaci\u00f3 Esplac","image":{"@type":"ImageObject","inLanguage":"en-US","@id":"https:\/\/secure.gravatar.com\/avatar\/7a4cf8feb412a76ea4a740ca02d95b06b2907b5a6c648c2dd0a1082a093c3141?s=96&d=mm&r=g","url":"https:\/\/secure.gravatar.com\/avatar\/7a4cf8feb412a76ea4a740ca02d95b06b2907b5a6c648c2dd0a1082a093c3141?s=96&d=mm&r=g","contentUrl":"https:\/\/secure.gravatar.com\/avatar\/7a4cf8feb412a76ea4a740ca02d95b06b2907b5a6c648c2dd0a1082a093c3141?s=96&d=mm&r=g","caption":"Comunicaci\u00f3 Esplac"}}]}},"_links":{"self":[{"href":"https:\/\/www.esplac.cat\/en\/wp-json\/wp\/v2\/posts\/25505","targetHints":{"allow":["GET"]}}],"collection":[{"href":"https:\/\/www.esplac.cat\/en\/wp-json\/wp\/v2\/posts"}],"about":[{"href":"https:\/\/www.esplac.cat\/en\/wp-json\/wp\/v2\/types\/post"}],"author":[{"embeddable":true,"href":"https:\/\/www.esplac.cat\/en\/wp-json\/wp\/v2\/users\/3"}],"replies":[{"embeddable":true,"href":"https:\/\/www.esplac.cat\/en\/wp-json\/wp\/v2\/comments?post=25505"}],"version-history":[{"count":0,"href":"https:\/\/www.esplac.cat\/en\/wp-json\/wp\/v2\/posts\/25505\/revisions"}],"wp:featuredmedia":[{"embeddable":true,"href":"https:\/\/www.esplac.cat\/en\/wp-json\/wp\/v2\/media\/25506"}],"wp:attachment":[{"href":"https:\/\/www.esplac.cat\/en\/wp-json\/wp\/v2\/media?parent=25505"}],"wp:term":[{"taxonomy":"category","embeddable":true,"href":"https:\/\/www.esplac.cat\/en\/wp-json\/wp\/v2\/categories?post=25505"},{"taxonomy":"post_tag","embeddable":true,"href":"https:\/\/www.esplac.cat\/en\/wp-json\/wp\/v2\/tags?post=25505"}],"curies":[{"name":"wp","href":"https:\/\/api.w.org\/{rel}","templated":true}]}}