{"id":25517,"date":"2015-10-22T10:39:59","date_gmt":"2015-10-22T08:39:59","guid":{"rendered":"http:\/\/esplac.cat\/?p=8804"},"modified":"2015-10-22T10:39:59","modified_gmt":"2015-10-22T08:39:59","slug":"esplais-catalans-estrenem-web","status":"publish","type":"post","link":"https:\/\/www.esplac.cat\/en\/esplais-catalans-estrenem-web\/","title":{"rendered":"Esplais Catalans estrenem web!"},"content":{"rendered":"<p>Esplais Catalans volem adaptar-nos als nous temps i oferir un disseny m\u00e9s adaptat i millor accessibilitat en els nostres eines. \u00c9s per aix\u00f2 que un dels projectes del pla de treball del curs era el redisseny de la web per tal de fer-la m\u00e9s atractiva visualment i m\u00e9s accessible. Finalment avui l&#8217;estrenem!<\/p>\n<p>Com a principals novetats destaquem 10 punts:<\/p>\n<ol>\n<li>Hem reconfigurat el <strong>MEN\u00da <\/strong>per tal de fer-lo m\u00e9s comprensible i m\u00e9s senzill, reagrupant les p\u00e0gines i creant-ne algunes de noves.<\/li>\n<li>Hem creat una secci\u00f3 al Men\u00fa d&#8217;<strong>ACTIVITATS<\/strong>, on podrem trobar l&#8217;informaci\u00f3 centralitzada dels 4 grans\u00a0actes o activitats que organitzem a Esplais Catalans: l&#8217;Esplaiada, la Monifesta&#8217;t, l&#8217;Escola d&#8217;Esplac i l&#8217;Assemblea General Ordin\u00e0ria.<\/li>\n<li>Hem donat molta m\u00e9s visibilitat als <strong>SECTORS GEOGR\u00c0FICS<\/strong> d&#8217;Esplac, que comptaran a partir d&#8217;ara amb una p\u00e0gina pr\u00f2pia al web. Aquesta cont\u00e9\u00a0informaci\u00f3 del sector, dels esplais que en formen part, de l&#8217;Equip General del Sector i imatges i not\u00edcies dels esplais del sector que anirem renovant\u00a0i actualitzant regularment. Aquest espai\u00a0encara ha de millorar-se i ampliar-se segons les demandes\u00a0dels sectors.<\/li>\n<li>Hem creat un <strong>CALENDARI<\/strong>, visible a la portada web on anirem incloent activitats i trobades importants\u00a0de l&#8217;associaci\u00f3 i tamb\u00e9 dels sectors, per tal de que tothom estigui al dia d&#8217;all\u00f2 que farem.<\/li>\n<li>\u00a0Hem destacat els <strong>COMUNICATS I POSICIONAMENTS<\/strong> que fem incloent-los en portada, perqu\u00e8 creiem que el discurs que generem\u00a0ha d&#8217;arribar als esplais i a la ciutadania.<\/li>\n<li>Les nostres <strong>MEM\u00d2RIES<\/strong> s\u00f3n un resum dels projectes\u00a0m\u00e9s destacats durant el curs passat. Per aix\u00f2 volem que tinguin un espai propi a la secci\u00f3 del men\u00fa de &#8220;Publicacions&#8221;. All\u00e0 podreu trobar les 3 darreres mem\u00f2ries de l&#8217;entitat.<\/li>\n<li>Hem creat una secci\u00f3 de <strong>PREMSA<\/strong> al men\u00fa &#8220;Contacta&#8217;ns&#8221; per explicar-nos millor als mitjans de comunicaci\u00f3 a trav\u00e9s de materials diversos com Notes de Premsa o Materials gr\u00e0fics i facilitar la feina als mitjans de comunicaci\u00f3.<\/li>\n<li>Fer-se soci o s\u00f2cia col\u00b7laboradora d&#8217;Esplais Catalans \u00e9s una altra manera molt important de recolzar el nostre projecte. PEr aix\u00f2 volem donar m\u00e9s facilitats per als actuals i futurs socis i s\u00f2cies al web. Per aix\u00f2 trobareu un formulari propi per fer-se<strong> SOCIS I S\u00d2CIES COL\u00b7LABORADORES<\/strong> d&#8217;Esplac tamb\u00e9 a l&#8217;apartat &#8220;Contacta&#8217;ns&#8221;!<\/li>\n<li>Hem creat\u00a0un apartat al men\u00fa d&#8217;<strong>ACTUALITAT<\/strong>, on podreu trobar les not\u00edcies agrupades per diferents categories (\u00daltimes not\u00edcies, Comunicats,. Activitats Esplac, Activitats sectors&#8230;) \u00a0i altres informacions\u00a0destacades d&#8217;una forma molt visual.<\/li>\n<li>Les <strong>BONES PR\u00c0CTIQUES<\/strong> s\u00f3n molt importants pels esplais, per poder compartir experi\u00e8ncies i donar valor a tot all\u00f2 que els esplais fem per tal de ser m\u00e9s participatius, organitzats, originals o sostenibles. Podreu trobar les bones pr\u00e0ctiques a partir d&#8217;ara agrupades a un apartat propi dins d'&#8221;Eines pels esplais&#8221;.<\/li>\n<\/ol>\n<p>Tot aix\u00f2 \u00e9s nom\u00e9s un resum dels canvis que ha suposat aquest redisseny de la web. Podeu xafardejar i descobrir noves seccions vosaltres mateixes! Durant les properes setmanes seguirem actualitzant-la i fent-la m\u00e9s accessible per a tothom!<\/p>\n<p>&nbsp;<\/p>\n","protected":false},"excerpt":{"rendered":"<p>Esplais Catalans volem adaptar-nos als nous temps i oferir un [&hellip;]<\/p>\n","protected":false},"author":3,"featured_media":25518,"comment_status":"closed","ping_status":"open","sticky":false,"template":"","format":"standard","meta":{"om_disable_all_campaigns":false,"_monsterinsights_skip_tracking":false,"_monsterinsights_sitenote_active":false,"_monsterinsights_sitenote_note":"","_monsterinsights_sitenote_category":0,"_uf_show_specific_survey":0,"_uf_disable_surveys":false,"footnotes":""},"categories":[1111,1114,1],"tags":[94,589,206],"class_list":["post-25517","post","type-post","status-publish","format-standard","has-post-thumbnail","hentry","category-activitats-esplac","category-recursos","category-sense-categoria","tag-comunicacio","tag-esplac-cat","tag-web"],"yoast_head":"<!-- This site is optimized with the Yoast SEO plugin v27.4 - https:\/\/yoast.com\/product\/yoast-seo-wordpress\/ -->\n<title>Esplais Catalans estrenem web! - Esplac<\/title>\n<meta name=\"robots\" content=\"index, follow, max-snippet:-1, max-image-preview:large, max-video-preview:-1\" \/>\n<link rel=\"canonical\" href=\"https:\/\/www.esplac.cat\/esplais-catalans-estrenem-web\/\" \/>\n<meta property=\"og:locale\" content=\"en_US\" \/>\n<meta property=\"og:type\" content=\"article\" \/>\n<meta property=\"og:title\" content=\"Esplais Catalans estrenem web! - Esplac\" \/>\n<meta property=\"og:description\" content=\"Esplais Catalans volem adaptar-nos als nous temps i oferir un [&hellip;]\" \/>\n<meta property=\"og:url\" content=\"https:\/\/www.esplac.cat\/esplais-catalans-estrenem-web\/\" \/>\n<meta property=\"og:site_name\" content=\"Esplac\" \/>\n<meta property=\"article:published_time\" content=\"2015-10-22T08:39:59+00:00\" \/>\n<meta property=\"og:image\" content=\"https:\/\/www.esplac.cat\/wp-content\/uploads\/2015\/10\/20151022_Web-nova.jpg\" \/>\n\t<meta property=\"og:image:width\" content=\"700\" \/>\n\t<meta property=\"og:image:height\" content=\"300\" \/>\n\t<meta property=\"og:image:type\" content=\"image\/jpeg\" \/>\n<meta name=\"author\" content=\"Comunicaci\u00f3 Esplac\" \/>\n<meta name=\"twitter:card\" content=\"summary_large_image\" \/>\n<meta name=\"twitter:label1\" content=\"Written by\" \/>\n\t<meta name=\"twitter:data1\" content=\"Comunicaci\u00f3 Esplac\" \/>\n\t<meta name=\"twitter:label2\" content=\"Est. reading time\" \/>\n\t<meta name=\"twitter:data2\" content=\"3 minutes\" \/>\n<script type=\"application\/ld+json\" class=\"yoast-schema-graph\">{\"@context\":\"https:\\\/\\\/schema.org\",\"@graph\":[{\"@type\":\"Article\",\"@id\":\"https:\\\/\\\/www.esplac.cat\\\/esplais-catalans-estrenem-web\\\/#article\",\"isPartOf\":{\"@id\":\"https:\\\/\\\/www.esplac.cat\\\/esplais-catalans-estrenem-web\\\/\"},\"author\":{\"name\":\"Comunicaci\u00f3 Esplac\",\"@id\":\"https:\\\/\\\/www.esplac.cat\\\/#\\\/schema\\\/person\\\/908383cf240be18b68f8855d0583faca\"},\"headline\":\"Esplais Catalans estrenem web!\",\"datePublished\":\"2015-10-22T08:39:59+00:00\",\"mainEntityOfPage\":{\"@id\":\"https:\\\/\\\/www.esplac.cat\\\/esplais-catalans-estrenem-web\\\/\"},\"wordCount\":535,\"publisher\":{\"@id\":\"https:\\\/\\\/www.esplac.cat\\\/#organization\"},\"image\":{\"@id\":\"https:\\\/\\\/www.esplac.cat\\\/esplais-catalans-estrenem-web\\\/#primaryimage\"},\"thumbnailUrl\":\"https:\\\/\\\/www.esplac.cat\\\/wp-content\\\/uploads\\\/2015\\\/10\\\/20151022_Web-nova.jpg\",\"keywords\":[\"comunicaci\u00f3\",\"esplac.cat\",\"web\"],\"articleSection\":[\"Activitats esplac\",\"Recursos\",\"Sense categoria\"],\"inLanguage\":\"en-US\"},{\"@type\":\"WebPage\",\"@id\":\"https:\\\/\\\/www.esplac.cat\\\/esplais-catalans-estrenem-web\\\/\",\"url\":\"https:\\\/\\\/www.esplac.cat\\\/esplais-catalans-estrenem-web\\\/\",\"name\":\"Esplais Catalans estrenem web! - Esplac\",\"isPartOf\":{\"@id\":\"https:\\\/\\\/www.esplac.cat\\\/#website\"},\"primaryImageOfPage\":{\"@id\":\"https:\\\/\\\/www.esplac.cat\\\/esplais-catalans-estrenem-web\\\/#primaryimage\"},\"image\":{\"@id\":\"https:\\\/\\\/www.esplac.cat\\\/esplais-catalans-estrenem-web\\\/#primaryimage\"},\"thumbnailUrl\":\"https:\\\/\\\/www.esplac.cat\\\/wp-content\\\/uploads\\\/2015\\\/10\\\/20151022_Web-nova.jpg\",\"datePublished\":\"2015-10-22T08:39:59+00:00\",\"breadcrumb\":{\"@id\":\"https:\\\/\\\/www.esplac.cat\\\/esplais-catalans-estrenem-web\\\/#breadcrumb\"},\"inLanguage\":\"en-US\",\"potentialAction\":[{\"@type\":\"ReadAction\",\"target\":[\"https:\\\/\\\/www.esplac.cat\\\/esplais-catalans-estrenem-web\\\/\"]}]},{\"@type\":\"ImageObject\",\"inLanguage\":\"en-US\",\"@id\":\"https:\\\/\\\/www.esplac.cat\\\/esplais-catalans-estrenem-web\\\/#primaryimage\",\"url\":\"https:\\\/\\\/www.esplac.cat\\\/wp-content\\\/uploads\\\/2015\\\/10\\\/20151022_Web-nova.jpg\",\"contentUrl\":\"https:\\\/\\\/www.esplac.cat\\\/wp-content\\\/uploads\\\/2015\\\/10\\\/20151022_Web-nova.jpg\",\"width\":700,\"height\":300},{\"@type\":\"BreadcrumbList\",\"@id\":\"https:\\\/\\\/www.esplac.cat\\\/esplais-catalans-estrenem-web\\\/#breadcrumb\",\"itemListElement\":[{\"@type\":\"ListItem\",\"position\":1,\"name\":\"Inici\",\"item\":\"https:\\\/\\\/www.esplac.cat\\\/en\\\/\"},{\"@type\":\"ListItem\",\"position\":2,\"name\":\"Esplais Catalans estrenem web!\"}]},{\"@type\":\"WebSite\",\"@id\":\"https:\\\/\\\/www.esplac.cat\\\/#website\",\"url\":\"https:\\\/\\\/www.esplac.cat\\\/\",\"name\":\"Esplac\",\"description\":\"Esplais Catalans\",\"publisher\":{\"@id\":\"https:\\\/\\\/www.esplac.cat\\\/#organization\"},\"potentialAction\":[{\"@type\":\"SearchAction\",\"target\":{\"@type\":\"EntryPoint\",\"urlTemplate\":\"https:\\\/\\\/www.esplac.cat\\\/?s={search_term_string}\"},\"query-input\":{\"@type\":\"PropertyValueSpecification\",\"valueRequired\":true,\"valueName\":\"search_term_string\"}}],\"inLanguage\":\"en-US\"},{\"@type\":\"Organization\",\"@id\":\"https:\\\/\\\/www.esplac.cat\\\/#organization\",\"name\":\"Esplac\",\"url\":\"https:\\\/\\\/www.esplac.cat\\\/\",\"logo\":{\"@type\":\"ImageObject\",\"inLanguage\":\"en-US\",\"@id\":\"https:\\\/\\\/www.esplac.cat\\\/#\\\/schema\\\/logo\\\/image\\\/\",\"url\":\"https:\\\/\\\/www.esplac.cat\\\/wp-content\\\/uploads\\\/2019\\\/08\\\/logox2.png\",\"contentUrl\":\"https:\\\/\\\/www.esplac.cat\\\/wp-content\\\/uploads\\\/2019\\\/08\\\/logox2.png\",\"width\":600,\"height\":295,\"caption\":\"Esplac\"},\"image\":{\"@id\":\"https:\\\/\\\/www.esplac.cat\\\/#\\\/schema\\\/logo\\\/image\\\/\"}},{\"@type\":\"Person\",\"@id\":\"https:\\\/\\\/www.esplac.cat\\\/#\\\/schema\\\/person\\\/908383cf240be18b68f8855d0583faca\",\"name\":\"Comunicaci\u00f3 Esplac\",\"image\":{\"@type\":\"ImageObject\",\"inLanguage\":\"en-US\",\"@id\":\"https:\\\/\\\/secure.gravatar.com\\\/avatar\\\/7a4cf8feb412a76ea4a740ca02d95b06b2907b5a6c648c2dd0a1082a093c3141?s=96&d=mm&r=g\",\"url\":\"https:\\\/\\\/secure.gravatar.com\\\/avatar\\\/7a4cf8feb412a76ea4a740ca02d95b06b2907b5a6c648c2dd0a1082a093c3141?s=96&d=mm&r=g\",\"contentUrl\":\"https:\\\/\\\/secure.gravatar.com\\\/avatar\\\/7a4cf8feb412a76ea4a740ca02d95b06b2907b5a6c648c2dd0a1082a093c3141?s=96&d=mm&r=g\",\"caption\":\"Comunicaci\u00f3 Esplac\"}}]}<\/script>\n<!-- \/ Yoast SEO plugin. -->","yoast_head_json":{"title":"Esplais Catalans estrenem web! - Esplac","robots":{"index":"index","follow":"follow","max-snippet":"max-snippet:-1","max-image-preview":"max-image-preview:large","max-video-preview":"max-video-preview:-1"},"canonical":"https:\/\/www.esplac.cat\/esplais-catalans-estrenem-web\/","og_locale":"en_US","og_type":"article","og_title":"Esplais Catalans estrenem web! - Esplac","og_description":"Esplais Catalans volem adaptar-nos als nous temps i oferir un [&hellip;]","og_url":"https:\/\/www.esplac.cat\/esplais-catalans-estrenem-web\/","og_site_name":"Esplac","article_published_time":"2015-10-22T08:39:59+00:00","og_image":[{"width":700,"height":300,"url":"https:\/\/www.esplac.cat\/wp-content\/uploads\/2015\/10\/20151022_Web-nova.jpg","type":"image\/jpeg"}],"author":"Comunicaci\u00f3 Esplac","twitter_card":"summary_large_image","twitter_misc":{"Written by":"Comunicaci\u00f3 Esplac","Est. reading time":"3 minutes"},"schema":{"@context":"https:\/\/schema.org","@graph":[{"@type":"Article","@id":"https:\/\/www.esplac.cat\/esplais-catalans-estrenem-web\/#article","isPartOf":{"@id":"https:\/\/www.esplac.cat\/esplais-catalans-estrenem-web\/"},"author":{"name":"Comunicaci\u00f3 Esplac","@id":"https:\/\/www.esplac.cat\/#\/schema\/person\/908383cf240be18b68f8855d0583faca"},"headline":"Esplais Catalans estrenem web!","datePublished":"2015-10-22T08:39:59+00:00","mainEntityOfPage":{"@id":"https:\/\/www.esplac.cat\/esplais-catalans-estrenem-web\/"},"wordCount":535,"publisher":{"@id":"https:\/\/www.esplac.cat\/#organization"},"image":{"@id":"https:\/\/www.esplac.cat\/esplais-catalans-estrenem-web\/#primaryimage"},"thumbnailUrl":"https:\/\/www.esplac.cat\/wp-content\/uploads\/2015\/10\/20151022_Web-nova.jpg","keywords":["comunicaci\u00f3","esplac.cat","web"],"articleSection":["Activitats esplac","Recursos","Sense categoria"],"inLanguage":"en-US"},{"@type":"WebPage","@id":"https:\/\/www.esplac.cat\/esplais-catalans-estrenem-web\/","url":"https:\/\/www.esplac.cat\/esplais-catalans-estrenem-web\/","name":"Esplais Catalans estrenem web! - Esplac","isPartOf":{"@id":"https:\/\/www.esplac.cat\/#website"},"primaryImageOfPage":{"@id":"https:\/\/www.esplac.cat\/esplais-catalans-estrenem-web\/#primaryimage"},"image":{"@id":"https:\/\/www.esplac.cat\/esplais-catalans-estrenem-web\/#primaryimage"},"thumbnailUrl":"https:\/\/www.esplac.cat\/wp-content\/uploads\/2015\/10\/20151022_Web-nova.jpg","datePublished":"2015-10-22T08:39:59+00:00","breadcrumb":{"@id":"https:\/\/www.esplac.cat\/esplais-catalans-estrenem-web\/#breadcrumb"},"inLanguage":"en-US","potentialAction":[{"@type":"ReadAction","target":["https:\/\/www.esplac.cat\/esplais-catalans-estrenem-web\/"]}]},{"@type":"ImageObject","inLanguage":"en-US","@id":"https:\/\/www.esplac.cat\/esplais-catalans-estrenem-web\/#primaryimage","url":"https:\/\/www.esplac.cat\/wp-content\/uploads\/2015\/10\/20151022_Web-nova.jpg","contentUrl":"https:\/\/www.esplac.cat\/wp-content\/uploads\/2015\/10\/20151022_Web-nova.jpg","width":700,"height":300},{"@type":"BreadcrumbList","@id":"https:\/\/www.esplac.cat\/esplais-catalans-estrenem-web\/#breadcrumb","itemListElement":[{"@type":"ListItem","position":1,"name":"Inici","item":"https:\/\/www.esplac.cat\/en\/"},{"@type":"ListItem","position":2,"name":"Esplais Catalans estrenem web!"}]},{"@type":"WebSite","@id":"https:\/\/www.esplac.cat\/#website","url":"https:\/\/www.esplac.cat\/","name":"Esplac","description":"Esplais Catalans","publisher":{"@id":"https:\/\/www.esplac.cat\/#organization"},"potentialAction":[{"@type":"SearchAction","target":{"@type":"EntryPoint","urlTemplate":"https:\/\/www.esplac.cat\/?s={search_term_string}"},"query-input":{"@type":"PropertyValueSpecification","valueRequired":true,"valueName":"search_term_string"}}],"inLanguage":"en-US"},{"@type":"Organization","@id":"https:\/\/www.esplac.cat\/#organization","name":"Esplac","url":"https:\/\/www.esplac.cat\/","logo":{"@type":"ImageObject","inLanguage":"en-US","@id":"https:\/\/www.esplac.cat\/#\/schema\/logo\/image\/","url":"https:\/\/www.esplac.cat\/wp-content\/uploads\/2019\/08\/logox2.png","contentUrl":"https:\/\/www.esplac.cat\/wp-content\/uploads\/2019\/08\/logox2.png","width":600,"height":295,"caption":"Esplac"},"image":{"@id":"https:\/\/www.esplac.cat\/#\/schema\/logo\/image\/"}},{"@type":"Person","@id":"https:\/\/www.esplac.cat\/#\/schema\/person\/908383cf240be18b68f8855d0583faca","name":"Comunicaci\u00f3 Esplac","image":{"@type":"ImageObject","inLanguage":"en-US","@id":"https:\/\/secure.gravatar.com\/avatar\/7a4cf8feb412a76ea4a740ca02d95b06b2907b5a6c648c2dd0a1082a093c3141?s=96&d=mm&r=g","url":"https:\/\/secure.gravatar.com\/avatar\/7a4cf8feb412a76ea4a740ca02d95b06b2907b5a6c648c2dd0a1082a093c3141?s=96&d=mm&r=g","contentUrl":"https:\/\/secure.gravatar.com\/avatar\/7a4cf8feb412a76ea4a740ca02d95b06b2907b5a6c648c2dd0a1082a093c3141?s=96&d=mm&r=g","caption":"Comunicaci\u00f3 Esplac"}}]}},"_links":{"self":[{"href":"https:\/\/www.esplac.cat\/en\/wp-json\/wp\/v2\/posts\/25517","targetHints":{"allow":["GET"]}}],"collection":[{"href":"https:\/\/www.esplac.cat\/en\/wp-json\/wp\/v2\/posts"}],"about":[{"href":"https:\/\/www.esplac.cat\/en\/wp-json\/wp\/v2\/types\/post"}],"author":[{"embeddable":true,"href":"https:\/\/www.esplac.cat\/en\/wp-json\/wp\/v2\/users\/3"}],"replies":[{"embeddable":true,"href":"https:\/\/www.esplac.cat\/en\/wp-json\/wp\/v2\/comments?post=25517"}],"version-history":[{"count":0,"href":"https:\/\/www.esplac.cat\/en\/wp-json\/wp\/v2\/posts\/25517\/revisions"}],"wp:featuredmedia":[{"embeddable":true,"href":"https:\/\/www.esplac.cat\/en\/wp-json\/wp\/v2\/media\/25518"}],"wp:attachment":[{"href":"https:\/\/www.esplac.cat\/en\/wp-json\/wp\/v2\/media?parent=25517"}],"wp:term":[{"taxonomy":"category","embeddable":true,"href":"https:\/\/www.esplac.cat\/en\/wp-json\/wp\/v2\/categories?post=25517"},{"taxonomy":"post_tag","embeddable":true,"href":"https:\/\/www.esplac.cat\/en\/wp-json\/wp\/v2\/tags?post=25517"}],"curies":[{"name":"wp","href":"https:\/\/api.w.org\/{rel}","templated":true}]}}