{"id":25519,"date":"2015-10-22T08:32:59","date_gmt":"2015-10-22T06:32:59","guid":{"rendered":"http:\/\/esplac.cat\/?p=8788"},"modified":"2015-10-22T08:32:59","modified_gmt":"2015-10-22T06:32:59","slug":"exit-de-participacio-al-trobem-nos-i-lago-2015-del-barcelones-nord","status":"publish","type":"post","link":"https:\/\/www.esplac.cat\/en\/exit-de-participacio-al-trobem-nos-i-lago-2015-del-barcelones-nord\/","title":{"rendered":"\u00c9xit de participaci\u00f3 al Trobem-nos i l&#8217;AGO 2015 del Barcelon\u00e8s Nord"},"content":{"rendered":"<p class=\"p1\"><strong>Energies renovades a les dues activitats inaugurals del curs del sector<\/strong><\/p>\n<p class=\"p1\">El passat diumenge 18 d&#8217;octubre es va celebrar l&#8217;AGO del sector Barcelon\u00e8s Nord, aquest any acollida per l&#8217;esplai Puigcastellar. Com a novetat, cal destacar l&#8217;expectaci\u00f3 i il\u00b7lusi\u00f3 que va provocar l&#8217;\u00e8xit de participaci\u00f3: 30 monitores de 5 esplais del sector!<\/p>\n<p class=\"p1\">A difer\u00e8ncia d&#8217;altres anys, aquest curs la reflexi\u00f3 del document del Pla de Treball es va traslladar a una reuni\u00f3 de sector de manera que es va alleugerir<span class=\"Apple-converted-space\">\u00a0 el\u00a0<\/span>gruix de debat a l&#8217;assemblea, destinant-la a treballar el pressupost, el calendari i a l&#8217;aprovaci\u00f3 de tota la documentaci\u00f3.<\/p>\n<p class=\"p1\">Tamb\u00e9 va ser el dia d&#8217;escollir el nou Equip General de Sector,<span class=\"Apple-converted-space\">\u00a0 que va ser votat<\/span>\u00a0per majoria absoluta. Aquest curs est\u00e0 format per la N\u00faria Mar\u00edn, en Carles Llombart i en Marc Bartolom\u00e9, que repeteixen candidatura, i la J\u00falia Mateu que s&#8217;inicia amb moltes ganes. Com a novetat, i responent a una realitat del sector, es va proposar la creaci\u00f3 d&#8217;un grup sat\u00e8l\u00b7lit a l&#8217;EGS amb funcions de suport a aquest,<span class=\"Apple-converted-space\">\u00a0<\/span>format per un membre de cada esplai.<\/p>\n<p class=\"p1\">L&#8217;assemblea va finalitzar amb la celebraci\u00f3 del <strong>Trobem-nos<\/strong>, la trobada de monitores del sector en el format noved\u00f3s de barbacoa, en la qual hi van participar un gran nombre de persones tamb\u00e9-<\/p>\n<p class=\"p1\">Aquest curs doncs, el sector BcnN engega motors amb propostes, \u00e0nims i motivacions renovades!<\/p>\n","protected":false},"excerpt":{"rendered":"<p>Energies renovades a les dues activitats inaugurals del curs del [&hellip;]<\/p>\n","protected":false},"author":3,"featured_media":25520,"comment_status":"closed","ping_status":"open","sticky":false,"template":"","format":"standard","meta":{"om_disable_all_campaigns":false,"_monsterinsights_skip_tracking":false,"_monsterinsights_sitenote_active":false,"_monsterinsights_sitenote_note":"","_monsterinsights_sitenote_category":0,"_uf_show_specific_survey":0,"_uf_disable_surveys":false,"footnotes":""},"categories":[1110,1132],"tags":[355,587,588,146,367],"class_list":["post-25519","post","type-post","status-publish","format-standard","has-post-thumbnail","hentry","category-activitats-sectors","category-baix-besos","tag-ago-sector","tag-bcnn","tag-pla-de-treball-sector","tag-sector-barcelones-nord","tag-trobem-nos"],"yoast_head":"<!-- This site is optimized with the Yoast SEO plugin v27.4 - https:\/\/yoast.com\/product\/yoast-seo-wordpress\/ -->\n<title>\u00c9xit de participaci\u00f3 al Trobem-nos i l&#039;AGO 2015 del Barcelon\u00e8s Nord - Esplac<\/title>\n<meta name=\"robots\" content=\"index, follow, max-snippet:-1, max-image-preview:large, max-video-preview:-1\" \/>\n<link rel=\"canonical\" href=\"https:\/\/www.esplac.cat\/exit-de-participacio-al-trobem-nos-i-lago-2015-del-barcelones-nord\/\" \/>\n<meta property=\"og:locale\" content=\"en_US\" \/>\n<meta property=\"og:type\" content=\"article\" \/>\n<meta property=\"og:title\" content=\"\u00c9xit de participaci\u00f3 al Trobem-nos i l&#039;AGO 2015 del Barcelon\u00e8s Nord - Esplac\" \/>\n<meta property=\"og:description\" content=\"Energies renovades a les dues activitats inaugurals del curs del [&hellip;]\" \/>\n<meta property=\"og:url\" content=\"https:\/\/www.esplac.cat\/exit-de-participacio-al-trobem-nos-i-lago-2015-del-barcelones-nord\/\" \/>\n<meta property=\"og:site_name\" content=\"Esplac\" \/>\n<meta property=\"article:published_time\" content=\"2015-10-22T06:32:59+00:00\" \/>\n<meta property=\"og:image\" content=\"https:\/\/www.esplac.cat\/wp-content\/uploads\/2015\/10\/20151021_Trobemnos-Bcnn.jpg\" \/>\n\t<meta property=\"og:image:width\" content=\"400\" \/>\n\t<meta property=\"og:image:height\" content=\"600\" \/>\n\t<meta property=\"og:image:type\" content=\"image\/jpeg\" \/>\n<meta name=\"author\" content=\"Comunicaci\u00f3 Esplac\" \/>\n<meta name=\"twitter:card\" content=\"summary_large_image\" \/>\n<meta name=\"twitter:label1\" content=\"Written by\" \/>\n\t<meta name=\"twitter:data1\" content=\"Comunicaci\u00f3 Esplac\" \/>\n\t<meta name=\"twitter:label2\" content=\"Est. reading time\" \/>\n\t<meta name=\"twitter:data2\" content=\"1 minute\" \/>\n<script type=\"application\/ld+json\" class=\"yoast-schema-graph\">{\"@context\":\"https:\\\/\\\/schema.org\",\"@graph\":[{\"@type\":\"Article\",\"@id\":\"https:\\\/\\\/www.esplac.cat\\\/exit-de-participacio-al-trobem-nos-i-lago-2015-del-barcelones-nord\\\/#article\",\"isPartOf\":{\"@id\":\"https:\\\/\\\/www.esplac.cat\\\/exit-de-participacio-al-trobem-nos-i-lago-2015-del-barcelones-nord\\\/\"},\"author\":{\"name\":\"Comunicaci\u00f3 Esplac\",\"@id\":\"https:\\\/\\\/www.esplac.cat\\\/#\\\/schema\\\/person\\\/908383cf240be18b68f8855d0583faca\"},\"headline\":\"\u00c9xit de participaci\u00f3 al Trobem-nos i l&#8217;AGO 2015 del Barcelon\u00e8s Nord\",\"datePublished\":\"2015-10-22T06:32:59+00:00\",\"mainEntityOfPage\":{\"@id\":\"https:\\\/\\\/www.esplac.cat\\\/exit-de-participacio-al-trobem-nos-i-lago-2015-del-barcelones-nord\\\/\"},\"wordCount\":256,\"publisher\":{\"@id\":\"https:\\\/\\\/www.esplac.cat\\\/#organization\"},\"image\":{\"@id\":\"https:\\\/\\\/www.esplac.cat\\\/exit-de-participacio-al-trobem-nos-i-lago-2015-del-barcelones-nord\\\/#primaryimage\"},\"thumbnailUrl\":\"https:\\\/\\\/www.esplac.cat\\\/wp-content\\\/uploads\\\/2015\\\/10\\\/20151021_Trobemnos-Bcnn.jpg\",\"keywords\":[\"AGO sector\",\"BCNN\",\"Pla de treball sector\",\"sector Barcelon\u00e8s Nord\",\"trobem-nos\"],\"articleSection\":[\"Activitats sectors\",\"Sector Baix Bes\u00f2s\"],\"inLanguage\":\"en-US\"},{\"@type\":\"WebPage\",\"@id\":\"https:\\\/\\\/www.esplac.cat\\\/exit-de-participacio-al-trobem-nos-i-lago-2015-del-barcelones-nord\\\/\",\"url\":\"https:\\\/\\\/www.esplac.cat\\\/exit-de-participacio-al-trobem-nos-i-lago-2015-del-barcelones-nord\\\/\",\"name\":\"\u00c9xit de participaci\u00f3 al Trobem-nos i l'AGO 2015 del Barcelon\u00e8s Nord - Esplac\",\"isPartOf\":{\"@id\":\"https:\\\/\\\/www.esplac.cat\\\/#website\"},\"primaryImageOfPage\":{\"@id\":\"https:\\\/\\\/www.esplac.cat\\\/exit-de-participacio-al-trobem-nos-i-lago-2015-del-barcelones-nord\\\/#primaryimage\"},\"image\":{\"@id\":\"https:\\\/\\\/www.esplac.cat\\\/exit-de-participacio-al-trobem-nos-i-lago-2015-del-barcelones-nord\\\/#primaryimage\"},\"thumbnailUrl\":\"https:\\\/\\\/www.esplac.cat\\\/wp-content\\\/uploads\\\/2015\\\/10\\\/20151021_Trobemnos-Bcnn.jpg\",\"datePublished\":\"2015-10-22T06:32:59+00:00\",\"breadcrumb\":{\"@id\":\"https:\\\/\\\/www.esplac.cat\\\/exit-de-participacio-al-trobem-nos-i-lago-2015-del-barcelones-nord\\\/#breadcrumb\"},\"inLanguage\":\"en-US\",\"potentialAction\":[{\"@type\":\"ReadAction\",\"target\":[\"https:\\\/\\\/www.esplac.cat\\\/exit-de-participacio-al-trobem-nos-i-lago-2015-del-barcelones-nord\\\/\"]}]},{\"@type\":\"ImageObject\",\"inLanguage\":\"en-US\",\"@id\":\"https:\\\/\\\/www.esplac.cat\\\/exit-de-participacio-al-trobem-nos-i-lago-2015-del-barcelones-nord\\\/#primaryimage\",\"url\":\"https:\\\/\\\/www.esplac.cat\\\/wp-content\\\/uploads\\\/2015\\\/10\\\/20151021_Trobemnos-Bcnn.jpg\",\"contentUrl\":\"https:\\\/\\\/www.esplac.cat\\\/wp-content\\\/uploads\\\/2015\\\/10\\\/20151021_Trobemnos-Bcnn.jpg\",\"width\":400,\"height\":600},{\"@type\":\"BreadcrumbList\",\"@id\":\"https:\\\/\\\/www.esplac.cat\\\/exit-de-participacio-al-trobem-nos-i-lago-2015-del-barcelones-nord\\\/#breadcrumb\",\"itemListElement\":[{\"@type\":\"ListItem\",\"position\":1,\"name\":\"Inici\",\"item\":\"https:\\\/\\\/www.esplac.cat\\\/en\\\/\"},{\"@type\":\"ListItem\",\"position\":2,\"name\":\"\u00c9xit de participaci\u00f3 al Trobem-nos i l&#8217;AGO 2015 del Barcelon\u00e8s Nord\"}]},{\"@type\":\"WebSite\",\"@id\":\"https:\\\/\\\/www.esplac.cat\\\/#website\",\"url\":\"https:\\\/\\\/www.esplac.cat\\\/\",\"name\":\"Esplac\",\"description\":\"Esplais Catalans\",\"publisher\":{\"@id\":\"https:\\\/\\\/www.esplac.cat\\\/#organization\"},\"potentialAction\":[{\"@type\":\"SearchAction\",\"target\":{\"@type\":\"EntryPoint\",\"urlTemplate\":\"https:\\\/\\\/www.esplac.cat\\\/?s={search_term_string}\"},\"query-input\":{\"@type\":\"PropertyValueSpecification\",\"valueRequired\":true,\"valueName\":\"search_term_string\"}}],\"inLanguage\":\"en-US\"},{\"@type\":\"Organization\",\"@id\":\"https:\\\/\\\/www.esplac.cat\\\/#organization\",\"name\":\"Esplac\",\"url\":\"https:\\\/\\\/www.esplac.cat\\\/\",\"logo\":{\"@type\":\"ImageObject\",\"inLanguage\":\"en-US\",\"@id\":\"https:\\\/\\\/www.esplac.cat\\\/#\\\/schema\\\/logo\\\/image\\\/\",\"url\":\"https:\\\/\\\/www.esplac.cat\\\/wp-content\\\/uploads\\\/2019\\\/08\\\/logox2.png\",\"contentUrl\":\"https:\\\/\\\/www.esplac.cat\\\/wp-content\\\/uploads\\\/2019\\\/08\\\/logox2.png\",\"width\":600,\"height\":295,\"caption\":\"Esplac\"},\"image\":{\"@id\":\"https:\\\/\\\/www.esplac.cat\\\/#\\\/schema\\\/logo\\\/image\\\/\"}},{\"@type\":\"Person\",\"@id\":\"https:\\\/\\\/www.esplac.cat\\\/#\\\/schema\\\/person\\\/908383cf240be18b68f8855d0583faca\",\"name\":\"Comunicaci\u00f3 Esplac\",\"image\":{\"@type\":\"ImageObject\",\"inLanguage\":\"en-US\",\"@id\":\"https:\\\/\\\/secure.gravatar.com\\\/avatar\\\/7a4cf8feb412a76ea4a740ca02d95b06b2907b5a6c648c2dd0a1082a093c3141?s=96&d=mm&r=g\",\"url\":\"https:\\\/\\\/secure.gravatar.com\\\/avatar\\\/7a4cf8feb412a76ea4a740ca02d95b06b2907b5a6c648c2dd0a1082a093c3141?s=96&d=mm&r=g\",\"contentUrl\":\"https:\\\/\\\/secure.gravatar.com\\\/avatar\\\/7a4cf8feb412a76ea4a740ca02d95b06b2907b5a6c648c2dd0a1082a093c3141?s=96&d=mm&r=g\",\"caption\":\"Comunicaci\u00f3 Esplac\"}}]}<\/script>\n<!-- \/ Yoast SEO plugin. -->","yoast_head_json":{"title":"\u00c9xit de participaci\u00f3 al Trobem-nos i l'AGO 2015 del Barcelon\u00e8s Nord - Esplac","robots":{"index":"index","follow":"follow","max-snippet":"max-snippet:-1","max-image-preview":"max-image-preview:large","max-video-preview":"max-video-preview:-1"},"canonical":"https:\/\/www.esplac.cat\/exit-de-participacio-al-trobem-nos-i-lago-2015-del-barcelones-nord\/","og_locale":"en_US","og_type":"article","og_title":"\u00c9xit de participaci\u00f3 al Trobem-nos i l'AGO 2015 del Barcelon\u00e8s Nord - Esplac","og_description":"Energies renovades a les dues activitats inaugurals del curs del [&hellip;]","og_url":"https:\/\/www.esplac.cat\/exit-de-participacio-al-trobem-nos-i-lago-2015-del-barcelones-nord\/","og_site_name":"Esplac","article_published_time":"2015-10-22T06:32:59+00:00","og_image":[{"width":400,"height":600,"url":"https:\/\/www.esplac.cat\/wp-content\/uploads\/2015\/10\/20151021_Trobemnos-Bcnn.jpg","type":"image\/jpeg"}],"author":"Comunicaci\u00f3 Esplac","twitter_card":"summary_large_image","twitter_misc":{"Written by":"Comunicaci\u00f3 Esplac","Est. reading time":"1 minute"},"schema":{"@context":"https:\/\/schema.org","@graph":[{"@type":"Article","@id":"https:\/\/www.esplac.cat\/exit-de-participacio-al-trobem-nos-i-lago-2015-del-barcelones-nord\/#article","isPartOf":{"@id":"https:\/\/www.esplac.cat\/exit-de-participacio-al-trobem-nos-i-lago-2015-del-barcelones-nord\/"},"author":{"name":"Comunicaci\u00f3 Esplac","@id":"https:\/\/www.esplac.cat\/#\/schema\/person\/908383cf240be18b68f8855d0583faca"},"headline":"\u00c9xit de participaci\u00f3 al Trobem-nos i l&#8217;AGO 2015 del Barcelon\u00e8s Nord","datePublished":"2015-10-22T06:32:59+00:00","mainEntityOfPage":{"@id":"https:\/\/www.esplac.cat\/exit-de-participacio-al-trobem-nos-i-lago-2015-del-barcelones-nord\/"},"wordCount":256,"publisher":{"@id":"https:\/\/www.esplac.cat\/#organization"},"image":{"@id":"https:\/\/www.esplac.cat\/exit-de-participacio-al-trobem-nos-i-lago-2015-del-barcelones-nord\/#primaryimage"},"thumbnailUrl":"https:\/\/www.esplac.cat\/wp-content\/uploads\/2015\/10\/20151021_Trobemnos-Bcnn.jpg","keywords":["AGO sector","BCNN","Pla de treball sector","sector Barcelon\u00e8s Nord","trobem-nos"],"articleSection":["Activitats sectors","Sector Baix Bes\u00f2s"],"inLanguage":"en-US"},{"@type":"WebPage","@id":"https:\/\/www.esplac.cat\/exit-de-participacio-al-trobem-nos-i-lago-2015-del-barcelones-nord\/","url":"https:\/\/www.esplac.cat\/exit-de-participacio-al-trobem-nos-i-lago-2015-del-barcelones-nord\/","name":"\u00c9xit de participaci\u00f3 al Trobem-nos i l'AGO 2015 del Barcelon\u00e8s Nord - Esplac","isPartOf":{"@id":"https:\/\/www.esplac.cat\/#website"},"primaryImageOfPage":{"@id":"https:\/\/www.esplac.cat\/exit-de-participacio-al-trobem-nos-i-lago-2015-del-barcelones-nord\/#primaryimage"},"image":{"@id":"https:\/\/www.esplac.cat\/exit-de-participacio-al-trobem-nos-i-lago-2015-del-barcelones-nord\/#primaryimage"},"thumbnailUrl":"https:\/\/www.esplac.cat\/wp-content\/uploads\/2015\/10\/20151021_Trobemnos-Bcnn.jpg","datePublished":"2015-10-22T06:32:59+00:00","breadcrumb":{"@id":"https:\/\/www.esplac.cat\/exit-de-participacio-al-trobem-nos-i-lago-2015-del-barcelones-nord\/#breadcrumb"},"inLanguage":"en-US","potentialAction":[{"@type":"ReadAction","target":["https:\/\/www.esplac.cat\/exit-de-participacio-al-trobem-nos-i-lago-2015-del-barcelones-nord\/"]}]},{"@type":"ImageObject","inLanguage":"en-US","@id":"https:\/\/www.esplac.cat\/exit-de-participacio-al-trobem-nos-i-lago-2015-del-barcelones-nord\/#primaryimage","url":"https:\/\/www.esplac.cat\/wp-content\/uploads\/2015\/10\/20151021_Trobemnos-Bcnn.jpg","contentUrl":"https:\/\/www.esplac.cat\/wp-content\/uploads\/2015\/10\/20151021_Trobemnos-Bcnn.jpg","width":400,"height":600},{"@type":"BreadcrumbList","@id":"https:\/\/www.esplac.cat\/exit-de-participacio-al-trobem-nos-i-lago-2015-del-barcelones-nord\/#breadcrumb","itemListElement":[{"@type":"ListItem","position":1,"name":"Inici","item":"https:\/\/www.esplac.cat\/en\/"},{"@type":"ListItem","position":2,"name":"\u00c9xit de participaci\u00f3 al Trobem-nos i l&#8217;AGO 2015 del Barcelon\u00e8s Nord"}]},{"@type":"WebSite","@id":"https:\/\/www.esplac.cat\/#website","url":"https:\/\/www.esplac.cat\/","name":"Esplac","description":"Esplais Catalans","publisher":{"@id":"https:\/\/www.esplac.cat\/#organization"},"potentialAction":[{"@type":"SearchAction","target":{"@type":"EntryPoint","urlTemplate":"https:\/\/www.esplac.cat\/?s={search_term_string}"},"query-input":{"@type":"PropertyValueSpecification","valueRequired":true,"valueName":"search_term_string"}}],"inLanguage":"en-US"},{"@type":"Organization","@id":"https:\/\/www.esplac.cat\/#organization","name":"Esplac","url":"https:\/\/www.esplac.cat\/","logo":{"@type":"ImageObject","inLanguage":"en-US","@id":"https:\/\/www.esplac.cat\/#\/schema\/logo\/image\/","url":"https:\/\/www.esplac.cat\/wp-content\/uploads\/2019\/08\/logox2.png","contentUrl":"https:\/\/www.esplac.cat\/wp-content\/uploads\/2019\/08\/logox2.png","width":600,"height":295,"caption":"Esplac"},"image":{"@id":"https:\/\/www.esplac.cat\/#\/schema\/logo\/image\/"}},{"@type":"Person","@id":"https:\/\/www.esplac.cat\/#\/schema\/person\/908383cf240be18b68f8855d0583faca","name":"Comunicaci\u00f3 Esplac","image":{"@type":"ImageObject","inLanguage":"en-US","@id":"https:\/\/secure.gravatar.com\/avatar\/7a4cf8feb412a76ea4a740ca02d95b06b2907b5a6c648c2dd0a1082a093c3141?s=96&d=mm&r=g","url":"https:\/\/secure.gravatar.com\/avatar\/7a4cf8feb412a76ea4a740ca02d95b06b2907b5a6c648c2dd0a1082a093c3141?s=96&d=mm&r=g","contentUrl":"https:\/\/secure.gravatar.com\/avatar\/7a4cf8feb412a76ea4a740ca02d95b06b2907b5a6c648c2dd0a1082a093c3141?s=96&d=mm&r=g","caption":"Comunicaci\u00f3 Esplac"}}]}},"_links":{"self":[{"href":"https:\/\/www.esplac.cat\/en\/wp-json\/wp\/v2\/posts\/25519","targetHints":{"allow":["GET"]}}],"collection":[{"href":"https:\/\/www.esplac.cat\/en\/wp-json\/wp\/v2\/posts"}],"about":[{"href":"https:\/\/www.esplac.cat\/en\/wp-json\/wp\/v2\/types\/post"}],"author":[{"embeddable":true,"href":"https:\/\/www.esplac.cat\/en\/wp-json\/wp\/v2\/users\/3"}],"replies":[{"embeddable":true,"href":"https:\/\/www.esplac.cat\/en\/wp-json\/wp\/v2\/comments?post=25519"}],"version-history":[{"count":0,"href":"https:\/\/www.esplac.cat\/en\/wp-json\/wp\/v2\/posts\/25519\/revisions"}],"wp:featuredmedia":[{"embeddable":true,"href":"https:\/\/www.esplac.cat\/en\/wp-json\/wp\/v2\/media\/25520"}],"wp:attachment":[{"href":"https:\/\/www.esplac.cat\/en\/wp-json\/wp\/v2\/media?parent=25519"}],"wp:term":[{"taxonomy":"category","embeddable":true,"href":"https:\/\/www.esplac.cat\/en\/wp-json\/wp\/v2\/categories?post=25519"},{"taxonomy":"post_tag","embeddable":true,"href":"https:\/\/www.esplac.cat\/en\/wp-json\/wp\/v2\/tags?post=25519"}],"curies":[{"name":"wp","href":"https:\/\/api.w.org\/{rel}","templated":true}]}}