{"id":25521,"date":"2015-10-22T08:27:41","date_gmt":"2015-10-22T06:27:41","guid":{"rendered":"http:\/\/esplac.cat\/?p=8785"},"modified":"2015-10-22T08:27:41","modified_gmt":"2015-10-22T06:27:41","slug":"molta-feines-i-ganes-a-lago-2015-del-sector-barcelona","status":"publish","type":"post","link":"https:\/\/www.esplac.cat\/en\/molta-feines-i-ganes-a-lago-2015-del-sector-barcelona\/","title":{"rendered":"Molta feines i ganes a l&#8217;AGO 2015 del Sector Barcelona!"},"content":{"rendered":"<p class=\"p1\"><b>Disset esplais participen de l&#8217;AGO el dilluns 19 d&#8217;octubre a l&#8217;esplai GMM de Gr\u00e0cia<\/b><\/p>\n<p class=\"p1\">El dilluns 19 d&#8217;octubre, disset\u00a0esplais ens hem trobat a l&#8217;esplai GMM (Llu\u00efsos de Gr\u00e0cia) per a participar de l&#8217;Assemblea General Ordin\u00e0ria del Sector Barcelona. A la reuni\u00f3 hem sigut 41 participants, sumant les representants dels esplais, l&#8217;EGS sortint i l&#8217;EGS entrant, el representant de l&#8217;Equip de Direcci\u00f3 al Sector (Pau Fuentes) i la Coordinadora de Projectes del Sector.<\/p>\n<p class=\"p1\">Com els darrers anys, hem combinat una reuni\u00f3 de sector informativa abans de l&#8217;AGO. I com a novetat, hem realitzat una <b>din\u00e0mica-debat<\/b> per aprofundir i comen\u00e7ar a definir les l\u00ednies concretes de treball que el Sector realitzar\u00e0 al llarg d&#8217;aquest nou curs.<\/p>\n<p class=\"p1\">Destaquem que, enguany, no hem presentat un <b>pressupost<\/b> referent a les activitats de sector per a ser portat a votaci\u00f3. Vam considerar que, sense un Pla de Treball definit i acceptat pels esplais del sector, fer una aproximaci\u00f3 econ\u00f2mica no ens resultava \u00fatil. Per tant, el pressupost el votarem en una AGEE (Assemblea General Econ\u00f2mica Extraordin\u00e0ria) el proper 16 de novembre, coincidint amb la reuni\u00f3 de sector del mes.<\/p>\n<p class=\"p1\">Les <b>candidates a l&#8217;EGS<\/b> es van votar, de manera extraordin\u00e0ria, a la darrera reuni\u00f3 de sector. Per\u00f2 a l&#8217;AGO hem volgut ratificar-les, fent oficial aquest tr\u00e0mit! Enguany, l&#8217;equip estar\u00e0 format per 6 persones: Itziar P\u00e8rez (esplai Xang\u00f3) i T\u00e0nia Balmes (esplai Boix) repetint candidatura i Marc Cardona (espai Espurna), Cira Diakhaby (esplai Xang\u00f3), Pau Campderr\u00f2s (esplai Totikap) i Pau Peralta (esplai Turons) com a noves incorporacions.<\/p>\n<p class=\"p1\">Aquest any al Sector Barcelona tenim molta feina i moltes ganes de fer-la b\u00e9!<\/p>\n","protected":false},"excerpt":{"rendered":"<p>Disset esplais participen de l&#8217;AGO el dilluns 19 d&#8217;octubre a [&hellip;]<\/p>\n","protected":false},"author":3,"featured_media":25374,"comment_status":"closed","ping_status":"open","sticky":false,"template":"","format":"standard","meta":{"om_disable_all_campaigns":false,"_monsterinsights_skip_tracking":false,"_monsterinsights_sitenote_active":false,"_monsterinsights_sitenote_note":"","_monsterinsights_sitenote_category":0,"_uf_show_specific_survey":0,"_uf_disable_surveys":false,"footnotes":""},"categories":[1110,1128],"tags":[355,356,586,194,119],"class_list":["post-25521","post","type-post","status-publish","format-standard","has-post-thumbnail","hentry","category-activitats-sectors","category-sector-barcelona","tag-ago-sector","tag-c5-egs","tag-pla-de-treball-de-sector","tag-pressupost","tag-sector-barcelona"],"yoast_head":"<!-- This site is optimized with the Yoast SEO plugin v27.5 - https:\/\/yoast.com\/product\/yoast-seo-wordpress\/ -->\n<title>Molta feines i ganes a l&#039;AGO 2015 del Sector Barcelona! - Esplac<\/title>\n<meta name=\"robots\" content=\"index, follow, max-snippet:-1, max-image-preview:large, max-video-preview:-1\" \/>\n<link rel=\"canonical\" href=\"https:\/\/www.esplac.cat\/molta-feines-i-ganes-a-lago-2015-del-sector-barcelona\/\" \/>\n<meta property=\"og:locale\" content=\"en_US\" \/>\n<meta property=\"og:type\" content=\"article\" \/>\n<meta property=\"og:title\" content=\"Molta feines i ganes a l&#039;AGO 2015 del Sector Barcelona! - Esplac\" \/>\n<meta property=\"og:description\" content=\"Disset esplais participen de l&#8217;AGO el dilluns 19 d&#8217;octubre a [&hellip;]\" \/>\n<meta property=\"og:url\" content=\"https:\/\/www.esplac.cat\/molta-feines-i-ganes-a-lago-2015-del-sector-barcelona\/\" \/>\n<meta property=\"og:site_name\" content=\"Esplac\" \/>\n<meta property=\"article:published_time\" content=\"2015-10-22T06:27:41+00:00\" \/>\n<meta property=\"og:image\" content=\"https:\/\/www.esplac.cat\/wp-content\/uploads\/2015\/10\/20151022_AGO-bcn.jpg\" \/>\n\t<meta property=\"og:image:width\" content=\"700\" \/>\n\t<meta property=\"og:image:height\" content=\"300\" \/>\n\t<meta property=\"og:image:type\" content=\"image\/jpeg\" \/>\n<meta name=\"author\" content=\"Comunicaci\u00f3 Esplac\" \/>\n<meta name=\"twitter:card\" content=\"summary_large_image\" \/>\n<meta name=\"twitter:label1\" content=\"Written by\" \/>\n\t<meta name=\"twitter:data1\" content=\"Comunicaci\u00f3 Esplac\" \/>\n\t<meta name=\"twitter:label2\" content=\"Est. reading time\" \/>\n\t<meta name=\"twitter:data2\" content=\"1 minute\" \/>\n<script type=\"application\/ld+json\" class=\"yoast-schema-graph\">{\"@context\":\"https:\\\/\\\/schema.org\",\"@graph\":[{\"@type\":\"Article\",\"@id\":\"https:\\\/\\\/www.esplac.cat\\\/molta-feines-i-ganes-a-lago-2015-del-sector-barcelona\\\/#article\",\"isPartOf\":{\"@id\":\"https:\\\/\\\/www.esplac.cat\\\/molta-feines-i-ganes-a-lago-2015-del-sector-barcelona\\\/\"},\"author\":{\"name\":\"Comunicaci\u00f3 Esplac\",\"@id\":\"https:\\\/\\\/www.esplac.cat\\\/#\\\/schema\\\/person\\\/908383cf240be18b68f8855d0583faca\"},\"headline\":\"Molta feines i ganes a l&#8217;AGO 2015 del Sector Barcelona!\",\"datePublished\":\"2015-10-22T06:27:41+00:00\",\"mainEntityOfPage\":{\"@id\":\"https:\\\/\\\/www.esplac.cat\\\/molta-feines-i-ganes-a-lago-2015-del-sector-barcelona\\\/\"},\"wordCount\":298,\"publisher\":{\"@id\":\"https:\\\/\\\/www.esplac.cat\\\/#organization\"},\"image\":{\"@id\":\"https:\\\/\\\/www.esplac.cat\\\/molta-feines-i-ganes-a-lago-2015-del-sector-barcelona\\\/#primaryimage\"},\"thumbnailUrl\":\"https:\\\/\\\/www.esplac.cat\\\/wp-content\\\/uploads\\\/2015\\\/10\\\/20151022_AGO-bcn.jpg\",\"keywords\":[\"AGO sector\",\"EGS\",\"Pla de treball de sector\",\"pressupost\",\"sector Barcelona\"],\"articleSection\":[\"Activitats sectors\",\"Sector Barcelona\"],\"inLanguage\":\"en-US\"},{\"@type\":\"WebPage\",\"@id\":\"https:\\\/\\\/www.esplac.cat\\\/molta-feines-i-ganes-a-lago-2015-del-sector-barcelona\\\/\",\"url\":\"https:\\\/\\\/www.esplac.cat\\\/molta-feines-i-ganes-a-lago-2015-del-sector-barcelona\\\/\",\"name\":\"Molta feines i ganes a l'AGO 2015 del Sector Barcelona! - Esplac\",\"isPartOf\":{\"@id\":\"https:\\\/\\\/www.esplac.cat\\\/#website\"},\"primaryImageOfPage\":{\"@id\":\"https:\\\/\\\/www.esplac.cat\\\/molta-feines-i-ganes-a-lago-2015-del-sector-barcelona\\\/#primaryimage\"},\"image\":{\"@id\":\"https:\\\/\\\/www.esplac.cat\\\/molta-feines-i-ganes-a-lago-2015-del-sector-barcelona\\\/#primaryimage\"},\"thumbnailUrl\":\"https:\\\/\\\/www.esplac.cat\\\/wp-content\\\/uploads\\\/2015\\\/10\\\/20151022_AGO-bcn.jpg\",\"datePublished\":\"2015-10-22T06:27:41+00:00\",\"breadcrumb\":{\"@id\":\"https:\\\/\\\/www.esplac.cat\\\/molta-feines-i-ganes-a-lago-2015-del-sector-barcelona\\\/#breadcrumb\"},\"inLanguage\":\"en-US\",\"potentialAction\":[{\"@type\":\"ReadAction\",\"target\":[\"https:\\\/\\\/www.esplac.cat\\\/molta-feines-i-ganes-a-lago-2015-del-sector-barcelona\\\/\"]}]},{\"@type\":\"ImageObject\",\"inLanguage\":\"en-US\",\"@id\":\"https:\\\/\\\/www.esplac.cat\\\/molta-feines-i-ganes-a-lago-2015-del-sector-barcelona\\\/#primaryimage\",\"url\":\"https:\\\/\\\/www.esplac.cat\\\/wp-content\\\/uploads\\\/2015\\\/10\\\/20151022_AGO-bcn.jpg\",\"contentUrl\":\"https:\\\/\\\/www.esplac.cat\\\/wp-content\\\/uploads\\\/2015\\\/10\\\/20151022_AGO-bcn.jpg\",\"width\":700,\"height\":300},{\"@type\":\"BreadcrumbList\",\"@id\":\"https:\\\/\\\/www.esplac.cat\\\/molta-feines-i-ganes-a-lago-2015-del-sector-barcelona\\\/#breadcrumb\",\"itemListElement\":[{\"@type\":\"ListItem\",\"position\":1,\"name\":\"Inici\",\"item\":\"https:\\\/\\\/www.esplac.cat\\\/en\\\/\"},{\"@type\":\"ListItem\",\"position\":2,\"name\":\"Molta feines i ganes a l&#8217;AGO 2015 del Sector Barcelona!\"}]},{\"@type\":\"WebSite\",\"@id\":\"https:\\\/\\\/www.esplac.cat\\\/#website\",\"url\":\"https:\\\/\\\/www.esplac.cat\\\/\",\"name\":\"Esplac\",\"description\":\"Esplais Catalans\",\"publisher\":{\"@id\":\"https:\\\/\\\/www.esplac.cat\\\/#organization\"},\"potentialAction\":[{\"@type\":\"SearchAction\",\"target\":{\"@type\":\"EntryPoint\",\"urlTemplate\":\"https:\\\/\\\/www.esplac.cat\\\/?s={search_term_string}\"},\"query-input\":{\"@type\":\"PropertyValueSpecification\",\"valueRequired\":true,\"valueName\":\"search_term_string\"}}],\"inLanguage\":\"en-US\"},{\"@type\":\"Organization\",\"@id\":\"https:\\\/\\\/www.esplac.cat\\\/#organization\",\"name\":\"Esplac\",\"url\":\"https:\\\/\\\/www.esplac.cat\\\/\",\"logo\":{\"@type\":\"ImageObject\",\"inLanguage\":\"en-US\",\"@id\":\"https:\\\/\\\/www.esplac.cat\\\/#\\\/schema\\\/logo\\\/image\\\/\",\"url\":\"https:\\\/\\\/www.esplac.cat\\\/wp-content\\\/uploads\\\/2019\\\/08\\\/logox2.png\",\"contentUrl\":\"https:\\\/\\\/www.esplac.cat\\\/wp-content\\\/uploads\\\/2019\\\/08\\\/logox2.png\",\"width\":600,\"height\":295,\"caption\":\"Esplac\"},\"image\":{\"@id\":\"https:\\\/\\\/www.esplac.cat\\\/#\\\/schema\\\/logo\\\/image\\\/\"}},{\"@type\":\"Person\",\"@id\":\"https:\\\/\\\/www.esplac.cat\\\/#\\\/schema\\\/person\\\/908383cf240be18b68f8855d0583faca\",\"name\":\"Comunicaci\u00f3 Esplac\",\"image\":{\"@type\":\"ImageObject\",\"inLanguage\":\"en-US\",\"@id\":\"https:\\\/\\\/secure.gravatar.com\\\/avatar\\\/7a4cf8feb412a76ea4a740ca02d95b06b2907b5a6c648c2dd0a1082a093c3141?s=96&d=mm&r=g\",\"url\":\"https:\\\/\\\/secure.gravatar.com\\\/avatar\\\/7a4cf8feb412a76ea4a740ca02d95b06b2907b5a6c648c2dd0a1082a093c3141?s=96&d=mm&r=g\",\"contentUrl\":\"https:\\\/\\\/secure.gravatar.com\\\/avatar\\\/7a4cf8feb412a76ea4a740ca02d95b06b2907b5a6c648c2dd0a1082a093c3141?s=96&d=mm&r=g\",\"caption\":\"Comunicaci\u00f3 Esplac\"}}]}<\/script>\n<!-- \/ Yoast SEO plugin. -->","yoast_head_json":{"title":"Molta feines i ganes a l'AGO 2015 del Sector Barcelona! - Esplac","robots":{"index":"index","follow":"follow","max-snippet":"max-snippet:-1","max-image-preview":"max-image-preview:large","max-video-preview":"max-video-preview:-1"},"canonical":"https:\/\/www.esplac.cat\/molta-feines-i-ganes-a-lago-2015-del-sector-barcelona\/","og_locale":"en_US","og_type":"article","og_title":"Molta feines i ganes a l'AGO 2015 del Sector Barcelona! - Esplac","og_description":"Disset esplais participen de l&#8217;AGO el dilluns 19 d&#8217;octubre a [&hellip;]","og_url":"https:\/\/www.esplac.cat\/molta-feines-i-ganes-a-lago-2015-del-sector-barcelona\/","og_site_name":"Esplac","article_published_time":"2015-10-22T06:27:41+00:00","og_image":[{"width":700,"height":300,"url":"https:\/\/www.esplac.cat\/wp-content\/uploads\/2015\/10\/20151022_AGO-bcn.jpg","type":"image\/jpeg"}],"author":"Comunicaci\u00f3 Esplac","twitter_card":"summary_large_image","twitter_misc":{"Written by":"Comunicaci\u00f3 Esplac","Est. reading time":"1 minute"},"schema":{"@context":"https:\/\/schema.org","@graph":[{"@type":"Article","@id":"https:\/\/www.esplac.cat\/molta-feines-i-ganes-a-lago-2015-del-sector-barcelona\/#article","isPartOf":{"@id":"https:\/\/www.esplac.cat\/molta-feines-i-ganes-a-lago-2015-del-sector-barcelona\/"},"author":{"name":"Comunicaci\u00f3 Esplac","@id":"https:\/\/www.esplac.cat\/#\/schema\/person\/908383cf240be18b68f8855d0583faca"},"headline":"Molta feines i ganes a l&#8217;AGO 2015 del Sector Barcelona!","datePublished":"2015-10-22T06:27:41+00:00","mainEntityOfPage":{"@id":"https:\/\/www.esplac.cat\/molta-feines-i-ganes-a-lago-2015-del-sector-barcelona\/"},"wordCount":298,"publisher":{"@id":"https:\/\/www.esplac.cat\/#organization"},"image":{"@id":"https:\/\/www.esplac.cat\/molta-feines-i-ganes-a-lago-2015-del-sector-barcelona\/#primaryimage"},"thumbnailUrl":"https:\/\/www.esplac.cat\/wp-content\/uploads\/2015\/10\/20151022_AGO-bcn.jpg","keywords":["AGO sector","EGS","Pla de treball de sector","pressupost","sector Barcelona"],"articleSection":["Activitats sectors","Sector Barcelona"],"inLanguage":"en-US"},{"@type":"WebPage","@id":"https:\/\/www.esplac.cat\/molta-feines-i-ganes-a-lago-2015-del-sector-barcelona\/","url":"https:\/\/www.esplac.cat\/molta-feines-i-ganes-a-lago-2015-del-sector-barcelona\/","name":"Molta feines i ganes a l'AGO 2015 del Sector Barcelona! - Esplac","isPartOf":{"@id":"https:\/\/www.esplac.cat\/#website"},"primaryImageOfPage":{"@id":"https:\/\/www.esplac.cat\/molta-feines-i-ganes-a-lago-2015-del-sector-barcelona\/#primaryimage"},"image":{"@id":"https:\/\/www.esplac.cat\/molta-feines-i-ganes-a-lago-2015-del-sector-barcelona\/#primaryimage"},"thumbnailUrl":"https:\/\/www.esplac.cat\/wp-content\/uploads\/2015\/10\/20151022_AGO-bcn.jpg","datePublished":"2015-10-22T06:27:41+00:00","breadcrumb":{"@id":"https:\/\/www.esplac.cat\/molta-feines-i-ganes-a-lago-2015-del-sector-barcelona\/#breadcrumb"},"inLanguage":"en-US","potentialAction":[{"@type":"ReadAction","target":["https:\/\/www.esplac.cat\/molta-feines-i-ganes-a-lago-2015-del-sector-barcelona\/"]}]},{"@type":"ImageObject","inLanguage":"en-US","@id":"https:\/\/www.esplac.cat\/molta-feines-i-ganes-a-lago-2015-del-sector-barcelona\/#primaryimage","url":"https:\/\/www.esplac.cat\/wp-content\/uploads\/2015\/10\/20151022_AGO-bcn.jpg","contentUrl":"https:\/\/www.esplac.cat\/wp-content\/uploads\/2015\/10\/20151022_AGO-bcn.jpg","width":700,"height":300},{"@type":"BreadcrumbList","@id":"https:\/\/www.esplac.cat\/molta-feines-i-ganes-a-lago-2015-del-sector-barcelona\/#breadcrumb","itemListElement":[{"@type":"ListItem","position":1,"name":"Inici","item":"https:\/\/www.esplac.cat\/en\/"},{"@type":"ListItem","position":2,"name":"Molta feines i ganes a l&#8217;AGO 2015 del Sector Barcelona!"}]},{"@type":"WebSite","@id":"https:\/\/www.esplac.cat\/#website","url":"https:\/\/www.esplac.cat\/","name":"Esplac","description":"Esplais Catalans","publisher":{"@id":"https:\/\/www.esplac.cat\/#organization"},"potentialAction":[{"@type":"SearchAction","target":{"@type":"EntryPoint","urlTemplate":"https:\/\/www.esplac.cat\/?s={search_term_string}"},"query-input":{"@type":"PropertyValueSpecification","valueRequired":true,"valueName":"search_term_string"}}],"inLanguage":"en-US"},{"@type":"Organization","@id":"https:\/\/www.esplac.cat\/#organization","name":"Esplac","url":"https:\/\/www.esplac.cat\/","logo":{"@type":"ImageObject","inLanguage":"en-US","@id":"https:\/\/www.esplac.cat\/#\/schema\/logo\/image\/","url":"https:\/\/www.esplac.cat\/wp-content\/uploads\/2019\/08\/logox2.png","contentUrl":"https:\/\/www.esplac.cat\/wp-content\/uploads\/2019\/08\/logox2.png","width":600,"height":295,"caption":"Esplac"},"image":{"@id":"https:\/\/www.esplac.cat\/#\/schema\/logo\/image\/"}},{"@type":"Person","@id":"https:\/\/www.esplac.cat\/#\/schema\/person\/908383cf240be18b68f8855d0583faca","name":"Comunicaci\u00f3 Esplac","image":{"@type":"ImageObject","inLanguage":"en-US","@id":"https:\/\/secure.gravatar.com\/avatar\/7a4cf8feb412a76ea4a740ca02d95b06b2907b5a6c648c2dd0a1082a093c3141?s=96&d=mm&r=g","url":"https:\/\/secure.gravatar.com\/avatar\/7a4cf8feb412a76ea4a740ca02d95b06b2907b5a6c648c2dd0a1082a093c3141?s=96&d=mm&r=g","contentUrl":"https:\/\/secure.gravatar.com\/avatar\/7a4cf8feb412a76ea4a740ca02d95b06b2907b5a6c648c2dd0a1082a093c3141?s=96&d=mm&r=g","caption":"Comunicaci\u00f3 Esplac"}}]}},"_links":{"self":[{"href":"https:\/\/www.esplac.cat\/en\/wp-json\/wp\/v2\/posts\/25521","targetHints":{"allow":["GET"]}}],"collection":[{"href":"https:\/\/www.esplac.cat\/en\/wp-json\/wp\/v2\/posts"}],"about":[{"href":"https:\/\/www.esplac.cat\/en\/wp-json\/wp\/v2\/types\/post"}],"author":[{"embeddable":true,"href":"https:\/\/www.esplac.cat\/en\/wp-json\/wp\/v2\/users\/3"}],"replies":[{"embeddable":true,"href":"https:\/\/www.esplac.cat\/en\/wp-json\/wp\/v2\/comments?post=25521"}],"version-history":[{"count":0,"href":"https:\/\/www.esplac.cat\/en\/wp-json\/wp\/v2\/posts\/25521\/revisions"}],"wp:featuredmedia":[{"embeddable":true,"href":"https:\/\/www.esplac.cat\/en\/wp-json\/wp\/v2\/media\/25374"}],"wp:attachment":[{"href":"https:\/\/www.esplac.cat\/en\/wp-json\/wp\/v2\/media?parent=25521"}],"wp:term":[{"taxonomy":"category","embeddable":true,"href":"https:\/\/www.esplac.cat\/en\/wp-json\/wp\/v2\/categories?post=25521"},{"taxonomy":"post_tag","embeddable":true,"href":"https:\/\/www.esplac.cat\/en\/wp-json\/wp\/v2\/tags?post=25521"}],"curies":[{"name":"wp","href":"https:\/\/api.w.org\/{rel}","templated":true}]}}