{"id":25522,"date":"2015-10-21T11:33:04","date_gmt":"2015-10-21T09:33:04","guid":{"rendered":"http:\/\/esplac.cat\/?p=8939"},"modified":"2019-11-14T13:38:38","modified_gmt":"2019-11-14T11:38:38","slug":"una-trobada-de-monis-intersectorial","status":"publish","type":"post","link":"https:\/\/www.esplac.cat\/en\/una-trobada-de-monis-intersectorial\/","title":{"rendered":"Una Trobada de Monis intersectorial"},"content":{"rendered":"<h4 style=\"text-align: justify;\">Els sectors Bages-Bergued\u00e0 i Osona-Ripoll\u00e8s hem compartit aquesta activitat!<\/h4>\n<p style=\"text-align: justify;\">El passat cap de setmana del 17 i 18 d&#8217;octubre del 2015 els esplais del Bages-Bergued\u00e0 i d&#8217;Osona-Ripoll\u00e8s vam anar de Trobada de Monis a Can Puig, a Sant Salvador de Guardiola.<br \/>\nL&#8217;activitat ha estat tot un \u00e8xit de participaci\u00f3, ja que hem estat 64 monitors i monitores en total! Hi van passar un total de 10 esplais; l&#8217;esplai Vic-Remei, l&#8217;esplai Xiruques del Roc de la Mel, l&#8217;Agrupament Roques Albes, el Grup de Campaments l&#8217;Esparver, l&#8217;esplai GEPS, l&#8217;esplai d&#8217;Avi\u00e0 i l&#8217;esplai Merlot del Bages-Bergued\u00e0, mentre que d&#8217;Osona-Ripoll\u00e8s van ser l&#8217;esplai Somnis, l&#8217;esplai G\u00fcitxi-G\u00fcitxi i l&#8217;esplai Les 100 Teies!<br \/>\nEstem molt contentes d&#8217;haver pogut compartir aquest cap de setmana, us expliquem com va anar tot;<br \/>\nLa proposta de fer una trobada conjunta va venir per part d&#8217;Osona-Ripoll\u00e8s, ja que despr\u00e9s d&#8217;uns anys consecutius celebrant la trobada, vol\u00edem compartir-lo amb un nombre m\u00e9s elevat d&#8217;esplais i de monis, per aconseguir aix\u00ed con\u00e8ixer noves realitats. Per tant, quan es va proposar fer una trobada amb l&#8217;objectiu de ser un espai de debat i d&#8217;intercanvi d&#8217;experi\u00e8ncies entre sectors amb una realitat territorial similar, des del Bages-Bergued\u00e0 no ens ho vam pensar gens i ens vam apuntar a la iniciativa!<br \/>\nAix\u00ed doncs, vam crear una comissi\u00f3 integrada per monitors i monitores dels dos sectors, que van organitzar el cap de setmana. El dissabte al mat\u00ed va comen\u00e7ar amb una din\u00e0mica de coneixen\u00e7a. Tot seguit hi va haver l&#8217;espai formatiu del cap de setmana, on es van fer 3 formacions paral\u00b7lelament: Educaci\u00f3 Sexual, Atenci\u00f3 a la Inf\u00e0ncia i a l&#8217;Adolesc\u00e8ncia en Risc i Organitzaci\u00f3 i cohesi\u00f3 d&#8217;equips. A la tarda cada sector va celebrar la seva Assemblea General Ordin\u00e0ria i despr\u00e9s es va seguir amb activitats i din\u00e0miques que havia preparat la comissi\u00f3.<br \/>\nEl curs no ha fet res m\u00e9s que comen\u00e7ar i aquesta activitat ens ha servit per carregar-nos d&#8217;energia!<\/p>\n<p style=\"text-align: justify;\"><a href=\"http:\/\/esplac.cat\/wp-content\/uploads\/2015\/11\/IMG_8530.jpg\"><img decoding=\"async\" class=\"wp-image-8941 aligncenter\" src=\"http:\/\/esplac.cat\/wp-content\/uploads\/2015\/11\/IMG_8530-300x225.jpg\" alt=\"IMG_8530\" width=\"432\" height=\"324\" \/><\/a><\/p>\n","protected":false},"excerpt":{"rendered":"<p>Els sectors Bages-Bergued\u00e0 i Osona-Ripoll\u00e8s hem compartit aquesta activitat! El [&hellip;]<\/p>\n","protected":false},"author":3,"featured_media":25524,"comment_status":"closed","ping_status":"open","sticky":false,"template":"","format":"standard","meta":{"om_disable_all_campaigns":false,"_monsterinsights_skip_tracking":false,"_monsterinsights_sitenote_active":false,"_monsterinsights_sitenote_note":"","_monsterinsights_sitenote_category":0,"_uf_show_specific_survey":0,"_uf_disable_surveys":false,"footnotes":""},"categories":[1110,1167,1133,1120],"tags":[118,116,23,390],"class_list":["post-25522","post","type-post","status-publish","format-standard","has-post-thumbnail","hentry","category-activitats-sectors","category-infancia","category-sector-bages-bergueda-cerdanya","category-sector-ripolles-osona-i-moianes","tag-sector-bages-bergueda","tag-sector-osona-ripolles","tag-sectors-geografics","tag-trobada-de-monis"],"yoast_head":"<!-- This site is optimized with the Yoast SEO plugin v27.5 - https:\/\/yoast.com\/product\/yoast-seo-wordpress\/ -->\n<title>Una Trobada de Monis intersectorial - Esplac<\/title>\n<meta name=\"robots\" content=\"index, follow, max-snippet:-1, max-image-preview:large, max-video-preview:-1\" \/>\n<link rel=\"canonical\" href=\"https:\/\/www.esplac.cat\/una-trobada-de-monis-intersectorial\/\" \/>\n<meta property=\"og:locale\" content=\"en_US\" \/>\n<meta property=\"og:type\" content=\"article\" \/>\n<meta property=\"og:title\" content=\"Una Trobada de Monis intersectorial - Esplac\" \/>\n<meta property=\"og:description\" content=\"Els sectors Bages-Bergued\u00e0 i Osona-Ripoll\u00e8s hem compartit aquesta activitat! El [&hellip;]\" \/>\n<meta property=\"og:url\" content=\"https:\/\/www.esplac.cat\/una-trobada-de-monis-intersectorial\/\" \/>\n<meta property=\"og:site_name\" content=\"Esplac\" \/>\n<meta property=\"article:published_time\" content=\"2015-10-21T09:33:04+00:00\" \/>\n<meta property=\"article:modified_time\" content=\"2019-11-14T11:38:38+00:00\" \/>\n<meta property=\"og:image\" content=\"https:\/\/www.esplac.cat\/wp-content\/uploads\/2015\/11\/Noti_Web_BB.jpg\" \/>\n\t<meta property=\"og:image:width\" content=\"847\" \/>\n\t<meta property=\"og:image:height\" content=\"350\" \/>\n\t<meta property=\"og:image:type\" content=\"image\/jpeg\" \/>\n<meta name=\"author\" content=\"Comunicaci\u00f3 Esplac\" \/>\n<meta name=\"twitter:card\" content=\"summary_large_image\" \/>\n<meta name=\"twitter:label1\" content=\"Written by\" \/>\n\t<meta name=\"twitter:data1\" content=\"Comunicaci\u00f3 Esplac\" \/>\n\t<meta name=\"twitter:label2\" content=\"Est. reading time\" \/>\n\t<meta name=\"twitter:data2\" content=\"2 minutes\" \/>\n<script type=\"application\/ld+json\" class=\"yoast-schema-graph\">{\"@context\":\"https:\\\/\\\/schema.org\",\"@graph\":[{\"@type\":\"Article\",\"@id\":\"https:\\\/\\\/www.esplac.cat\\\/una-trobada-de-monis-intersectorial\\\/#article\",\"isPartOf\":{\"@id\":\"https:\\\/\\\/www.esplac.cat\\\/una-trobada-de-monis-intersectorial\\\/\"},\"author\":{\"name\":\"Comunicaci\u00f3 Esplac\",\"@id\":\"https:\\\/\\\/www.esplac.cat\\\/#\\\/schema\\\/person\\\/908383cf240be18b68f8855d0583faca\"},\"headline\":\"Una Trobada de Monis intersectorial\",\"datePublished\":\"2015-10-21T09:33:04+00:00\",\"dateModified\":\"2019-11-14T11:38:38+00:00\",\"mainEntityOfPage\":{\"@id\":\"https:\\\/\\\/www.esplac.cat\\\/una-trobada-de-monis-intersectorial\\\/\"},\"wordCount\":360,\"publisher\":{\"@id\":\"https:\\\/\\\/www.esplac.cat\\\/#organization\"},\"image\":{\"@id\":\"https:\\\/\\\/www.esplac.cat\\\/una-trobada-de-monis-intersectorial\\\/#primaryimage\"},\"thumbnailUrl\":\"https:\\\/\\\/www.esplac.cat\\\/wp-content\\\/uploads\\\/2015\\\/11\\\/Noti_Web_BB.jpg\",\"keywords\":[\"Sector Bages-Bergued\u00e0\",\"sector Osona-Ripoll\u00e8s\",\"sectors geogr\u00e0fics\",\"trobada de monis\"],\"articleSection\":[\"Activitats sectors\",\"Inf\u00e0ncia i Esplaiada\",\"Sector Bages, Bergued\u00e0 i La Cerdanya\",\"Sector Ripoll\u00e8s, Osona i Moian\u00e8s\"],\"inLanguage\":\"en-US\"},{\"@type\":\"WebPage\",\"@id\":\"https:\\\/\\\/www.esplac.cat\\\/una-trobada-de-monis-intersectorial\\\/\",\"url\":\"https:\\\/\\\/www.esplac.cat\\\/una-trobada-de-monis-intersectorial\\\/\",\"name\":\"Una Trobada de Monis intersectorial - Esplac\",\"isPartOf\":{\"@id\":\"https:\\\/\\\/www.esplac.cat\\\/#website\"},\"primaryImageOfPage\":{\"@id\":\"https:\\\/\\\/www.esplac.cat\\\/una-trobada-de-monis-intersectorial\\\/#primaryimage\"},\"image\":{\"@id\":\"https:\\\/\\\/www.esplac.cat\\\/una-trobada-de-monis-intersectorial\\\/#primaryimage\"},\"thumbnailUrl\":\"https:\\\/\\\/www.esplac.cat\\\/wp-content\\\/uploads\\\/2015\\\/11\\\/Noti_Web_BB.jpg\",\"datePublished\":\"2015-10-21T09:33:04+00:00\",\"dateModified\":\"2019-11-14T11:38:38+00:00\",\"breadcrumb\":{\"@id\":\"https:\\\/\\\/www.esplac.cat\\\/una-trobada-de-monis-intersectorial\\\/#breadcrumb\"},\"inLanguage\":\"en-US\",\"potentialAction\":[{\"@type\":\"ReadAction\",\"target\":[\"https:\\\/\\\/www.esplac.cat\\\/una-trobada-de-monis-intersectorial\\\/\"]}]},{\"@type\":\"ImageObject\",\"inLanguage\":\"en-US\",\"@id\":\"https:\\\/\\\/www.esplac.cat\\\/una-trobada-de-monis-intersectorial\\\/#primaryimage\",\"url\":\"https:\\\/\\\/www.esplac.cat\\\/wp-content\\\/uploads\\\/2015\\\/11\\\/Noti_Web_BB.jpg\",\"contentUrl\":\"https:\\\/\\\/www.esplac.cat\\\/wp-content\\\/uploads\\\/2015\\\/11\\\/Noti_Web_BB.jpg\",\"width\":847,\"height\":350},{\"@type\":\"BreadcrumbList\",\"@id\":\"https:\\\/\\\/www.esplac.cat\\\/una-trobada-de-monis-intersectorial\\\/#breadcrumb\",\"itemListElement\":[{\"@type\":\"ListItem\",\"position\":1,\"name\":\"Inici\",\"item\":\"https:\\\/\\\/www.esplac.cat\\\/en\\\/\"},{\"@type\":\"ListItem\",\"position\":2,\"name\":\"Una Trobada de Monis intersectorial\"}]},{\"@type\":\"WebSite\",\"@id\":\"https:\\\/\\\/www.esplac.cat\\\/#website\",\"url\":\"https:\\\/\\\/www.esplac.cat\\\/\",\"name\":\"Esplac\",\"description\":\"Esplais Catalans\",\"publisher\":{\"@id\":\"https:\\\/\\\/www.esplac.cat\\\/#organization\"},\"potentialAction\":[{\"@type\":\"SearchAction\",\"target\":{\"@type\":\"EntryPoint\",\"urlTemplate\":\"https:\\\/\\\/www.esplac.cat\\\/?s={search_term_string}\"},\"query-input\":{\"@type\":\"PropertyValueSpecification\",\"valueRequired\":true,\"valueName\":\"search_term_string\"}}],\"inLanguage\":\"en-US\"},{\"@type\":\"Organization\",\"@id\":\"https:\\\/\\\/www.esplac.cat\\\/#organization\",\"name\":\"Esplac\",\"url\":\"https:\\\/\\\/www.esplac.cat\\\/\",\"logo\":{\"@type\":\"ImageObject\",\"inLanguage\":\"en-US\",\"@id\":\"https:\\\/\\\/www.esplac.cat\\\/#\\\/schema\\\/logo\\\/image\\\/\",\"url\":\"https:\\\/\\\/www.esplac.cat\\\/wp-content\\\/uploads\\\/2019\\\/08\\\/logox2.png\",\"contentUrl\":\"https:\\\/\\\/www.esplac.cat\\\/wp-content\\\/uploads\\\/2019\\\/08\\\/logox2.png\",\"width\":600,\"height\":295,\"caption\":\"Esplac\"},\"image\":{\"@id\":\"https:\\\/\\\/www.esplac.cat\\\/#\\\/schema\\\/logo\\\/image\\\/\"}},{\"@type\":\"Person\",\"@id\":\"https:\\\/\\\/www.esplac.cat\\\/#\\\/schema\\\/person\\\/908383cf240be18b68f8855d0583faca\",\"name\":\"Comunicaci\u00f3 Esplac\",\"image\":{\"@type\":\"ImageObject\",\"inLanguage\":\"en-US\",\"@id\":\"https:\\\/\\\/secure.gravatar.com\\\/avatar\\\/7a4cf8feb412a76ea4a740ca02d95b06b2907b5a6c648c2dd0a1082a093c3141?s=96&d=mm&r=g\",\"url\":\"https:\\\/\\\/secure.gravatar.com\\\/avatar\\\/7a4cf8feb412a76ea4a740ca02d95b06b2907b5a6c648c2dd0a1082a093c3141?s=96&d=mm&r=g\",\"contentUrl\":\"https:\\\/\\\/secure.gravatar.com\\\/avatar\\\/7a4cf8feb412a76ea4a740ca02d95b06b2907b5a6c648c2dd0a1082a093c3141?s=96&d=mm&r=g\",\"caption\":\"Comunicaci\u00f3 Esplac\"}}]}<\/script>\n<!-- \/ Yoast SEO plugin. -->","yoast_head_json":{"title":"Una Trobada de Monis intersectorial - Esplac","robots":{"index":"index","follow":"follow","max-snippet":"max-snippet:-1","max-image-preview":"max-image-preview:large","max-video-preview":"max-video-preview:-1"},"canonical":"https:\/\/www.esplac.cat\/una-trobada-de-monis-intersectorial\/","og_locale":"en_US","og_type":"article","og_title":"Una Trobada de Monis intersectorial - Esplac","og_description":"Els sectors Bages-Bergued\u00e0 i Osona-Ripoll\u00e8s hem compartit aquesta activitat! El [&hellip;]","og_url":"https:\/\/www.esplac.cat\/una-trobada-de-monis-intersectorial\/","og_site_name":"Esplac","article_published_time":"2015-10-21T09:33:04+00:00","article_modified_time":"2019-11-14T11:38:38+00:00","og_image":[{"width":847,"height":350,"url":"https:\/\/www.esplac.cat\/wp-content\/uploads\/2015\/11\/Noti_Web_BB.jpg","type":"image\/jpeg"}],"author":"Comunicaci\u00f3 Esplac","twitter_card":"summary_large_image","twitter_misc":{"Written by":"Comunicaci\u00f3 Esplac","Est. reading time":"2 minutes"},"schema":{"@context":"https:\/\/schema.org","@graph":[{"@type":"Article","@id":"https:\/\/www.esplac.cat\/una-trobada-de-monis-intersectorial\/#article","isPartOf":{"@id":"https:\/\/www.esplac.cat\/una-trobada-de-monis-intersectorial\/"},"author":{"name":"Comunicaci\u00f3 Esplac","@id":"https:\/\/www.esplac.cat\/#\/schema\/person\/908383cf240be18b68f8855d0583faca"},"headline":"Una Trobada de Monis intersectorial","datePublished":"2015-10-21T09:33:04+00:00","dateModified":"2019-11-14T11:38:38+00:00","mainEntityOfPage":{"@id":"https:\/\/www.esplac.cat\/una-trobada-de-monis-intersectorial\/"},"wordCount":360,"publisher":{"@id":"https:\/\/www.esplac.cat\/#organization"},"image":{"@id":"https:\/\/www.esplac.cat\/una-trobada-de-monis-intersectorial\/#primaryimage"},"thumbnailUrl":"https:\/\/www.esplac.cat\/wp-content\/uploads\/2015\/11\/Noti_Web_BB.jpg","keywords":["Sector Bages-Bergued\u00e0","sector Osona-Ripoll\u00e8s","sectors geogr\u00e0fics","trobada de monis"],"articleSection":["Activitats sectors","Inf\u00e0ncia i Esplaiada","Sector Bages, Bergued\u00e0 i La Cerdanya","Sector Ripoll\u00e8s, Osona i Moian\u00e8s"],"inLanguage":"en-US"},{"@type":"WebPage","@id":"https:\/\/www.esplac.cat\/una-trobada-de-monis-intersectorial\/","url":"https:\/\/www.esplac.cat\/una-trobada-de-monis-intersectorial\/","name":"Una Trobada de Monis intersectorial - Esplac","isPartOf":{"@id":"https:\/\/www.esplac.cat\/#website"},"primaryImageOfPage":{"@id":"https:\/\/www.esplac.cat\/una-trobada-de-monis-intersectorial\/#primaryimage"},"image":{"@id":"https:\/\/www.esplac.cat\/una-trobada-de-monis-intersectorial\/#primaryimage"},"thumbnailUrl":"https:\/\/www.esplac.cat\/wp-content\/uploads\/2015\/11\/Noti_Web_BB.jpg","datePublished":"2015-10-21T09:33:04+00:00","dateModified":"2019-11-14T11:38:38+00:00","breadcrumb":{"@id":"https:\/\/www.esplac.cat\/una-trobada-de-monis-intersectorial\/#breadcrumb"},"inLanguage":"en-US","potentialAction":[{"@type":"ReadAction","target":["https:\/\/www.esplac.cat\/una-trobada-de-monis-intersectorial\/"]}]},{"@type":"ImageObject","inLanguage":"en-US","@id":"https:\/\/www.esplac.cat\/una-trobada-de-monis-intersectorial\/#primaryimage","url":"https:\/\/www.esplac.cat\/wp-content\/uploads\/2015\/11\/Noti_Web_BB.jpg","contentUrl":"https:\/\/www.esplac.cat\/wp-content\/uploads\/2015\/11\/Noti_Web_BB.jpg","width":847,"height":350},{"@type":"BreadcrumbList","@id":"https:\/\/www.esplac.cat\/una-trobada-de-monis-intersectorial\/#breadcrumb","itemListElement":[{"@type":"ListItem","position":1,"name":"Inici","item":"https:\/\/www.esplac.cat\/en\/"},{"@type":"ListItem","position":2,"name":"Una Trobada de Monis intersectorial"}]},{"@type":"WebSite","@id":"https:\/\/www.esplac.cat\/#website","url":"https:\/\/www.esplac.cat\/","name":"Esplac","description":"Esplais Catalans","publisher":{"@id":"https:\/\/www.esplac.cat\/#organization"},"potentialAction":[{"@type":"SearchAction","target":{"@type":"EntryPoint","urlTemplate":"https:\/\/www.esplac.cat\/?s={search_term_string}"},"query-input":{"@type":"PropertyValueSpecification","valueRequired":true,"valueName":"search_term_string"}}],"inLanguage":"en-US"},{"@type":"Organization","@id":"https:\/\/www.esplac.cat\/#organization","name":"Esplac","url":"https:\/\/www.esplac.cat\/","logo":{"@type":"ImageObject","inLanguage":"en-US","@id":"https:\/\/www.esplac.cat\/#\/schema\/logo\/image\/","url":"https:\/\/www.esplac.cat\/wp-content\/uploads\/2019\/08\/logox2.png","contentUrl":"https:\/\/www.esplac.cat\/wp-content\/uploads\/2019\/08\/logox2.png","width":600,"height":295,"caption":"Esplac"},"image":{"@id":"https:\/\/www.esplac.cat\/#\/schema\/logo\/image\/"}},{"@type":"Person","@id":"https:\/\/www.esplac.cat\/#\/schema\/person\/908383cf240be18b68f8855d0583faca","name":"Comunicaci\u00f3 Esplac","image":{"@type":"ImageObject","inLanguage":"en-US","@id":"https:\/\/secure.gravatar.com\/avatar\/7a4cf8feb412a76ea4a740ca02d95b06b2907b5a6c648c2dd0a1082a093c3141?s=96&d=mm&r=g","url":"https:\/\/secure.gravatar.com\/avatar\/7a4cf8feb412a76ea4a740ca02d95b06b2907b5a6c648c2dd0a1082a093c3141?s=96&d=mm&r=g","contentUrl":"https:\/\/secure.gravatar.com\/avatar\/7a4cf8feb412a76ea4a740ca02d95b06b2907b5a6c648c2dd0a1082a093c3141?s=96&d=mm&r=g","caption":"Comunicaci\u00f3 Esplac"}}]}},"_links":{"self":[{"href":"https:\/\/www.esplac.cat\/en\/wp-json\/wp\/v2\/posts\/25522","targetHints":{"allow":["GET"]}}],"collection":[{"href":"https:\/\/www.esplac.cat\/en\/wp-json\/wp\/v2\/posts"}],"about":[{"href":"https:\/\/www.esplac.cat\/en\/wp-json\/wp\/v2\/types\/post"}],"author":[{"embeddable":true,"href":"https:\/\/www.esplac.cat\/en\/wp-json\/wp\/v2\/users\/3"}],"replies":[{"embeddable":true,"href":"https:\/\/www.esplac.cat\/en\/wp-json\/wp\/v2\/comments?post=25522"}],"version-history":[{"count":0,"href":"https:\/\/www.esplac.cat\/en\/wp-json\/wp\/v2\/posts\/25522\/revisions"}],"wp:featuredmedia":[{"embeddable":true,"href":"https:\/\/www.esplac.cat\/en\/wp-json\/wp\/v2\/media\/25524"}],"wp:attachment":[{"href":"https:\/\/www.esplac.cat\/en\/wp-json\/wp\/v2\/media?parent=25522"}],"wp:term":[{"taxonomy":"category","embeddable":true,"href":"https:\/\/www.esplac.cat\/en\/wp-json\/wp\/v2\/categories?post=25522"},{"taxonomy":"post_tag","embeddable":true,"href":"https:\/\/www.esplac.cat\/en\/wp-json\/wp\/v2\/tags?post=25522"}],"curies":[{"name":"wp","href":"https:\/\/api.w.org\/{rel}","templated":true}]}}