{"id":25536,"date":"2015-10-15T08:00:54","date_gmt":"2015-10-15T06:00:54","guid":{"rendered":"http:\/\/esplac.cat\/?p=8781"},"modified":"2019-11-14T13:38:39","modified_gmt":"2019-11-14T11:38:39","slug":"treballem-en-xarxa-i-promovem-la-inclusio-social-a-lesplai","status":"publish","type":"post","link":"https:\/\/www.esplac.cat\/en\/treballem-en-xarxa-i-promovem-la-inclusio-social-a-lesplai\/","title":{"rendered":"Treballem en xarxa i promovem la inclusi\u00f3 social a l&#8217;esplai"},"content":{"rendered":"<p class=\"p1\">Qu\u00e8 podem fer si volem treballar amb Serveis Socials o amb les entitats del nostre entorn? I si tenim sospita o certesa de maltractament infantil a l&#8217;esplai&#8230;?<\/p>\n<p class=\"p3\">La <b>diversitat<\/b> \u00e9s un valor afegit que comporta centrar l&#8217;atenci\u00f3 en reduir o eliminar les barreres per a l&#8217;aprenentatge i la participaci\u00f3 de totes les persones. En el m\u00f3n educatiu, parlem de <span class=\"s1\"><b>la gesti\u00f3 de la diversitat per referir-nos a l&#8217;acceptaci\u00f3 i normalitzaci\u00f3 de totes les persones en diferents aspectes de la vida: <\/b><\/span>diversitat funcional, diversitat sexual i diversitat cultural, principalment.<\/p>\n<p class=\"p3\">Quan volem plantejar-nos que <span class=\"s1\"><b>l&#8217;esplai sigui una entitat educativa inclusiva<\/b><\/span>, cal que tinguem en compte algunes idees principals:<\/p>\n<ul class=\"ul1\">\n<li class=\"li4\"><b>Evitar t\u00f2pics, prejudicis i imatges estereotipades<\/b> que puguem tenir respecte alguna persona o col\u00b7lectiu<\/li>\n<li class=\"li4\">Fer una <b>aproximaci\u00f3 personal i individual<\/b> a cada persona. Entendre les circumst\u00e0ncies vitals, l&#8217;entorn sociofamiliar, la traject\u00f2ria i la seva experi\u00e8ncia personal pot ajudar-nos a empatitzar i adaptar-nos m\u00fatuament a la din\u00e0mica de l&#8217;esplai!<\/li>\n<li class=\"li4\">Apropar-nos als infants, joves i fam\u00edlies amb <b>esperit obert i actitud de respecte<\/b><\/li>\n<li class=\"li4\"><b>Acceptar la realitat<\/b> de cada infant i jove<\/li>\n<\/ul>\n<p><a href=\"http:\/\/esplac.cat\/wp-content\/uploads\/2015\/10\/20151015inclusio_diversitat.png\"><img decoding=\"async\" class=\"size-large wp-image-8782 aligncenter\" src=\"http:\/\/esplac.cat\/wp-content\/uploads\/2015\/10\/20151015inclusio_diversitat-441x1024.png\" alt=\"20151015inclusio_diversitat\" width=\"441\" height=\"1024\" srcset=\"https:\/\/www.esplac.cat\/wp-content\/uploads\/2015\/10\/20151015inclusio_diversitat-129x300.png 129w, https:\/\/www.esplac.cat\/wp-content\/uploads\/2015\/10\/20151015inclusio_diversitat-200x465.png 200w, https:\/\/www.esplac.cat\/wp-content\/uploads\/2015\/10\/20151015inclusio_diversitat-400x929.png 400w, https:\/\/www.esplac.cat\/wp-content\/uploads\/2015\/10\/20151015inclusio_diversitat-441x1024.png 441w, https:\/\/www.esplac.cat\/wp-content\/uploads\/2015\/10\/20151015inclusio_diversitat-600x1394.png 600w, https:\/\/www.esplac.cat\/wp-content\/uploads\/2015\/10\/20151015inclusio_diversitat-768x1784.png 768w, https:\/\/www.esplac.cat\/wp-content\/uploads\/2015\/10\/20151015inclusio_diversitat.png 796w\" sizes=\"(max-width: 441px) 100vw, 441px\" \/><\/a><\/p>\n<p class=\"p1\">Per donar suport als esplais, des d&#8217;Esplac hem creat 3 documents de suport que podrem trobar al <strong><a href=\"http:\/\/esplac.cat\/banc-de-recursos\/\" target=\"_blank\" rel=\"noopener noreferrer\"><span class=\"s3\">Banc de Recursos<\/span><\/a><\/strong><span class=\"s4\">:<\/span><\/p>\n<ol>\n<li><span class=\"s1\"><b><span style=\"text-decoration: underline;\">Mapa de relaci\u00f3 de l&#8217;esplai amb l&#8217;entorn<\/span>: <\/b><\/span>un <b>recurs<\/b> per adonar-nos de com poder <b>gestionar la diversitat dins l&#8217;esplai<\/b>, promoure la inclusi\u00f3 i la diversitat personal i col\u00b7lectiva des de l&#8217;esplai. Suggereix una din\u00e0mica per a fer amb l&#8217;assemblea de monitores amb la finalitat de reflexionar i visualitzar el treball en xarxa que des de l&#8217;esplai generem -i les potencialitats que tenim al nostre voltant!<\/li>\n<li class=\"li1\"><span style=\"text-decoration: underline;\"><span class=\"s1\"><b>Protocol d&#8217;actuaci\u00f3 i coordinaci\u00f3 amb Serveis Socials: <\/b> <\/span><\/span>vol donar eines per a coordinar-nos amb Serveis Socials i crear una <b>intervenci\u00f3 integral <\/b>a les situacions de risc i\/o desprotecci\u00f3 en qu\u00e8 es troben les <b>v\u00edctimes de viol\u00e8ncia<\/b>. Hi trobarem el Circu\u00eft de derivaci\u00f3 i coordinaci\u00f3: suport, acompanyament o coordinaci\u00f3 amb infants, joves o fam\u00edlies participants de l&#8217;esplai o l&#8217;esplai com a entitat receptora de menors derivades de Serveis Socials. A m\u00e9s, hi trobarem un quadre orientatiu que ens permetr\u00e0 detectar actuacions de viol\u00e8ncia a trav\u00e9s d&#8217;indicadors.<\/li>\n<li class=\"li1\"><span class=\"s1\"><b><span style=\"text-decoration: underline;\">Protocol d&#8217;actuaci\u00f3 davant maltractament infantil<\/span>: <\/b><\/span>\u00c9s la <b>nostra obligaci\u00f3 vetllar per la protecci\u00f3 de la inf\u00e0ncia i de l\u2019adolesc\u00e8ncia <\/b>davant les diverses <b>situacions de risc<\/b> en les quals es poden trobar i que poden generar diferents tipus de maltractaments. Per aix\u00f2, aquest document explica exemples de situacions en les que ens podem trobar i com ha de ser la resposta que des de l&#8217;esplai donem!<\/li>\n<\/ol>\n","protected":false},"excerpt":{"rendered":"<p>Qu\u00e8 podem fer si volem treballar amb Serveis Socials o [&hellip;]<\/p>\n","protected":false},"author":3,"featured_media":25537,"comment_status":"closed","ping_status":"open","sticky":false,"template":"","format":"standard","meta":{"om_disable_all_campaigns":false,"_monsterinsights_skip_tracking":false,"_monsterinsights_sitenote_active":false,"_monsterinsights_sitenote_note":"","_monsterinsights_sitenote_category":0,"_uf_show_specific_survey":0,"_uf_disable_surveys":false,"footnotes":""},"categories":[1166,1167,1114,1],"tags":[44,583,584,472],"class_list":["post-25536","post","type-post","status-publish","format-standard","has-post-thumbnail","hentry","category-inclusio-i-diversitat","category-infancia","category-recursos","category-sense-categoria","tag-banc-de-recursos","tag-inclusio-i-diversitat","tag-protocol","tag-serveis-socials"],"yoast_head":"<!-- This site is optimized with the Yoast SEO plugin v27.4 - https:\/\/yoast.com\/product\/yoast-seo-wordpress\/ -->\n<title>Treballem en xarxa i promovem la inclusi\u00f3 social a l&#039;esplai - Esplac<\/title>\n<meta name=\"robots\" content=\"index, follow, max-snippet:-1, max-image-preview:large, max-video-preview:-1\" \/>\n<link rel=\"canonical\" href=\"https:\/\/www.esplac.cat\/treballem-en-xarxa-i-promovem-la-inclusio-social-a-lesplai\/\" \/>\n<meta property=\"og:locale\" content=\"en_US\" \/>\n<meta property=\"og:type\" content=\"article\" \/>\n<meta property=\"og:title\" content=\"Treballem en xarxa i promovem la inclusi\u00f3 social a l&#039;esplai - Esplac\" \/>\n<meta property=\"og:description\" content=\"Qu\u00e8 podem fer si volem treballar amb Serveis Socials o [&hellip;]\" \/>\n<meta property=\"og:url\" content=\"https:\/\/www.esplac.cat\/treballem-en-xarxa-i-promovem-la-inclusio-social-a-lesplai\/\" \/>\n<meta property=\"og:site_name\" content=\"Esplac\" \/>\n<meta property=\"article:published_time\" content=\"2015-10-15T06:00:54+00:00\" \/>\n<meta property=\"article:modified_time\" content=\"2019-11-14T11:38:39+00:00\" \/>\n<meta property=\"og:image\" content=\"https:\/\/www.esplac.cat\/wp-content\/uploads\/2015\/10\/20151021_Infog-inclusio.jpg\" \/>\n\t<meta property=\"og:image:width\" content=\"700\" \/>\n\t<meta property=\"og:image:height\" content=\"300\" \/>\n\t<meta property=\"og:image:type\" content=\"image\/jpeg\" \/>\n<meta name=\"author\" content=\"Comunicaci\u00f3 Esplac\" \/>\n<meta name=\"twitter:card\" content=\"summary_large_image\" \/>\n<meta name=\"twitter:label1\" content=\"Written by\" \/>\n\t<meta name=\"twitter:data1\" content=\"Comunicaci\u00f3 Esplac\" \/>\n\t<meta name=\"twitter:label2\" content=\"Est. reading time\" \/>\n\t<meta name=\"twitter:data2\" content=\"2 minutes\" \/>\n<script type=\"application\/ld+json\" class=\"yoast-schema-graph\">{\"@context\":\"https:\\\/\\\/schema.org\",\"@graph\":[{\"@type\":\"Article\",\"@id\":\"https:\\\/\\\/www.esplac.cat\\\/treballem-en-xarxa-i-promovem-la-inclusio-social-a-lesplai\\\/#article\",\"isPartOf\":{\"@id\":\"https:\\\/\\\/www.esplac.cat\\\/treballem-en-xarxa-i-promovem-la-inclusio-social-a-lesplai\\\/\"},\"author\":{\"name\":\"Comunicaci\u00f3 Esplac\",\"@id\":\"https:\\\/\\\/www.esplac.cat\\\/#\\\/schema\\\/person\\\/908383cf240be18b68f8855d0583faca\"},\"headline\":\"Treballem en xarxa i promovem la inclusi\u00f3 social a l&#8217;esplai\",\"datePublished\":\"2015-10-15T06:00:54+00:00\",\"dateModified\":\"2019-11-14T11:38:39+00:00\",\"mainEntityOfPage\":{\"@id\":\"https:\\\/\\\/www.esplac.cat\\\/treballem-en-xarxa-i-promovem-la-inclusio-social-a-lesplai\\\/\"},\"wordCount\":462,\"publisher\":{\"@id\":\"https:\\\/\\\/www.esplac.cat\\\/#organization\"},\"image\":{\"@id\":\"https:\\\/\\\/www.esplac.cat\\\/treballem-en-xarxa-i-promovem-la-inclusio-social-a-lesplai\\\/#primaryimage\"},\"thumbnailUrl\":\"https:\\\/\\\/www.esplac.cat\\\/wp-content\\\/uploads\\\/2015\\\/10\\\/20151021_Infog-inclusio.jpg\",\"keywords\":[\"banc de recursos\",\"inclusi\u00f3 i diversitat\",\"protocol\",\"serveis socials\"],\"articleSection\":[\"Inclusi\u00f3 i diversitat\",\"Inf\u00e0ncia i Esplaiada\",\"Recursos\",\"Sense categoria\"],\"inLanguage\":\"en-US\"},{\"@type\":\"WebPage\",\"@id\":\"https:\\\/\\\/www.esplac.cat\\\/treballem-en-xarxa-i-promovem-la-inclusio-social-a-lesplai\\\/\",\"url\":\"https:\\\/\\\/www.esplac.cat\\\/treballem-en-xarxa-i-promovem-la-inclusio-social-a-lesplai\\\/\",\"name\":\"Treballem en xarxa i promovem la inclusi\u00f3 social a l'esplai - Esplac\",\"isPartOf\":{\"@id\":\"https:\\\/\\\/www.esplac.cat\\\/#website\"},\"primaryImageOfPage\":{\"@id\":\"https:\\\/\\\/www.esplac.cat\\\/treballem-en-xarxa-i-promovem-la-inclusio-social-a-lesplai\\\/#primaryimage\"},\"image\":{\"@id\":\"https:\\\/\\\/www.esplac.cat\\\/treballem-en-xarxa-i-promovem-la-inclusio-social-a-lesplai\\\/#primaryimage\"},\"thumbnailUrl\":\"https:\\\/\\\/www.esplac.cat\\\/wp-content\\\/uploads\\\/2015\\\/10\\\/20151021_Infog-inclusio.jpg\",\"datePublished\":\"2015-10-15T06:00:54+00:00\",\"dateModified\":\"2019-11-14T11:38:39+00:00\",\"breadcrumb\":{\"@id\":\"https:\\\/\\\/www.esplac.cat\\\/treballem-en-xarxa-i-promovem-la-inclusio-social-a-lesplai\\\/#breadcrumb\"},\"inLanguage\":\"en-US\",\"potentialAction\":[{\"@type\":\"ReadAction\",\"target\":[\"https:\\\/\\\/www.esplac.cat\\\/treballem-en-xarxa-i-promovem-la-inclusio-social-a-lesplai\\\/\"]}]},{\"@type\":\"ImageObject\",\"inLanguage\":\"en-US\",\"@id\":\"https:\\\/\\\/www.esplac.cat\\\/treballem-en-xarxa-i-promovem-la-inclusio-social-a-lesplai\\\/#primaryimage\",\"url\":\"https:\\\/\\\/www.esplac.cat\\\/wp-content\\\/uploads\\\/2015\\\/10\\\/20151021_Infog-inclusio.jpg\",\"contentUrl\":\"https:\\\/\\\/www.esplac.cat\\\/wp-content\\\/uploads\\\/2015\\\/10\\\/20151021_Infog-inclusio.jpg\",\"width\":700,\"height\":300},{\"@type\":\"BreadcrumbList\",\"@id\":\"https:\\\/\\\/www.esplac.cat\\\/treballem-en-xarxa-i-promovem-la-inclusio-social-a-lesplai\\\/#breadcrumb\",\"itemListElement\":[{\"@type\":\"ListItem\",\"position\":1,\"name\":\"Inici\",\"item\":\"https:\\\/\\\/www.esplac.cat\\\/en\\\/\"},{\"@type\":\"ListItem\",\"position\":2,\"name\":\"Treballem en xarxa i promovem la inclusi\u00f3 social a l&#8217;esplai\"}]},{\"@type\":\"WebSite\",\"@id\":\"https:\\\/\\\/www.esplac.cat\\\/#website\",\"url\":\"https:\\\/\\\/www.esplac.cat\\\/\",\"name\":\"Esplac\",\"description\":\"Esplais Catalans\",\"publisher\":{\"@id\":\"https:\\\/\\\/www.esplac.cat\\\/#organization\"},\"potentialAction\":[{\"@type\":\"SearchAction\",\"target\":{\"@type\":\"EntryPoint\",\"urlTemplate\":\"https:\\\/\\\/www.esplac.cat\\\/?s={search_term_string}\"},\"query-input\":{\"@type\":\"PropertyValueSpecification\",\"valueRequired\":true,\"valueName\":\"search_term_string\"}}],\"inLanguage\":\"en-US\"},{\"@type\":\"Organization\",\"@id\":\"https:\\\/\\\/www.esplac.cat\\\/#organization\",\"name\":\"Esplac\",\"url\":\"https:\\\/\\\/www.esplac.cat\\\/\",\"logo\":{\"@type\":\"ImageObject\",\"inLanguage\":\"en-US\",\"@id\":\"https:\\\/\\\/www.esplac.cat\\\/#\\\/schema\\\/logo\\\/image\\\/\",\"url\":\"https:\\\/\\\/www.esplac.cat\\\/wp-content\\\/uploads\\\/2019\\\/08\\\/logox2.png\",\"contentUrl\":\"https:\\\/\\\/www.esplac.cat\\\/wp-content\\\/uploads\\\/2019\\\/08\\\/logox2.png\",\"width\":600,\"height\":295,\"caption\":\"Esplac\"},\"image\":{\"@id\":\"https:\\\/\\\/www.esplac.cat\\\/#\\\/schema\\\/logo\\\/image\\\/\"}},{\"@type\":\"Person\",\"@id\":\"https:\\\/\\\/www.esplac.cat\\\/#\\\/schema\\\/person\\\/908383cf240be18b68f8855d0583faca\",\"name\":\"Comunicaci\u00f3 Esplac\",\"image\":{\"@type\":\"ImageObject\",\"inLanguage\":\"en-US\",\"@id\":\"https:\\\/\\\/secure.gravatar.com\\\/avatar\\\/7a4cf8feb412a76ea4a740ca02d95b06b2907b5a6c648c2dd0a1082a093c3141?s=96&d=mm&r=g\",\"url\":\"https:\\\/\\\/secure.gravatar.com\\\/avatar\\\/7a4cf8feb412a76ea4a740ca02d95b06b2907b5a6c648c2dd0a1082a093c3141?s=96&d=mm&r=g\",\"contentUrl\":\"https:\\\/\\\/secure.gravatar.com\\\/avatar\\\/7a4cf8feb412a76ea4a740ca02d95b06b2907b5a6c648c2dd0a1082a093c3141?s=96&d=mm&r=g\",\"caption\":\"Comunicaci\u00f3 Esplac\"}}]}<\/script>\n<!-- \/ Yoast SEO plugin. -->","yoast_head_json":{"title":"Treballem en xarxa i promovem la inclusi\u00f3 social a l'esplai - Esplac","robots":{"index":"index","follow":"follow","max-snippet":"max-snippet:-1","max-image-preview":"max-image-preview:large","max-video-preview":"max-video-preview:-1"},"canonical":"https:\/\/www.esplac.cat\/treballem-en-xarxa-i-promovem-la-inclusio-social-a-lesplai\/","og_locale":"en_US","og_type":"article","og_title":"Treballem en xarxa i promovem la inclusi\u00f3 social a l'esplai - Esplac","og_description":"Qu\u00e8 podem fer si volem treballar amb Serveis Socials o [&hellip;]","og_url":"https:\/\/www.esplac.cat\/treballem-en-xarxa-i-promovem-la-inclusio-social-a-lesplai\/","og_site_name":"Esplac","article_published_time":"2015-10-15T06:00:54+00:00","article_modified_time":"2019-11-14T11:38:39+00:00","og_image":[{"width":700,"height":300,"url":"https:\/\/www.esplac.cat\/wp-content\/uploads\/2015\/10\/20151021_Infog-inclusio.jpg","type":"image\/jpeg"}],"author":"Comunicaci\u00f3 Esplac","twitter_card":"summary_large_image","twitter_misc":{"Written by":"Comunicaci\u00f3 Esplac","Est. reading time":"2 minutes"},"schema":{"@context":"https:\/\/schema.org","@graph":[{"@type":"Article","@id":"https:\/\/www.esplac.cat\/treballem-en-xarxa-i-promovem-la-inclusio-social-a-lesplai\/#article","isPartOf":{"@id":"https:\/\/www.esplac.cat\/treballem-en-xarxa-i-promovem-la-inclusio-social-a-lesplai\/"},"author":{"name":"Comunicaci\u00f3 Esplac","@id":"https:\/\/www.esplac.cat\/#\/schema\/person\/908383cf240be18b68f8855d0583faca"},"headline":"Treballem en xarxa i promovem la inclusi\u00f3 social a l&#8217;esplai","datePublished":"2015-10-15T06:00:54+00:00","dateModified":"2019-11-14T11:38:39+00:00","mainEntityOfPage":{"@id":"https:\/\/www.esplac.cat\/treballem-en-xarxa-i-promovem-la-inclusio-social-a-lesplai\/"},"wordCount":462,"publisher":{"@id":"https:\/\/www.esplac.cat\/#organization"},"image":{"@id":"https:\/\/www.esplac.cat\/treballem-en-xarxa-i-promovem-la-inclusio-social-a-lesplai\/#primaryimage"},"thumbnailUrl":"https:\/\/www.esplac.cat\/wp-content\/uploads\/2015\/10\/20151021_Infog-inclusio.jpg","keywords":["banc de recursos","inclusi\u00f3 i diversitat","protocol","serveis socials"],"articleSection":["Inclusi\u00f3 i diversitat","Inf\u00e0ncia i Esplaiada","Recursos","Sense categoria"],"inLanguage":"en-US"},{"@type":"WebPage","@id":"https:\/\/www.esplac.cat\/treballem-en-xarxa-i-promovem-la-inclusio-social-a-lesplai\/","url":"https:\/\/www.esplac.cat\/treballem-en-xarxa-i-promovem-la-inclusio-social-a-lesplai\/","name":"Treballem en xarxa i promovem la inclusi\u00f3 social a l'esplai - Esplac","isPartOf":{"@id":"https:\/\/www.esplac.cat\/#website"},"primaryImageOfPage":{"@id":"https:\/\/www.esplac.cat\/treballem-en-xarxa-i-promovem-la-inclusio-social-a-lesplai\/#primaryimage"},"image":{"@id":"https:\/\/www.esplac.cat\/treballem-en-xarxa-i-promovem-la-inclusio-social-a-lesplai\/#primaryimage"},"thumbnailUrl":"https:\/\/www.esplac.cat\/wp-content\/uploads\/2015\/10\/20151021_Infog-inclusio.jpg","datePublished":"2015-10-15T06:00:54+00:00","dateModified":"2019-11-14T11:38:39+00:00","breadcrumb":{"@id":"https:\/\/www.esplac.cat\/treballem-en-xarxa-i-promovem-la-inclusio-social-a-lesplai\/#breadcrumb"},"inLanguage":"en-US","potentialAction":[{"@type":"ReadAction","target":["https:\/\/www.esplac.cat\/treballem-en-xarxa-i-promovem-la-inclusio-social-a-lesplai\/"]}]},{"@type":"ImageObject","inLanguage":"en-US","@id":"https:\/\/www.esplac.cat\/treballem-en-xarxa-i-promovem-la-inclusio-social-a-lesplai\/#primaryimage","url":"https:\/\/www.esplac.cat\/wp-content\/uploads\/2015\/10\/20151021_Infog-inclusio.jpg","contentUrl":"https:\/\/www.esplac.cat\/wp-content\/uploads\/2015\/10\/20151021_Infog-inclusio.jpg","width":700,"height":300},{"@type":"BreadcrumbList","@id":"https:\/\/www.esplac.cat\/treballem-en-xarxa-i-promovem-la-inclusio-social-a-lesplai\/#breadcrumb","itemListElement":[{"@type":"ListItem","position":1,"name":"Inici","item":"https:\/\/www.esplac.cat\/en\/"},{"@type":"ListItem","position":2,"name":"Treballem en xarxa i promovem la inclusi\u00f3 social a l&#8217;esplai"}]},{"@type":"WebSite","@id":"https:\/\/www.esplac.cat\/#website","url":"https:\/\/www.esplac.cat\/","name":"Esplac","description":"Esplais Catalans","publisher":{"@id":"https:\/\/www.esplac.cat\/#organization"},"potentialAction":[{"@type":"SearchAction","target":{"@type":"EntryPoint","urlTemplate":"https:\/\/www.esplac.cat\/?s={search_term_string}"},"query-input":{"@type":"PropertyValueSpecification","valueRequired":true,"valueName":"search_term_string"}}],"inLanguage":"en-US"},{"@type":"Organization","@id":"https:\/\/www.esplac.cat\/#organization","name":"Esplac","url":"https:\/\/www.esplac.cat\/","logo":{"@type":"ImageObject","inLanguage":"en-US","@id":"https:\/\/www.esplac.cat\/#\/schema\/logo\/image\/","url":"https:\/\/www.esplac.cat\/wp-content\/uploads\/2019\/08\/logox2.png","contentUrl":"https:\/\/www.esplac.cat\/wp-content\/uploads\/2019\/08\/logox2.png","width":600,"height":295,"caption":"Esplac"},"image":{"@id":"https:\/\/www.esplac.cat\/#\/schema\/logo\/image\/"}},{"@type":"Person","@id":"https:\/\/www.esplac.cat\/#\/schema\/person\/908383cf240be18b68f8855d0583faca","name":"Comunicaci\u00f3 Esplac","image":{"@type":"ImageObject","inLanguage":"en-US","@id":"https:\/\/secure.gravatar.com\/avatar\/7a4cf8feb412a76ea4a740ca02d95b06b2907b5a6c648c2dd0a1082a093c3141?s=96&d=mm&r=g","url":"https:\/\/secure.gravatar.com\/avatar\/7a4cf8feb412a76ea4a740ca02d95b06b2907b5a6c648c2dd0a1082a093c3141?s=96&d=mm&r=g","contentUrl":"https:\/\/secure.gravatar.com\/avatar\/7a4cf8feb412a76ea4a740ca02d95b06b2907b5a6c648c2dd0a1082a093c3141?s=96&d=mm&r=g","caption":"Comunicaci\u00f3 Esplac"}}]}},"_links":{"self":[{"href":"https:\/\/www.esplac.cat\/en\/wp-json\/wp\/v2\/posts\/25536","targetHints":{"allow":["GET"]}}],"collection":[{"href":"https:\/\/www.esplac.cat\/en\/wp-json\/wp\/v2\/posts"}],"about":[{"href":"https:\/\/www.esplac.cat\/en\/wp-json\/wp\/v2\/types\/post"}],"author":[{"embeddable":true,"href":"https:\/\/www.esplac.cat\/en\/wp-json\/wp\/v2\/users\/3"}],"replies":[{"embeddable":true,"href":"https:\/\/www.esplac.cat\/en\/wp-json\/wp\/v2\/comments?post=25536"}],"version-history":[{"count":0,"href":"https:\/\/www.esplac.cat\/en\/wp-json\/wp\/v2\/posts\/25536\/revisions"}],"wp:featuredmedia":[{"embeddable":true,"href":"https:\/\/www.esplac.cat\/en\/wp-json\/wp\/v2\/media\/25537"}],"wp:attachment":[{"href":"https:\/\/www.esplac.cat\/en\/wp-json\/wp\/v2\/media?parent=25536"}],"wp:term":[{"taxonomy":"category","embeddable":true,"href":"https:\/\/www.esplac.cat\/en\/wp-json\/wp\/v2\/categories?post=25536"},{"taxonomy":"post_tag","embeddable":true,"href":"https:\/\/www.esplac.cat\/en\/wp-json\/wp\/v2\/tags?post=25536"}],"curies":[{"name":"wp","href":"https:\/\/api.w.org\/{rel}","templated":true}]}}