{"id":25549,"date":"2015-10-07T16:38:13","date_gmt":"2015-10-07T14:38:13","guid":{"rendered":"http:\/\/esplac.cat\/?p=7034"},"modified":"2015-10-07T16:38:13","modified_gmt":"2015-10-07T14:38:13","slug":"bona-practica-els-esplais-es-tanquen-per-organitzar-se","status":"publish","type":"post","link":"https:\/\/www.esplac.cat\/en\/bona-practica-els-esplais-es-tanquen-per-organitzar-se\/","title":{"rendered":"Bona pr\u00e0ctica: els esplais &#8216;es tanquen&#8217; per organitzar-se"},"content":{"rendered":"<p class=\"p1\">Un cop hem pa\u00eft totes les emocions i experi\u00e8ncies dels campaments col\u00f2nies i rutes, els esplais tornem amb les piles ben carregades per preparar el nou curs!<\/p>\n<p class=\"p1\">\u00c9s el moment de recollir totes les valoracions de les accions que hem fet i ordenar-les per donar forma a tot all\u00f2 que volem assolir en el futur. Abans de l&#8217;estiu, en\u00a0tornar de les vacances, reunions intensives&#8230;. Qualsevol format serveix! Per\u00f2 un dels m\u00e9s comuns \u00e9s <span class=\"s1\"><b>\u00abtancar-se\u00bb durant un cap de setmana, deixar fora el m\u00f3n real i centrar-se exclusivament en projectar un nou curs d&#8217;esplai<\/b><\/span>: objectius, activitats, grups, estiu, c\u00e0rrecs,&#8230; No cal dir que conviure i treballar les din\u00e0miques de l&#8217;equip ajuda tamb\u00e9 a consolidar la cohesi\u00f3 i els vincles per preparar un curs ple d&#8217;aprenentatges i experi\u00e8ncies!<\/p>\n<p class=\"p1\">I no nom\u00e9s ho fan els equips de monis dels esplais: alguns Equips Generals de Sector, un cop escollits a les Assemblees de Sector, tamb\u00e9 es reuneixen per definir els reptes del nou curs. Tamb\u00e9 ho fa l\u2019Equip de Direcci\u00f3 i la Secretaria T\u00e8cnica d\u2019Esplac!<\/p>\n<p class=\"p1\">\u00c9s un bon moment, tamb\u00e9, per posar sobre la taula el Projecte Educatiu: que el descobreixin els monitors que s\u2019incorporen a l\u2019equip, actualitzar-lo a la realitat de l\u2019esplai, decidir noves metodologies de treball amb infants, joves i fam\u00edlies\u2026<\/p>\n<p class=\"p1\">L\u2019<a href=\"https:\/\/www.facebook.com\/Esplai-La-Tribu-190729711070314\/timeline\/\"><span class=\"s2\"><b>esplai La Tribu<\/b><\/span><\/a> (Matar\u00f3) ens explica l\u2019experi\u00e8ncia de la seva primera tancada:<\/p>\n<p class=\"p2\" style=\"padding-left: 30px;\"><i>Fa\u00a0tres anys que estem en un proc\u00e9s de transformaci\u00f3 i canvis a la Tribu, potser perqu\u00e8 ens hem anat reunint un equip de persones molt motivades amb una gran vocaci\u00f3 per l\u2019educaci\u00f3, o potser perqu\u00e8 a for\u00e7a\u00a0de veure la bona feina que\u00a0fan altres esplais hem pensat: \u00abOstres, doncs fem-ho nosaltres tamb\u00e9!\u00bb. O potser perqu\u00e8 socialment estem en un moment de canvi i som les entitats de base qui hem d\u2019agafar les regnes de les nostres vides.<\/i><\/p>\n<p class=\"p2\" style=\"padding-left: 30px;\"><i>El cas \u00e9s que no parem de cr\u00e9ixer i aquest any, per primer cop, vam\u00a0decidir <\/i><span class=\"s1\"><b><i>fer la nostra primera tancada <\/i><\/b><\/span><i>de 48 hores (que pensareu &#8220;si \u00e9s el m\u00e9s normal del m\u00f3n!&#8221;, per\u00f2 per a nosaltres ha estat un pas molt important) i amb ella una revisi\u00f3 a fons del nostre ideari, la nostra metodologia, i sobretot del nostre Projecte Educatiu. S\u00ed, ens referim al document que est\u00e0 impr\u00e8s i guardat en algun dels calaixos de l\u2019esplai, aquell que es va escriure fa 20 anys i que fem \u201ccopia-i-pega\u201d i per l\u2019any seg\u00fcent. Vam\u00a0decidir que vol\u00edem <\/i><span class=\"s1\"><b><i>un document en el qual\u00a0ens sent\u00edssim reflectides, que el pogu\u00e9ssim presentar i sentir-nos orgulloses d&#8217;all\u00f2 que fem<\/i><\/b><\/span> <i>(perqu\u00e8 ho fem molt b\u00e9 o, com a m\u00ednim, tan b\u00e9 com sabem!).\u00a0Despr\u00e9s de molts debats, reformulacions, din\u00e0miques i preguntes de l\u2019Encerta-la, ja el tenim!<\/i><\/p>\n<p class=\"p1\">Al <span class=\"s1\"><b>Banc de recursos<\/b><\/span> hi podeu trobar din\u00e0miques i activats per a dinamitzar les tancades o ajudar a revisar els projectes.<\/p>\n<p class=\"p1\">En aquest cas us destaquem especialment,<b> <\/b>l&#8217;<a href=\"http:\/\/esplac.cat\/esplaipolis-recurs-per-revisio-projecte-educatiu\/\"><span class=\"s2\"><b>Esplaipolis<\/b><\/span><\/a>, el joc que vam presentar-vos a l&#8217;anterior AGO, que recull diferents <span class=\"s1\"><b>din\u00e0miques per reflexionar i debatre al voltant de diversos \u00e0mbits del Projecte Educatiu.<\/b><\/span><\/p>\n<p class=\"p1\">I per a facilitar l&#8217;elecci\u00f3 dels objectius de curs o quines formacions voleu fer al llarg del curs, feu-li una ullada a\u00a0l\u2019<a href=\"http:\/\/esplac.cat\/encerta-la-recurs-per-detectar-punts-forts-i-febles-esplai\/\"><span class=\"s2\"><b>Encerta-la<\/b><\/span><\/a><span class=\"s1\"><b>,<\/b><\/span> una din\u00e0mica que permet al propi equip de monis detectar qu\u00e8 fan, com ho fan\u00a0i qu\u00e8 han\u00a0de millorar i endinsar-se en \u00e0mbits concrets per destacar les fortaleses i necessitats de l&#8217;esplai.<\/p>\n<p class=\"p3\"><span class=\"s1\"><b>I vosaltres? Quines din\u00e0miques o eines heu fet servir per preparar el nou curs?<\/b><\/span> Recordeu que podeu fer-nos arribar les vostres bones pr\u00e0ctiques per tal de donar idees i inspiraci\u00f3 a altres esplais!<\/p>\n","protected":false},"excerpt":{"rendered":"<p>Un cop hem pa\u00eft totes les emocions i experi\u00e8ncies dels [&hellip;]<\/p>\n","protected":false},"author":3,"featured_media":25550,"comment_status":"open","ping_status":"open","sticky":false,"template":"","format":"standard","meta":{"om_disable_all_campaigns":false,"_monsterinsights_skip_tracking":false,"_monsterinsights_sitenote_active":false,"_monsterinsights_sitenote_note":"","_monsterinsights_sitenote_category":0,"_uf_show_specific_survey":0,"_uf_disable_surveys":false,"footnotes":""},"categories":[1121,1],"tags":[44,67,425,569,400,558,570],"class_list":["post-25549","post","type-post","status-publish","format-standard","has-post-thumbnail","hentry","category-bones-practiques-2","category-sense-categoria","tag-banc-de-recursos","tag-bones-practiques","tag-encerta-la","tag-esplai-la-tribu","tag-esplaipolis","tag-nou-curs","tag-tancada"],"yoast_head":"<!-- This site is optimized with the Yoast SEO plugin v27.4 - https:\/\/yoast.com\/product\/yoast-seo-wordpress\/ -->\n<title>Bona pr\u00e0ctica: els esplais &#039;es tanquen&#039; per organitzar-se - Esplac<\/title>\n<meta name=\"robots\" content=\"index, follow, max-snippet:-1, max-image-preview:large, max-video-preview:-1\" \/>\n<link rel=\"canonical\" href=\"https:\/\/www.esplac.cat\/bona-practica-els-esplais-es-tanquen-per-organitzar-se\/\" \/>\n<meta property=\"og:locale\" content=\"en_US\" \/>\n<meta property=\"og:type\" content=\"article\" \/>\n<meta property=\"og:title\" content=\"Bona pr\u00e0ctica: els esplais &#039;es tanquen&#039; per organitzar-se - Esplac\" \/>\n<meta property=\"og:description\" content=\"Un cop hem pa\u00eft totes les emocions i experi\u00e8ncies dels [&hellip;]\" \/>\n<meta property=\"og:url\" content=\"https:\/\/www.esplac.cat\/bona-practica-els-esplais-es-tanquen-per-organitzar-se\/\" \/>\n<meta property=\"og:site_name\" content=\"Esplac\" \/>\n<meta property=\"article:published_time\" content=\"2015-10-07T14:38:13+00:00\" \/>\n<meta property=\"og:image\" content=\"https:\/\/www.esplac.cat\/wp-content\/uploads\/2015\/10\/20151006_BP-tancades.jpg\" \/>\n\t<meta property=\"og:image:width\" content=\"847\" \/>\n\t<meta property=\"og:image:height\" content=\"350\" \/>\n\t<meta property=\"og:image:type\" content=\"image\/jpeg\" \/>\n<meta name=\"author\" content=\"Comunicaci\u00f3 Esplac\" \/>\n<meta name=\"twitter:card\" content=\"summary_large_image\" \/>\n<meta name=\"twitter:label1\" content=\"Written by\" \/>\n\t<meta name=\"twitter:data1\" content=\"Comunicaci\u00f3 Esplac\" \/>\n\t<meta name=\"twitter:label2\" content=\"Est. reading time\" \/>\n\t<meta name=\"twitter:data2\" content=\"3 minutes\" \/>\n<script type=\"application\/ld+json\" class=\"yoast-schema-graph\">{\"@context\":\"https:\\\/\\\/schema.org\",\"@graph\":[{\"@type\":\"Article\",\"@id\":\"https:\\\/\\\/www.esplac.cat\\\/bona-practica-els-esplais-es-tanquen-per-organitzar-se\\\/#article\",\"isPartOf\":{\"@id\":\"https:\\\/\\\/www.esplac.cat\\\/bona-practica-els-esplais-es-tanquen-per-organitzar-se\\\/\"},\"author\":{\"name\":\"Comunicaci\u00f3 Esplac\",\"@id\":\"https:\\\/\\\/www.esplac.cat\\\/#\\\/schema\\\/person\\\/908383cf240be18b68f8855d0583faca\"},\"headline\":\"Bona pr\u00e0ctica: els esplais &#8216;es tanquen&#8217; per organitzar-se\",\"datePublished\":\"2015-10-07T14:38:13+00:00\",\"mainEntityOfPage\":{\"@id\":\"https:\\\/\\\/www.esplac.cat\\\/bona-practica-els-esplais-es-tanquen-per-organitzar-se\\\/\"},\"wordCount\":643,\"commentCount\":0,\"publisher\":{\"@id\":\"https:\\\/\\\/www.esplac.cat\\\/#organization\"},\"image\":{\"@id\":\"https:\\\/\\\/www.esplac.cat\\\/bona-practica-els-esplais-es-tanquen-per-organitzar-se\\\/#primaryimage\"},\"thumbnailUrl\":\"https:\\\/\\\/www.esplac.cat\\\/wp-content\\\/uploads\\\/2015\\\/10\\\/20151006_BP-tancades.jpg\",\"keywords\":[\"banc de recursos\",\"bones pr\u00e0ctiques\",\"Encerta-la\",\"Esplai La Tribu\",\"Esplaipolis\",\"nou curs\",\"tancada\"],\"articleSection\":[\"Bones pr\u00e0ctiques\",\"Sense categoria\"],\"inLanguage\":\"en-US\",\"potentialAction\":[{\"@type\":\"CommentAction\",\"name\":\"Comment\",\"target\":[\"https:\\\/\\\/www.esplac.cat\\\/bona-practica-els-esplais-es-tanquen-per-organitzar-se\\\/#respond\"]}]},{\"@type\":\"WebPage\",\"@id\":\"https:\\\/\\\/www.esplac.cat\\\/bona-practica-els-esplais-es-tanquen-per-organitzar-se\\\/\",\"url\":\"https:\\\/\\\/www.esplac.cat\\\/bona-practica-els-esplais-es-tanquen-per-organitzar-se\\\/\",\"name\":\"Bona pr\u00e0ctica: els esplais 'es tanquen' per organitzar-se - Esplac\",\"isPartOf\":{\"@id\":\"https:\\\/\\\/www.esplac.cat\\\/#website\"},\"primaryImageOfPage\":{\"@id\":\"https:\\\/\\\/www.esplac.cat\\\/bona-practica-els-esplais-es-tanquen-per-organitzar-se\\\/#primaryimage\"},\"image\":{\"@id\":\"https:\\\/\\\/www.esplac.cat\\\/bona-practica-els-esplais-es-tanquen-per-organitzar-se\\\/#primaryimage\"},\"thumbnailUrl\":\"https:\\\/\\\/www.esplac.cat\\\/wp-content\\\/uploads\\\/2015\\\/10\\\/20151006_BP-tancades.jpg\",\"datePublished\":\"2015-10-07T14:38:13+00:00\",\"breadcrumb\":{\"@id\":\"https:\\\/\\\/www.esplac.cat\\\/bona-practica-els-esplais-es-tanquen-per-organitzar-se\\\/#breadcrumb\"},\"inLanguage\":\"en-US\",\"potentialAction\":[{\"@type\":\"ReadAction\",\"target\":[\"https:\\\/\\\/www.esplac.cat\\\/bona-practica-els-esplais-es-tanquen-per-organitzar-se\\\/\"]}]},{\"@type\":\"ImageObject\",\"inLanguage\":\"en-US\",\"@id\":\"https:\\\/\\\/www.esplac.cat\\\/bona-practica-els-esplais-es-tanquen-per-organitzar-se\\\/#primaryimage\",\"url\":\"https:\\\/\\\/www.esplac.cat\\\/wp-content\\\/uploads\\\/2015\\\/10\\\/20151006_BP-tancades.jpg\",\"contentUrl\":\"https:\\\/\\\/www.esplac.cat\\\/wp-content\\\/uploads\\\/2015\\\/10\\\/20151006_BP-tancades.jpg\",\"width\":847,\"height\":350},{\"@type\":\"BreadcrumbList\",\"@id\":\"https:\\\/\\\/www.esplac.cat\\\/bona-practica-els-esplais-es-tanquen-per-organitzar-se\\\/#breadcrumb\",\"itemListElement\":[{\"@type\":\"ListItem\",\"position\":1,\"name\":\"Inici\",\"item\":\"https:\\\/\\\/www.esplac.cat\\\/en\\\/\"},{\"@type\":\"ListItem\",\"position\":2,\"name\":\"Bona pr\u00e0ctica: els esplais &#8216;es tanquen&#8217; per organitzar-se\"}]},{\"@type\":\"WebSite\",\"@id\":\"https:\\\/\\\/www.esplac.cat\\\/#website\",\"url\":\"https:\\\/\\\/www.esplac.cat\\\/\",\"name\":\"Esplac\",\"description\":\"Esplais Catalans\",\"publisher\":{\"@id\":\"https:\\\/\\\/www.esplac.cat\\\/#organization\"},\"potentialAction\":[{\"@type\":\"SearchAction\",\"target\":{\"@type\":\"EntryPoint\",\"urlTemplate\":\"https:\\\/\\\/www.esplac.cat\\\/?s={search_term_string}\"},\"query-input\":{\"@type\":\"PropertyValueSpecification\",\"valueRequired\":true,\"valueName\":\"search_term_string\"}}],\"inLanguage\":\"en-US\"},{\"@type\":\"Organization\",\"@id\":\"https:\\\/\\\/www.esplac.cat\\\/#organization\",\"name\":\"Esplac\",\"url\":\"https:\\\/\\\/www.esplac.cat\\\/\",\"logo\":{\"@type\":\"ImageObject\",\"inLanguage\":\"en-US\",\"@id\":\"https:\\\/\\\/www.esplac.cat\\\/#\\\/schema\\\/logo\\\/image\\\/\",\"url\":\"https:\\\/\\\/www.esplac.cat\\\/wp-content\\\/uploads\\\/2019\\\/08\\\/logox2.png\",\"contentUrl\":\"https:\\\/\\\/www.esplac.cat\\\/wp-content\\\/uploads\\\/2019\\\/08\\\/logox2.png\",\"width\":600,\"height\":295,\"caption\":\"Esplac\"},\"image\":{\"@id\":\"https:\\\/\\\/www.esplac.cat\\\/#\\\/schema\\\/logo\\\/image\\\/\"}},{\"@type\":\"Person\",\"@id\":\"https:\\\/\\\/www.esplac.cat\\\/#\\\/schema\\\/person\\\/908383cf240be18b68f8855d0583faca\",\"name\":\"Comunicaci\u00f3 Esplac\",\"image\":{\"@type\":\"ImageObject\",\"inLanguage\":\"en-US\",\"@id\":\"https:\\\/\\\/secure.gravatar.com\\\/avatar\\\/7a4cf8feb412a76ea4a740ca02d95b06b2907b5a6c648c2dd0a1082a093c3141?s=96&d=mm&r=g\",\"url\":\"https:\\\/\\\/secure.gravatar.com\\\/avatar\\\/7a4cf8feb412a76ea4a740ca02d95b06b2907b5a6c648c2dd0a1082a093c3141?s=96&d=mm&r=g\",\"contentUrl\":\"https:\\\/\\\/secure.gravatar.com\\\/avatar\\\/7a4cf8feb412a76ea4a740ca02d95b06b2907b5a6c648c2dd0a1082a093c3141?s=96&d=mm&r=g\",\"caption\":\"Comunicaci\u00f3 Esplac\"}}]}<\/script>\n<!-- \/ Yoast SEO plugin. -->","yoast_head_json":{"title":"Bona pr\u00e0ctica: els esplais 'es tanquen' per organitzar-se - Esplac","robots":{"index":"index","follow":"follow","max-snippet":"max-snippet:-1","max-image-preview":"max-image-preview:large","max-video-preview":"max-video-preview:-1"},"canonical":"https:\/\/www.esplac.cat\/bona-practica-els-esplais-es-tanquen-per-organitzar-se\/","og_locale":"en_US","og_type":"article","og_title":"Bona pr\u00e0ctica: els esplais 'es tanquen' per organitzar-se - Esplac","og_description":"Un cop hem pa\u00eft totes les emocions i experi\u00e8ncies dels [&hellip;]","og_url":"https:\/\/www.esplac.cat\/bona-practica-els-esplais-es-tanquen-per-organitzar-se\/","og_site_name":"Esplac","article_published_time":"2015-10-07T14:38:13+00:00","og_image":[{"width":847,"height":350,"url":"https:\/\/www.esplac.cat\/wp-content\/uploads\/2015\/10\/20151006_BP-tancades.jpg","type":"image\/jpeg"}],"author":"Comunicaci\u00f3 Esplac","twitter_card":"summary_large_image","twitter_misc":{"Written by":"Comunicaci\u00f3 Esplac","Est. reading time":"3 minutes"},"schema":{"@context":"https:\/\/schema.org","@graph":[{"@type":"Article","@id":"https:\/\/www.esplac.cat\/bona-practica-els-esplais-es-tanquen-per-organitzar-se\/#article","isPartOf":{"@id":"https:\/\/www.esplac.cat\/bona-practica-els-esplais-es-tanquen-per-organitzar-se\/"},"author":{"name":"Comunicaci\u00f3 Esplac","@id":"https:\/\/www.esplac.cat\/#\/schema\/person\/908383cf240be18b68f8855d0583faca"},"headline":"Bona pr\u00e0ctica: els esplais &#8216;es tanquen&#8217; per organitzar-se","datePublished":"2015-10-07T14:38:13+00:00","mainEntityOfPage":{"@id":"https:\/\/www.esplac.cat\/bona-practica-els-esplais-es-tanquen-per-organitzar-se\/"},"wordCount":643,"commentCount":0,"publisher":{"@id":"https:\/\/www.esplac.cat\/#organization"},"image":{"@id":"https:\/\/www.esplac.cat\/bona-practica-els-esplais-es-tanquen-per-organitzar-se\/#primaryimage"},"thumbnailUrl":"https:\/\/www.esplac.cat\/wp-content\/uploads\/2015\/10\/20151006_BP-tancades.jpg","keywords":["banc de recursos","bones pr\u00e0ctiques","Encerta-la","Esplai La Tribu","Esplaipolis","nou curs","tancada"],"articleSection":["Bones pr\u00e0ctiques","Sense categoria"],"inLanguage":"en-US","potentialAction":[{"@type":"CommentAction","name":"Comment","target":["https:\/\/www.esplac.cat\/bona-practica-els-esplais-es-tanquen-per-organitzar-se\/#respond"]}]},{"@type":"WebPage","@id":"https:\/\/www.esplac.cat\/bona-practica-els-esplais-es-tanquen-per-organitzar-se\/","url":"https:\/\/www.esplac.cat\/bona-practica-els-esplais-es-tanquen-per-organitzar-se\/","name":"Bona pr\u00e0ctica: els esplais 'es tanquen' per organitzar-se - Esplac","isPartOf":{"@id":"https:\/\/www.esplac.cat\/#website"},"primaryImageOfPage":{"@id":"https:\/\/www.esplac.cat\/bona-practica-els-esplais-es-tanquen-per-organitzar-se\/#primaryimage"},"image":{"@id":"https:\/\/www.esplac.cat\/bona-practica-els-esplais-es-tanquen-per-organitzar-se\/#primaryimage"},"thumbnailUrl":"https:\/\/www.esplac.cat\/wp-content\/uploads\/2015\/10\/20151006_BP-tancades.jpg","datePublished":"2015-10-07T14:38:13+00:00","breadcrumb":{"@id":"https:\/\/www.esplac.cat\/bona-practica-els-esplais-es-tanquen-per-organitzar-se\/#breadcrumb"},"inLanguage":"en-US","potentialAction":[{"@type":"ReadAction","target":["https:\/\/www.esplac.cat\/bona-practica-els-esplais-es-tanquen-per-organitzar-se\/"]}]},{"@type":"ImageObject","inLanguage":"en-US","@id":"https:\/\/www.esplac.cat\/bona-practica-els-esplais-es-tanquen-per-organitzar-se\/#primaryimage","url":"https:\/\/www.esplac.cat\/wp-content\/uploads\/2015\/10\/20151006_BP-tancades.jpg","contentUrl":"https:\/\/www.esplac.cat\/wp-content\/uploads\/2015\/10\/20151006_BP-tancades.jpg","width":847,"height":350},{"@type":"BreadcrumbList","@id":"https:\/\/www.esplac.cat\/bona-practica-els-esplais-es-tanquen-per-organitzar-se\/#breadcrumb","itemListElement":[{"@type":"ListItem","position":1,"name":"Inici","item":"https:\/\/www.esplac.cat\/en\/"},{"@type":"ListItem","position":2,"name":"Bona pr\u00e0ctica: els esplais &#8216;es tanquen&#8217; per organitzar-se"}]},{"@type":"WebSite","@id":"https:\/\/www.esplac.cat\/#website","url":"https:\/\/www.esplac.cat\/","name":"Esplac","description":"Esplais Catalans","publisher":{"@id":"https:\/\/www.esplac.cat\/#organization"},"potentialAction":[{"@type":"SearchAction","target":{"@type":"EntryPoint","urlTemplate":"https:\/\/www.esplac.cat\/?s={search_term_string}"},"query-input":{"@type":"PropertyValueSpecification","valueRequired":true,"valueName":"search_term_string"}}],"inLanguage":"en-US"},{"@type":"Organization","@id":"https:\/\/www.esplac.cat\/#organization","name":"Esplac","url":"https:\/\/www.esplac.cat\/","logo":{"@type":"ImageObject","inLanguage":"en-US","@id":"https:\/\/www.esplac.cat\/#\/schema\/logo\/image\/","url":"https:\/\/www.esplac.cat\/wp-content\/uploads\/2019\/08\/logox2.png","contentUrl":"https:\/\/www.esplac.cat\/wp-content\/uploads\/2019\/08\/logox2.png","width":600,"height":295,"caption":"Esplac"},"image":{"@id":"https:\/\/www.esplac.cat\/#\/schema\/logo\/image\/"}},{"@type":"Person","@id":"https:\/\/www.esplac.cat\/#\/schema\/person\/908383cf240be18b68f8855d0583faca","name":"Comunicaci\u00f3 Esplac","image":{"@type":"ImageObject","inLanguage":"en-US","@id":"https:\/\/secure.gravatar.com\/avatar\/7a4cf8feb412a76ea4a740ca02d95b06b2907b5a6c648c2dd0a1082a093c3141?s=96&d=mm&r=g","url":"https:\/\/secure.gravatar.com\/avatar\/7a4cf8feb412a76ea4a740ca02d95b06b2907b5a6c648c2dd0a1082a093c3141?s=96&d=mm&r=g","contentUrl":"https:\/\/secure.gravatar.com\/avatar\/7a4cf8feb412a76ea4a740ca02d95b06b2907b5a6c648c2dd0a1082a093c3141?s=96&d=mm&r=g","caption":"Comunicaci\u00f3 Esplac"}}]}},"_links":{"self":[{"href":"https:\/\/www.esplac.cat\/en\/wp-json\/wp\/v2\/posts\/25549","targetHints":{"allow":["GET"]}}],"collection":[{"href":"https:\/\/www.esplac.cat\/en\/wp-json\/wp\/v2\/posts"}],"about":[{"href":"https:\/\/www.esplac.cat\/en\/wp-json\/wp\/v2\/types\/post"}],"author":[{"embeddable":true,"href":"https:\/\/www.esplac.cat\/en\/wp-json\/wp\/v2\/users\/3"}],"replies":[{"embeddable":true,"href":"https:\/\/www.esplac.cat\/en\/wp-json\/wp\/v2\/comments?post=25549"}],"version-history":[{"count":0,"href":"https:\/\/www.esplac.cat\/en\/wp-json\/wp\/v2\/posts\/25549\/revisions"}],"wp:featuredmedia":[{"embeddable":true,"href":"https:\/\/www.esplac.cat\/en\/wp-json\/wp\/v2\/media\/25550"}],"wp:attachment":[{"href":"https:\/\/www.esplac.cat\/en\/wp-json\/wp\/v2\/media?parent=25549"}],"wp:term":[{"taxonomy":"category","embeddable":true,"href":"https:\/\/www.esplac.cat\/en\/wp-json\/wp\/v2\/categories?post=25549"},{"taxonomy":"post_tag","embeddable":true,"href":"https:\/\/www.esplac.cat\/en\/wp-json\/wp\/v2\/tags?post=25549"}],"curies":[{"name":"wp","href":"https:\/\/api.w.org\/{rel}","templated":true}]}}