{"id":25553,"date":"2015-09-28T19:01:52","date_gmt":"2015-09-28T17:01:52","guid":{"rendered":"http:\/\/esplac.cat\/?p=7014"},"modified":"2020-12-23T11:17:51","modified_gmt":"2020-12-23T10:17:51","slug":"publiquem-el-decaleg-de-participacio-infantil-desplais-catalans","status":"publish","type":"post","link":"https:\/\/www.esplac.cat\/en\/publiquem-el-decaleg-de-participacio-infantil-desplais-catalans\/","title":{"rendered":"Publiquem el Dec\u00e0leg de Participaci\u00f3 Infantil d&#8217;Esplais Catalans"},"content":{"rendered":"<p>La participaci\u00f3 infantil \u00e9s un dels\u00a0pilars fonamentals del projecte educatiu dels esplais. Durant l&#8217;Esplaiada de Llagostera ja vam treballar diversos aspectes d&#8217;aquesta participaci\u00f3, recollits dins del lema <strong>#tenimveu<\/strong> i, ara, fem un pas m\u00e9s amb la presentaci\u00f3 del Dec\u00e0leg de Participaci\u00f3 Infantil d&#8217;Esplais Catalans, que porta per t\u00edtol &#8220;Dret a participar&#8221;.<\/p>\n<p>Aquest recurs us donar\u00e0\u00a0diversos consells i explicacions agrupats en 10 idees, que resumeixen tant all\u00f2 que s&#8217;ent\u00e9n per participaci\u00f3 com la manera d&#8217;aconseguir que els infants de l&#8217;esplai coneguin aquest dret i en facin \u00fas.<\/p>\n<p>Aqu\u00ed a sota podeu clicar i llegir el dec\u00e0leg! Durant aquesta setmana el tindreu tamb\u00e9 disponible al Banc de Recursos.<\/p>\n<p><iframe src=\"\/\/e.issuu.com\/embed.html#4647276\/30347088\" width=\"386\" height=\"550\" frameborder=\"0\" allowfullscreen=\"allowfullscreen\"><\/iframe><\/p>\n","protected":false},"excerpt":{"rendered":"<p>La participaci\u00f3 infantil \u00e9s un dels\u00a0pilars fonamentals del projecte educatiu [&hellip;]<\/p>\n","protected":false},"author":3,"featured_media":25554,"comment_status":"open","ping_status":"open","sticky":false,"template":"","format":"standard","meta":{"om_disable_all_campaigns":false,"_monsterinsights_skip_tracking":false,"_monsterinsights_sitenote_active":false,"_monsterinsights_sitenote_note":"","_monsterinsights_sitenote_category":0,"_uf_show_specific_survey":0,"_uf_disable_surveys":false,"footnotes":""},"categories":[1163,1114],"tags":[452,566,567,377],"class_list":["post-25553","post","type-post","status-publish","format-standard","has-post-thumbnail","hentry","category-protocol","category-recursos","tag-tenimveu","tag-decaleg","tag-dret-a-participar","tag-participacio-infantil"],"yoast_head":"<!-- This site is optimized with the Yoast SEO plugin v27.4 - https:\/\/yoast.com\/product\/yoast-seo-wordpress\/ -->\n<title>Publiquem el Dec\u00e0leg de Participaci\u00f3 Infantil d&#039;Esplais Catalans - Esplac<\/title>\n<meta name=\"robots\" content=\"index, follow, max-snippet:-1, max-image-preview:large, max-video-preview:-1\" \/>\n<link rel=\"canonical\" href=\"https:\/\/www.esplac.cat\/publiquem-el-decaleg-de-participacio-infantil-desplais-catalans\/\" \/>\n<meta property=\"og:locale\" content=\"en_US\" \/>\n<meta property=\"og:type\" content=\"article\" \/>\n<meta property=\"og:title\" content=\"Publiquem el Dec\u00e0leg de Participaci\u00f3 Infantil d&#039;Esplais Catalans - Esplac\" \/>\n<meta property=\"og:description\" content=\"La participaci\u00f3 infantil \u00e9s un dels\u00a0pilars fonamentals del projecte educatiu [&hellip;]\" \/>\n<meta property=\"og:url\" content=\"https:\/\/www.esplac.cat\/publiquem-el-decaleg-de-participacio-infantil-desplais-catalans\/\" \/>\n<meta property=\"og:site_name\" content=\"Esplac\" \/>\n<meta property=\"article:published_time\" content=\"2015-09-28T17:01:52+00:00\" \/>\n<meta property=\"article:modified_time\" content=\"2020-12-23T10:17:51+00:00\" \/>\n<meta property=\"og:image\" content=\"https:\/\/www.esplac.cat\/wp-content\/uploads\/2015\/09\/20150928_declaeg_PI.jpg\" \/>\n\t<meta property=\"og:image:width\" content=\"847\" \/>\n\t<meta property=\"og:image:height\" content=\"350\" \/>\n\t<meta property=\"og:image:type\" content=\"image\/jpeg\" \/>\n<meta name=\"author\" content=\"Comunicaci\u00f3 Esplac\" \/>\n<meta name=\"twitter:card\" content=\"summary_large_image\" \/>\n<meta name=\"twitter:label1\" content=\"Written by\" \/>\n\t<meta name=\"twitter:data1\" content=\"Comunicaci\u00f3 Esplac\" \/>\n\t<meta name=\"twitter:label2\" content=\"Est. reading time\" \/>\n\t<meta name=\"twitter:data2\" content=\"1 minute\" \/>\n<script type=\"application\/ld+json\" class=\"yoast-schema-graph\">{\"@context\":\"https:\\\/\\\/schema.org\",\"@graph\":[{\"@type\":\"Article\",\"@id\":\"https:\\\/\\\/www.esplac.cat\\\/publiquem-el-decaleg-de-participacio-infantil-desplais-catalans\\\/#article\",\"isPartOf\":{\"@id\":\"https:\\\/\\\/www.esplac.cat\\\/publiquem-el-decaleg-de-participacio-infantil-desplais-catalans\\\/\"},\"author\":{\"name\":\"Comunicaci\u00f3 Esplac\",\"@id\":\"https:\\\/\\\/www.esplac.cat\\\/#\\\/schema\\\/person\\\/908383cf240be18b68f8855d0583faca\"},\"headline\":\"Publiquem el Dec\u00e0leg de Participaci\u00f3 Infantil d&#8217;Esplais Catalans\",\"datePublished\":\"2015-09-28T17:01:52+00:00\",\"dateModified\":\"2020-12-23T10:17:51+00:00\",\"mainEntityOfPage\":{\"@id\":\"https:\\\/\\\/www.esplac.cat\\\/publiquem-el-decaleg-de-participacio-infantil-desplais-catalans\\\/\"},\"wordCount\":128,\"commentCount\":0,\"publisher\":{\"@id\":\"https:\\\/\\\/www.esplac.cat\\\/#organization\"},\"image\":{\"@id\":\"https:\\\/\\\/www.esplac.cat\\\/publiquem-el-decaleg-de-participacio-infantil-desplais-catalans\\\/#primaryimage\"},\"thumbnailUrl\":\"https:\\\/\\\/www.esplac.cat\\\/wp-content\\\/uploads\\\/2015\\\/09\\\/20150928_declaeg_PI.jpg\",\"keywords\":[\"#tenimveu\",\"dec\u00e0leg\",\"Dret a participar\",\"participaci\u00f3 infantil\"],\"articleSection\":[\"Protocol\",\"Recursos\"],\"inLanguage\":\"en-US\",\"potentialAction\":[{\"@type\":\"CommentAction\",\"name\":\"Comment\",\"target\":[\"https:\\\/\\\/www.esplac.cat\\\/publiquem-el-decaleg-de-participacio-infantil-desplais-catalans\\\/#respond\"]}]},{\"@type\":\"WebPage\",\"@id\":\"https:\\\/\\\/www.esplac.cat\\\/publiquem-el-decaleg-de-participacio-infantil-desplais-catalans\\\/\",\"url\":\"https:\\\/\\\/www.esplac.cat\\\/publiquem-el-decaleg-de-participacio-infantil-desplais-catalans\\\/\",\"name\":\"Publiquem el Dec\u00e0leg de Participaci\u00f3 Infantil d'Esplais Catalans - Esplac\",\"isPartOf\":{\"@id\":\"https:\\\/\\\/www.esplac.cat\\\/#website\"},\"primaryImageOfPage\":{\"@id\":\"https:\\\/\\\/www.esplac.cat\\\/publiquem-el-decaleg-de-participacio-infantil-desplais-catalans\\\/#primaryimage\"},\"image\":{\"@id\":\"https:\\\/\\\/www.esplac.cat\\\/publiquem-el-decaleg-de-participacio-infantil-desplais-catalans\\\/#primaryimage\"},\"thumbnailUrl\":\"https:\\\/\\\/www.esplac.cat\\\/wp-content\\\/uploads\\\/2015\\\/09\\\/20150928_declaeg_PI.jpg\",\"datePublished\":\"2015-09-28T17:01:52+00:00\",\"dateModified\":\"2020-12-23T10:17:51+00:00\",\"breadcrumb\":{\"@id\":\"https:\\\/\\\/www.esplac.cat\\\/publiquem-el-decaleg-de-participacio-infantil-desplais-catalans\\\/#breadcrumb\"},\"inLanguage\":\"en-US\",\"potentialAction\":[{\"@type\":\"ReadAction\",\"target\":[\"https:\\\/\\\/www.esplac.cat\\\/publiquem-el-decaleg-de-participacio-infantil-desplais-catalans\\\/\"]}]},{\"@type\":\"ImageObject\",\"inLanguage\":\"en-US\",\"@id\":\"https:\\\/\\\/www.esplac.cat\\\/publiquem-el-decaleg-de-participacio-infantil-desplais-catalans\\\/#primaryimage\",\"url\":\"https:\\\/\\\/www.esplac.cat\\\/wp-content\\\/uploads\\\/2015\\\/09\\\/20150928_declaeg_PI.jpg\",\"contentUrl\":\"https:\\\/\\\/www.esplac.cat\\\/wp-content\\\/uploads\\\/2015\\\/09\\\/20150928_declaeg_PI.jpg\",\"width\":847,\"height\":350},{\"@type\":\"BreadcrumbList\",\"@id\":\"https:\\\/\\\/www.esplac.cat\\\/publiquem-el-decaleg-de-participacio-infantil-desplais-catalans\\\/#breadcrumb\",\"itemListElement\":[{\"@type\":\"ListItem\",\"position\":1,\"name\":\"Inici\",\"item\":\"https:\\\/\\\/www.esplac.cat\\\/en\\\/\"},{\"@type\":\"ListItem\",\"position\":2,\"name\":\"Publiquem el Dec\u00e0leg de Participaci\u00f3 Infantil d&#8217;Esplais Catalans\"}]},{\"@type\":\"WebSite\",\"@id\":\"https:\\\/\\\/www.esplac.cat\\\/#website\",\"url\":\"https:\\\/\\\/www.esplac.cat\\\/\",\"name\":\"Esplac\",\"description\":\"Esplais Catalans\",\"publisher\":{\"@id\":\"https:\\\/\\\/www.esplac.cat\\\/#organization\"},\"potentialAction\":[{\"@type\":\"SearchAction\",\"target\":{\"@type\":\"EntryPoint\",\"urlTemplate\":\"https:\\\/\\\/www.esplac.cat\\\/?s={search_term_string}\"},\"query-input\":{\"@type\":\"PropertyValueSpecification\",\"valueRequired\":true,\"valueName\":\"search_term_string\"}}],\"inLanguage\":\"en-US\"},{\"@type\":\"Organization\",\"@id\":\"https:\\\/\\\/www.esplac.cat\\\/#organization\",\"name\":\"Esplac\",\"url\":\"https:\\\/\\\/www.esplac.cat\\\/\",\"logo\":{\"@type\":\"ImageObject\",\"inLanguage\":\"en-US\",\"@id\":\"https:\\\/\\\/www.esplac.cat\\\/#\\\/schema\\\/logo\\\/image\\\/\",\"url\":\"https:\\\/\\\/www.esplac.cat\\\/wp-content\\\/uploads\\\/2019\\\/08\\\/logox2.png\",\"contentUrl\":\"https:\\\/\\\/www.esplac.cat\\\/wp-content\\\/uploads\\\/2019\\\/08\\\/logox2.png\",\"width\":600,\"height\":295,\"caption\":\"Esplac\"},\"image\":{\"@id\":\"https:\\\/\\\/www.esplac.cat\\\/#\\\/schema\\\/logo\\\/image\\\/\"}},{\"@type\":\"Person\",\"@id\":\"https:\\\/\\\/www.esplac.cat\\\/#\\\/schema\\\/person\\\/908383cf240be18b68f8855d0583faca\",\"name\":\"Comunicaci\u00f3 Esplac\",\"image\":{\"@type\":\"ImageObject\",\"inLanguage\":\"en-US\",\"@id\":\"https:\\\/\\\/secure.gravatar.com\\\/avatar\\\/7a4cf8feb412a76ea4a740ca02d95b06b2907b5a6c648c2dd0a1082a093c3141?s=96&d=mm&r=g\",\"url\":\"https:\\\/\\\/secure.gravatar.com\\\/avatar\\\/7a4cf8feb412a76ea4a740ca02d95b06b2907b5a6c648c2dd0a1082a093c3141?s=96&d=mm&r=g\",\"contentUrl\":\"https:\\\/\\\/secure.gravatar.com\\\/avatar\\\/7a4cf8feb412a76ea4a740ca02d95b06b2907b5a6c648c2dd0a1082a093c3141?s=96&d=mm&r=g\",\"caption\":\"Comunicaci\u00f3 Esplac\"}}]}<\/script>\n<!-- \/ Yoast SEO plugin. -->","yoast_head_json":{"title":"Publiquem el Dec\u00e0leg de Participaci\u00f3 Infantil d'Esplais Catalans - Esplac","robots":{"index":"index","follow":"follow","max-snippet":"max-snippet:-1","max-image-preview":"max-image-preview:large","max-video-preview":"max-video-preview:-1"},"canonical":"https:\/\/www.esplac.cat\/publiquem-el-decaleg-de-participacio-infantil-desplais-catalans\/","og_locale":"en_US","og_type":"article","og_title":"Publiquem el Dec\u00e0leg de Participaci\u00f3 Infantil d'Esplais Catalans - Esplac","og_description":"La participaci\u00f3 infantil \u00e9s un dels\u00a0pilars fonamentals del projecte educatiu [&hellip;]","og_url":"https:\/\/www.esplac.cat\/publiquem-el-decaleg-de-participacio-infantil-desplais-catalans\/","og_site_name":"Esplac","article_published_time":"2015-09-28T17:01:52+00:00","article_modified_time":"2020-12-23T10:17:51+00:00","og_image":[{"width":847,"height":350,"url":"https:\/\/www.esplac.cat\/wp-content\/uploads\/2015\/09\/20150928_declaeg_PI.jpg","type":"image\/jpeg"}],"author":"Comunicaci\u00f3 Esplac","twitter_card":"summary_large_image","twitter_misc":{"Written by":"Comunicaci\u00f3 Esplac","Est. reading time":"1 minute"},"schema":{"@context":"https:\/\/schema.org","@graph":[{"@type":"Article","@id":"https:\/\/www.esplac.cat\/publiquem-el-decaleg-de-participacio-infantil-desplais-catalans\/#article","isPartOf":{"@id":"https:\/\/www.esplac.cat\/publiquem-el-decaleg-de-participacio-infantil-desplais-catalans\/"},"author":{"name":"Comunicaci\u00f3 Esplac","@id":"https:\/\/www.esplac.cat\/#\/schema\/person\/908383cf240be18b68f8855d0583faca"},"headline":"Publiquem el Dec\u00e0leg de Participaci\u00f3 Infantil d&#8217;Esplais Catalans","datePublished":"2015-09-28T17:01:52+00:00","dateModified":"2020-12-23T10:17:51+00:00","mainEntityOfPage":{"@id":"https:\/\/www.esplac.cat\/publiquem-el-decaleg-de-participacio-infantil-desplais-catalans\/"},"wordCount":128,"commentCount":0,"publisher":{"@id":"https:\/\/www.esplac.cat\/#organization"},"image":{"@id":"https:\/\/www.esplac.cat\/publiquem-el-decaleg-de-participacio-infantil-desplais-catalans\/#primaryimage"},"thumbnailUrl":"https:\/\/www.esplac.cat\/wp-content\/uploads\/2015\/09\/20150928_declaeg_PI.jpg","keywords":["#tenimveu","dec\u00e0leg","Dret a participar","participaci\u00f3 infantil"],"articleSection":["Protocol","Recursos"],"inLanguage":"en-US","potentialAction":[{"@type":"CommentAction","name":"Comment","target":["https:\/\/www.esplac.cat\/publiquem-el-decaleg-de-participacio-infantil-desplais-catalans\/#respond"]}]},{"@type":"WebPage","@id":"https:\/\/www.esplac.cat\/publiquem-el-decaleg-de-participacio-infantil-desplais-catalans\/","url":"https:\/\/www.esplac.cat\/publiquem-el-decaleg-de-participacio-infantil-desplais-catalans\/","name":"Publiquem el Dec\u00e0leg de Participaci\u00f3 Infantil d'Esplais Catalans - Esplac","isPartOf":{"@id":"https:\/\/www.esplac.cat\/#website"},"primaryImageOfPage":{"@id":"https:\/\/www.esplac.cat\/publiquem-el-decaleg-de-participacio-infantil-desplais-catalans\/#primaryimage"},"image":{"@id":"https:\/\/www.esplac.cat\/publiquem-el-decaleg-de-participacio-infantil-desplais-catalans\/#primaryimage"},"thumbnailUrl":"https:\/\/www.esplac.cat\/wp-content\/uploads\/2015\/09\/20150928_declaeg_PI.jpg","datePublished":"2015-09-28T17:01:52+00:00","dateModified":"2020-12-23T10:17:51+00:00","breadcrumb":{"@id":"https:\/\/www.esplac.cat\/publiquem-el-decaleg-de-participacio-infantil-desplais-catalans\/#breadcrumb"},"inLanguage":"en-US","potentialAction":[{"@type":"ReadAction","target":["https:\/\/www.esplac.cat\/publiquem-el-decaleg-de-participacio-infantil-desplais-catalans\/"]}]},{"@type":"ImageObject","inLanguage":"en-US","@id":"https:\/\/www.esplac.cat\/publiquem-el-decaleg-de-participacio-infantil-desplais-catalans\/#primaryimage","url":"https:\/\/www.esplac.cat\/wp-content\/uploads\/2015\/09\/20150928_declaeg_PI.jpg","contentUrl":"https:\/\/www.esplac.cat\/wp-content\/uploads\/2015\/09\/20150928_declaeg_PI.jpg","width":847,"height":350},{"@type":"BreadcrumbList","@id":"https:\/\/www.esplac.cat\/publiquem-el-decaleg-de-participacio-infantil-desplais-catalans\/#breadcrumb","itemListElement":[{"@type":"ListItem","position":1,"name":"Inici","item":"https:\/\/www.esplac.cat\/en\/"},{"@type":"ListItem","position":2,"name":"Publiquem el Dec\u00e0leg de Participaci\u00f3 Infantil d&#8217;Esplais Catalans"}]},{"@type":"WebSite","@id":"https:\/\/www.esplac.cat\/#website","url":"https:\/\/www.esplac.cat\/","name":"Esplac","description":"Esplais Catalans","publisher":{"@id":"https:\/\/www.esplac.cat\/#organization"},"potentialAction":[{"@type":"SearchAction","target":{"@type":"EntryPoint","urlTemplate":"https:\/\/www.esplac.cat\/?s={search_term_string}"},"query-input":{"@type":"PropertyValueSpecification","valueRequired":true,"valueName":"search_term_string"}}],"inLanguage":"en-US"},{"@type":"Organization","@id":"https:\/\/www.esplac.cat\/#organization","name":"Esplac","url":"https:\/\/www.esplac.cat\/","logo":{"@type":"ImageObject","inLanguage":"en-US","@id":"https:\/\/www.esplac.cat\/#\/schema\/logo\/image\/","url":"https:\/\/www.esplac.cat\/wp-content\/uploads\/2019\/08\/logox2.png","contentUrl":"https:\/\/www.esplac.cat\/wp-content\/uploads\/2019\/08\/logox2.png","width":600,"height":295,"caption":"Esplac"},"image":{"@id":"https:\/\/www.esplac.cat\/#\/schema\/logo\/image\/"}},{"@type":"Person","@id":"https:\/\/www.esplac.cat\/#\/schema\/person\/908383cf240be18b68f8855d0583faca","name":"Comunicaci\u00f3 Esplac","image":{"@type":"ImageObject","inLanguage":"en-US","@id":"https:\/\/secure.gravatar.com\/avatar\/7a4cf8feb412a76ea4a740ca02d95b06b2907b5a6c648c2dd0a1082a093c3141?s=96&d=mm&r=g","url":"https:\/\/secure.gravatar.com\/avatar\/7a4cf8feb412a76ea4a740ca02d95b06b2907b5a6c648c2dd0a1082a093c3141?s=96&d=mm&r=g","contentUrl":"https:\/\/secure.gravatar.com\/avatar\/7a4cf8feb412a76ea4a740ca02d95b06b2907b5a6c648c2dd0a1082a093c3141?s=96&d=mm&r=g","caption":"Comunicaci\u00f3 Esplac"}}]}},"_links":{"self":[{"href":"https:\/\/www.esplac.cat\/en\/wp-json\/wp\/v2\/posts\/25553","targetHints":{"allow":["GET"]}}],"collection":[{"href":"https:\/\/www.esplac.cat\/en\/wp-json\/wp\/v2\/posts"}],"about":[{"href":"https:\/\/www.esplac.cat\/en\/wp-json\/wp\/v2\/types\/post"}],"author":[{"embeddable":true,"href":"https:\/\/www.esplac.cat\/en\/wp-json\/wp\/v2\/users\/3"}],"replies":[{"embeddable":true,"href":"https:\/\/www.esplac.cat\/en\/wp-json\/wp\/v2\/comments?post=25553"}],"version-history":[{"count":0,"href":"https:\/\/www.esplac.cat\/en\/wp-json\/wp\/v2\/posts\/25553\/revisions"}],"wp:featuredmedia":[{"embeddable":true,"href":"https:\/\/www.esplac.cat\/en\/wp-json\/wp\/v2\/media\/25554"}],"wp:attachment":[{"href":"https:\/\/www.esplac.cat\/en\/wp-json\/wp\/v2\/media?parent=25553"}],"wp:term":[{"taxonomy":"category","embeddable":true,"href":"https:\/\/www.esplac.cat\/en\/wp-json\/wp\/v2\/categories?post=25553"},{"taxonomy":"post_tag","embeddable":true,"href":"https:\/\/www.esplac.cat\/en\/wp-json\/wp\/v2\/tags?post=25553"}],"curies":[{"name":"wp","href":"https:\/\/api.w.org\/{rel}","templated":true}]}}