{"id":25569,"date":"2015-09-17T16:05:44","date_gmt":"2015-09-17T14:05:44","guid":{"rendered":"http:\/\/esplac.cat\/?p=6983"},"modified":"2015-09-17T16:05:44","modified_gmt":"2015-09-17T14:05:44","slug":"es-busquen-voluntaris-tecnics-per-lorganitzacio-de-lifm-camp-2016","status":"publish","type":"post","link":"https:\/\/www.esplac.cat\/en\/es-busquen-voluntaris-tecnics-per-lorganitzacio-de-lifm-camp-2016\/","title":{"rendered":"Es busquen voluntaris t\u00e8cnics per a l\u2019organitzaci\u00f3 de l\u2019IFM Camp 2016"},"content":{"rendered":"<p><span style=\"font-weight: 400;\">Fa uns mesos vam difondre la convocat\u00f2ria llan\u00e7ada per l\u2019IFM-SEI per seleccionar coordinadors i coordinadores de programa per a cadascuna de les tendes tem\u00e0tiques del IFM Camp 2016.<\/span><\/p>\n<p><span style=\"font-weight: 400;\">Com ja sabeu, l\u2019IFM Camp 2016 \u00e9s un campament internacional que tindr\u00e0 lloc a Alemanya del 23 de juliol al 5 d\u2019agost i que agrupar\u00e0\u00a0m\u00e9s de 3.000 persones pertanyents a entitats de tot el M\u00f3n.<strong> Tots els esplais d\u2019Esplac estan convidats a participar-hi, sense l\u00edmit d\u2019edat ni nombre de participants.<\/strong><\/span><span style=\"font-weight: 400;\">Podeu llegir aquesta <\/span><a href=\"http:\/\/esplac.cat\/ifm-camp-2016-ja-us-podeu-apuntar\/\"><span style=\"font-weight: 400;\">not\u00edcia amb m\u00e9s informaci\u00f3 i el formulari d\u2019inscripci\u00f3<\/span><\/a><span style=\"font-weight: 400;\"> per si us esteu pensant insciure. Hi esteu a temps fins a l\u201911 d\u2019octubre!<\/span><\/p>\n<p><span style=\"font-weight: 400;\">Cada tenda tem\u00e0tica tindr\u00e0 programades activitats i jocs en base a un dels eixos de treball de l\u2019IFM-SEI i <\/span><strong><a href=\"http:\/\/www.ifm-sei.org\/articles\/programme-coordinators\">Esplac ha estat l\u2019entitat seleccionada per a encarregar-se de la tenda sobre Drets dels Infants<\/a><\/strong><span style=\"font-weight: 400;\"><strong>.<\/strong> Visca! La responsable de coordinar la tenda ser\u00e0 l\u2019Itziar P\u00e9rez (esplai Xang\u00f3) membre de la comissi\u00f3 internacional i EGS del sector Barcelona. Si us interessa participar-hi podeu escriure-li a <strong>iperez@esplac.cat<\/strong><\/span><\/p>\n<p><span style=\"font-weight: 400;\">Per altra banda, <strong>l\u2019IFM-SEI acaba de llan\u00e7ar una altra <\/strong><\/span><strong><a href=\"http:\/\/www.ifm-sei.org\/articles\/want-to-help-1\">convocat\u00f2ria per trobar voluntaris i volunt\u00e0ries que tamb\u00e9 vulguin participar en l\u2019organitzaci\u00f3 del campament<\/a><\/strong><span style=\"font-weight: 400;\"><strong>.<\/strong> Si el que us agrada \u00e9s la log\u00edstica general, ja sigui oferint informaci\u00f3, estant a l\u2019equip de cuina, de neteja, de coordinaci\u00f3 de les zones de dormir o pel transports de materials d\u2019una banda a l\u2019altra, aquesta pot ser una bona oportunitat per vosaltres de participar activament en l\u2019organitzaci\u00f3.<\/span><\/p>\n<p><strong><a href=\"http:\/\/www.ifm-sei.org\/articles\/want-to-help-1\">Cliqueu aqu\u00ed<\/a><\/strong><span style=\"font-weight: 400;\"> per saber com podeu col\u00b7laborar.<\/span> <span style=\"font-weight: 400;\">Per a m\u00e9s dubtes o informaci\u00f3 sobre l\u2019IFM Camp, poseu-vos en contacte amb <strong>internacional@esplac.cat.<\/strong><\/span><\/p>\n","protected":false},"excerpt":{"rendered":"<p>Fa uns mesos vam difondre la convocat\u00f2ria llan\u00e7ada per l\u2019IFM-SEI [&hellip;]<\/p>\n","protected":false},"author":3,"featured_media":25570,"comment_status":"open","ping_status":"open","sticky":false,"template":"","format":"standard","meta":{"om_disable_all_campaigns":false,"_monsterinsights_skip_tracking":false,"_monsterinsights_sitenote_active":false,"_monsterinsights_sitenote_note":"","_monsterinsights_sitenote_category":0,"_uf_show_specific_survey":0,"_uf_disable_surveys":false,"footnotes":""},"categories":[1112,1],"tags":[271,45,523,109,563],"class_list":["post-25569","post","type-post","status-publish","format-standard","has-post-thumbnail","hentry","category-esplac-al-mon","category-sense-categoria","tag-alemanya","tag-drets-dels-infants","tag-ifm-camp-2016","tag-internacionalisme","tag-trobada-internacional"],"yoast_head":"<!-- This site is optimized with the Yoast SEO plugin v27.5 - https:\/\/yoast.com\/product\/yoast-seo-wordpress\/ -->\n<title>Es busquen voluntaris t\u00e8cnics per a l\u2019organitzaci\u00f3 de l\u2019IFM Camp 2016 - Esplac<\/title>\n<meta name=\"robots\" content=\"index, follow, max-snippet:-1, max-image-preview:large, max-video-preview:-1\" \/>\n<link rel=\"canonical\" href=\"https:\/\/www.esplac.cat\/es-busquen-voluntaris-tecnics-per-lorganitzacio-de-lifm-camp-2016\/\" \/>\n<meta property=\"og:locale\" content=\"en_US\" \/>\n<meta property=\"og:type\" content=\"article\" \/>\n<meta property=\"og:title\" content=\"Es busquen voluntaris t\u00e8cnics per a l\u2019organitzaci\u00f3 de l\u2019IFM Camp 2016 - Esplac\" \/>\n<meta property=\"og:description\" content=\"Fa uns mesos vam difondre la convocat\u00f2ria llan\u00e7ada per l\u2019IFM-SEI [&hellip;]\" \/>\n<meta property=\"og:url\" content=\"https:\/\/www.esplac.cat\/es-busquen-voluntaris-tecnics-per-lorganitzacio-de-lifm-camp-2016\/\" \/>\n<meta property=\"og:site_name\" content=\"Esplac\" \/>\n<meta property=\"article:published_time\" content=\"2015-09-17T14:05:44+00:00\" \/>\n<meta property=\"og:image\" content=\"https:\/\/www.esplac.cat\/wp-content\/uploads\/2015\/09\/2015_IFMCamp.jpg\" \/>\n\t<meta property=\"og:image:width\" content=\"700\" \/>\n\t<meta property=\"og:image:height\" content=\"300\" \/>\n\t<meta property=\"og:image:type\" content=\"image\/jpeg\" \/>\n<meta name=\"author\" content=\"Comunicaci\u00f3 Esplac\" \/>\n<meta name=\"twitter:card\" content=\"summary_large_image\" \/>\n<meta name=\"twitter:label1\" content=\"Written by\" \/>\n\t<meta name=\"twitter:data1\" content=\"Comunicaci\u00f3 Esplac\" \/>\n\t<meta name=\"twitter:label2\" content=\"Est. reading time\" \/>\n\t<meta name=\"twitter:data2\" content=\"1 minute\" \/>\n<script type=\"application\/ld+json\" class=\"yoast-schema-graph\">{\"@context\":\"https:\\\/\\\/schema.org\",\"@graph\":[{\"@type\":\"Article\",\"@id\":\"https:\\\/\\\/www.esplac.cat\\\/es-busquen-voluntaris-tecnics-per-lorganitzacio-de-lifm-camp-2016\\\/#article\",\"isPartOf\":{\"@id\":\"https:\\\/\\\/www.esplac.cat\\\/es-busquen-voluntaris-tecnics-per-lorganitzacio-de-lifm-camp-2016\\\/\"},\"author\":{\"name\":\"Comunicaci\u00f3 Esplac\",\"@id\":\"https:\\\/\\\/www.esplac.cat\\\/#\\\/schema\\\/person\\\/908383cf240be18b68f8855d0583faca\"},\"headline\":\"Es busquen voluntaris t\u00e8cnics per a l\u2019organitzaci\u00f3 de l\u2019IFM Camp 2016\",\"datePublished\":\"2015-09-17T14:05:44+00:00\",\"mainEntityOfPage\":{\"@id\":\"https:\\\/\\\/www.esplac.cat\\\/es-busquen-voluntaris-tecnics-per-lorganitzacio-de-lifm-camp-2016\\\/\"},\"wordCount\":306,\"commentCount\":0,\"publisher\":{\"@id\":\"https:\\\/\\\/www.esplac.cat\\\/#organization\"},\"image\":{\"@id\":\"https:\\\/\\\/www.esplac.cat\\\/es-busquen-voluntaris-tecnics-per-lorganitzacio-de-lifm-camp-2016\\\/#primaryimage\"},\"thumbnailUrl\":\"https:\\\/\\\/www.esplac.cat\\\/wp-content\\\/uploads\\\/2015\\\/09\\\/2015_IFMCamp.jpg\",\"keywords\":[\"alemanya\",\"drets dels infants\",\"IFM Camp 2016\",\"internacionalisme\",\"trobada internacional\"],\"articleSection\":[\"Esplac al m\u00f3n\",\"Sense categoria\"],\"inLanguage\":\"en-US\",\"potentialAction\":[{\"@type\":\"CommentAction\",\"name\":\"Comment\",\"target\":[\"https:\\\/\\\/www.esplac.cat\\\/es-busquen-voluntaris-tecnics-per-lorganitzacio-de-lifm-camp-2016\\\/#respond\"]}]},{\"@type\":\"WebPage\",\"@id\":\"https:\\\/\\\/www.esplac.cat\\\/es-busquen-voluntaris-tecnics-per-lorganitzacio-de-lifm-camp-2016\\\/\",\"url\":\"https:\\\/\\\/www.esplac.cat\\\/es-busquen-voluntaris-tecnics-per-lorganitzacio-de-lifm-camp-2016\\\/\",\"name\":\"Es busquen voluntaris t\u00e8cnics per a l\u2019organitzaci\u00f3 de l\u2019IFM Camp 2016 - Esplac\",\"isPartOf\":{\"@id\":\"https:\\\/\\\/www.esplac.cat\\\/#website\"},\"primaryImageOfPage\":{\"@id\":\"https:\\\/\\\/www.esplac.cat\\\/es-busquen-voluntaris-tecnics-per-lorganitzacio-de-lifm-camp-2016\\\/#primaryimage\"},\"image\":{\"@id\":\"https:\\\/\\\/www.esplac.cat\\\/es-busquen-voluntaris-tecnics-per-lorganitzacio-de-lifm-camp-2016\\\/#primaryimage\"},\"thumbnailUrl\":\"https:\\\/\\\/www.esplac.cat\\\/wp-content\\\/uploads\\\/2015\\\/09\\\/2015_IFMCamp.jpg\",\"datePublished\":\"2015-09-17T14:05:44+00:00\",\"breadcrumb\":{\"@id\":\"https:\\\/\\\/www.esplac.cat\\\/es-busquen-voluntaris-tecnics-per-lorganitzacio-de-lifm-camp-2016\\\/#breadcrumb\"},\"inLanguage\":\"en-US\",\"potentialAction\":[{\"@type\":\"ReadAction\",\"target\":[\"https:\\\/\\\/www.esplac.cat\\\/es-busquen-voluntaris-tecnics-per-lorganitzacio-de-lifm-camp-2016\\\/\"]}]},{\"@type\":\"ImageObject\",\"inLanguage\":\"en-US\",\"@id\":\"https:\\\/\\\/www.esplac.cat\\\/es-busquen-voluntaris-tecnics-per-lorganitzacio-de-lifm-camp-2016\\\/#primaryimage\",\"url\":\"https:\\\/\\\/www.esplac.cat\\\/wp-content\\\/uploads\\\/2015\\\/09\\\/2015_IFMCamp.jpg\",\"contentUrl\":\"https:\\\/\\\/www.esplac.cat\\\/wp-content\\\/uploads\\\/2015\\\/09\\\/2015_IFMCamp.jpg\",\"width\":700,\"height\":300},{\"@type\":\"BreadcrumbList\",\"@id\":\"https:\\\/\\\/www.esplac.cat\\\/es-busquen-voluntaris-tecnics-per-lorganitzacio-de-lifm-camp-2016\\\/#breadcrumb\",\"itemListElement\":[{\"@type\":\"ListItem\",\"position\":1,\"name\":\"Inici\",\"item\":\"https:\\\/\\\/www.esplac.cat\\\/en\\\/\"},{\"@type\":\"ListItem\",\"position\":2,\"name\":\"Es busquen voluntaris t\u00e8cnics per a l\u2019organitzaci\u00f3 de l\u2019IFM Camp 2016\"}]},{\"@type\":\"WebSite\",\"@id\":\"https:\\\/\\\/www.esplac.cat\\\/#website\",\"url\":\"https:\\\/\\\/www.esplac.cat\\\/\",\"name\":\"Esplac\",\"description\":\"Esplais Catalans\",\"publisher\":{\"@id\":\"https:\\\/\\\/www.esplac.cat\\\/#organization\"},\"potentialAction\":[{\"@type\":\"SearchAction\",\"target\":{\"@type\":\"EntryPoint\",\"urlTemplate\":\"https:\\\/\\\/www.esplac.cat\\\/?s={search_term_string}\"},\"query-input\":{\"@type\":\"PropertyValueSpecification\",\"valueRequired\":true,\"valueName\":\"search_term_string\"}}],\"inLanguage\":\"en-US\"},{\"@type\":\"Organization\",\"@id\":\"https:\\\/\\\/www.esplac.cat\\\/#organization\",\"name\":\"Esplac\",\"url\":\"https:\\\/\\\/www.esplac.cat\\\/\",\"logo\":{\"@type\":\"ImageObject\",\"inLanguage\":\"en-US\",\"@id\":\"https:\\\/\\\/www.esplac.cat\\\/#\\\/schema\\\/logo\\\/image\\\/\",\"url\":\"https:\\\/\\\/www.esplac.cat\\\/wp-content\\\/uploads\\\/2019\\\/08\\\/logox2.png\",\"contentUrl\":\"https:\\\/\\\/www.esplac.cat\\\/wp-content\\\/uploads\\\/2019\\\/08\\\/logox2.png\",\"width\":600,\"height\":295,\"caption\":\"Esplac\"},\"image\":{\"@id\":\"https:\\\/\\\/www.esplac.cat\\\/#\\\/schema\\\/logo\\\/image\\\/\"}},{\"@type\":\"Person\",\"@id\":\"https:\\\/\\\/www.esplac.cat\\\/#\\\/schema\\\/person\\\/908383cf240be18b68f8855d0583faca\",\"name\":\"Comunicaci\u00f3 Esplac\",\"image\":{\"@type\":\"ImageObject\",\"inLanguage\":\"en-US\",\"@id\":\"https:\\\/\\\/secure.gravatar.com\\\/avatar\\\/7a4cf8feb412a76ea4a740ca02d95b06b2907b5a6c648c2dd0a1082a093c3141?s=96&d=mm&r=g\",\"url\":\"https:\\\/\\\/secure.gravatar.com\\\/avatar\\\/7a4cf8feb412a76ea4a740ca02d95b06b2907b5a6c648c2dd0a1082a093c3141?s=96&d=mm&r=g\",\"contentUrl\":\"https:\\\/\\\/secure.gravatar.com\\\/avatar\\\/7a4cf8feb412a76ea4a740ca02d95b06b2907b5a6c648c2dd0a1082a093c3141?s=96&d=mm&r=g\",\"caption\":\"Comunicaci\u00f3 Esplac\"}}]}<\/script>\n<!-- \/ Yoast SEO plugin. -->","yoast_head_json":{"title":"Es busquen voluntaris t\u00e8cnics per a l\u2019organitzaci\u00f3 de l\u2019IFM Camp 2016 - Esplac","robots":{"index":"index","follow":"follow","max-snippet":"max-snippet:-1","max-image-preview":"max-image-preview:large","max-video-preview":"max-video-preview:-1"},"canonical":"https:\/\/www.esplac.cat\/es-busquen-voluntaris-tecnics-per-lorganitzacio-de-lifm-camp-2016\/","og_locale":"en_US","og_type":"article","og_title":"Es busquen voluntaris t\u00e8cnics per a l\u2019organitzaci\u00f3 de l\u2019IFM Camp 2016 - Esplac","og_description":"Fa uns mesos vam difondre la convocat\u00f2ria llan\u00e7ada per l\u2019IFM-SEI [&hellip;]","og_url":"https:\/\/www.esplac.cat\/es-busquen-voluntaris-tecnics-per-lorganitzacio-de-lifm-camp-2016\/","og_site_name":"Esplac","article_published_time":"2015-09-17T14:05:44+00:00","og_image":[{"width":700,"height":300,"url":"https:\/\/www.esplac.cat\/wp-content\/uploads\/2015\/09\/2015_IFMCamp.jpg","type":"image\/jpeg"}],"author":"Comunicaci\u00f3 Esplac","twitter_card":"summary_large_image","twitter_misc":{"Written by":"Comunicaci\u00f3 Esplac","Est. reading time":"1 minute"},"schema":{"@context":"https:\/\/schema.org","@graph":[{"@type":"Article","@id":"https:\/\/www.esplac.cat\/es-busquen-voluntaris-tecnics-per-lorganitzacio-de-lifm-camp-2016\/#article","isPartOf":{"@id":"https:\/\/www.esplac.cat\/es-busquen-voluntaris-tecnics-per-lorganitzacio-de-lifm-camp-2016\/"},"author":{"name":"Comunicaci\u00f3 Esplac","@id":"https:\/\/www.esplac.cat\/#\/schema\/person\/908383cf240be18b68f8855d0583faca"},"headline":"Es busquen voluntaris t\u00e8cnics per a l\u2019organitzaci\u00f3 de l\u2019IFM Camp 2016","datePublished":"2015-09-17T14:05:44+00:00","mainEntityOfPage":{"@id":"https:\/\/www.esplac.cat\/es-busquen-voluntaris-tecnics-per-lorganitzacio-de-lifm-camp-2016\/"},"wordCount":306,"commentCount":0,"publisher":{"@id":"https:\/\/www.esplac.cat\/#organization"},"image":{"@id":"https:\/\/www.esplac.cat\/es-busquen-voluntaris-tecnics-per-lorganitzacio-de-lifm-camp-2016\/#primaryimage"},"thumbnailUrl":"https:\/\/www.esplac.cat\/wp-content\/uploads\/2015\/09\/2015_IFMCamp.jpg","keywords":["alemanya","drets dels infants","IFM Camp 2016","internacionalisme","trobada internacional"],"articleSection":["Esplac al m\u00f3n","Sense categoria"],"inLanguage":"en-US","potentialAction":[{"@type":"CommentAction","name":"Comment","target":["https:\/\/www.esplac.cat\/es-busquen-voluntaris-tecnics-per-lorganitzacio-de-lifm-camp-2016\/#respond"]}]},{"@type":"WebPage","@id":"https:\/\/www.esplac.cat\/es-busquen-voluntaris-tecnics-per-lorganitzacio-de-lifm-camp-2016\/","url":"https:\/\/www.esplac.cat\/es-busquen-voluntaris-tecnics-per-lorganitzacio-de-lifm-camp-2016\/","name":"Es busquen voluntaris t\u00e8cnics per a l\u2019organitzaci\u00f3 de l\u2019IFM Camp 2016 - Esplac","isPartOf":{"@id":"https:\/\/www.esplac.cat\/#website"},"primaryImageOfPage":{"@id":"https:\/\/www.esplac.cat\/es-busquen-voluntaris-tecnics-per-lorganitzacio-de-lifm-camp-2016\/#primaryimage"},"image":{"@id":"https:\/\/www.esplac.cat\/es-busquen-voluntaris-tecnics-per-lorganitzacio-de-lifm-camp-2016\/#primaryimage"},"thumbnailUrl":"https:\/\/www.esplac.cat\/wp-content\/uploads\/2015\/09\/2015_IFMCamp.jpg","datePublished":"2015-09-17T14:05:44+00:00","breadcrumb":{"@id":"https:\/\/www.esplac.cat\/es-busquen-voluntaris-tecnics-per-lorganitzacio-de-lifm-camp-2016\/#breadcrumb"},"inLanguage":"en-US","potentialAction":[{"@type":"ReadAction","target":["https:\/\/www.esplac.cat\/es-busquen-voluntaris-tecnics-per-lorganitzacio-de-lifm-camp-2016\/"]}]},{"@type":"ImageObject","inLanguage":"en-US","@id":"https:\/\/www.esplac.cat\/es-busquen-voluntaris-tecnics-per-lorganitzacio-de-lifm-camp-2016\/#primaryimage","url":"https:\/\/www.esplac.cat\/wp-content\/uploads\/2015\/09\/2015_IFMCamp.jpg","contentUrl":"https:\/\/www.esplac.cat\/wp-content\/uploads\/2015\/09\/2015_IFMCamp.jpg","width":700,"height":300},{"@type":"BreadcrumbList","@id":"https:\/\/www.esplac.cat\/es-busquen-voluntaris-tecnics-per-lorganitzacio-de-lifm-camp-2016\/#breadcrumb","itemListElement":[{"@type":"ListItem","position":1,"name":"Inici","item":"https:\/\/www.esplac.cat\/en\/"},{"@type":"ListItem","position":2,"name":"Es busquen voluntaris t\u00e8cnics per a l\u2019organitzaci\u00f3 de l\u2019IFM Camp 2016"}]},{"@type":"WebSite","@id":"https:\/\/www.esplac.cat\/#website","url":"https:\/\/www.esplac.cat\/","name":"Esplac","description":"Esplais Catalans","publisher":{"@id":"https:\/\/www.esplac.cat\/#organization"},"potentialAction":[{"@type":"SearchAction","target":{"@type":"EntryPoint","urlTemplate":"https:\/\/www.esplac.cat\/?s={search_term_string}"},"query-input":{"@type":"PropertyValueSpecification","valueRequired":true,"valueName":"search_term_string"}}],"inLanguage":"en-US"},{"@type":"Organization","@id":"https:\/\/www.esplac.cat\/#organization","name":"Esplac","url":"https:\/\/www.esplac.cat\/","logo":{"@type":"ImageObject","inLanguage":"en-US","@id":"https:\/\/www.esplac.cat\/#\/schema\/logo\/image\/","url":"https:\/\/www.esplac.cat\/wp-content\/uploads\/2019\/08\/logox2.png","contentUrl":"https:\/\/www.esplac.cat\/wp-content\/uploads\/2019\/08\/logox2.png","width":600,"height":295,"caption":"Esplac"},"image":{"@id":"https:\/\/www.esplac.cat\/#\/schema\/logo\/image\/"}},{"@type":"Person","@id":"https:\/\/www.esplac.cat\/#\/schema\/person\/908383cf240be18b68f8855d0583faca","name":"Comunicaci\u00f3 Esplac","image":{"@type":"ImageObject","inLanguage":"en-US","@id":"https:\/\/secure.gravatar.com\/avatar\/7a4cf8feb412a76ea4a740ca02d95b06b2907b5a6c648c2dd0a1082a093c3141?s=96&d=mm&r=g","url":"https:\/\/secure.gravatar.com\/avatar\/7a4cf8feb412a76ea4a740ca02d95b06b2907b5a6c648c2dd0a1082a093c3141?s=96&d=mm&r=g","contentUrl":"https:\/\/secure.gravatar.com\/avatar\/7a4cf8feb412a76ea4a740ca02d95b06b2907b5a6c648c2dd0a1082a093c3141?s=96&d=mm&r=g","caption":"Comunicaci\u00f3 Esplac"}}]}},"_links":{"self":[{"href":"https:\/\/www.esplac.cat\/en\/wp-json\/wp\/v2\/posts\/25569","targetHints":{"allow":["GET"]}}],"collection":[{"href":"https:\/\/www.esplac.cat\/en\/wp-json\/wp\/v2\/posts"}],"about":[{"href":"https:\/\/www.esplac.cat\/en\/wp-json\/wp\/v2\/types\/post"}],"author":[{"embeddable":true,"href":"https:\/\/www.esplac.cat\/en\/wp-json\/wp\/v2\/users\/3"}],"replies":[{"embeddable":true,"href":"https:\/\/www.esplac.cat\/en\/wp-json\/wp\/v2\/comments?post=25569"}],"version-history":[{"count":0,"href":"https:\/\/www.esplac.cat\/en\/wp-json\/wp\/v2\/posts\/25569\/revisions"}],"wp:featuredmedia":[{"embeddable":true,"href":"https:\/\/www.esplac.cat\/en\/wp-json\/wp\/v2\/media\/25570"}],"wp:attachment":[{"href":"https:\/\/www.esplac.cat\/en\/wp-json\/wp\/v2\/media?parent=25569"}],"wp:term":[{"taxonomy":"category","embeddable":true,"href":"https:\/\/www.esplac.cat\/en\/wp-json\/wp\/v2\/categories?post=25569"},{"taxonomy":"post_tag","embeddable":true,"href":"https:\/\/www.esplac.cat\/en\/wp-json\/wp\/v2\/tags?post=25569"}],"curies":[{"name":"wp","href":"https:\/\/api.w.org\/{rel}","templated":true}]}}