{"id":25582,"date":"2015-08-25T12:34:04","date_gmt":"2015-08-25T10:34:04","guid":{"rendered":"http:\/\/esplac.cat\/?p=6926"},"modified":"2015-08-25T12:34:04","modified_gmt":"2015-08-25T10:34:04","slug":"esplac-torna-de-vacances-amb-molta-energiadelesplai","status":"publish","type":"post","link":"https:\/\/www.esplac.cat\/en\/esplac-torna-de-vacances-amb-molta-energiadelesplai\/","title":{"rendered":"Esplac torna de vacances amb molta #energiadelesplai"},"content":{"rendered":"<p class=\"p1\">La seu d&#8217;Esplac torna a obrir les seves portes aquesta setmana despr\u00e9s de 2 setmanes de tancament per vacances d&#8217;estiu. Fins el 31 d&#8217;agost el nostre horari ser\u00e0 de 9 a 15 hores de dilluns a divendres i a partir de l&#8217;1 de setembre tornem al nostre horari habitual: de 9 a 14h i de 15 a 18h de dilluns a dijous i de 9 a 14h els divendres.<\/p>\n<p class=\"p1\">Per aquestes properes setmanes estem treballant en les <b>Mem\u00f2ries<\/b> dels projectes del curs i seguim recollint les vostres aportacions per poder elaborar el <b>Pla de Treball<\/b> del 2015-16, que es treballar\u00e0 al Gran Comit\u00e8 i s&#8217;aprovar\u00e0 a l&#8217;Assemblea General del novembre. En aquesta not\u00edcia trobareu <a href=\"http:\/\/esplac.cat\/comencem-a-preparar-el-pla-de-treball-pel-proper-curs\/\" target=\"_blank\" rel=\"noopener noreferrer\"><span class=\"s1\"><b>un breu formulari de 4 preguntes per a qu\u00e8 respongueu individualment o en grup<\/b><\/span><\/a><span class=\"s2\">.<\/span><\/p>\n<p class=\"p1\">A m\u00e9s, <a href=\"http:\/\/esplac.cat\/tanca-lassac-una-setmana-per-donar-pas-a-una-nova-intranet\/\" target=\"_blank\" rel=\"noopener noreferrer\"><span class=\"s1\">com ja us vam avan\u00e7ar en una not\u00edcia durant el mes de juliol<\/span><\/a><span class=\"s2\">, l&#8217;<\/span><b>Assac tancar\u00e0 aquest 31 d&#8217;agost fins el 7 de setembre, dia en qu\u00e8 estrenarem una nova eina<\/b> m\u00e9s moderna i adaptada a les necessitats dels esplais. Us desvetllarem m\u00e9s detalls els propers dies.<\/p>\n<p class=\"p1\">Tamb\u00e9 estem enllestint, com ens hav\u00edem proposat en el pla de treball del curs, un redisseny de la portada web per millorar la visibilitat i la descoberta d&#8217;informaci\u00f3. <b>Podreu descobrir el nou disseny del web la propera setmana!<\/b><\/p>\n<p class=\"p1\">A m\u00e9s, aquests dies\u00a0<b>continuem les visites estiuenques als esplais<\/b> en les seves col\u00f2nies, campaments o rutes i <a href=\"https:\/\/www.facebook.com\/esplaiscatalans\" target=\"_blank\" rel=\"noopener noreferrer\"><span class=\"s1\"><b>us ho expliquem pel Facebook.<\/b><\/span><\/a><\/p>\n<p class=\"p1\">Com veieu, tornem amb piles carregades i molta #energiadelesplai. Som-hi!<\/p>\n","protected":false},"excerpt":{"rendered":"<p>La seu d&#8217;Esplac torna a obrir les seves portes aquesta [&hellip;]<\/p>\n","protected":false},"author":3,"featured_media":25568,"comment_status":"open","ping_status":"open","sticky":false,"template":"","format":"standard","meta":{"om_disable_all_campaigns":false,"_monsterinsights_skip_tracking":false,"_monsterinsights_sitenote_active":false,"_monsterinsights_sitenote_note":"","_monsterinsights_sitenote_category":0,"_uf_show_specific_survey":0,"_uf_disable_surveys":false,"footnotes":""},"categories":[1111,1116],"tags":[498,537,538,206],"class_list":["post-25582","post","type-post","status-publish","format-standard","has-post-thumbnail","hentry","category-activitats-esplac","category-secretaria-esplac","tag-assac","tag-memories","tag-pla-de-treball-15-16","tag-web"],"yoast_head":"<!-- This site is optimized with the Yoast SEO plugin v27.4 - https:\/\/yoast.com\/product\/yoast-seo-wordpress\/ -->\n<title>Esplac torna de vacances amb molta #energiadelesplai - Esplac<\/title>\n<meta name=\"robots\" content=\"index, follow, max-snippet:-1, max-image-preview:large, max-video-preview:-1\" \/>\n<link rel=\"canonical\" href=\"https:\/\/www.esplac.cat\/es\/esplac-torna-de-vacances-amb-molta-energiadelesplai\/\" \/>\n<meta property=\"og:locale\" content=\"en_US\" \/>\n<meta property=\"og:type\" content=\"article\" \/>\n<meta property=\"og:title\" content=\"Esplac torna de vacances amb molta #energiadelesplai - Esplac\" \/>\n<meta property=\"og:description\" content=\"La seu d&#8217;Esplac torna a obrir les seves portes aquesta [&hellip;]\" \/>\n<meta property=\"og:url\" content=\"https:\/\/www.esplac.cat\/es\/esplac-torna-de-vacances-amb-molta-energiadelesplai\/\" \/>\n<meta property=\"og:site_name\" content=\"Esplac\" \/>\n<meta property=\"article:published_time\" content=\"2015-08-25T10:34:04+00:00\" \/>\n<meta property=\"og:image\" content=\"https:\/\/www.esplac.cat\/wp-content\/uploads\/2015\/09\/1001611_10201843138186660_495379031_n-360x170.jpg\" \/>\n\t<meta property=\"og:image:width\" content=\"360\" \/>\n\t<meta property=\"og:image:height\" content=\"170\" \/>\n\t<meta property=\"og:image:type\" content=\"image\/jpeg\" \/>\n<meta name=\"author\" content=\"Comunicaci\u00f3 Esplac\" \/>\n<meta name=\"twitter:card\" content=\"summary_large_image\" \/>\n<meta name=\"twitter:label1\" content=\"Written by\" \/>\n\t<meta name=\"twitter:data1\" content=\"Comunicaci\u00f3 Esplac\" \/>\n\t<meta name=\"twitter:label2\" content=\"Est. reading time\" \/>\n\t<meta name=\"twitter:data2\" content=\"1 minute\" \/>\n<script type=\"application\/ld+json\" class=\"yoast-schema-graph\">{\"@context\":\"https:\\\/\\\/schema.org\",\"@graph\":[{\"@type\":\"Article\",\"@id\":\"https:\\\/\\\/www.esplac.cat\\\/es\\\/esplac-torna-de-vacances-amb-molta-energiadelesplai\\\/#article\",\"isPartOf\":{\"@id\":\"https:\\\/\\\/www.esplac.cat\\\/es\\\/esplac-torna-de-vacances-amb-molta-energiadelesplai\\\/\"},\"author\":{\"name\":\"Comunicaci\u00f3 Esplac\",\"@id\":\"https:\\\/\\\/www.esplac.cat\\\/#\\\/schema\\\/person\\\/908383cf240be18b68f8855d0583faca\"},\"headline\":\"Esplac torna de vacances amb molta #energiadelesplai\",\"datePublished\":\"2015-08-25T10:34:04+00:00\",\"mainEntityOfPage\":{\"@id\":\"https:\\\/\\\/www.esplac.cat\\\/es\\\/esplac-torna-de-vacances-amb-molta-energiadelesplai\\\/\"},\"wordCount\":263,\"commentCount\":0,\"publisher\":{\"@id\":\"https:\\\/\\\/www.esplac.cat\\\/#organization\"},\"image\":{\"@id\":\"https:\\\/\\\/www.esplac.cat\\\/es\\\/esplac-torna-de-vacances-amb-molta-energiadelesplai\\\/#primaryimage\"},\"thumbnailUrl\":\"https:\\\/\\\/www.esplac.cat\\\/wp-content\\\/uploads\\\/2015\\\/09\\\/1001611_10201843138186660_495379031_n-360x170.jpg\",\"keywords\":[\"assac\",\"mem\u00f2ries\",\"pla de treball 15-16\",\"web\"],\"articleSection\":[\"Activitats esplac\",\"Secretaria T\u00e8cnica\"],\"inLanguage\":\"en-US\",\"potentialAction\":[{\"@type\":\"CommentAction\",\"name\":\"Comment\",\"target\":[\"https:\\\/\\\/www.esplac.cat\\\/es\\\/esplac-torna-de-vacances-amb-molta-energiadelesplai\\\/#respond\"]}]},{\"@type\":\"WebPage\",\"@id\":\"https:\\\/\\\/www.esplac.cat\\\/es\\\/esplac-torna-de-vacances-amb-molta-energiadelesplai\\\/\",\"url\":\"https:\\\/\\\/www.esplac.cat\\\/es\\\/esplac-torna-de-vacances-amb-molta-energiadelesplai\\\/\",\"name\":\"Esplac torna de vacances amb molta #energiadelesplai - Esplac\",\"isPartOf\":{\"@id\":\"https:\\\/\\\/www.esplac.cat\\\/#website\"},\"primaryImageOfPage\":{\"@id\":\"https:\\\/\\\/www.esplac.cat\\\/es\\\/esplac-torna-de-vacances-amb-molta-energiadelesplai\\\/#primaryimage\"},\"image\":{\"@id\":\"https:\\\/\\\/www.esplac.cat\\\/es\\\/esplac-torna-de-vacances-amb-molta-energiadelesplai\\\/#primaryimage\"},\"thumbnailUrl\":\"https:\\\/\\\/www.esplac.cat\\\/wp-content\\\/uploads\\\/2015\\\/09\\\/1001611_10201843138186660_495379031_n-360x170.jpg\",\"datePublished\":\"2015-08-25T10:34:04+00:00\",\"breadcrumb\":{\"@id\":\"https:\\\/\\\/www.esplac.cat\\\/es\\\/esplac-torna-de-vacances-amb-molta-energiadelesplai\\\/#breadcrumb\"},\"inLanguage\":\"en-US\",\"potentialAction\":[{\"@type\":\"ReadAction\",\"target\":[\"https:\\\/\\\/www.esplac.cat\\\/es\\\/esplac-torna-de-vacances-amb-molta-energiadelesplai\\\/\"]}]},{\"@type\":\"ImageObject\",\"inLanguage\":\"en-US\",\"@id\":\"https:\\\/\\\/www.esplac.cat\\\/es\\\/esplac-torna-de-vacances-amb-molta-energiadelesplai\\\/#primaryimage\",\"url\":\"https:\\\/\\\/www.esplac.cat\\\/wp-content\\\/uploads\\\/2015\\\/09\\\/1001611_10201843138186660_495379031_n-360x170.jpg\",\"contentUrl\":\"https:\\\/\\\/www.esplac.cat\\\/wp-content\\\/uploads\\\/2015\\\/09\\\/1001611_10201843138186660_495379031_n-360x170.jpg\",\"width\":360,\"height\":170},{\"@type\":\"BreadcrumbList\",\"@id\":\"https:\\\/\\\/www.esplac.cat\\\/es\\\/esplac-torna-de-vacances-amb-molta-energiadelesplai\\\/#breadcrumb\",\"itemListElement\":[{\"@type\":\"ListItem\",\"position\":1,\"name\":\"Inici\",\"item\":\"https:\\\/\\\/www.esplac.cat\\\/en\\\/\"},{\"@type\":\"ListItem\",\"position\":2,\"name\":\"Esplac torna de vacances amb molta #energiadelesplai\"}]},{\"@type\":\"WebSite\",\"@id\":\"https:\\\/\\\/www.esplac.cat\\\/#website\",\"url\":\"https:\\\/\\\/www.esplac.cat\\\/\",\"name\":\"Esplac\",\"description\":\"Esplais Catalans\",\"publisher\":{\"@id\":\"https:\\\/\\\/www.esplac.cat\\\/#organization\"},\"potentialAction\":[{\"@type\":\"SearchAction\",\"target\":{\"@type\":\"EntryPoint\",\"urlTemplate\":\"https:\\\/\\\/www.esplac.cat\\\/?s={search_term_string}\"},\"query-input\":{\"@type\":\"PropertyValueSpecification\",\"valueRequired\":true,\"valueName\":\"search_term_string\"}}],\"inLanguage\":\"en-US\"},{\"@type\":\"Organization\",\"@id\":\"https:\\\/\\\/www.esplac.cat\\\/#organization\",\"name\":\"Esplac\",\"url\":\"https:\\\/\\\/www.esplac.cat\\\/\",\"logo\":{\"@type\":\"ImageObject\",\"inLanguage\":\"en-US\",\"@id\":\"https:\\\/\\\/www.esplac.cat\\\/#\\\/schema\\\/logo\\\/image\\\/\",\"url\":\"https:\\\/\\\/www.esplac.cat\\\/wp-content\\\/uploads\\\/2019\\\/08\\\/logox2.png\",\"contentUrl\":\"https:\\\/\\\/www.esplac.cat\\\/wp-content\\\/uploads\\\/2019\\\/08\\\/logox2.png\",\"width\":600,\"height\":295,\"caption\":\"Esplac\"},\"image\":{\"@id\":\"https:\\\/\\\/www.esplac.cat\\\/#\\\/schema\\\/logo\\\/image\\\/\"}},{\"@type\":\"Person\",\"@id\":\"https:\\\/\\\/www.esplac.cat\\\/#\\\/schema\\\/person\\\/908383cf240be18b68f8855d0583faca\",\"name\":\"Comunicaci\u00f3 Esplac\",\"image\":{\"@type\":\"ImageObject\",\"inLanguage\":\"en-US\",\"@id\":\"https:\\\/\\\/secure.gravatar.com\\\/avatar\\\/7a4cf8feb412a76ea4a740ca02d95b06b2907b5a6c648c2dd0a1082a093c3141?s=96&d=mm&r=g\",\"url\":\"https:\\\/\\\/secure.gravatar.com\\\/avatar\\\/7a4cf8feb412a76ea4a740ca02d95b06b2907b5a6c648c2dd0a1082a093c3141?s=96&d=mm&r=g\",\"contentUrl\":\"https:\\\/\\\/secure.gravatar.com\\\/avatar\\\/7a4cf8feb412a76ea4a740ca02d95b06b2907b5a6c648c2dd0a1082a093c3141?s=96&d=mm&r=g\",\"caption\":\"Comunicaci\u00f3 Esplac\"}}]}<\/script>\n<!-- \/ Yoast SEO plugin. -->","yoast_head_json":{"title":"Esplac torna de vacances amb molta #energiadelesplai - Esplac","robots":{"index":"index","follow":"follow","max-snippet":"max-snippet:-1","max-image-preview":"max-image-preview:large","max-video-preview":"max-video-preview:-1"},"canonical":"https:\/\/www.esplac.cat\/es\/esplac-torna-de-vacances-amb-molta-energiadelesplai\/","og_locale":"en_US","og_type":"article","og_title":"Esplac torna de vacances amb molta #energiadelesplai - Esplac","og_description":"La seu d&#8217;Esplac torna a obrir les seves portes aquesta [&hellip;]","og_url":"https:\/\/www.esplac.cat\/es\/esplac-torna-de-vacances-amb-molta-energiadelesplai\/","og_site_name":"Esplac","article_published_time":"2015-08-25T10:34:04+00:00","og_image":[{"width":360,"height":170,"url":"https:\/\/www.esplac.cat\/wp-content\/uploads\/2015\/09\/1001611_10201843138186660_495379031_n-360x170.jpg","type":"image\/jpeg"}],"author":"Comunicaci\u00f3 Esplac","twitter_card":"summary_large_image","twitter_misc":{"Written by":"Comunicaci\u00f3 Esplac","Est. reading time":"1 minute"},"schema":{"@context":"https:\/\/schema.org","@graph":[{"@type":"Article","@id":"https:\/\/www.esplac.cat\/es\/esplac-torna-de-vacances-amb-molta-energiadelesplai\/#article","isPartOf":{"@id":"https:\/\/www.esplac.cat\/es\/esplac-torna-de-vacances-amb-molta-energiadelesplai\/"},"author":{"name":"Comunicaci\u00f3 Esplac","@id":"https:\/\/www.esplac.cat\/#\/schema\/person\/908383cf240be18b68f8855d0583faca"},"headline":"Esplac torna de vacances amb molta #energiadelesplai","datePublished":"2015-08-25T10:34:04+00:00","mainEntityOfPage":{"@id":"https:\/\/www.esplac.cat\/es\/esplac-torna-de-vacances-amb-molta-energiadelesplai\/"},"wordCount":263,"commentCount":0,"publisher":{"@id":"https:\/\/www.esplac.cat\/#organization"},"image":{"@id":"https:\/\/www.esplac.cat\/es\/esplac-torna-de-vacances-amb-molta-energiadelesplai\/#primaryimage"},"thumbnailUrl":"https:\/\/www.esplac.cat\/wp-content\/uploads\/2015\/09\/1001611_10201843138186660_495379031_n-360x170.jpg","keywords":["assac","mem\u00f2ries","pla de treball 15-16","web"],"articleSection":["Activitats esplac","Secretaria T\u00e8cnica"],"inLanguage":"en-US","potentialAction":[{"@type":"CommentAction","name":"Comment","target":["https:\/\/www.esplac.cat\/es\/esplac-torna-de-vacances-amb-molta-energiadelesplai\/#respond"]}]},{"@type":"WebPage","@id":"https:\/\/www.esplac.cat\/es\/esplac-torna-de-vacances-amb-molta-energiadelesplai\/","url":"https:\/\/www.esplac.cat\/es\/esplac-torna-de-vacances-amb-molta-energiadelesplai\/","name":"Esplac torna de vacances amb molta #energiadelesplai - Esplac","isPartOf":{"@id":"https:\/\/www.esplac.cat\/#website"},"primaryImageOfPage":{"@id":"https:\/\/www.esplac.cat\/es\/esplac-torna-de-vacances-amb-molta-energiadelesplai\/#primaryimage"},"image":{"@id":"https:\/\/www.esplac.cat\/es\/esplac-torna-de-vacances-amb-molta-energiadelesplai\/#primaryimage"},"thumbnailUrl":"https:\/\/www.esplac.cat\/wp-content\/uploads\/2015\/09\/1001611_10201843138186660_495379031_n-360x170.jpg","datePublished":"2015-08-25T10:34:04+00:00","breadcrumb":{"@id":"https:\/\/www.esplac.cat\/es\/esplac-torna-de-vacances-amb-molta-energiadelesplai\/#breadcrumb"},"inLanguage":"en-US","potentialAction":[{"@type":"ReadAction","target":["https:\/\/www.esplac.cat\/es\/esplac-torna-de-vacances-amb-molta-energiadelesplai\/"]}]},{"@type":"ImageObject","inLanguage":"en-US","@id":"https:\/\/www.esplac.cat\/es\/esplac-torna-de-vacances-amb-molta-energiadelesplai\/#primaryimage","url":"https:\/\/www.esplac.cat\/wp-content\/uploads\/2015\/09\/1001611_10201843138186660_495379031_n-360x170.jpg","contentUrl":"https:\/\/www.esplac.cat\/wp-content\/uploads\/2015\/09\/1001611_10201843138186660_495379031_n-360x170.jpg","width":360,"height":170},{"@type":"BreadcrumbList","@id":"https:\/\/www.esplac.cat\/es\/esplac-torna-de-vacances-amb-molta-energiadelesplai\/#breadcrumb","itemListElement":[{"@type":"ListItem","position":1,"name":"Inici","item":"https:\/\/www.esplac.cat\/en\/"},{"@type":"ListItem","position":2,"name":"Esplac torna de vacances amb molta #energiadelesplai"}]},{"@type":"WebSite","@id":"https:\/\/www.esplac.cat\/#website","url":"https:\/\/www.esplac.cat\/","name":"Esplac","description":"Esplais Catalans","publisher":{"@id":"https:\/\/www.esplac.cat\/#organization"},"potentialAction":[{"@type":"SearchAction","target":{"@type":"EntryPoint","urlTemplate":"https:\/\/www.esplac.cat\/?s={search_term_string}"},"query-input":{"@type":"PropertyValueSpecification","valueRequired":true,"valueName":"search_term_string"}}],"inLanguage":"en-US"},{"@type":"Organization","@id":"https:\/\/www.esplac.cat\/#organization","name":"Esplac","url":"https:\/\/www.esplac.cat\/","logo":{"@type":"ImageObject","inLanguage":"en-US","@id":"https:\/\/www.esplac.cat\/#\/schema\/logo\/image\/","url":"https:\/\/www.esplac.cat\/wp-content\/uploads\/2019\/08\/logox2.png","contentUrl":"https:\/\/www.esplac.cat\/wp-content\/uploads\/2019\/08\/logox2.png","width":600,"height":295,"caption":"Esplac"},"image":{"@id":"https:\/\/www.esplac.cat\/#\/schema\/logo\/image\/"}},{"@type":"Person","@id":"https:\/\/www.esplac.cat\/#\/schema\/person\/908383cf240be18b68f8855d0583faca","name":"Comunicaci\u00f3 Esplac","image":{"@type":"ImageObject","inLanguage":"en-US","@id":"https:\/\/secure.gravatar.com\/avatar\/7a4cf8feb412a76ea4a740ca02d95b06b2907b5a6c648c2dd0a1082a093c3141?s=96&d=mm&r=g","url":"https:\/\/secure.gravatar.com\/avatar\/7a4cf8feb412a76ea4a740ca02d95b06b2907b5a6c648c2dd0a1082a093c3141?s=96&d=mm&r=g","contentUrl":"https:\/\/secure.gravatar.com\/avatar\/7a4cf8feb412a76ea4a740ca02d95b06b2907b5a6c648c2dd0a1082a093c3141?s=96&d=mm&r=g","caption":"Comunicaci\u00f3 Esplac"}}]}},"_links":{"self":[{"href":"https:\/\/www.esplac.cat\/en\/wp-json\/wp\/v2\/posts\/25582","targetHints":{"allow":["GET"]}}],"collection":[{"href":"https:\/\/www.esplac.cat\/en\/wp-json\/wp\/v2\/posts"}],"about":[{"href":"https:\/\/www.esplac.cat\/en\/wp-json\/wp\/v2\/types\/post"}],"author":[{"embeddable":true,"href":"https:\/\/www.esplac.cat\/en\/wp-json\/wp\/v2\/users\/3"}],"replies":[{"embeddable":true,"href":"https:\/\/www.esplac.cat\/en\/wp-json\/wp\/v2\/comments?post=25582"}],"version-history":[{"count":0,"href":"https:\/\/www.esplac.cat\/en\/wp-json\/wp\/v2\/posts\/25582\/revisions"}],"wp:featuredmedia":[{"embeddable":true,"href":"https:\/\/www.esplac.cat\/en\/wp-json\/wp\/v2\/media\/25568"}],"wp:attachment":[{"href":"https:\/\/www.esplac.cat\/en\/wp-json\/wp\/v2\/media?parent=25582"}],"wp:term":[{"taxonomy":"category","embeddable":true,"href":"https:\/\/www.esplac.cat\/en\/wp-json\/wp\/v2\/categories?post=25582"},{"taxonomy":"post_tag","embeddable":true,"href":"https:\/\/www.esplac.cat\/en\/wp-json\/wp\/v2\/tags?post=25582"}],"curies":[{"name":"wp","href":"https:\/\/api.w.org\/{rel}","templated":true}]}}