{"id":25599,"date":"2015-06-30T14:13:32","date_gmt":"2015-06-30T12:13:32","guid":{"rendered":"http:\/\/esplac.cat\/?p=6866"},"modified":"2015-06-30T14:13:32","modified_gmt":"2015-06-30T12:13:32","slug":"bona-practica-espais-davaluacio-amb-els-infants","status":"publish","type":"post","link":"https:\/\/www.esplac.cat\/en\/bona-practica-espais-davaluacio-amb-els-infants\/","title":{"rendered":"Bona pr\u00e0ctica: espais d&#8217;avaluaci\u00f3 amb els infants"},"content":{"rendered":"<p class=\"p1\">Durant els campaments, col\u00f2nies i rutes els infants conviuen entre ells i amb els monitors i monitores durant molts dies plens de moments intensos. Cada dia poden passar mil i una coses emocionants, aventures, conflictes, il\u00b7lusions i frustracions&#8230; fruit de les relacions que tenen amb les altres persones que estan compartint amb ells aquest espai tan \u00fanic i indescriptible.<\/p>\n<p class=\"p1\">Amb aquesta constataci\u00f3, els monitors i monitores de l&#8217;<strong><a href=\"http:\/\/esplaieixam.blogspot.com.es\/\" target=\"_blank\" rel=\"noopener noreferrer\">esplai Eixam<\/a> han decidit\u00a0crear\u00a0un nou espai diari als campaments d&#8217;aquest estiu, on els infants puguin expressar-se lliurement.<\/strong><\/p>\n<p class=\"p1\">La idea va sorgir despr\u00e9s que\u00a0unes quantes monitores de l&#8217;esplai participessin a la <strong><a href=\"http:\/\/esplac.cat\/inscripcions-obertes-queer-easter-2015\/\" target=\"_blank\" rel=\"noopener noreferrer\">formaci\u00f3 internacional Queer Easter<\/a><\/strong> durant les vacances de la passada primavera. En aquesta trobada per a joves d&#8217;associacions de tot el m\u00f3n, cada vespre feien una petita valoraci\u00f3 en grups redu\u00efts, on cada persona podia expressar com s&#8217;havia sentit durant el dia. Totes van coincidir en qu\u00e8 havia estat un moment molt enriquidor i molt \u00fatil per fer encara m\u00e9s agradable l&#8217;experi\u00e8ncia.<\/p>\n<p class=\"p1\">En tornar a l&#8217;esplai, les monitores van pensar que podia ser una molt bona pr\u00e0ctica per dur a terme amb els infants durant l&#8217;activitat d&#8217;estiu, ja que cada dia sorgeixen un munt de sensacions i sentiments a compartir.<\/p>\n<p class=\"p1\">Aix\u00ed doncs, s&#8217;han plantejat de realitzar cada vespre, abans de l&#8217;hora de sopar, <b>una reuni\u00f3 d&#8217;uns 30 minuts, en\u00a0petits grups, per valorar com ha anat aquell dia.<\/b> \u00a0L&#8217;objectiu principal \u00e9s<strong> donar als infants un espai on es puguin expressar amb tranquil\u00b7litat, on analitzar i valorar entre totes les experi\u00e8ncies i conflictes que s&#8217;han viscut durant el dia<\/strong>, i aix\u00ed poder anar millorant dia a dia la conviv\u00e8ncia i les activitats que es fan durant els campaments. Cal dir que no nom\u00e9s hi haur\u00e0 espai per a qu\u00e8 els infants parlin\u00a0d&#8217;all\u00f2 que els ha molestat, inquietat o que han viscut de forma desagradable, sin\u00f3 que tamb\u00e9 \u00e9s important aprendre a compartir les coses positives que s&#8217;han viscut, ja que crea molt sentiment de grup i bona energia per seguir treballant.<\/p>\n<p class=\"p1\">Aquesta valoraci\u00f3 conjunta \u00e9s un espai molt adequat per comen\u00e7ar a treballar la participaci\u00f3 directa dels infants a l&#8217;esplai, ja que s&#8217;hi treballar\u00e0 l&#8217;expressi\u00f3 d&#8217;emocions, l&#8217;escolta, l&#8217;empatia&#8230; I tamb\u00e9 \u00e9s un bon espai per\u00a0construir propostes de millora entre totes.<\/p>\n<p class=\"p1\">\u00c9s el primer any que s&#8217;ho plantegen i encara no saben com anir\u00e0, per\u00f2 esperen que els sigui \u00fatil per crear m\u00e9s cohesi\u00f3 i per fer dels campaments un espai de tothom, on tothom \u00e9s escoltat i tingut en compte. <strong>Una bona comunicaci\u00f3 \u00e9s clau per a una bona conviv\u00e8ncia<\/strong>!<\/p>\n<p class=\"p1\">Esperem que els hi vagi molt b\u00e9 i que tornant de vacances ens puguin explicar com els hi ha anat!<\/p>\n","protected":false},"excerpt":{"rendered":"<p>Durant els campaments, col\u00f2nies i rutes els infants conviuen entre [&hellip;]<\/p>\n","protected":false},"author":3,"featured_media":25600,"comment_status":"closed","ping_status":"open","sticky":false,"template":"","format":"standard","meta":{"om_disable_all_campaigns":false,"_monsterinsights_skip_tracking":false,"_monsterinsights_sitenote_active":false,"_monsterinsights_sitenote_note":"","_monsterinsights_sitenote_category":0,"_uf_show_specific_survey":0,"_uf_disable_surveys":false,"footnotes":""},"categories":[1121],"tags":[67,53,457,529,530,377,219],"class_list":["post-25599","post","type-post","status-publish","format-standard","has-post-thumbnail","hentry","category-bones-practiques-2","tag-bones-practiques","tag-campaments","tag-colonies-i-rutes","tag-convivencia","tag-espais-davaluacio","tag-participacio-infantil","tag-queer-easter"],"yoast_head":"<!-- This site is optimized with the Yoast SEO plugin v27.4 - https:\/\/yoast.com\/product\/yoast-seo-wordpress\/ -->\n<title>Bona pr\u00e0ctica: espais d&#039;avaluaci\u00f3 amb els infants - Esplac<\/title>\n<meta name=\"robots\" content=\"index, follow, max-snippet:-1, max-image-preview:large, max-video-preview:-1\" \/>\n<link rel=\"canonical\" href=\"https:\/\/www.esplac.cat\/en\/bona-practica-espais-davaluacio-amb-els-infants\/\" \/>\n<meta property=\"og:locale\" content=\"en_US\" \/>\n<meta property=\"og:type\" content=\"article\" \/>\n<meta property=\"og:title\" content=\"Bona pr\u00e0ctica: espais d&#039;avaluaci\u00f3 amb els infants - Esplac\" \/>\n<meta property=\"og:description\" content=\"Durant els campaments, col\u00f2nies i rutes els infants conviuen entre [&hellip;]\" \/>\n<meta property=\"og:url\" content=\"https:\/\/www.esplac.cat\/en\/bona-practica-espais-davaluacio-amb-els-infants\/\" \/>\n<meta property=\"og:site_name\" content=\"Esplac\" \/>\n<meta property=\"article:published_time\" content=\"2015-06-30T12:13:32+00:00\" \/>\n<meta property=\"og:image\" content=\"https:\/\/www.esplac.cat\/wp-content\/uploads\/2012\/10\/curs_monitors_escola_sol-e1351092774841.jpeg\" \/>\n\t<meta property=\"og:image:width\" content=\"719\" \/>\n\t<meta property=\"og:image:height\" content=\"336\" \/>\n\t<meta property=\"og:image:type\" content=\"image\/jpeg\" \/>\n<meta name=\"author\" content=\"Comunicaci\u00f3 Esplac\" \/>\n<meta name=\"twitter:card\" content=\"summary_large_image\" \/>\n<meta name=\"twitter:label1\" content=\"Written by\" \/>\n\t<meta name=\"twitter:data1\" content=\"Comunicaci\u00f3 Esplac\" \/>\n\t<meta name=\"twitter:label2\" content=\"Est. reading time\" \/>\n\t<meta name=\"twitter:data2\" content=\"2 minutes\" \/>\n<script type=\"application\/ld+json\" class=\"yoast-schema-graph\">{\"@context\":\"https:\\\/\\\/schema.org\",\"@graph\":[{\"@type\":\"Article\",\"@id\":\"https:\\\/\\\/www.esplac.cat\\\/en\\\/bona-practica-espais-davaluacio-amb-els-infants\\\/#article\",\"isPartOf\":{\"@id\":\"https:\\\/\\\/www.esplac.cat\\\/en\\\/bona-practica-espais-davaluacio-amb-els-infants\\\/\"},\"author\":{\"name\":\"Comunicaci\u00f3 Esplac\",\"@id\":\"https:\\\/\\\/www.esplac.cat\\\/#\\\/schema\\\/person\\\/908383cf240be18b68f8855d0583faca\"},\"headline\":\"Bona pr\u00e0ctica: espais d&#8217;avaluaci\u00f3 amb els infants\",\"datePublished\":\"2015-06-30T12:13:32+00:00\",\"mainEntityOfPage\":{\"@id\":\"https:\\\/\\\/www.esplac.cat\\\/en\\\/bona-practica-espais-davaluacio-amb-els-infants\\\/\"},\"wordCount\":487,\"publisher\":{\"@id\":\"https:\\\/\\\/www.esplac.cat\\\/#organization\"},\"image\":{\"@id\":\"https:\\\/\\\/www.esplac.cat\\\/en\\\/bona-practica-espais-davaluacio-amb-els-infants\\\/#primaryimage\"},\"thumbnailUrl\":\"https:\\\/\\\/www.esplac.cat\\\/wp-content\\\/uploads\\\/2012\\\/10\\\/curs_monitors_escola_sol-e1351092774841.jpeg\",\"keywords\":[\"bones pr\u00e0ctiques\",\"campaments\",\"col\u00f2nies i rutes\",\"conviv\u00e8ncia\",\"espais d'avaluaci\u00f3\",\"participaci\u00f3 infantil\",\"Queer Easter\"],\"articleSection\":[\"Bones pr\u00e0ctiques\"],\"inLanguage\":\"en-US\"},{\"@type\":\"WebPage\",\"@id\":\"https:\\\/\\\/www.esplac.cat\\\/en\\\/bona-practica-espais-davaluacio-amb-els-infants\\\/\",\"url\":\"https:\\\/\\\/www.esplac.cat\\\/en\\\/bona-practica-espais-davaluacio-amb-els-infants\\\/\",\"name\":\"Bona pr\u00e0ctica: espais d'avaluaci\u00f3 amb els infants - Esplac\",\"isPartOf\":{\"@id\":\"https:\\\/\\\/www.esplac.cat\\\/#website\"},\"primaryImageOfPage\":{\"@id\":\"https:\\\/\\\/www.esplac.cat\\\/en\\\/bona-practica-espais-davaluacio-amb-els-infants\\\/#primaryimage\"},\"image\":{\"@id\":\"https:\\\/\\\/www.esplac.cat\\\/en\\\/bona-practica-espais-davaluacio-amb-els-infants\\\/#primaryimage\"},\"thumbnailUrl\":\"https:\\\/\\\/www.esplac.cat\\\/wp-content\\\/uploads\\\/2012\\\/10\\\/curs_monitors_escola_sol-e1351092774841.jpeg\",\"datePublished\":\"2015-06-30T12:13:32+00:00\",\"breadcrumb\":{\"@id\":\"https:\\\/\\\/www.esplac.cat\\\/en\\\/bona-practica-espais-davaluacio-amb-els-infants\\\/#breadcrumb\"},\"inLanguage\":\"en-US\",\"potentialAction\":[{\"@type\":\"ReadAction\",\"target\":[\"https:\\\/\\\/www.esplac.cat\\\/en\\\/bona-practica-espais-davaluacio-amb-els-infants\\\/\"]}]},{\"@type\":\"ImageObject\",\"inLanguage\":\"en-US\",\"@id\":\"https:\\\/\\\/www.esplac.cat\\\/en\\\/bona-practica-espais-davaluacio-amb-els-infants\\\/#primaryimage\",\"url\":\"https:\\\/\\\/www.esplac.cat\\\/wp-content\\\/uploads\\\/2012\\\/10\\\/curs_monitors_escola_sol-e1351092774841.jpeg\",\"contentUrl\":\"https:\\\/\\\/www.esplac.cat\\\/wp-content\\\/uploads\\\/2012\\\/10\\\/curs_monitors_escola_sol-e1351092774841.jpeg\",\"width\":719,\"height\":336},{\"@type\":\"BreadcrumbList\",\"@id\":\"https:\\\/\\\/www.esplac.cat\\\/en\\\/bona-practica-espais-davaluacio-amb-els-infants\\\/#breadcrumb\",\"itemListElement\":[{\"@type\":\"ListItem\",\"position\":1,\"name\":\"Inici\",\"item\":\"https:\\\/\\\/www.esplac.cat\\\/en\\\/\"},{\"@type\":\"ListItem\",\"position\":2,\"name\":\"Bona pr\u00e0ctica: espais d&#8217;avaluaci\u00f3 amb els infants\"}]},{\"@type\":\"WebSite\",\"@id\":\"https:\\\/\\\/www.esplac.cat\\\/#website\",\"url\":\"https:\\\/\\\/www.esplac.cat\\\/\",\"name\":\"Esplac\",\"description\":\"Esplais Catalans\",\"publisher\":{\"@id\":\"https:\\\/\\\/www.esplac.cat\\\/#organization\"},\"potentialAction\":[{\"@type\":\"SearchAction\",\"target\":{\"@type\":\"EntryPoint\",\"urlTemplate\":\"https:\\\/\\\/www.esplac.cat\\\/?s={search_term_string}\"},\"query-input\":{\"@type\":\"PropertyValueSpecification\",\"valueRequired\":true,\"valueName\":\"search_term_string\"}}],\"inLanguage\":\"en-US\"},{\"@type\":\"Organization\",\"@id\":\"https:\\\/\\\/www.esplac.cat\\\/#organization\",\"name\":\"Esplac\",\"url\":\"https:\\\/\\\/www.esplac.cat\\\/\",\"logo\":{\"@type\":\"ImageObject\",\"inLanguage\":\"en-US\",\"@id\":\"https:\\\/\\\/www.esplac.cat\\\/#\\\/schema\\\/logo\\\/image\\\/\",\"url\":\"https:\\\/\\\/www.esplac.cat\\\/wp-content\\\/uploads\\\/2019\\\/08\\\/logox2.png\",\"contentUrl\":\"https:\\\/\\\/www.esplac.cat\\\/wp-content\\\/uploads\\\/2019\\\/08\\\/logox2.png\",\"width\":600,\"height\":295,\"caption\":\"Esplac\"},\"image\":{\"@id\":\"https:\\\/\\\/www.esplac.cat\\\/#\\\/schema\\\/logo\\\/image\\\/\"}},{\"@type\":\"Person\",\"@id\":\"https:\\\/\\\/www.esplac.cat\\\/#\\\/schema\\\/person\\\/908383cf240be18b68f8855d0583faca\",\"name\":\"Comunicaci\u00f3 Esplac\",\"image\":{\"@type\":\"ImageObject\",\"inLanguage\":\"en-US\",\"@id\":\"https:\\\/\\\/secure.gravatar.com\\\/avatar\\\/7a4cf8feb412a76ea4a740ca02d95b06b2907b5a6c648c2dd0a1082a093c3141?s=96&d=mm&r=g\",\"url\":\"https:\\\/\\\/secure.gravatar.com\\\/avatar\\\/7a4cf8feb412a76ea4a740ca02d95b06b2907b5a6c648c2dd0a1082a093c3141?s=96&d=mm&r=g\",\"contentUrl\":\"https:\\\/\\\/secure.gravatar.com\\\/avatar\\\/7a4cf8feb412a76ea4a740ca02d95b06b2907b5a6c648c2dd0a1082a093c3141?s=96&d=mm&r=g\",\"caption\":\"Comunicaci\u00f3 Esplac\"}}]}<\/script>\n<!-- \/ Yoast SEO plugin. -->","yoast_head_json":{"title":"Bona pr\u00e0ctica: espais d'avaluaci\u00f3 amb els infants - Esplac","robots":{"index":"index","follow":"follow","max-snippet":"max-snippet:-1","max-image-preview":"max-image-preview:large","max-video-preview":"max-video-preview:-1"},"canonical":"https:\/\/www.esplac.cat\/en\/bona-practica-espais-davaluacio-amb-els-infants\/","og_locale":"en_US","og_type":"article","og_title":"Bona pr\u00e0ctica: espais d'avaluaci\u00f3 amb els infants - Esplac","og_description":"Durant els campaments, col\u00f2nies i rutes els infants conviuen entre [&hellip;]","og_url":"https:\/\/www.esplac.cat\/en\/bona-practica-espais-davaluacio-amb-els-infants\/","og_site_name":"Esplac","article_published_time":"2015-06-30T12:13:32+00:00","og_image":[{"width":719,"height":336,"url":"https:\/\/www.esplac.cat\/wp-content\/uploads\/2012\/10\/curs_monitors_escola_sol-e1351092774841.jpeg","type":"image\/jpeg"}],"author":"Comunicaci\u00f3 Esplac","twitter_card":"summary_large_image","twitter_misc":{"Written by":"Comunicaci\u00f3 Esplac","Est. reading time":"2 minutes"},"schema":{"@context":"https:\/\/schema.org","@graph":[{"@type":"Article","@id":"https:\/\/www.esplac.cat\/en\/bona-practica-espais-davaluacio-amb-els-infants\/#article","isPartOf":{"@id":"https:\/\/www.esplac.cat\/en\/bona-practica-espais-davaluacio-amb-els-infants\/"},"author":{"name":"Comunicaci\u00f3 Esplac","@id":"https:\/\/www.esplac.cat\/#\/schema\/person\/908383cf240be18b68f8855d0583faca"},"headline":"Bona pr\u00e0ctica: espais d&#8217;avaluaci\u00f3 amb els infants","datePublished":"2015-06-30T12:13:32+00:00","mainEntityOfPage":{"@id":"https:\/\/www.esplac.cat\/en\/bona-practica-espais-davaluacio-amb-els-infants\/"},"wordCount":487,"publisher":{"@id":"https:\/\/www.esplac.cat\/#organization"},"image":{"@id":"https:\/\/www.esplac.cat\/en\/bona-practica-espais-davaluacio-amb-els-infants\/#primaryimage"},"thumbnailUrl":"https:\/\/www.esplac.cat\/wp-content\/uploads\/2012\/10\/curs_monitors_escola_sol-e1351092774841.jpeg","keywords":["bones pr\u00e0ctiques","campaments","col\u00f2nies i rutes","conviv\u00e8ncia","espais d'avaluaci\u00f3","participaci\u00f3 infantil","Queer Easter"],"articleSection":["Bones pr\u00e0ctiques"],"inLanguage":"en-US"},{"@type":"WebPage","@id":"https:\/\/www.esplac.cat\/en\/bona-practica-espais-davaluacio-amb-els-infants\/","url":"https:\/\/www.esplac.cat\/en\/bona-practica-espais-davaluacio-amb-els-infants\/","name":"Bona pr\u00e0ctica: espais d'avaluaci\u00f3 amb els infants - Esplac","isPartOf":{"@id":"https:\/\/www.esplac.cat\/#website"},"primaryImageOfPage":{"@id":"https:\/\/www.esplac.cat\/en\/bona-practica-espais-davaluacio-amb-els-infants\/#primaryimage"},"image":{"@id":"https:\/\/www.esplac.cat\/en\/bona-practica-espais-davaluacio-amb-els-infants\/#primaryimage"},"thumbnailUrl":"https:\/\/www.esplac.cat\/wp-content\/uploads\/2012\/10\/curs_monitors_escola_sol-e1351092774841.jpeg","datePublished":"2015-06-30T12:13:32+00:00","breadcrumb":{"@id":"https:\/\/www.esplac.cat\/en\/bona-practica-espais-davaluacio-amb-els-infants\/#breadcrumb"},"inLanguage":"en-US","potentialAction":[{"@type":"ReadAction","target":["https:\/\/www.esplac.cat\/en\/bona-practica-espais-davaluacio-amb-els-infants\/"]}]},{"@type":"ImageObject","inLanguage":"en-US","@id":"https:\/\/www.esplac.cat\/en\/bona-practica-espais-davaluacio-amb-els-infants\/#primaryimage","url":"https:\/\/www.esplac.cat\/wp-content\/uploads\/2012\/10\/curs_monitors_escola_sol-e1351092774841.jpeg","contentUrl":"https:\/\/www.esplac.cat\/wp-content\/uploads\/2012\/10\/curs_monitors_escola_sol-e1351092774841.jpeg","width":719,"height":336},{"@type":"BreadcrumbList","@id":"https:\/\/www.esplac.cat\/en\/bona-practica-espais-davaluacio-amb-els-infants\/#breadcrumb","itemListElement":[{"@type":"ListItem","position":1,"name":"Inici","item":"https:\/\/www.esplac.cat\/en\/"},{"@type":"ListItem","position":2,"name":"Bona pr\u00e0ctica: espais d&#8217;avaluaci\u00f3 amb els infants"}]},{"@type":"WebSite","@id":"https:\/\/www.esplac.cat\/#website","url":"https:\/\/www.esplac.cat\/","name":"Esplac","description":"Esplais Catalans","publisher":{"@id":"https:\/\/www.esplac.cat\/#organization"},"potentialAction":[{"@type":"SearchAction","target":{"@type":"EntryPoint","urlTemplate":"https:\/\/www.esplac.cat\/?s={search_term_string}"},"query-input":{"@type":"PropertyValueSpecification","valueRequired":true,"valueName":"search_term_string"}}],"inLanguage":"en-US"},{"@type":"Organization","@id":"https:\/\/www.esplac.cat\/#organization","name":"Esplac","url":"https:\/\/www.esplac.cat\/","logo":{"@type":"ImageObject","inLanguage":"en-US","@id":"https:\/\/www.esplac.cat\/#\/schema\/logo\/image\/","url":"https:\/\/www.esplac.cat\/wp-content\/uploads\/2019\/08\/logox2.png","contentUrl":"https:\/\/www.esplac.cat\/wp-content\/uploads\/2019\/08\/logox2.png","width":600,"height":295,"caption":"Esplac"},"image":{"@id":"https:\/\/www.esplac.cat\/#\/schema\/logo\/image\/"}},{"@type":"Person","@id":"https:\/\/www.esplac.cat\/#\/schema\/person\/908383cf240be18b68f8855d0583faca","name":"Comunicaci\u00f3 Esplac","image":{"@type":"ImageObject","inLanguage":"en-US","@id":"https:\/\/secure.gravatar.com\/avatar\/7a4cf8feb412a76ea4a740ca02d95b06b2907b5a6c648c2dd0a1082a093c3141?s=96&d=mm&r=g","url":"https:\/\/secure.gravatar.com\/avatar\/7a4cf8feb412a76ea4a740ca02d95b06b2907b5a6c648c2dd0a1082a093c3141?s=96&d=mm&r=g","contentUrl":"https:\/\/secure.gravatar.com\/avatar\/7a4cf8feb412a76ea4a740ca02d95b06b2907b5a6c648c2dd0a1082a093c3141?s=96&d=mm&r=g","caption":"Comunicaci\u00f3 Esplac"}}]}},"_links":{"self":[{"href":"https:\/\/www.esplac.cat\/en\/wp-json\/wp\/v2\/posts\/25599","targetHints":{"allow":["GET"]}}],"collection":[{"href":"https:\/\/www.esplac.cat\/en\/wp-json\/wp\/v2\/posts"}],"about":[{"href":"https:\/\/www.esplac.cat\/en\/wp-json\/wp\/v2\/types\/post"}],"author":[{"embeddable":true,"href":"https:\/\/www.esplac.cat\/en\/wp-json\/wp\/v2\/users\/3"}],"replies":[{"embeddable":true,"href":"https:\/\/www.esplac.cat\/en\/wp-json\/wp\/v2\/comments?post=25599"}],"version-history":[{"count":0,"href":"https:\/\/www.esplac.cat\/en\/wp-json\/wp\/v2\/posts\/25599\/revisions"}],"wp:featuredmedia":[{"embeddable":true,"href":"https:\/\/www.esplac.cat\/en\/wp-json\/wp\/v2\/media\/25600"}],"wp:attachment":[{"href":"https:\/\/www.esplac.cat\/en\/wp-json\/wp\/v2\/media?parent=25599"}],"wp:term":[{"taxonomy":"category","embeddable":true,"href":"https:\/\/www.esplac.cat\/en\/wp-json\/wp\/v2\/categories?post=25599"},{"taxonomy":"post_tag","embeddable":true,"href":"https:\/\/www.esplac.cat\/en\/wp-json\/wp\/v2\/tags?post=25599"}],"curies":[{"name":"wp","href":"https:\/\/api.w.org\/{rel}","templated":true}]}}