{"id":25603,"date":"2015-06-18T17:33:24","date_gmt":"2015-06-18T15:33:24","guid":{"rendered":"http:\/\/esplac.cat\/?p=6818"},"modified":"2015-06-18T17:33:24","modified_gmt":"2015-06-18T15:33:24","slug":"5-passos-per-adaptar-llei-de-proteccio-dades-esplai","status":"publish","type":"post","link":"https:\/\/www.esplac.cat\/en\/5-passos-per-adaptar-llei-de-proteccio-dades-esplai\/","title":{"rendered":"5 passos per adaptar-nos a la Llei de Protecci\u00f3 de Dades a l&#8217;esplai"},"content":{"rendered":"<p>La Llei Org\u00e0nica de Protecci\u00f3 de Dades \u00e9s una llei que pret\u00e9n protegir i garantir tot all\u00f2 que fa refer\u00e8ncia al tractament de dades personals, les llibertats p\u00fabliques i els drets fonamentals de les persones, i especialment l\u2019honor i la intimitat personal i familiar.\u00a0S&#8217;ha de tenir en compte que qualsevol dada que pugui identificar una persona (nom, adre\u00e7a&#8230;) o que la faci identificable (fotografia), est\u00e0 sotmesa a la llei i, per tant, cal fer-ne un bon tractament.<\/p>\n<p>Aquest mes de juny entrar\u00e0 en vigor la llei catalana de protecci\u00f3 de dades, que afecta a tota entitat que tracti dades personals, com ara un llistat de socis\/es, voluntaris\/es, clients\/es o treballadors\/es. A l&#8217;esplai, que recopilem dades personals constantment, tamb\u00e9 ens afecta, i per aix\u00f2 cal que aprenem a\u00a0adaptar-nos-hi. \u00c9s per aix\u00f2 que hem\u00a0dissenyat una infografia que explica de manera clara i senzilla i <strong>en 5 passos cper complir\u00a0la llei de protecci\u00f3 de dades personals a l&#8217;esplai.<\/strong><\/p>\n<p>A m\u00e9s, des d&#8217;Esplais Catalans us podem posar en contacte amb l&#8217;empresa\u00a0<b>Tconectamos<\/b>, que ha gestionat l&#8217;adaptaci\u00f3 d&#8217;Esplais Catalans a la normativa.\u00a0Podeu enviar-nos un correu electr\u00f2nic\u00a0a\u00a0<strong><a rel=\"nofollow\">esplac@esplac.cat<\/a><\/strong><wbr \/>\u00a0o trucar-nos al 93.302.61.03 i us facilitarem el contacte o resoldrem qualsevol dubte que tingueu. <strong><a href=\"http:\/\/assac.esplac.cat\/documents\/document_i_web367.pdf\" target=\"_blank\" rel=\"noopener noreferrer\">Cliqueu aqu\u00ed per llegir i descarregar-vos la infografia.<\/a><\/strong><\/p>\n","protected":false},"excerpt":{"rendered":"<p>La Llei Org\u00e0nica de Protecci\u00f3 de Dades \u00e9s una llei [&hellip;]<\/p>\n","protected":false},"author":3,"featured_media":25604,"comment_status":"closed","ping_status":"open","sticky":false,"template":"","format":"standard","meta":{"om_disable_all_campaigns":false,"_monsterinsights_skip_tracking":false,"_monsterinsights_sitenote_active":false,"_monsterinsights_sitenote_note":"","_monsterinsights_sitenote_category":0,"_uf_show_specific_survey":0,"_uf_disable_surveys":false,"footnotes":""},"categories":[1114],"tags":[401,527,383],"class_list":["post-25603","post","type-post","status-publish","format-standard","has-post-thumbnail","hentry","category-recursos","tag-legislacio","tag-lopd","tag-proteccio-de-dades"],"yoast_head":"<!-- This site is optimized with the Yoast SEO plugin v27.4 - https:\/\/yoast.com\/product\/yoast-seo-wordpress\/ -->\n<title>5 passos per adaptar-nos a la Llei de Protecci\u00f3 de Dades a l&#039;esplai - Esplac<\/title>\n<meta name=\"robots\" content=\"index, follow, max-snippet:-1, max-image-preview:large, max-video-preview:-1\" \/>\n<link rel=\"canonical\" href=\"https:\/\/www.esplac.cat\/5-passos-per-adaptar-llei-de-proteccio-dades-esplai\/\" \/>\n<meta property=\"og:locale\" content=\"en_US\" \/>\n<meta property=\"og:type\" content=\"article\" \/>\n<meta property=\"og:title\" content=\"5 passos per adaptar-nos a la Llei de Protecci\u00f3 de Dades a l&#039;esplai - Esplac\" \/>\n<meta property=\"og:description\" content=\"La Llei Org\u00e0nica de Protecci\u00f3 de Dades \u00e9s una llei [&hellip;]\" \/>\n<meta property=\"og:url\" content=\"https:\/\/www.esplac.cat\/5-passos-per-adaptar-llei-de-proteccio-dades-esplai\/\" \/>\n<meta property=\"og:site_name\" content=\"Esplac\" \/>\n<meta property=\"article:published_time\" content=\"2015-06-18T15:33:24+00:00\" \/>\n<meta property=\"og:image\" content=\"https:\/\/www.esplac.cat\/wp-content\/uploads\/2013\/02\/DSC08123-1024x575.jpg\" \/>\n\t<meta property=\"og:image:width\" content=\"1024\" \/>\n\t<meta property=\"og:image:height\" content=\"575\" \/>\n\t<meta property=\"og:image:type\" content=\"image\/jpeg\" \/>\n<meta name=\"author\" content=\"Comunicaci\u00f3 Esplac\" \/>\n<meta name=\"twitter:card\" content=\"summary_large_image\" \/>\n<meta name=\"twitter:label1\" content=\"Written by\" \/>\n\t<meta name=\"twitter:data1\" content=\"Comunicaci\u00f3 Esplac\" \/>\n\t<meta name=\"twitter:label2\" content=\"Est. reading time\" \/>\n\t<meta name=\"twitter:data2\" content=\"1 minute\" \/>\n<script type=\"application\/ld+json\" class=\"yoast-schema-graph\">{\"@context\":\"https:\\\/\\\/schema.org\",\"@graph\":[{\"@type\":\"Article\",\"@id\":\"https:\\\/\\\/www.esplac.cat\\\/5-passos-per-adaptar-llei-de-proteccio-dades-esplai\\\/#article\",\"isPartOf\":{\"@id\":\"https:\\\/\\\/www.esplac.cat\\\/5-passos-per-adaptar-llei-de-proteccio-dades-esplai\\\/\"},\"author\":{\"name\":\"Comunicaci\u00f3 Esplac\",\"@id\":\"https:\\\/\\\/www.esplac.cat\\\/#\\\/schema\\\/person\\\/908383cf240be18b68f8855d0583faca\"},\"headline\":\"5 passos per adaptar-nos a la Llei de Protecci\u00f3 de Dades a l&#8217;esplai\",\"datePublished\":\"2015-06-18T15:33:24+00:00\",\"mainEntityOfPage\":{\"@id\":\"https:\\\/\\\/www.esplac.cat\\\/5-passos-per-adaptar-llei-de-proteccio-dades-esplai\\\/\"},\"wordCount\":243,\"publisher\":{\"@id\":\"https:\\\/\\\/www.esplac.cat\\\/#organization\"},\"image\":{\"@id\":\"https:\\\/\\\/www.esplac.cat\\\/5-passos-per-adaptar-llei-de-proteccio-dades-esplai\\\/#primaryimage\"},\"thumbnailUrl\":\"https:\\\/\\\/www.esplac.cat\\\/wp-content\\\/uploads\\\/2013\\\/02\\\/DSC08123.jpg\",\"keywords\":[\"legislaci\u00f3\",\"LOPD\",\"protecci\u00f3 de dades\"],\"articleSection\":[\"Recursos\"],\"inLanguage\":\"en-US\"},{\"@type\":\"WebPage\",\"@id\":\"https:\\\/\\\/www.esplac.cat\\\/5-passos-per-adaptar-llei-de-proteccio-dades-esplai\\\/\",\"url\":\"https:\\\/\\\/www.esplac.cat\\\/5-passos-per-adaptar-llei-de-proteccio-dades-esplai\\\/\",\"name\":\"5 passos per adaptar-nos a la Llei de Protecci\u00f3 de Dades a l'esplai - Esplac\",\"isPartOf\":{\"@id\":\"https:\\\/\\\/www.esplac.cat\\\/#website\"},\"primaryImageOfPage\":{\"@id\":\"https:\\\/\\\/www.esplac.cat\\\/5-passos-per-adaptar-llei-de-proteccio-dades-esplai\\\/#primaryimage\"},\"image\":{\"@id\":\"https:\\\/\\\/www.esplac.cat\\\/5-passos-per-adaptar-llei-de-proteccio-dades-esplai\\\/#primaryimage\"},\"thumbnailUrl\":\"https:\\\/\\\/www.esplac.cat\\\/wp-content\\\/uploads\\\/2013\\\/02\\\/DSC08123.jpg\",\"datePublished\":\"2015-06-18T15:33:24+00:00\",\"breadcrumb\":{\"@id\":\"https:\\\/\\\/www.esplac.cat\\\/5-passos-per-adaptar-llei-de-proteccio-dades-esplai\\\/#breadcrumb\"},\"inLanguage\":\"en-US\",\"potentialAction\":[{\"@type\":\"ReadAction\",\"target\":[\"https:\\\/\\\/www.esplac.cat\\\/5-passos-per-adaptar-llei-de-proteccio-dades-esplai\\\/\"]}]},{\"@type\":\"ImageObject\",\"inLanguage\":\"en-US\",\"@id\":\"https:\\\/\\\/www.esplac.cat\\\/5-passos-per-adaptar-llei-de-proteccio-dades-esplai\\\/#primaryimage\",\"url\":\"https:\\\/\\\/www.esplac.cat\\\/wp-content\\\/uploads\\\/2013\\\/02\\\/DSC08123.jpg\",\"contentUrl\":\"https:\\\/\\\/www.esplac.cat\\\/wp-content\\\/uploads\\\/2013\\\/02\\\/DSC08123.jpg\",\"width\":3872,\"height\":2176},{\"@type\":\"BreadcrumbList\",\"@id\":\"https:\\\/\\\/www.esplac.cat\\\/5-passos-per-adaptar-llei-de-proteccio-dades-esplai\\\/#breadcrumb\",\"itemListElement\":[{\"@type\":\"ListItem\",\"position\":1,\"name\":\"Inici\",\"item\":\"https:\\\/\\\/www.esplac.cat\\\/en\\\/\"},{\"@type\":\"ListItem\",\"position\":2,\"name\":\"5 passos per adaptar-nos a la Llei de Protecci\u00f3 de Dades a l&#8217;esplai\"}]},{\"@type\":\"WebSite\",\"@id\":\"https:\\\/\\\/www.esplac.cat\\\/#website\",\"url\":\"https:\\\/\\\/www.esplac.cat\\\/\",\"name\":\"Esplac\",\"description\":\"Esplais Catalans\",\"publisher\":{\"@id\":\"https:\\\/\\\/www.esplac.cat\\\/#organization\"},\"potentialAction\":[{\"@type\":\"SearchAction\",\"target\":{\"@type\":\"EntryPoint\",\"urlTemplate\":\"https:\\\/\\\/www.esplac.cat\\\/?s={search_term_string}\"},\"query-input\":{\"@type\":\"PropertyValueSpecification\",\"valueRequired\":true,\"valueName\":\"search_term_string\"}}],\"inLanguage\":\"en-US\"},{\"@type\":\"Organization\",\"@id\":\"https:\\\/\\\/www.esplac.cat\\\/#organization\",\"name\":\"Esplac\",\"url\":\"https:\\\/\\\/www.esplac.cat\\\/\",\"logo\":{\"@type\":\"ImageObject\",\"inLanguage\":\"en-US\",\"@id\":\"https:\\\/\\\/www.esplac.cat\\\/#\\\/schema\\\/logo\\\/image\\\/\",\"url\":\"https:\\\/\\\/www.esplac.cat\\\/wp-content\\\/uploads\\\/2019\\\/08\\\/logox2.png\",\"contentUrl\":\"https:\\\/\\\/www.esplac.cat\\\/wp-content\\\/uploads\\\/2019\\\/08\\\/logox2.png\",\"width\":600,\"height\":295,\"caption\":\"Esplac\"},\"image\":{\"@id\":\"https:\\\/\\\/www.esplac.cat\\\/#\\\/schema\\\/logo\\\/image\\\/\"}},{\"@type\":\"Person\",\"@id\":\"https:\\\/\\\/www.esplac.cat\\\/#\\\/schema\\\/person\\\/908383cf240be18b68f8855d0583faca\",\"name\":\"Comunicaci\u00f3 Esplac\",\"image\":{\"@type\":\"ImageObject\",\"inLanguage\":\"en-US\",\"@id\":\"https:\\\/\\\/secure.gravatar.com\\\/avatar\\\/7a4cf8feb412a76ea4a740ca02d95b06b2907b5a6c648c2dd0a1082a093c3141?s=96&d=mm&r=g\",\"url\":\"https:\\\/\\\/secure.gravatar.com\\\/avatar\\\/7a4cf8feb412a76ea4a740ca02d95b06b2907b5a6c648c2dd0a1082a093c3141?s=96&d=mm&r=g\",\"contentUrl\":\"https:\\\/\\\/secure.gravatar.com\\\/avatar\\\/7a4cf8feb412a76ea4a740ca02d95b06b2907b5a6c648c2dd0a1082a093c3141?s=96&d=mm&r=g\",\"caption\":\"Comunicaci\u00f3 Esplac\"}}]}<\/script>\n<!-- \/ Yoast SEO plugin. -->","yoast_head_json":{"title":"5 passos per adaptar-nos a la Llei de Protecci\u00f3 de Dades a l'esplai - Esplac","robots":{"index":"index","follow":"follow","max-snippet":"max-snippet:-1","max-image-preview":"max-image-preview:large","max-video-preview":"max-video-preview:-1"},"canonical":"https:\/\/www.esplac.cat\/5-passos-per-adaptar-llei-de-proteccio-dades-esplai\/","og_locale":"en_US","og_type":"article","og_title":"5 passos per adaptar-nos a la Llei de Protecci\u00f3 de Dades a l'esplai - Esplac","og_description":"La Llei Org\u00e0nica de Protecci\u00f3 de Dades \u00e9s una llei [&hellip;]","og_url":"https:\/\/www.esplac.cat\/5-passos-per-adaptar-llei-de-proteccio-dades-esplai\/","og_site_name":"Esplac","article_published_time":"2015-06-18T15:33:24+00:00","og_image":[{"width":1024,"height":575,"url":"https:\/\/www.esplac.cat\/wp-content\/uploads\/2013\/02\/DSC08123-1024x575.jpg","type":"image\/jpeg"}],"author":"Comunicaci\u00f3 Esplac","twitter_card":"summary_large_image","twitter_misc":{"Written by":"Comunicaci\u00f3 Esplac","Est. reading time":"1 minute"},"schema":{"@context":"https:\/\/schema.org","@graph":[{"@type":"Article","@id":"https:\/\/www.esplac.cat\/5-passos-per-adaptar-llei-de-proteccio-dades-esplai\/#article","isPartOf":{"@id":"https:\/\/www.esplac.cat\/5-passos-per-adaptar-llei-de-proteccio-dades-esplai\/"},"author":{"name":"Comunicaci\u00f3 Esplac","@id":"https:\/\/www.esplac.cat\/#\/schema\/person\/908383cf240be18b68f8855d0583faca"},"headline":"5 passos per adaptar-nos a la Llei de Protecci\u00f3 de Dades a l&#8217;esplai","datePublished":"2015-06-18T15:33:24+00:00","mainEntityOfPage":{"@id":"https:\/\/www.esplac.cat\/5-passos-per-adaptar-llei-de-proteccio-dades-esplai\/"},"wordCount":243,"publisher":{"@id":"https:\/\/www.esplac.cat\/#organization"},"image":{"@id":"https:\/\/www.esplac.cat\/5-passos-per-adaptar-llei-de-proteccio-dades-esplai\/#primaryimage"},"thumbnailUrl":"https:\/\/www.esplac.cat\/wp-content\/uploads\/2013\/02\/DSC08123.jpg","keywords":["legislaci\u00f3","LOPD","protecci\u00f3 de dades"],"articleSection":["Recursos"],"inLanguage":"en-US"},{"@type":"WebPage","@id":"https:\/\/www.esplac.cat\/5-passos-per-adaptar-llei-de-proteccio-dades-esplai\/","url":"https:\/\/www.esplac.cat\/5-passos-per-adaptar-llei-de-proteccio-dades-esplai\/","name":"5 passos per adaptar-nos a la Llei de Protecci\u00f3 de Dades a l'esplai - Esplac","isPartOf":{"@id":"https:\/\/www.esplac.cat\/#website"},"primaryImageOfPage":{"@id":"https:\/\/www.esplac.cat\/5-passos-per-adaptar-llei-de-proteccio-dades-esplai\/#primaryimage"},"image":{"@id":"https:\/\/www.esplac.cat\/5-passos-per-adaptar-llei-de-proteccio-dades-esplai\/#primaryimage"},"thumbnailUrl":"https:\/\/www.esplac.cat\/wp-content\/uploads\/2013\/02\/DSC08123.jpg","datePublished":"2015-06-18T15:33:24+00:00","breadcrumb":{"@id":"https:\/\/www.esplac.cat\/5-passos-per-adaptar-llei-de-proteccio-dades-esplai\/#breadcrumb"},"inLanguage":"en-US","potentialAction":[{"@type":"ReadAction","target":["https:\/\/www.esplac.cat\/5-passos-per-adaptar-llei-de-proteccio-dades-esplai\/"]}]},{"@type":"ImageObject","inLanguage":"en-US","@id":"https:\/\/www.esplac.cat\/5-passos-per-adaptar-llei-de-proteccio-dades-esplai\/#primaryimage","url":"https:\/\/www.esplac.cat\/wp-content\/uploads\/2013\/02\/DSC08123.jpg","contentUrl":"https:\/\/www.esplac.cat\/wp-content\/uploads\/2013\/02\/DSC08123.jpg","width":3872,"height":2176},{"@type":"BreadcrumbList","@id":"https:\/\/www.esplac.cat\/5-passos-per-adaptar-llei-de-proteccio-dades-esplai\/#breadcrumb","itemListElement":[{"@type":"ListItem","position":1,"name":"Inici","item":"https:\/\/www.esplac.cat\/en\/"},{"@type":"ListItem","position":2,"name":"5 passos per adaptar-nos a la Llei de Protecci\u00f3 de Dades a l&#8217;esplai"}]},{"@type":"WebSite","@id":"https:\/\/www.esplac.cat\/#website","url":"https:\/\/www.esplac.cat\/","name":"Esplac","description":"Esplais Catalans","publisher":{"@id":"https:\/\/www.esplac.cat\/#organization"},"potentialAction":[{"@type":"SearchAction","target":{"@type":"EntryPoint","urlTemplate":"https:\/\/www.esplac.cat\/?s={search_term_string}"},"query-input":{"@type":"PropertyValueSpecification","valueRequired":true,"valueName":"search_term_string"}}],"inLanguage":"en-US"},{"@type":"Organization","@id":"https:\/\/www.esplac.cat\/#organization","name":"Esplac","url":"https:\/\/www.esplac.cat\/","logo":{"@type":"ImageObject","inLanguage":"en-US","@id":"https:\/\/www.esplac.cat\/#\/schema\/logo\/image\/","url":"https:\/\/www.esplac.cat\/wp-content\/uploads\/2019\/08\/logox2.png","contentUrl":"https:\/\/www.esplac.cat\/wp-content\/uploads\/2019\/08\/logox2.png","width":600,"height":295,"caption":"Esplac"},"image":{"@id":"https:\/\/www.esplac.cat\/#\/schema\/logo\/image\/"}},{"@type":"Person","@id":"https:\/\/www.esplac.cat\/#\/schema\/person\/908383cf240be18b68f8855d0583faca","name":"Comunicaci\u00f3 Esplac","image":{"@type":"ImageObject","inLanguage":"en-US","@id":"https:\/\/secure.gravatar.com\/avatar\/7a4cf8feb412a76ea4a740ca02d95b06b2907b5a6c648c2dd0a1082a093c3141?s=96&d=mm&r=g","url":"https:\/\/secure.gravatar.com\/avatar\/7a4cf8feb412a76ea4a740ca02d95b06b2907b5a6c648c2dd0a1082a093c3141?s=96&d=mm&r=g","contentUrl":"https:\/\/secure.gravatar.com\/avatar\/7a4cf8feb412a76ea4a740ca02d95b06b2907b5a6c648c2dd0a1082a093c3141?s=96&d=mm&r=g","caption":"Comunicaci\u00f3 Esplac"}}]}},"_links":{"self":[{"href":"https:\/\/www.esplac.cat\/en\/wp-json\/wp\/v2\/posts\/25603","targetHints":{"allow":["GET"]}}],"collection":[{"href":"https:\/\/www.esplac.cat\/en\/wp-json\/wp\/v2\/posts"}],"about":[{"href":"https:\/\/www.esplac.cat\/en\/wp-json\/wp\/v2\/types\/post"}],"author":[{"embeddable":true,"href":"https:\/\/www.esplac.cat\/en\/wp-json\/wp\/v2\/users\/3"}],"replies":[{"embeddable":true,"href":"https:\/\/www.esplac.cat\/en\/wp-json\/wp\/v2\/comments?post=25603"}],"version-history":[{"count":0,"href":"https:\/\/www.esplac.cat\/en\/wp-json\/wp\/v2\/posts\/25603\/revisions"}],"wp:featuredmedia":[{"embeddable":true,"href":"https:\/\/www.esplac.cat\/en\/wp-json\/wp\/v2\/media\/25604"}],"wp:attachment":[{"href":"https:\/\/www.esplac.cat\/en\/wp-json\/wp\/v2\/media?parent=25603"}],"wp:term":[{"taxonomy":"category","embeddable":true,"href":"https:\/\/www.esplac.cat\/en\/wp-json\/wp\/v2\/categories?post=25603"},{"taxonomy":"post_tag","embeddable":true,"href":"https:\/\/www.esplac.cat\/en\/wp-json\/wp\/v2\/tags?post=25603"}],"curies":[{"name":"wp","href":"https:\/\/api.w.org\/{rel}","templated":true}]}}