{"id":25605,"date":"2015-06-17T18:09:27","date_gmt":"2015-06-17T16:09:27","guid":{"rendered":"http:\/\/esplac.cat\/?p=6810"},"modified":"2015-06-17T18:09:27","modified_gmt":"2015-06-17T16:09:27","slug":"sense-regidoria-propia-de-joventut-al-nou-ajuntament-de-barcelona","status":"publish","type":"post","link":"https:\/\/www.esplac.cat\/en\/sense-regidoria-propia-de-joventut-al-nou-ajuntament-de-barcelona\/","title":{"rendered":"Sense regidoria pr\u00f2pia de Joventut al nou Ajuntament de Barcelona"},"content":{"rendered":"<p class=\"p1\">El <a href=\"http:\/\/www.cjb.cat\/\" target=\"_blank\" rel=\"noopener noreferrer\">Consell de la Joventut de Barcelona<\/a> va emetre ahir un comunicat que lamenta que el nou govern del consistori barcelon\u00ed, liderat per Ada Colau, no comtempli una regidoria pr\u00f2pia d&#8217;Adolesc\u00e8ncia i Joventut, que depengui directament d&#8217;Alcaldia.<\/p>\n<p class=\"p1\">Esplais Catalans volem compartir aquest\u00a0comunicat, que reprodu\u00efm a continuaci\u00f3:<\/p>\n<p class=\"p2\"><b>&#8221; LES ENTITATS JUVENILS LAMENTEN QUE EL NOU CARTIP\u00c0S DE L&#8217;AJUNTAMENT DE BARCELONA NO CONTEMPLI UNA REGIDORIA DE JOVENTUT NI QUE AQUESTA DEPENGUI D&#8217;ALCALDIA<\/b><\/p>\n<p class=\"p1\"><span class=\"s1\"><b>Comunicat del CJB, 16\/06\/2015<\/b><\/span><\/p>\n<p class=\"p1\"><span class=\"s1\"><b>El Consell de la Joventut de Barcelona lamenta que Barcelona en Com\u00fa<\/b><\/span>, candidatura que governar\u00e0 la ciutat de Barcelona durant els propers 4 anys,<span class=\"s1\"><b> no hagi incorporat una regidoria espec\u00edfica de Joventut ni que aquesta pengi d\u2019alcaldia<\/b><\/span>. Joventut formar\u00e0 part de l\u2019\u00e0rea de Drets Socials, i concretament de la Regidoria de Cicle de Vida, Feminismes i LGTBI encap\u00e7alada per Laura P\u00e9rez.<\/p>\n<p class=\"p1\"><span class=\"s1\"><b>Les persones joves, juntament amb dones i poblaci\u00f3 migrada, \u00e9s un dels col\u00b7lectius m\u00e9s vulnerables i que ha patit m\u00e9s la crisi econ\u00f2mica<\/b><\/span>. La precarietat i l\u2019atur s\u00f3n caracter\u00edstiques estructurals de la joventut per\u00f2 aquestes s\u2019han vist agreujades des de l\u2019inici de la recessi\u00f3 tal i com ens indiquen algunes xifres de la ciutat de Barcelona: <span class=\"s1\"><b>l\u2019augment de l\u2019atur entre persones menors de 25 anys ha augmentat un 60% des del 2008 i un 54% entre menors de 30 anys<\/b><\/span>; la poblaci\u00f3 jove aturada <span class=\"s1\"><b>el 2014 ha estat de 32.300<\/b><\/span> persones (una cinquena part del total);<span class=\"s1\"><b> l\u2019atur de llarga durada<\/b><\/span>(indicador de risc d\u2019exclusi\u00f3 social que entre la joventut pot tenir conseq\u00fc\u00e8ncies negatives al llarg de tota la traject\u00f2ria laboral de l\u2019individu) <span class=\"s1\"><b>es situa en el 14,7% entre les persones menors de 30 anys<\/b><\/span>; i la temporalitat laboral juvenil \u00e9s del 42% (el 90% dels contractes formalitzats durant el 2014 a la ciutat van ser temporals). Aquesta situaci\u00f3 ha abocat a moltes barcelonines i barcelonins a marxar a l\u2019estranger a la recerca d\u2019oportunitats laborals i vitals que no troben a la seva ciutat: en l\u2019actualitat hi ha 22.020 joves d\u2019entre 15 i 29 anys registrats a l\u2019estranger, un 62,5% que el 2009.<\/p>\n<p class=\"p1\">Davant aquesta situaci\u00f3, <span class=\"s1\"><b>el CJB considera imprescindible que la lluita contra l\u2019atur, l\u2019exili i la precarietat juvenil esdevingui una de les prioritats del nou consistori<\/b><\/span> i s\u2019utilitzin eines com el<span class=\"s1\"><b> Pla de Xoc contra l\u2019Atur Juvenil i el Pla Director de Pol\u00edtiques d\u2019Adolesc\u00e8ncia i Joventut 2013-2016<\/b><\/span> per fer front a aquesta xacra social. Malauradament, el primer gest conegut en aquest sentit \u00e9s<span class=\"s1\"><b> la desaparici\u00f3 -despr\u00e9s de 20 anys-, de la paraula \u201cJoventut\u201d de la regidoria que impulsar\u00e0 pol\u00edtiques\u00a0 juvenils transversals, decisi\u00f3 totalment decepcionant per la joventut i les entitats juvenils de la ciutat.<\/b><\/span><\/p>\n<p class=\"p1\">Tot i que el CJB \u00e9s conscient de la complexitat que representa governar amb 11 regidors i regidores, reivindica la <span class=\"s1\"><b>necessitat que les pol\u00edtiques de joventut, transversals i integrals, siguin una de les prioritats en els propers anys<\/b><\/span> per tal de fer front a una problem\u00e0tica estructural que pateix la joventut barcelonina. Com a plataforma interassociativa que coordina i representa les principals entitats juvenils de la ciutat,<span class=\"s1\"><b> el CJB treballar\u00e0 per a continuar essent un \u00f2rgan d\u2019interlocuci\u00f3 amb l\u2019Ajuntament de Barcelona i d\u2019altres institucions<\/b><\/span>, i ser agent actiu en la definici\u00f3 de les pol\u00edtiques de joventut i en tots aquells temes que afecten a la gent jove, tal i com ha estat en els \u00faltims anys amb els diferents governs que ha tingut la ciutat.<\/p>\n<p class=\"p1\">Per tot aix\u00f2, <span class=\"s1\"><b>el CJB exigeix que en les possibles modificacions del govern que hi hagi en els propers quatre anys, s\u2019incorpori -de nou-, la Regidoria d\u2019Adolesc\u00e8ncia i Joventut i que aquesta depengui d\u2019Alcaldia.<\/b><\/span><\/p>\n<p class=\"p1\">Tot i aixi <span class=\"s1\"><b>celebrem que des d\u2019Alcaldia s\u2019hagin posat en contacte<\/b><\/span> amb el CJB per tal de mantenir una<span class=\"s1\"><b>reuni\u00f3 dem\u00e0 dimecres i poder traslladar la necessitat d\u2019abordar totes aquelles pol\u00edtiques de joventut que fomentin i enforteixin el ric teixit associatiu juvenil del que gaudeix Barcelona<\/b><\/span> i que garanteixi que totes les persones joves puguin desenvolupar un projecte laboral i vital, digne, ple i aut\u00f2nom.<\/p>\n<p class=\"p1\"><span class=\"s1\"><b><a href=\"http:\/\/www.cjb.cat\/blog\/2015\/06\/les-entitats-juvenils-lamenten-que-el-nou-cartipas-de-lajuntament-de-barcelona-no-contempli-una-regidoria-de-joventut-ni-que-aquesta-depengui-dalcaldia\/\" target=\"_blank\" rel=\"noopener noreferrer\">Aqu\u00ed teniu el comunicat\u00a0original al web del CJB.<\/a><\/b><\/span><\/p>\n","protected":false},"excerpt":{"rendered":"<p>El Consell de la Joventut de Barcelona va emetre ahir [&hellip;]<\/p>\n","protected":false},"author":3,"featured_media":25606,"comment_status":"closed","ping_status":"open","sticky":false,"template":"","format":"standard","meta":{"om_disable_all_campaigns":false,"_monsterinsights_skip_tracking":false,"_monsterinsights_sitenote_active":false,"_monsterinsights_sitenote_note":"","_monsterinsights_sitenote_category":0,"_uf_show_specific_survey":0,"_uf_disable_surveys":false,"footnotes":""},"categories":[1127],"tags":[524,481,482,195,525,526],"class_list":["post-25605","post","type-post","status-publish","format-standard","has-post-thumbnail","hentry","category-comunicats-posicionaments","tag-ajuntament","tag-barcelona","tag-cjb","tag-joventut","tag-municipals-2015","tag-regidoria"],"yoast_head":"<!-- This site is optimized with the Yoast SEO plugin v27.4 - https:\/\/yoast.com\/product\/yoast-seo-wordpress\/ -->\n<title>Sense regidoria pr\u00f2pia de Joventut al nou Ajuntament de Barcelona - Esplac<\/title>\n<meta name=\"robots\" content=\"index, follow, max-snippet:-1, max-image-preview:large, max-video-preview:-1\" \/>\n<link rel=\"canonical\" href=\"https:\/\/www.esplac.cat\/sense-regidoria-propia-de-joventut-al-nou-ajuntament-de-barcelona\/\" \/>\n<meta property=\"og:locale\" content=\"en_US\" \/>\n<meta property=\"og:type\" content=\"article\" \/>\n<meta property=\"og:title\" content=\"Sense regidoria pr\u00f2pia de Joventut al nou Ajuntament de Barcelona - Esplac\" \/>\n<meta property=\"og:description\" content=\"El Consell de la Joventut de Barcelona va emetre ahir [&hellip;]\" \/>\n<meta property=\"og:url\" content=\"https:\/\/www.esplac.cat\/sense-regidoria-propia-de-joventut-al-nou-ajuntament-de-barcelona\/\" \/>\n<meta property=\"og:site_name\" content=\"Esplac\" \/>\n<meta property=\"article:published_time\" content=\"2015-06-17T16:09:27+00:00\" \/>\n<meta property=\"og:image\" content=\"https:\/\/www.esplac.cat\/wp-content\/uploads\/2015\/06\/20150616_AjBCN.png\" \/>\n\t<meta property=\"og:image:width\" content=\"550\" \/>\n\t<meta property=\"og:image:height\" content=\"170\" \/>\n\t<meta property=\"og:image:type\" content=\"image\/png\" \/>\n<meta name=\"author\" content=\"Comunicaci\u00f3 Esplac\" \/>\n<meta name=\"twitter:card\" content=\"summary_large_image\" \/>\n<meta name=\"twitter:label1\" content=\"Written by\" \/>\n\t<meta name=\"twitter:data1\" content=\"Comunicaci\u00f3 Esplac\" \/>\n\t<meta name=\"twitter:label2\" content=\"Est. reading time\" \/>\n\t<meta name=\"twitter:data2\" content=\"3 minutes\" \/>\n<script type=\"application\/ld+json\" class=\"yoast-schema-graph\">{\"@context\":\"https:\\\/\\\/schema.org\",\"@graph\":[{\"@type\":\"Article\",\"@id\":\"https:\\\/\\\/www.esplac.cat\\\/sense-regidoria-propia-de-joventut-al-nou-ajuntament-de-barcelona\\\/#article\",\"isPartOf\":{\"@id\":\"https:\\\/\\\/www.esplac.cat\\\/sense-regidoria-propia-de-joventut-al-nou-ajuntament-de-barcelona\\\/\"},\"author\":{\"name\":\"Comunicaci\u00f3 Esplac\",\"@id\":\"https:\\\/\\\/www.esplac.cat\\\/#\\\/schema\\\/person\\\/908383cf240be18b68f8855d0583faca\"},\"headline\":\"Sense regidoria pr\u00f2pia de Joventut al nou Ajuntament de Barcelona\",\"datePublished\":\"2015-06-17T16:09:27+00:00\",\"mainEntityOfPage\":{\"@id\":\"https:\\\/\\\/www.esplac.cat\\\/sense-regidoria-propia-de-joventut-al-nou-ajuntament-de-barcelona\\\/\"},\"wordCount\":711,\"publisher\":{\"@id\":\"https:\\\/\\\/www.esplac.cat\\\/#organization\"},\"image\":{\"@id\":\"https:\\\/\\\/www.esplac.cat\\\/sense-regidoria-propia-de-joventut-al-nou-ajuntament-de-barcelona\\\/#primaryimage\"},\"thumbnailUrl\":\"https:\\\/\\\/www.esplac.cat\\\/wp-content\\\/uploads\\\/2015\\\/06\\\/20150616_AjBCN.png\",\"keywords\":[\"Ajuntament\",\"barcelona\",\"cjb\",\"joventut\",\"municipals 2015\",\"regidoria\"],\"articleSection\":[\"Comunicats i posicionaments\"],\"inLanguage\":\"en-US\"},{\"@type\":\"WebPage\",\"@id\":\"https:\\\/\\\/www.esplac.cat\\\/sense-regidoria-propia-de-joventut-al-nou-ajuntament-de-barcelona\\\/\",\"url\":\"https:\\\/\\\/www.esplac.cat\\\/sense-regidoria-propia-de-joventut-al-nou-ajuntament-de-barcelona\\\/\",\"name\":\"Sense regidoria pr\u00f2pia de Joventut al nou Ajuntament de Barcelona - Esplac\",\"isPartOf\":{\"@id\":\"https:\\\/\\\/www.esplac.cat\\\/#website\"},\"primaryImageOfPage\":{\"@id\":\"https:\\\/\\\/www.esplac.cat\\\/sense-regidoria-propia-de-joventut-al-nou-ajuntament-de-barcelona\\\/#primaryimage\"},\"image\":{\"@id\":\"https:\\\/\\\/www.esplac.cat\\\/sense-regidoria-propia-de-joventut-al-nou-ajuntament-de-barcelona\\\/#primaryimage\"},\"thumbnailUrl\":\"https:\\\/\\\/www.esplac.cat\\\/wp-content\\\/uploads\\\/2015\\\/06\\\/20150616_AjBCN.png\",\"datePublished\":\"2015-06-17T16:09:27+00:00\",\"breadcrumb\":{\"@id\":\"https:\\\/\\\/www.esplac.cat\\\/sense-regidoria-propia-de-joventut-al-nou-ajuntament-de-barcelona\\\/#breadcrumb\"},\"inLanguage\":\"en-US\",\"potentialAction\":[{\"@type\":\"ReadAction\",\"target\":[\"https:\\\/\\\/www.esplac.cat\\\/sense-regidoria-propia-de-joventut-al-nou-ajuntament-de-barcelona\\\/\"]}]},{\"@type\":\"ImageObject\",\"inLanguage\":\"en-US\",\"@id\":\"https:\\\/\\\/www.esplac.cat\\\/sense-regidoria-propia-de-joventut-al-nou-ajuntament-de-barcelona\\\/#primaryimage\",\"url\":\"https:\\\/\\\/www.esplac.cat\\\/wp-content\\\/uploads\\\/2015\\\/06\\\/20150616_AjBCN.png\",\"contentUrl\":\"https:\\\/\\\/www.esplac.cat\\\/wp-content\\\/uploads\\\/2015\\\/06\\\/20150616_AjBCN.png\",\"width\":550,\"height\":170},{\"@type\":\"BreadcrumbList\",\"@id\":\"https:\\\/\\\/www.esplac.cat\\\/sense-regidoria-propia-de-joventut-al-nou-ajuntament-de-barcelona\\\/#breadcrumb\",\"itemListElement\":[{\"@type\":\"ListItem\",\"position\":1,\"name\":\"Inici\",\"item\":\"https:\\\/\\\/www.esplac.cat\\\/en\\\/\"},{\"@type\":\"ListItem\",\"position\":2,\"name\":\"Sense regidoria pr\u00f2pia de Joventut al nou Ajuntament de Barcelona\"}]},{\"@type\":\"WebSite\",\"@id\":\"https:\\\/\\\/www.esplac.cat\\\/#website\",\"url\":\"https:\\\/\\\/www.esplac.cat\\\/\",\"name\":\"Esplac\",\"description\":\"Esplais Catalans\",\"publisher\":{\"@id\":\"https:\\\/\\\/www.esplac.cat\\\/#organization\"},\"potentialAction\":[{\"@type\":\"SearchAction\",\"target\":{\"@type\":\"EntryPoint\",\"urlTemplate\":\"https:\\\/\\\/www.esplac.cat\\\/?s={search_term_string}\"},\"query-input\":{\"@type\":\"PropertyValueSpecification\",\"valueRequired\":true,\"valueName\":\"search_term_string\"}}],\"inLanguage\":\"en-US\"},{\"@type\":\"Organization\",\"@id\":\"https:\\\/\\\/www.esplac.cat\\\/#organization\",\"name\":\"Esplac\",\"url\":\"https:\\\/\\\/www.esplac.cat\\\/\",\"logo\":{\"@type\":\"ImageObject\",\"inLanguage\":\"en-US\",\"@id\":\"https:\\\/\\\/www.esplac.cat\\\/#\\\/schema\\\/logo\\\/image\\\/\",\"url\":\"https:\\\/\\\/www.esplac.cat\\\/wp-content\\\/uploads\\\/2019\\\/08\\\/logox2.png\",\"contentUrl\":\"https:\\\/\\\/www.esplac.cat\\\/wp-content\\\/uploads\\\/2019\\\/08\\\/logox2.png\",\"width\":600,\"height\":295,\"caption\":\"Esplac\"},\"image\":{\"@id\":\"https:\\\/\\\/www.esplac.cat\\\/#\\\/schema\\\/logo\\\/image\\\/\"}},{\"@type\":\"Person\",\"@id\":\"https:\\\/\\\/www.esplac.cat\\\/#\\\/schema\\\/person\\\/908383cf240be18b68f8855d0583faca\",\"name\":\"Comunicaci\u00f3 Esplac\",\"image\":{\"@type\":\"ImageObject\",\"inLanguage\":\"en-US\",\"@id\":\"https:\\\/\\\/secure.gravatar.com\\\/avatar\\\/7a4cf8feb412a76ea4a740ca02d95b06b2907b5a6c648c2dd0a1082a093c3141?s=96&d=mm&r=g\",\"url\":\"https:\\\/\\\/secure.gravatar.com\\\/avatar\\\/7a4cf8feb412a76ea4a740ca02d95b06b2907b5a6c648c2dd0a1082a093c3141?s=96&d=mm&r=g\",\"contentUrl\":\"https:\\\/\\\/secure.gravatar.com\\\/avatar\\\/7a4cf8feb412a76ea4a740ca02d95b06b2907b5a6c648c2dd0a1082a093c3141?s=96&d=mm&r=g\",\"caption\":\"Comunicaci\u00f3 Esplac\"}}]}<\/script>\n<!-- \/ Yoast SEO plugin. -->","yoast_head_json":{"title":"Sense regidoria pr\u00f2pia de Joventut al nou Ajuntament de Barcelona - Esplac","robots":{"index":"index","follow":"follow","max-snippet":"max-snippet:-1","max-image-preview":"max-image-preview:large","max-video-preview":"max-video-preview:-1"},"canonical":"https:\/\/www.esplac.cat\/sense-regidoria-propia-de-joventut-al-nou-ajuntament-de-barcelona\/","og_locale":"en_US","og_type":"article","og_title":"Sense regidoria pr\u00f2pia de Joventut al nou Ajuntament de Barcelona - Esplac","og_description":"El Consell de la Joventut de Barcelona va emetre ahir [&hellip;]","og_url":"https:\/\/www.esplac.cat\/sense-regidoria-propia-de-joventut-al-nou-ajuntament-de-barcelona\/","og_site_name":"Esplac","article_published_time":"2015-06-17T16:09:27+00:00","og_image":[{"width":550,"height":170,"url":"https:\/\/www.esplac.cat\/wp-content\/uploads\/2015\/06\/20150616_AjBCN.png","type":"image\/png"}],"author":"Comunicaci\u00f3 Esplac","twitter_card":"summary_large_image","twitter_misc":{"Written by":"Comunicaci\u00f3 Esplac","Est. reading time":"3 minutes"},"schema":{"@context":"https:\/\/schema.org","@graph":[{"@type":"Article","@id":"https:\/\/www.esplac.cat\/sense-regidoria-propia-de-joventut-al-nou-ajuntament-de-barcelona\/#article","isPartOf":{"@id":"https:\/\/www.esplac.cat\/sense-regidoria-propia-de-joventut-al-nou-ajuntament-de-barcelona\/"},"author":{"name":"Comunicaci\u00f3 Esplac","@id":"https:\/\/www.esplac.cat\/#\/schema\/person\/908383cf240be18b68f8855d0583faca"},"headline":"Sense regidoria pr\u00f2pia de Joventut al nou Ajuntament de Barcelona","datePublished":"2015-06-17T16:09:27+00:00","mainEntityOfPage":{"@id":"https:\/\/www.esplac.cat\/sense-regidoria-propia-de-joventut-al-nou-ajuntament-de-barcelona\/"},"wordCount":711,"publisher":{"@id":"https:\/\/www.esplac.cat\/#organization"},"image":{"@id":"https:\/\/www.esplac.cat\/sense-regidoria-propia-de-joventut-al-nou-ajuntament-de-barcelona\/#primaryimage"},"thumbnailUrl":"https:\/\/www.esplac.cat\/wp-content\/uploads\/2015\/06\/20150616_AjBCN.png","keywords":["Ajuntament","barcelona","cjb","joventut","municipals 2015","regidoria"],"articleSection":["Comunicats i posicionaments"],"inLanguage":"en-US"},{"@type":"WebPage","@id":"https:\/\/www.esplac.cat\/sense-regidoria-propia-de-joventut-al-nou-ajuntament-de-barcelona\/","url":"https:\/\/www.esplac.cat\/sense-regidoria-propia-de-joventut-al-nou-ajuntament-de-barcelona\/","name":"Sense regidoria pr\u00f2pia de Joventut al nou Ajuntament de Barcelona - Esplac","isPartOf":{"@id":"https:\/\/www.esplac.cat\/#website"},"primaryImageOfPage":{"@id":"https:\/\/www.esplac.cat\/sense-regidoria-propia-de-joventut-al-nou-ajuntament-de-barcelona\/#primaryimage"},"image":{"@id":"https:\/\/www.esplac.cat\/sense-regidoria-propia-de-joventut-al-nou-ajuntament-de-barcelona\/#primaryimage"},"thumbnailUrl":"https:\/\/www.esplac.cat\/wp-content\/uploads\/2015\/06\/20150616_AjBCN.png","datePublished":"2015-06-17T16:09:27+00:00","breadcrumb":{"@id":"https:\/\/www.esplac.cat\/sense-regidoria-propia-de-joventut-al-nou-ajuntament-de-barcelona\/#breadcrumb"},"inLanguage":"en-US","potentialAction":[{"@type":"ReadAction","target":["https:\/\/www.esplac.cat\/sense-regidoria-propia-de-joventut-al-nou-ajuntament-de-barcelona\/"]}]},{"@type":"ImageObject","inLanguage":"en-US","@id":"https:\/\/www.esplac.cat\/sense-regidoria-propia-de-joventut-al-nou-ajuntament-de-barcelona\/#primaryimage","url":"https:\/\/www.esplac.cat\/wp-content\/uploads\/2015\/06\/20150616_AjBCN.png","contentUrl":"https:\/\/www.esplac.cat\/wp-content\/uploads\/2015\/06\/20150616_AjBCN.png","width":550,"height":170},{"@type":"BreadcrumbList","@id":"https:\/\/www.esplac.cat\/sense-regidoria-propia-de-joventut-al-nou-ajuntament-de-barcelona\/#breadcrumb","itemListElement":[{"@type":"ListItem","position":1,"name":"Inici","item":"https:\/\/www.esplac.cat\/en\/"},{"@type":"ListItem","position":2,"name":"Sense regidoria pr\u00f2pia de Joventut al nou Ajuntament de Barcelona"}]},{"@type":"WebSite","@id":"https:\/\/www.esplac.cat\/#website","url":"https:\/\/www.esplac.cat\/","name":"Esplac","description":"Esplais Catalans","publisher":{"@id":"https:\/\/www.esplac.cat\/#organization"},"potentialAction":[{"@type":"SearchAction","target":{"@type":"EntryPoint","urlTemplate":"https:\/\/www.esplac.cat\/?s={search_term_string}"},"query-input":{"@type":"PropertyValueSpecification","valueRequired":true,"valueName":"search_term_string"}}],"inLanguage":"en-US"},{"@type":"Organization","@id":"https:\/\/www.esplac.cat\/#organization","name":"Esplac","url":"https:\/\/www.esplac.cat\/","logo":{"@type":"ImageObject","inLanguage":"en-US","@id":"https:\/\/www.esplac.cat\/#\/schema\/logo\/image\/","url":"https:\/\/www.esplac.cat\/wp-content\/uploads\/2019\/08\/logox2.png","contentUrl":"https:\/\/www.esplac.cat\/wp-content\/uploads\/2019\/08\/logox2.png","width":600,"height":295,"caption":"Esplac"},"image":{"@id":"https:\/\/www.esplac.cat\/#\/schema\/logo\/image\/"}},{"@type":"Person","@id":"https:\/\/www.esplac.cat\/#\/schema\/person\/908383cf240be18b68f8855d0583faca","name":"Comunicaci\u00f3 Esplac","image":{"@type":"ImageObject","inLanguage":"en-US","@id":"https:\/\/secure.gravatar.com\/avatar\/7a4cf8feb412a76ea4a740ca02d95b06b2907b5a6c648c2dd0a1082a093c3141?s=96&d=mm&r=g","url":"https:\/\/secure.gravatar.com\/avatar\/7a4cf8feb412a76ea4a740ca02d95b06b2907b5a6c648c2dd0a1082a093c3141?s=96&d=mm&r=g","contentUrl":"https:\/\/secure.gravatar.com\/avatar\/7a4cf8feb412a76ea4a740ca02d95b06b2907b5a6c648c2dd0a1082a093c3141?s=96&d=mm&r=g","caption":"Comunicaci\u00f3 Esplac"}}]}},"_links":{"self":[{"href":"https:\/\/www.esplac.cat\/en\/wp-json\/wp\/v2\/posts\/25605","targetHints":{"allow":["GET"]}}],"collection":[{"href":"https:\/\/www.esplac.cat\/en\/wp-json\/wp\/v2\/posts"}],"about":[{"href":"https:\/\/www.esplac.cat\/en\/wp-json\/wp\/v2\/types\/post"}],"author":[{"embeddable":true,"href":"https:\/\/www.esplac.cat\/en\/wp-json\/wp\/v2\/users\/3"}],"replies":[{"embeddable":true,"href":"https:\/\/www.esplac.cat\/en\/wp-json\/wp\/v2\/comments?post=25605"}],"version-history":[{"count":0,"href":"https:\/\/www.esplac.cat\/en\/wp-json\/wp\/v2\/posts\/25605\/revisions"}],"wp:featuredmedia":[{"embeddable":true,"href":"https:\/\/www.esplac.cat\/en\/wp-json\/wp\/v2\/media\/25606"}],"wp:attachment":[{"href":"https:\/\/www.esplac.cat\/en\/wp-json\/wp\/v2\/media?parent=25605"}],"wp:term":[{"taxonomy":"category","embeddable":true,"href":"https:\/\/www.esplac.cat\/en\/wp-json\/wp\/v2\/categories?post=25605"},{"taxonomy":"post_tag","embeddable":true,"href":"https:\/\/www.esplac.cat\/en\/wp-json\/wp\/v2\/tags?post=25605"}],"curies":[{"name":"wp","href":"https:\/\/api.w.org\/{rel}","templated":true}]}}