{"id":25625,"date":"2015-04-17T11:08:12","date_gmt":"2015-04-17T09:08:12","guid":{"rendered":"http:\/\/esplac.cat\/?p=6612"},"modified":"2015-04-17T11:08:12","modified_gmt":"2015-04-17T09:08:12","slug":"roda-de-premsa-per-presentar-esplaiada-a-llagostera","status":"publish","type":"post","link":"https:\/\/www.esplac.cat\/en\/roda-de-premsa-per-presentar-esplaiada-a-llagostera\/","title":{"rendered":"Roda de premsa per presentar l&#8217;Esplaiada a Llagostera"},"content":{"rendered":"<p><!--:CA--><\/p>\n<p dir=\"ltr\"><span style=\"color: #333333;\">Ahir, 16 d&#8217;abril, es va celebrar la roda de premsa de presentaci\u00f3 de l&#8217;<a title=\"Esplaiada 2015\" href=\"http:\/\/esplac.cat\/esplaiada-2015\/\" target=\"_blank\" rel=\"noopener noreferrer\"><strong>Esplaiada<\/strong><\/a> a Llagostera, amb la pres\u00e8ncia de\u00a0<\/span><strong><span style=\"color: #333333;\">Raimon Carreras<\/span><\/strong><span style=\"color: #333333;\">, president d&#8217;Esplais Catalans,\u00a0<\/span><strong><span style=\"color: #333333;\">Sergi Miquel<\/span><\/strong><span style=\"color: #333333;\">, regidor de joventut de l&#8217;Ajuntament, i\u00a0<\/span><span style=\"color: #333333;\"><strong>Toni Pardo<\/strong> i<strong> Cristina Prunell<\/strong>,\u00a0<\/span><span style=\"color: #333333;\">monitores de l&#8217;esplai Papu-Tisores de la localitat. A l&#8217;acte es van explicar les activitats i els objectius de la principal trobada d&#8217;Esplac, que enguany assoleix un r\u00e9cord de participaci\u00f3 hist\u00f2ric:\u00a0<\/span><span style=\"color: #333333;\">m\u00e9s de 2500 persones, 1900 infants i joves i 600 monitors i monitores de 52 esplais\u00a0<\/span><span style=\"color: #333333;\">es trobaran a Llagostera per fer activitats plegats (800 participants m\u00e9s que a la darrera Trobada fa 3 anys a Ripoll).<\/span><\/p>\n<p dir=\"ltr\"><span style=\"color: #333333;\">El tema central de l&#8217;Esplaiada ser\u00e0 la reivindicaci\u00f3 dels drets dels infants i la participaci\u00f3 infantil. Aix\u00ed ho ha remarcat el president de l&#8217;associaci\u00f3, <strong>Raimon Carreras<\/strong>, que va recordar que\u00a0<\/span><span style=\"color: #333333;\">\u201cla participaci\u00f3 activa \u00e9s l&#8217;eix principal del nostre model d&#8217;esplai\u201d<\/span><span style=\"color: #333333;\">. Carreras tamb\u00e9 va remarcar que <strong>\u201cels infants han de poder no nom\u00e9s opinar, sin\u00f3 decidir, actuar i prendre responsabilitats, i a l&#8217;Esplaiada, com cada dissabte a l&#8217;esplai defensem aquest model de participaci\u00f3 activa\u201d<\/strong>. El president d&#8217;Esplac va presentar tamb\u00e9 el programa d&#8217;activitats, que inclou activitats de coneixen\u00e7a, din\u00e0miques per grups d&#8217;edat i un gran acte reivindicatiu de diumenge 26. Va remarcar tamb\u00e9 que &#8220;l&#8217;Esplaiada no \u00e9s un acte de consum, sin\u00f3 que est\u00e0 feta a partir de la participaci\u00f3 i l&#8217;organitzaci\u00f3 de monitors i monitores&#8221;.<\/span><\/p>\n<p dir=\"ltr\"><span style=\"color: #333333;\">Tot seguit, <strong>Sergi Miquel<\/strong>, regidor de Joventut de Llagostera, va destacar la predisposici\u00f3 del govern municipal a recolzar la trobada. \u201cQuan ens van contactar per a qu\u00e8 acoll\u00edssim l&#8217;Esplaiada a Llagostera, no vam dubtar-ho.\u00a0<\/span><span style=\"color: #333333;\">Creiem en el model de transformaci\u00f3 social que defensa Esplais Catalans\u00a0<\/span><span style=\"color: #333333;\">i ens posem a la seva disposici\u00f3 durant aquest cap de setmana per donar tot el suport que calgui\u201d, va afirmar Miquel.<\/span><\/p>\n<p dir=\"ltr\"><span style=\"color: #333333;\">Finalment, van prendre la paraula <strong>Toni Pardo i Cristina Prunell<\/strong>, monitors de l&#8217;Esplai Papu-Tisores de Llagostera i amfitrions i coorganitzadors de la trobada. Per a ells, l&#8217;Esplaiada \u201c\u00e9s un moment molt especial i estem molt motivades, ja que \u00e9s un acte que ens permet con\u00e8ixer altres esplais i altres realitats i maneres de fer. Ens permet intercanviar experi\u00e8ncies\u201d. A m\u00e9s, van recordar que \u00e9s una oportunitat pels esplais de Girona, que ens els \u00faltims mesos han organitzat diverses trobades d&#8217;infants i monitors\/es.\u00a0<\/span><span style=\"color: #333333;\">Esplais Catalans compta actualment amb 3 esplais a les comarques gironines: el Papu-Tisores, la Teranyina (Amer) i el Kamono (Vilablareix).<\/span><\/p>\n<p><!--:--><!--:es-->&nbsp;<\/p>\n<p><!--:--><!--:en-->&nbsp;<\/p>\n<p><!--:--><!--:fr-->&nbsp;<\/p>\n<p><!--:--><\/p>\n","protected":false},"excerpt":{"rendered":"<p>Ahir, 16 d&#8217;abril, es va celebrar la roda de premsa [&hellip;]<\/p>\n","protected":false},"author":3,"featured_media":25604,"comment_status":"open","ping_status":"open","sticky":false,"template":"","format":"standard","meta":{"om_disable_all_campaigns":false,"_monsterinsights_skip_tracking":false,"_monsterinsights_sitenote_active":false,"_monsterinsights_sitenote_note":"","_monsterinsights_sitenote_category":0,"_uf_show_specific_survey":0,"_uf_disable_surveys":false,"footnotes":""},"categories":[1111,1110,1130],"tags":[452,461,499,377],"class_list":["post-25625","post","type-post","status-publish","format-standard","has-post-thumbnail","hentry","category-activitats-esplac","category-activitats-sectors","category-sector-girona","tag-tenimveu","tag-esplaiada-2015","tag-llagostera","tag-participacio-infantil"],"yoast_head":"<!-- This site is optimized with the Yoast SEO plugin v27.4 - https:\/\/yoast.com\/product\/yoast-seo-wordpress\/ -->\n<title>Roda de premsa per presentar l&#039;Esplaiada a Llagostera - Esplac<\/title>\n<meta name=\"robots\" content=\"index, follow, max-snippet:-1, max-image-preview:large, max-video-preview:-1\" \/>\n<link rel=\"canonical\" href=\"https:\/\/www.esplac.cat\/roda-de-premsa-per-presentar-esplaiada-a-llagostera\/\" \/>\n<meta property=\"og:locale\" content=\"en_US\" \/>\n<meta property=\"og:type\" content=\"article\" \/>\n<meta property=\"og:title\" content=\"Roda de premsa per presentar l&#039;Esplaiada a Llagostera - Esplac\" \/>\n<meta property=\"og:description\" content=\"Ahir, 16 d&#8217;abril, es va celebrar la roda de premsa [&hellip;]\" \/>\n<meta property=\"og:url\" content=\"https:\/\/www.esplac.cat\/roda-de-premsa-per-presentar-esplaiada-a-llagostera\/\" \/>\n<meta property=\"og:site_name\" content=\"Esplac\" \/>\n<meta property=\"article:published_time\" content=\"2015-04-17T09:08:12+00:00\" \/>\n<meta property=\"og:image\" content=\"https:\/\/www.esplac.cat\/wp-content\/uploads\/2013\/02\/DSC08123-1024x575.jpg\" \/>\n\t<meta property=\"og:image:width\" content=\"1024\" \/>\n\t<meta property=\"og:image:height\" content=\"575\" \/>\n\t<meta property=\"og:image:type\" content=\"image\/jpeg\" \/>\n<meta name=\"author\" content=\"Comunicaci\u00f3 Esplac\" \/>\n<meta name=\"twitter:card\" content=\"summary_large_image\" \/>\n<meta name=\"twitter:label1\" content=\"Written by\" \/>\n\t<meta name=\"twitter:data1\" content=\"Comunicaci\u00f3 Esplac\" \/>\n\t<meta name=\"twitter:label2\" content=\"Est. reading time\" \/>\n\t<meta name=\"twitter:data2\" content=\"2 minutes\" \/>\n<script type=\"application\/ld+json\" class=\"yoast-schema-graph\">{\"@context\":\"https:\\\/\\\/schema.org\",\"@graph\":[{\"@type\":\"Article\",\"@id\":\"https:\\\/\\\/www.esplac.cat\\\/roda-de-premsa-per-presentar-esplaiada-a-llagostera\\\/#article\",\"isPartOf\":{\"@id\":\"https:\\\/\\\/www.esplac.cat\\\/roda-de-premsa-per-presentar-esplaiada-a-llagostera\\\/\"},\"author\":{\"name\":\"Comunicaci\u00f3 Esplac\",\"@id\":\"https:\\\/\\\/www.esplac.cat\\\/#\\\/schema\\\/person\\\/908383cf240be18b68f8855d0583faca\"},\"headline\":\"Roda de premsa per presentar l&#8217;Esplaiada a Llagostera\",\"datePublished\":\"2015-04-17T09:08:12+00:00\",\"mainEntityOfPage\":{\"@id\":\"https:\\\/\\\/www.esplac.cat\\\/roda-de-premsa-per-presentar-esplaiada-a-llagostera\\\/\"},\"wordCount\":437,\"commentCount\":0,\"publisher\":{\"@id\":\"https:\\\/\\\/www.esplac.cat\\\/#organization\"},\"image\":{\"@id\":\"https:\\\/\\\/www.esplac.cat\\\/roda-de-premsa-per-presentar-esplaiada-a-llagostera\\\/#primaryimage\"},\"thumbnailUrl\":\"https:\\\/\\\/www.esplac.cat\\\/wp-content\\\/uploads\\\/2013\\\/02\\\/DSC08123.jpg\",\"keywords\":[\"#tenimveu\",\"Esplaiada 2015\",\"llagostera\",\"participaci\u00f3 infantil\"],\"articleSection\":[\"Activitats esplac\",\"Activitats sectors\",\"Sector Girona\"],\"inLanguage\":\"en-US\",\"potentialAction\":[{\"@type\":\"CommentAction\",\"name\":\"Comment\",\"target\":[\"https:\\\/\\\/www.esplac.cat\\\/roda-de-premsa-per-presentar-esplaiada-a-llagostera\\\/#respond\"]}]},{\"@type\":\"WebPage\",\"@id\":\"https:\\\/\\\/www.esplac.cat\\\/roda-de-premsa-per-presentar-esplaiada-a-llagostera\\\/\",\"url\":\"https:\\\/\\\/www.esplac.cat\\\/roda-de-premsa-per-presentar-esplaiada-a-llagostera\\\/\",\"name\":\"Roda de premsa per presentar l'Esplaiada a Llagostera - Esplac\",\"isPartOf\":{\"@id\":\"https:\\\/\\\/www.esplac.cat\\\/#website\"},\"primaryImageOfPage\":{\"@id\":\"https:\\\/\\\/www.esplac.cat\\\/roda-de-premsa-per-presentar-esplaiada-a-llagostera\\\/#primaryimage\"},\"image\":{\"@id\":\"https:\\\/\\\/www.esplac.cat\\\/roda-de-premsa-per-presentar-esplaiada-a-llagostera\\\/#primaryimage\"},\"thumbnailUrl\":\"https:\\\/\\\/www.esplac.cat\\\/wp-content\\\/uploads\\\/2013\\\/02\\\/DSC08123.jpg\",\"datePublished\":\"2015-04-17T09:08:12+00:00\",\"breadcrumb\":{\"@id\":\"https:\\\/\\\/www.esplac.cat\\\/roda-de-premsa-per-presentar-esplaiada-a-llagostera\\\/#breadcrumb\"},\"inLanguage\":\"en-US\",\"potentialAction\":[{\"@type\":\"ReadAction\",\"target\":[\"https:\\\/\\\/www.esplac.cat\\\/roda-de-premsa-per-presentar-esplaiada-a-llagostera\\\/\"]}]},{\"@type\":\"ImageObject\",\"inLanguage\":\"en-US\",\"@id\":\"https:\\\/\\\/www.esplac.cat\\\/roda-de-premsa-per-presentar-esplaiada-a-llagostera\\\/#primaryimage\",\"url\":\"https:\\\/\\\/www.esplac.cat\\\/wp-content\\\/uploads\\\/2013\\\/02\\\/DSC08123.jpg\",\"contentUrl\":\"https:\\\/\\\/www.esplac.cat\\\/wp-content\\\/uploads\\\/2013\\\/02\\\/DSC08123.jpg\",\"width\":3872,\"height\":2176},{\"@type\":\"BreadcrumbList\",\"@id\":\"https:\\\/\\\/www.esplac.cat\\\/roda-de-premsa-per-presentar-esplaiada-a-llagostera\\\/#breadcrumb\",\"itemListElement\":[{\"@type\":\"ListItem\",\"position\":1,\"name\":\"Inici\",\"item\":\"https:\\\/\\\/www.esplac.cat\\\/en\\\/\"},{\"@type\":\"ListItem\",\"position\":2,\"name\":\"Roda de premsa per presentar l&#8217;Esplaiada a Llagostera\"}]},{\"@type\":\"WebSite\",\"@id\":\"https:\\\/\\\/www.esplac.cat\\\/#website\",\"url\":\"https:\\\/\\\/www.esplac.cat\\\/\",\"name\":\"Esplac\",\"description\":\"Esplais Catalans\",\"publisher\":{\"@id\":\"https:\\\/\\\/www.esplac.cat\\\/#organization\"},\"potentialAction\":[{\"@type\":\"SearchAction\",\"target\":{\"@type\":\"EntryPoint\",\"urlTemplate\":\"https:\\\/\\\/www.esplac.cat\\\/?s={search_term_string}\"},\"query-input\":{\"@type\":\"PropertyValueSpecification\",\"valueRequired\":true,\"valueName\":\"search_term_string\"}}],\"inLanguage\":\"en-US\"},{\"@type\":\"Organization\",\"@id\":\"https:\\\/\\\/www.esplac.cat\\\/#organization\",\"name\":\"Esplac\",\"url\":\"https:\\\/\\\/www.esplac.cat\\\/\",\"logo\":{\"@type\":\"ImageObject\",\"inLanguage\":\"en-US\",\"@id\":\"https:\\\/\\\/www.esplac.cat\\\/#\\\/schema\\\/logo\\\/image\\\/\",\"url\":\"https:\\\/\\\/www.esplac.cat\\\/wp-content\\\/uploads\\\/2019\\\/08\\\/logox2.png\",\"contentUrl\":\"https:\\\/\\\/www.esplac.cat\\\/wp-content\\\/uploads\\\/2019\\\/08\\\/logox2.png\",\"width\":600,\"height\":295,\"caption\":\"Esplac\"},\"image\":{\"@id\":\"https:\\\/\\\/www.esplac.cat\\\/#\\\/schema\\\/logo\\\/image\\\/\"}},{\"@type\":\"Person\",\"@id\":\"https:\\\/\\\/www.esplac.cat\\\/#\\\/schema\\\/person\\\/908383cf240be18b68f8855d0583faca\",\"name\":\"Comunicaci\u00f3 Esplac\",\"image\":{\"@type\":\"ImageObject\",\"inLanguage\":\"en-US\",\"@id\":\"https:\\\/\\\/secure.gravatar.com\\\/avatar\\\/7a4cf8feb412a76ea4a740ca02d95b06b2907b5a6c648c2dd0a1082a093c3141?s=96&d=mm&r=g\",\"url\":\"https:\\\/\\\/secure.gravatar.com\\\/avatar\\\/7a4cf8feb412a76ea4a740ca02d95b06b2907b5a6c648c2dd0a1082a093c3141?s=96&d=mm&r=g\",\"contentUrl\":\"https:\\\/\\\/secure.gravatar.com\\\/avatar\\\/7a4cf8feb412a76ea4a740ca02d95b06b2907b5a6c648c2dd0a1082a093c3141?s=96&d=mm&r=g\",\"caption\":\"Comunicaci\u00f3 Esplac\"}}]}<\/script>\n<!-- \/ Yoast SEO plugin. -->","yoast_head_json":{"title":"Roda de premsa per presentar l'Esplaiada a Llagostera - Esplac","robots":{"index":"index","follow":"follow","max-snippet":"max-snippet:-1","max-image-preview":"max-image-preview:large","max-video-preview":"max-video-preview:-1"},"canonical":"https:\/\/www.esplac.cat\/roda-de-premsa-per-presentar-esplaiada-a-llagostera\/","og_locale":"en_US","og_type":"article","og_title":"Roda de premsa per presentar l'Esplaiada a Llagostera - Esplac","og_description":"Ahir, 16 d&#8217;abril, es va celebrar la roda de premsa [&hellip;]","og_url":"https:\/\/www.esplac.cat\/roda-de-premsa-per-presentar-esplaiada-a-llagostera\/","og_site_name":"Esplac","article_published_time":"2015-04-17T09:08:12+00:00","og_image":[{"width":1024,"height":575,"url":"https:\/\/www.esplac.cat\/wp-content\/uploads\/2013\/02\/DSC08123-1024x575.jpg","type":"image\/jpeg"}],"author":"Comunicaci\u00f3 Esplac","twitter_card":"summary_large_image","twitter_misc":{"Written by":"Comunicaci\u00f3 Esplac","Est. reading time":"2 minutes"},"schema":{"@context":"https:\/\/schema.org","@graph":[{"@type":"Article","@id":"https:\/\/www.esplac.cat\/roda-de-premsa-per-presentar-esplaiada-a-llagostera\/#article","isPartOf":{"@id":"https:\/\/www.esplac.cat\/roda-de-premsa-per-presentar-esplaiada-a-llagostera\/"},"author":{"name":"Comunicaci\u00f3 Esplac","@id":"https:\/\/www.esplac.cat\/#\/schema\/person\/908383cf240be18b68f8855d0583faca"},"headline":"Roda de premsa per presentar l&#8217;Esplaiada a Llagostera","datePublished":"2015-04-17T09:08:12+00:00","mainEntityOfPage":{"@id":"https:\/\/www.esplac.cat\/roda-de-premsa-per-presentar-esplaiada-a-llagostera\/"},"wordCount":437,"commentCount":0,"publisher":{"@id":"https:\/\/www.esplac.cat\/#organization"},"image":{"@id":"https:\/\/www.esplac.cat\/roda-de-premsa-per-presentar-esplaiada-a-llagostera\/#primaryimage"},"thumbnailUrl":"https:\/\/www.esplac.cat\/wp-content\/uploads\/2013\/02\/DSC08123.jpg","keywords":["#tenimveu","Esplaiada 2015","llagostera","participaci\u00f3 infantil"],"articleSection":["Activitats esplac","Activitats sectors","Sector Girona"],"inLanguage":"en-US","potentialAction":[{"@type":"CommentAction","name":"Comment","target":["https:\/\/www.esplac.cat\/roda-de-premsa-per-presentar-esplaiada-a-llagostera\/#respond"]}]},{"@type":"WebPage","@id":"https:\/\/www.esplac.cat\/roda-de-premsa-per-presentar-esplaiada-a-llagostera\/","url":"https:\/\/www.esplac.cat\/roda-de-premsa-per-presentar-esplaiada-a-llagostera\/","name":"Roda de premsa per presentar l'Esplaiada a Llagostera - Esplac","isPartOf":{"@id":"https:\/\/www.esplac.cat\/#website"},"primaryImageOfPage":{"@id":"https:\/\/www.esplac.cat\/roda-de-premsa-per-presentar-esplaiada-a-llagostera\/#primaryimage"},"image":{"@id":"https:\/\/www.esplac.cat\/roda-de-premsa-per-presentar-esplaiada-a-llagostera\/#primaryimage"},"thumbnailUrl":"https:\/\/www.esplac.cat\/wp-content\/uploads\/2013\/02\/DSC08123.jpg","datePublished":"2015-04-17T09:08:12+00:00","breadcrumb":{"@id":"https:\/\/www.esplac.cat\/roda-de-premsa-per-presentar-esplaiada-a-llagostera\/#breadcrumb"},"inLanguage":"en-US","potentialAction":[{"@type":"ReadAction","target":["https:\/\/www.esplac.cat\/roda-de-premsa-per-presentar-esplaiada-a-llagostera\/"]}]},{"@type":"ImageObject","inLanguage":"en-US","@id":"https:\/\/www.esplac.cat\/roda-de-premsa-per-presentar-esplaiada-a-llagostera\/#primaryimage","url":"https:\/\/www.esplac.cat\/wp-content\/uploads\/2013\/02\/DSC08123.jpg","contentUrl":"https:\/\/www.esplac.cat\/wp-content\/uploads\/2013\/02\/DSC08123.jpg","width":3872,"height":2176},{"@type":"BreadcrumbList","@id":"https:\/\/www.esplac.cat\/roda-de-premsa-per-presentar-esplaiada-a-llagostera\/#breadcrumb","itemListElement":[{"@type":"ListItem","position":1,"name":"Inici","item":"https:\/\/www.esplac.cat\/en\/"},{"@type":"ListItem","position":2,"name":"Roda de premsa per presentar l&#8217;Esplaiada a Llagostera"}]},{"@type":"WebSite","@id":"https:\/\/www.esplac.cat\/#website","url":"https:\/\/www.esplac.cat\/","name":"Esplac","description":"Esplais Catalans","publisher":{"@id":"https:\/\/www.esplac.cat\/#organization"},"potentialAction":[{"@type":"SearchAction","target":{"@type":"EntryPoint","urlTemplate":"https:\/\/www.esplac.cat\/?s={search_term_string}"},"query-input":{"@type":"PropertyValueSpecification","valueRequired":true,"valueName":"search_term_string"}}],"inLanguage":"en-US"},{"@type":"Organization","@id":"https:\/\/www.esplac.cat\/#organization","name":"Esplac","url":"https:\/\/www.esplac.cat\/","logo":{"@type":"ImageObject","inLanguage":"en-US","@id":"https:\/\/www.esplac.cat\/#\/schema\/logo\/image\/","url":"https:\/\/www.esplac.cat\/wp-content\/uploads\/2019\/08\/logox2.png","contentUrl":"https:\/\/www.esplac.cat\/wp-content\/uploads\/2019\/08\/logox2.png","width":600,"height":295,"caption":"Esplac"},"image":{"@id":"https:\/\/www.esplac.cat\/#\/schema\/logo\/image\/"}},{"@type":"Person","@id":"https:\/\/www.esplac.cat\/#\/schema\/person\/908383cf240be18b68f8855d0583faca","name":"Comunicaci\u00f3 Esplac","image":{"@type":"ImageObject","inLanguage":"en-US","@id":"https:\/\/secure.gravatar.com\/avatar\/7a4cf8feb412a76ea4a740ca02d95b06b2907b5a6c648c2dd0a1082a093c3141?s=96&d=mm&r=g","url":"https:\/\/secure.gravatar.com\/avatar\/7a4cf8feb412a76ea4a740ca02d95b06b2907b5a6c648c2dd0a1082a093c3141?s=96&d=mm&r=g","contentUrl":"https:\/\/secure.gravatar.com\/avatar\/7a4cf8feb412a76ea4a740ca02d95b06b2907b5a6c648c2dd0a1082a093c3141?s=96&d=mm&r=g","caption":"Comunicaci\u00f3 Esplac"}}]}},"_links":{"self":[{"href":"https:\/\/www.esplac.cat\/en\/wp-json\/wp\/v2\/posts\/25625","targetHints":{"allow":["GET"]}}],"collection":[{"href":"https:\/\/www.esplac.cat\/en\/wp-json\/wp\/v2\/posts"}],"about":[{"href":"https:\/\/www.esplac.cat\/en\/wp-json\/wp\/v2\/types\/post"}],"author":[{"embeddable":true,"href":"https:\/\/www.esplac.cat\/en\/wp-json\/wp\/v2\/users\/3"}],"replies":[{"embeddable":true,"href":"https:\/\/www.esplac.cat\/en\/wp-json\/wp\/v2\/comments?post=25625"}],"version-history":[{"count":0,"href":"https:\/\/www.esplac.cat\/en\/wp-json\/wp\/v2\/posts\/25625\/revisions"}],"wp:featuredmedia":[{"embeddable":true,"href":"https:\/\/www.esplac.cat\/en\/wp-json\/wp\/v2\/media\/25604"}],"wp:attachment":[{"href":"https:\/\/www.esplac.cat\/en\/wp-json\/wp\/v2\/media?parent=25625"}],"wp:term":[{"taxonomy":"category","embeddable":true,"href":"https:\/\/www.esplac.cat\/en\/wp-json\/wp\/v2\/categories?post=25625"},{"taxonomy":"post_tag","embeddable":true,"href":"https:\/\/www.esplac.cat\/en\/wp-json\/wp\/v2\/tags?post=25625"}],"curies":[{"name":"wp","href":"https:\/\/api.w.org\/{rel}","templated":true}]}}