{"id":25632,"date":"2015-03-25T18:52:39","date_gmt":"2015-03-25T16:52:39","guid":{"rendered":"http:\/\/esplac.cat\/?p=6520"},"modified":"2019-11-14T13:15:39","modified_gmt":"2019-11-14T11:15:39","slug":"cim-intersectorial-un-model-que-funciona","status":"publish","type":"post","link":"https:\/\/www.esplac.cat\/en\/cim-intersectorial-un-model-que-funciona\/","title":{"rendered":"CIM intersectorial: un model que funciona"},"content":{"rendered":"<p><!--:CA-->M\u00e9s de 65 persones del sector Baix Llobregat, Pened\u00e8s-Garraf i el Camp de Tarragona van participar del CIM intersectorial. La trobada es va realitzar a l&#8217;escola Josep Maria Madorell de Molins de Rei.<\/p>\n<p>El CIM es va organitzar a trav\u00e9s d&#8217;una comissi\u00f3 on hi participaven EGS i monis dels diferents esplais: Greska, Peti ki Peti, Guspira, Zig-Zag, L&#8217;Arupa, GER, Drac M\u00e0gic, L&#8217;Esclop,\u00a0 Grup Esplai Montbu\u00ed, El Serrallo.<\/p>\n<p>El tret diferencial, a m\u00e9s de ser un CIM intersectorial, \u00e9s que hi participaven joves, futurs monis i monis que enguany han iniciat la seva tasca educativa a l&#8217;esplai. L&#8217;intercanvi d&#8217;experi\u00e8ncies i reflexions entre unes i altres va ser molt positiva i motivadora! Tot i aix\u00ed, en les formacions es van separar per grups, per tal de poder aprofundir en les necessitats i interessos de cada grup.<\/p>\n<p>Les formacions partien de les peticions pr\u00e8vies dels mateixos participants i van ser dissenyades i dinamitzades per monis i EGS. Totes elles tenien dos objectius comuns: fomentar la consci\u00e8ncia de la tasca educativa que desenvolupem i potenciar el comprom\u00eds i participaci\u00f3 a l&#8217;esplai. Per fer-ho, es van realitzar din\u00e0miques i es van crear situacions-problema per tal de resoldre-les entre totes, potenciant el debat i\u00a0 l&#8217;intercanvi d&#8217;opinions.<\/p>\n<p>El dissabte, despr\u00e9s d&#8217;uns jocs de coneixen\u00e7a i d&#8217;activaci\u00f3, es van fer tres grups i es va realitzar la formaci\u00f3 <strong>\u201cMoni com a referent educatiu\u201d<\/strong>. Despr\u00e9s de berenar, les formacions van continuar treballant sobre la metodologia amb la formaci\u00f3 \u201cEines did\u00e0ctiques: el joc\u201d. Diumenge al mat\u00ed, el grup de joves va fer dos tallers: un al voltant del g\u00e8nere a trav\u00e9s dels contes i l&#8217;altre sobre participaci\u00f3 infantil. El grup de monis de primer any van poder escollir entre una formaci\u00f3 d&#8217;educaci\u00f3 emocional i una altra sobre organitzaci\u00f3 i resoluci\u00f3 de conflictes.<\/p>\n<p>Despr\u00e9s de recollir i d&#8217;un cap de setmana tan intens, es va fer una din\u00e0mica de valoraci\u00f3 i es van recollir reflexions de les persones participants, per tenir en compte de cara al curs vinent. El que s\u00ed hem pogut comprovar \u00e9s que aquest intercanvi entre sectors \u00e9s un model que funciona!<!--:--><!--:es-->&nbsp;<\/p>\n<p><!--:--><!--:en-->&nbsp;<\/p>\n<p><!--:--><!--:fr-->&nbsp;<\/p>\n<p><!--:--><\/p>\n","protected":false},"excerpt":{"rendered":"<p>M\u00e9s de 65 persones del sector Baix Llobregat, Pened\u00e8s-Garraf i [&hellip;]<\/p>\n","protected":false},"author":3,"featured_media":25628,"comment_status":"open","ping_status":"open","sticky":false,"template":"","format":"standard","meta":{"om_disable_all_campaigns":false,"_monsterinsights_skip_tracking":false,"_monsterinsights_sitenote_active":false,"_monsterinsights_sitenote_note":"","_monsterinsights_sitenote_category":0,"_uf_show_specific_survey":0,"_uf_disable_surveys":false,"footnotes":""},"categories":[1110,1160],"tags":[435,497,114,120,106],"class_list":["post-25632","post","type-post","status-publish","format-standard","has-post-thumbnail","hentry","category-activitats-sectors","category-comissio-gsdd","tag-cim","tag-cim-intersectorial","tag-sector-baix-llobregat","tag-sector-camp-de-tarragona","tag-sector-penedes-garraf"],"yoast_head":"<!-- This site is optimized with the Yoast SEO plugin v27.5 - https:\/\/yoast.com\/product\/yoast-seo-wordpress\/ -->\n<title>CIM intersectorial: un model que funciona - Esplac<\/title>\n<meta name=\"robots\" content=\"index, follow, max-snippet:-1, max-image-preview:large, max-video-preview:-1\" \/>\n<link rel=\"canonical\" href=\"https:\/\/www.esplac.cat\/cim-intersectorial-un-model-que-funciona\/\" \/>\n<meta property=\"og:locale\" content=\"en_US\" \/>\n<meta property=\"og:type\" content=\"article\" \/>\n<meta property=\"og:title\" content=\"CIM intersectorial: un model que funciona - Esplac\" \/>\n<meta property=\"og:description\" content=\"M\u00e9s de 65 persones del sector Baix Llobregat, Pened\u00e8s-Garraf i [&hellip;]\" \/>\n<meta property=\"og:url\" content=\"https:\/\/www.esplac.cat\/cim-intersectorial-un-model-que-funciona\/\" \/>\n<meta property=\"og:site_name\" content=\"Esplac\" \/>\n<meta property=\"article:published_time\" content=\"2015-03-25T16:52:39+00:00\" \/>\n<meta property=\"article:modified_time\" content=\"2019-11-14T11:15:39+00:00\" \/>\n<meta property=\"og:image\" content=\"https:\/\/www.esplac.cat\/wp-content\/uploads\/2013\/02\/DSC08098.jpg\" \/>\n\t<meta property=\"og:image:width\" content=\"3872\" \/>\n\t<meta property=\"og:image:height\" content=\"2176\" \/>\n\t<meta property=\"og:image:type\" content=\"image\/jpeg\" \/>\n<meta name=\"author\" content=\"Comunicaci\u00f3 Esplac\" \/>\n<meta name=\"twitter:card\" content=\"summary_large_image\" \/>\n<meta name=\"twitter:label1\" content=\"Written by\" \/>\n\t<meta name=\"twitter:data1\" content=\"Comunicaci\u00f3 Esplac\" \/>\n\t<meta name=\"twitter:label2\" content=\"Est. reading time\" \/>\n\t<meta name=\"twitter:data2\" content=\"2 minutes\" \/>\n<script type=\"application\/ld+json\" class=\"yoast-schema-graph\">{\"@context\":\"https:\\\/\\\/schema.org\",\"@graph\":[{\"@type\":\"Article\",\"@id\":\"https:\\\/\\\/www.esplac.cat\\\/cim-intersectorial-un-model-que-funciona\\\/#article\",\"isPartOf\":{\"@id\":\"https:\\\/\\\/www.esplac.cat\\\/cim-intersectorial-un-model-que-funciona\\\/\"},\"author\":{\"name\":\"Comunicaci\u00f3 Esplac\",\"@id\":\"https:\\\/\\\/www.esplac.cat\\\/#\\\/schema\\\/person\\\/908383cf240be18b68f8855d0583faca\"},\"headline\":\"CIM intersectorial: un model que funciona\",\"datePublished\":\"2015-03-25T16:52:39+00:00\",\"dateModified\":\"2019-11-14T11:15:39+00:00\",\"mainEntityOfPage\":{\"@id\":\"https:\\\/\\\/www.esplac.cat\\\/cim-intersectorial-un-model-que-funciona\\\/\"},\"wordCount\":385,\"commentCount\":0,\"publisher\":{\"@id\":\"https:\\\/\\\/www.esplac.cat\\\/#organization\"},\"image\":{\"@id\":\"https:\\\/\\\/www.esplac.cat\\\/cim-intersectorial-un-model-que-funciona\\\/#primaryimage\"},\"thumbnailUrl\":\"https:\\\/\\\/www.esplac.cat\\\/wp-content\\\/uploads\\\/2013\\\/02\\\/DSC08098.jpg\",\"keywords\":[\"cim\",\"Cim intersectorial\",\"sector Baix Llobregat\",\"sector Camp de Tarragona\",\"Sector Pened\u00e8s-Garraf\"],\"articleSection\":[\"Activitats sectors\",\"Comissi\u00f3 GSDD\"],\"inLanguage\":\"en-US\",\"potentialAction\":[{\"@type\":\"CommentAction\",\"name\":\"Comment\",\"target\":[\"https:\\\/\\\/www.esplac.cat\\\/cim-intersectorial-un-model-que-funciona\\\/#respond\"]}]},{\"@type\":\"WebPage\",\"@id\":\"https:\\\/\\\/www.esplac.cat\\\/cim-intersectorial-un-model-que-funciona\\\/\",\"url\":\"https:\\\/\\\/www.esplac.cat\\\/cim-intersectorial-un-model-que-funciona\\\/\",\"name\":\"CIM intersectorial: un model que funciona - Esplac\",\"isPartOf\":{\"@id\":\"https:\\\/\\\/www.esplac.cat\\\/#website\"},\"primaryImageOfPage\":{\"@id\":\"https:\\\/\\\/www.esplac.cat\\\/cim-intersectorial-un-model-que-funciona\\\/#primaryimage\"},\"image\":{\"@id\":\"https:\\\/\\\/www.esplac.cat\\\/cim-intersectorial-un-model-que-funciona\\\/#primaryimage\"},\"thumbnailUrl\":\"https:\\\/\\\/www.esplac.cat\\\/wp-content\\\/uploads\\\/2013\\\/02\\\/DSC08098.jpg\",\"datePublished\":\"2015-03-25T16:52:39+00:00\",\"dateModified\":\"2019-11-14T11:15:39+00:00\",\"breadcrumb\":{\"@id\":\"https:\\\/\\\/www.esplac.cat\\\/cim-intersectorial-un-model-que-funciona\\\/#breadcrumb\"},\"inLanguage\":\"en-US\",\"potentialAction\":[{\"@type\":\"ReadAction\",\"target\":[\"https:\\\/\\\/www.esplac.cat\\\/cim-intersectorial-un-model-que-funciona\\\/\"]}]},{\"@type\":\"ImageObject\",\"inLanguage\":\"en-US\",\"@id\":\"https:\\\/\\\/www.esplac.cat\\\/cim-intersectorial-un-model-que-funciona\\\/#primaryimage\",\"url\":\"https:\\\/\\\/www.esplac.cat\\\/wp-content\\\/uploads\\\/2013\\\/02\\\/DSC08098.jpg\",\"contentUrl\":\"https:\\\/\\\/www.esplac.cat\\\/wp-content\\\/uploads\\\/2013\\\/02\\\/DSC08098.jpg\",\"width\":3872,\"height\":2176},{\"@type\":\"BreadcrumbList\",\"@id\":\"https:\\\/\\\/www.esplac.cat\\\/cim-intersectorial-un-model-que-funciona\\\/#breadcrumb\",\"itemListElement\":[{\"@type\":\"ListItem\",\"position\":1,\"name\":\"Inici\",\"item\":\"https:\\\/\\\/www.esplac.cat\\\/en\\\/\"},{\"@type\":\"ListItem\",\"position\":2,\"name\":\"CIM intersectorial: un model que funciona\"}]},{\"@type\":\"WebSite\",\"@id\":\"https:\\\/\\\/www.esplac.cat\\\/#website\",\"url\":\"https:\\\/\\\/www.esplac.cat\\\/\",\"name\":\"Esplac\",\"description\":\"Esplais Catalans\",\"publisher\":{\"@id\":\"https:\\\/\\\/www.esplac.cat\\\/#organization\"},\"potentialAction\":[{\"@type\":\"SearchAction\",\"target\":{\"@type\":\"EntryPoint\",\"urlTemplate\":\"https:\\\/\\\/www.esplac.cat\\\/?s={search_term_string}\"},\"query-input\":{\"@type\":\"PropertyValueSpecification\",\"valueRequired\":true,\"valueName\":\"search_term_string\"}}],\"inLanguage\":\"en-US\"},{\"@type\":\"Organization\",\"@id\":\"https:\\\/\\\/www.esplac.cat\\\/#organization\",\"name\":\"Esplac\",\"url\":\"https:\\\/\\\/www.esplac.cat\\\/\",\"logo\":{\"@type\":\"ImageObject\",\"inLanguage\":\"en-US\",\"@id\":\"https:\\\/\\\/www.esplac.cat\\\/#\\\/schema\\\/logo\\\/image\\\/\",\"url\":\"https:\\\/\\\/www.esplac.cat\\\/wp-content\\\/uploads\\\/2019\\\/08\\\/logox2.png\",\"contentUrl\":\"https:\\\/\\\/www.esplac.cat\\\/wp-content\\\/uploads\\\/2019\\\/08\\\/logox2.png\",\"width\":600,\"height\":295,\"caption\":\"Esplac\"},\"image\":{\"@id\":\"https:\\\/\\\/www.esplac.cat\\\/#\\\/schema\\\/logo\\\/image\\\/\"}},{\"@type\":\"Person\",\"@id\":\"https:\\\/\\\/www.esplac.cat\\\/#\\\/schema\\\/person\\\/908383cf240be18b68f8855d0583faca\",\"name\":\"Comunicaci\u00f3 Esplac\",\"image\":{\"@type\":\"ImageObject\",\"inLanguage\":\"en-US\",\"@id\":\"https:\\\/\\\/secure.gravatar.com\\\/avatar\\\/7a4cf8feb412a76ea4a740ca02d95b06b2907b5a6c648c2dd0a1082a093c3141?s=96&d=mm&r=g\",\"url\":\"https:\\\/\\\/secure.gravatar.com\\\/avatar\\\/7a4cf8feb412a76ea4a740ca02d95b06b2907b5a6c648c2dd0a1082a093c3141?s=96&d=mm&r=g\",\"contentUrl\":\"https:\\\/\\\/secure.gravatar.com\\\/avatar\\\/7a4cf8feb412a76ea4a740ca02d95b06b2907b5a6c648c2dd0a1082a093c3141?s=96&d=mm&r=g\",\"caption\":\"Comunicaci\u00f3 Esplac\"}}]}<\/script>\n<!-- \/ Yoast SEO plugin. -->","yoast_head_json":{"title":"CIM intersectorial: un model que funciona - Esplac","robots":{"index":"index","follow":"follow","max-snippet":"max-snippet:-1","max-image-preview":"max-image-preview:large","max-video-preview":"max-video-preview:-1"},"canonical":"https:\/\/www.esplac.cat\/cim-intersectorial-un-model-que-funciona\/","og_locale":"en_US","og_type":"article","og_title":"CIM intersectorial: un model que funciona - Esplac","og_description":"M\u00e9s de 65 persones del sector Baix Llobregat, Pened\u00e8s-Garraf i [&hellip;]","og_url":"https:\/\/www.esplac.cat\/cim-intersectorial-un-model-que-funciona\/","og_site_name":"Esplac","article_published_time":"2015-03-25T16:52:39+00:00","article_modified_time":"2019-11-14T11:15:39+00:00","og_image":[{"width":3872,"height":2176,"url":"https:\/\/www.esplac.cat\/wp-content\/uploads\/2013\/02\/DSC08098.jpg","type":"image\/jpeg"}],"author":"Comunicaci\u00f3 Esplac","twitter_card":"summary_large_image","twitter_misc":{"Written by":"Comunicaci\u00f3 Esplac","Est. reading time":"2 minutes"},"schema":{"@context":"https:\/\/schema.org","@graph":[{"@type":"Article","@id":"https:\/\/www.esplac.cat\/cim-intersectorial-un-model-que-funciona\/#article","isPartOf":{"@id":"https:\/\/www.esplac.cat\/cim-intersectorial-un-model-que-funciona\/"},"author":{"name":"Comunicaci\u00f3 Esplac","@id":"https:\/\/www.esplac.cat\/#\/schema\/person\/908383cf240be18b68f8855d0583faca"},"headline":"CIM intersectorial: un model que funciona","datePublished":"2015-03-25T16:52:39+00:00","dateModified":"2019-11-14T11:15:39+00:00","mainEntityOfPage":{"@id":"https:\/\/www.esplac.cat\/cim-intersectorial-un-model-que-funciona\/"},"wordCount":385,"commentCount":0,"publisher":{"@id":"https:\/\/www.esplac.cat\/#organization"},"image":{"@id":"https:\/\/www.esplac.cat\/cim-intersectorial-un-model-que-funciona\/#primaryimage"},"thumbnailUrl":"https:\/\/www.esplac.cat\/wp-content\/uploads\/2013\/02\/DSC08098.jpg","keywords":["cim","Cim intersectorial","sector Baix Llobregat","sector Camp de Tarragona","Sector Pened\u00e8s-Garraf"],"articleSection":["Activitats sectors","Comissi\u00f3 GSDD"],"inLanguage":"en-US","potentialAction":[{"@type":"CommentAction","name":"Comment","target":["https:\/\/www.esplac.cat\/cim-intersectorial-un-model-que-funciona\/#respond"]}]},{"@type":"WebPage","@id":"https:\/\/www.esplac.cat\/cim-intersectorial-un-model-que-funciona\/","url":"https:\/\/www.esplac.cat\/cim-intersectorial-un-model-que-funciona\/","name":"CIM intersectorial: un model que funciona - Esplac","isPartOf":{"@id":"https:\/\/www.esplac.cat\/#website"},"primaryImageOfPage":{"@id":"https:\/\/www.esplac.cat\/cim-intersectorial-un-model-que-funciona\/#primaryimage"},"image":{"@id":"https:\/\/www.esplac.cat\/cim-intersectorial-un-model-que-funciona\/#primaryimage"},"thumbnailUrl":"https:\/\/www.esplac.cat\/wp-content\/uploads\/2013\/02\/DSC08098.jpg","datePublished":"2015-03-25T16:52:39+00:00","dateModified":"2019-11-14T11:15:39+00:00","breadcrumb":{"@id":"https:\/\/www.esplac.cat\/cim-intersectorial-un-model-que-funciona\/#breadcrumb"},"inLanguage":"en-US","potentialAction":[{"@type":"ReadAction","target":["https:\/\/www.esplac.cat\/cim-intersectorial-un-model-que-funciona\/"]}]},{"@type":"ImageObject","inLanguage":"en-US","@id":"https:\/\/www.esplac.cat\/cim-intersectorial-un-model-que-funciona\/#primaryimage","url":"https:\/\/www.esplac.cat\/wp-content\/uploads\/2013\/02\/DSC08098.jpg","contentUrl":"https:\/\/www.esplac.cat\/wp-content\/uploads\/2013\/02\/DSC08098.jpg","width":3872,"height":2176},{"@type":"BreadcrumbList","@id":"https:\/\/www.esplac.cat\/cim-intersectorial-un-model-que-funciona\/#breadcrumb","itemListElement":[{"@type":"ListItem","position":1,"name":"Inici","item":"https:\/\/www.esplac.cat\/en\/"},{"@type":"ListItem","position":2,"name":"CIM intersectorial: un model que funciona"}]},{"@type":"WebSite","@id":"https:\/\/www.esplac.cat\/#website","url":"https:\/\/www.esplac.cat\/","name":"Esplac","description":"Esplais Catalans","publisher":{"@id":"https:\/\/www.esplac.cat\/#organization"},"potentialAction":[{"@type":"SearchAction","target":{"@type":"EntryPoint","urlTemplate":"https:\/\/www.esplac.cat\/?s={search_term_string}"},"query-input":{"@type":"PropertyValueSpecification","valueRequired":true,"valueName":"search_term_string"}}],"inLanguage":"en-US"},{"@type":"Organization","@id":"https:\/\/www.esplac.cat\/#organization","name":"Esplac","url":"https:\/\/www.esplac.cat\/","logo":{"@type":"ImageObject","inLanguage":"en-US","@id":"https:\/\/www.esplac.cat\/#\/schema\/logo\/image\/","url":"https:\/\/www.esplac.cat\/wp-content\/uploads\/2019\/08\/logox2.png","contentUrl":"https:\/\/www.esplac.cat\/wp-content\/uploads\/2019\/08\/logox2.png","width":600,"height":295,"caption":"Esplac"},"image":{"@id":"https:\/\/www.esplac.cat\/#\/schema\/logo\/image\/"}},{"@type":"Person","@id":"https:\/\/www.esplac.cat\/#\/schema\/person\/908383cf240be18b68f8855d0583faca","name":"Comunicaci\u00f3 Esplac","image":{"@type":"ImageObject","inLanguage":"en-US","@id":"https:\/\/secure.gravatar.com\/avatar\/7a4cf8feb412a76ea4a740ca02d95b06b2907b5a6c648c2dd0a1082a093c3141?s=96&d=mm&r=g","url":"https:\/\/secure.gravatar.com\/avatar\/7a4cf8feb412a76ea4a740ca02d95b06b2907b5a6c648c2dd0a1082a093c3141?s=96&d=mm&r=g","contentUrl":"https:\/\/secure.gravatar.com\/avatar\/7a4cf8feb412a76ea4a740ca02d95b06b2907b5a6c648c2dd0a1082a093c3141?s=96&d=mm&r=g","caption":"Comunicaci\u00f3 Esplac"}}]}},"_links":{"self":[{"href":"https:\/\/www.esplac.cat\/en\/wp-json\/wp\/v2\/posts\/25632","targetHints":{"allow":["GET"]}}],"collection":[{"href":"https:\/\/www.esplac.cat\/en\/wp-json\/wp\/v2\/posts"}],"about":[{"href":"https:\/\/www.esplac.cat\/en\/wp-json\/wp\/v2\/types\/post"}],"author":[{"embeddable":true,"href":"https:\/\/www.esplac.cat\/en\/wp-json\/wp\/v2\/users\/3"}],"replies":[{"embeddable":true,"href":"https:\/\/www.esplac.cat\/en\/wp-json\/wp\/v2\/comments?post=25632"}],"version-history":[{"count":0,"href":"https:\/\/www.esplac.cat\/en\/wp-json\/wp\/v2\/posts\/25632\/revisions"}],"wp:featuredmedia":[{"embeddable":true,"href":"https:\/\/www.esplac.cat\/en\/wp-json\/wp\/v2\/media\/25628"}],"wp:attachment":[{"href":"https:\/\/www.esplac.cat\/en\/wp-json\/wp\/v2\/media?parent=25632"}],"wp:term":[{"taxonomy":"category","embeddable":true,"href":"https:\/\/www.esplac.cat\/en\/wp-json\/wp\/v2\/categories?post=25632"},{"taxonomy":"post_tag","embeddable":true,"href":"https:\/\/www.esplac.cat\/en\/wp-json\/wp\/v2\/tags?post=25632"}],"curies":[{"name":"wp","href":"https:\/\/api.w.org\/{rel}","templated":true}]}}