{"id":25635,"date":"2015-03-19T14:40:07","date_gmt":"2015-03-19T12:40:07","guid":{"rendered":"http:\/\/esplac.cat\/?p=6451"},"modified":"2015-03-19T14:40:07","modified_gmt":"2015-03-19T12:40:07","slug":"cap-de-setmana-de-trobades-al-sector-valles","status":"publish","type":"post","link":"https:\/\/www.esplac.cat\/en\/cap-de-setmana-de-trobades-al-sector-valles\/","title":{"rendered":"Cap de setmana de trobades al sector Vall\u00e8s"},"content":{"rendered":"<p><!--:CA--><\/p>\n<div>El passat cap de setmana 14 i 15 de Mar\u00e7 es van dur a terme<strong> la Trobada General d&#8217;Infants i la Trobada Jove<\/strong>,\u00a0les activitats m\u00e9s nombroses del curs al Sector Vall\u00e8s!<\/div>\n<div><\/div>\n<div>La primera va agrupar <strong>297 infants i 84 monitores al barri Can Parellada, a Terrassa<\/strong>. Petits, mitjans i grans dels esplais <a title=\"Esplai Gatzara\" href=\"http:\/\/www.esplaigatzara.cat\/\" target=\"_blank\" rel=\"noopener noreferrer\"><strong>Gatzara<\/strong><\/a>, <a title=\"Esplai Bot\u00f3 Fbook\" href=\"https:\/\/www.facebook.com\/EsplaiElBoto\" target=\"_blank\" rel=\"noopener noreferrer\"><strong>El Bot\u00f3<\/strong><\/a>, <a title=\"Esplai Eixam\" href=\"http:\/\/esplaieixam.blogspot.com.es\/\" target=\"_blank\" rel=\"noopener noreferrer\"><strong>Eixam<\/strong><\/a>, <a title=\"Esplai Pica-Roca\" href=\"http:\/\/esplaipicaroca.com\/\" target=\"_blank\" rel=\"noopener noreferrer\"><strong>Pica-Roca<\/strong><\/a>, <a title=\"Esplai La Fera\" href=\"https:\/\/esplailafera.wordpress.com\/\" target=\"_blank\" rel=\"noopener noreferrer\"><strong>La Fera<\/strong><\/a>, <a title=\"Esplai Egara\" href=\"https:\/\/www.facebook.com\/EsplaiEgara\" target=\"_blank\" rel=\"noopener noreferrer\"><strong>Egara<\/strong><\/a>, <a title=\"Esplai Farfalla\" href=\"https:\/\/www.facebook.com\/esplai.farfalla\" target=\"_blank\" rel=\"noopener noreferrer\"><strong>Farfalla<\/strong><\/a>, <a title=\"Esplai GEPA\" href=\"http:\/\/esplaigepa.weebly.com\/\" target=\"_blank\" rel=\"noopener noreferrer\"><strong>GEPA<\/strong><\/a> i el mateix <a title=\"Esplai can Parellada\" href=\"https:\/\/www.facebook.com\/esplai.canparellada\" target=\"_blank\" rel=\"noopener noreferrer\"><strong>Can Parellada<\/strong><\/a> van viure un cap de setmana ple de jocs i activitats amb l&#8217;objectiu de con\u00e8ixer infants que, com ells, van a l&#8217;esplai del seu barri o poble dissabte rere dissabte.<\/div>\n<div><\/div>\n<div>Malgrat la pluja, que va originar alguns petits entrebancs, es van poder dur a terme dues activitats conjuntes i les activitats per grups d&#8217;edat el dissabte a la tarda, cada una amb un centre d&#8217;inter\u00e8s diferent, per\u00f2 totes amb la finalitat de compartir experi\u00e8ncies i reflexionar una mica sobre qui som i qu\u00e8 fem a l&#8217;esplai. \u00a0Les participants es van poder endur una samarreta amb un dibuix que simbolitza &#8220;<strong>la L\u00ednia del Vall\u00e8s&#8221;<\/strong>, que uneix tots els esplais del sector.<a href=\"http:\/\/esplac.cat\/wp-content\/uploads\/2015\/03\/IMG_20150314_125402.jpg\"><br \/>\n<\/a><\/div>\n<div><a href=\"http:\/\/esplac.cat\/wp-content\/uploads\/2015\/03\/IMG_20150314_113404.jpg\"><img decoding=\"async\" class=\"aligncenter size-large wp-image-6456\" title=\"IMG_20150314_113404\" src=\"http:\/\/esplac.cat\/wp-content\/uploads\/2015\/03\/IMG_20150314_113404-480x360.jpg\" alt=\"\" width=\"480\" height=\"360\" \/><\/a><\/div>\n<div><\/div>\n<div>A Rub\u00ed, en canvi, s&#8217;hi van reunir <strong>m\u00e9s de 30 joves dels esplais <a title=\"Esplai El Piolet\" href=\"http:\/\/esplaielpiolet.wix.com\/home\" target=\"_blank\" rel=\"noopener noreferrer\">El Piolet<\/a>, La Fera, Can Parellada, Eixam i El Bot\u00f3<\/strong>, amb les seves monitores. Durant el dissabte van estar fent formacions sobre educaci\u00f3 emocional i diversitat sexual i tamb\u00e9 sobre perspectiva de g\u00e8nere, aix\u00ed com dos tallers: un de xanques i un altre de circ. A m\u00e9s, es van fer activitats diverses de cohesi\u00f3 durant la nit i diumenge al mat\u00ed. Les formacions van ser tot un \u00e8xit i les joves van sortir-ne molt contentes. Tamb\u00e9 es van poder endur una motxilla de record de la trobada.<\/div>\n<div><\/div>\n<div><a href=\"http:\/\/esplac.cat\/wp-content\/uploads\/2015\/03\/IMG_20150314_125402.jpg\"><img decoding=\"async\" class=\"aligncenter size-large wp-image-6457\" title=\"IMG_20150314_125402\" src=\"http:\/\/esplac.cat\/wp-content\/uploads\/2015\/03\/IMG_20150314_125402-480x360.jpg\" alt=\"\" width=\"480\" height=\"360\" \/><\/a><\/div>\n<div><\/div>\n<div>En general, <strong>al sector Vall\u00e8s seguim enfortint els lla\u00e7os entre esplais i cada vegada fem trobades m\u00e9s i m\u00e9s grans<\/strong>, visibilitzant aix\u00ed cada dia m\u00e9s la tasca que fem a l&#8217;esplai i teixint nous projectes conjunts.<\/div>\n<p><!--:--><!--:es-->&nbsp;<\/p>\n<p><!--:--><!--:en-->&nbsp;<\/p>\n<p><!--:--><!--:fr-->&nbsp;<\/p>\n<p><!--:--><\/p>\n","protected":false},"excerpt":{"rendered":"<p>El passat cap de setmana 14 i 15 de Mar\u00e7 [&hellip;]<\/p>\n","protected":false},"author":3,"featured_media":25604,"comment_status":"open","ping_status":"open","sticky":false,"template":"","format":"standard","meta":{"om_disable_all_campaigns":false,"_monsterinsights_skip_tracking":false,"_monsterinsights_sitenote_active":false,"_monsterinsights_sitenote_note":"","_monsterinsights_sitenote_category":0,"_uf_show_specific_survey":0,"_uf_disable_surveys":false,"footnotes":""},"categories":[1110,1137],"tags":[491,122,24,492,493],"class_list":["post-25635","post","type-post","status-publish","format-standard","has-post-thumbnail","hentry","category-activitats-sectors","category-sector-valles","tag-linia-del-valles","tag-sector-valles","tag-trobada-dinfants","tag-trobada-general-dinfants","tag-trobada-jove"],"yoast_head":"<!-- This site is optimized with the Yoast SEO plugin v27.5 - https:\/\/yoast.com\/product\/yoast-seo-wordpress\/ -->\n<title>Cap de setmana de trobades al sector Vall\u00e8s - Esplac<\/title>\n<meta name=\"robots\" content=\"index, follow, max-snippet:-1, max-image-preview:large, max-video-preview:-1\" \/>\n<link rel=\"canonical\" href=\"https:\/\/www.esplac.cat\/cap-de-setmana-de-trobades-al-sector-valles\/\" \/>\n<meta property=\"og:locale\" content=\"en_US\" \/>\n<meta property=\"og:type\" content=\"article\" \/>\n<meta property=\"og:title\" content=\"Cap de setmana de trobades al sector Vall\u00e8s - Esplac\" \/>\n<meta property=\"og:description\" content=\"El passat cap de setmana 14 i 15 de Mar\u00e7 [&hellip;]\" \/>\n<meta property=\"og:url\" content=\"https:\/\/www.esplac.cat\/cap-de-setmana-de-trobades-al-sector-valles\/\" \/>\n<meta property=\"og:site_name\" content=\"Esplac\" \/>\n<meta property=\"article:published_time\" content=\"2015-03-19T12:40:07+00:00\" \/>\n<meta property=\"og:image\" content=\"https:\/\/www.esplac.cat\/wp-content\/uploads\/2013\/02\/DSC08123-1024x575.jpg\" \/>\n\t<meta property=\"og:image:width\" content=\"1024\" \/>\n\t<meta property=\"og:image:height\" content=\"575\" \/>\n\t<meta property=\"og:image:type\" content=\"image\/jpeg\" \/>\n<meta name=\"author\" content=\"Comunicaci\u00f3 Esplac\" \/>\n<meta name=\"twitter:card\" content=\"summary_large_image\" \/>\n<meta name=\"twitter:label1\" content=\"Written by\" \/>\n\t<meta name=\"twitter:data1\" content=\"Comunicaci\u00f3 Esplac\" \/>\n\t<meta name=\"twitter:label2\" content=\"Est. reading time\" \/>\n\t<meta name=\"twitter:data2\" content=\"2 minutes\" \/>\n<script type=\"application\/ld+json\" class=\"yoast-schema-graph\">{\"@context\":\"https:\\\/\\\/schema.org\",\"@graph\":[{\"@type\":\"Article\",\"@id\":\"https:\\\/\\\/www.esplac.cat\\\/cap-de-setmana-de-trobades-al-sector-valles\\\/#article\",\"isPartOf\":{\"@id\":\"https:\\\/\\\/www.esplac.cat\\\/cap-de-setmana-de-trobades-al-sector-valles\\\/\"},\"author\":{\"name\":\"Comunicaci\u00f3 Esplac\",\"@id\":\"https:\\\/\\\/www.esplac.cat\\\/#\\\/schema\\\/person\\\/908383cf240be18b68f8855d0583faca\"},\"headline\":\"Cap de setmana de trobades al sector Vall\u00e8s\",\"datePublished\":\"2015-03-19T12:40:07+00:00\",\"mainEntityOfPage\":{\"@id\":\"https:\\\/\\\/www.esplac.cat\\\/cap-de-setmana-de-trobades-al-sector-valles\\\/\"},\"wordCount\":344,\"commentCount\":0,\"publisher\":{\"@id\":\"https:\\\/\\\/www.esplac.cat\\\/#organization\"},\"image\":{\"@id\":\"https:\\\/\\\/www.esplac.cat\\\/cap-de-setmana-de-trobades-al-sector-valles\\\/#primaryimage\"},\"thumbnailUrl\":\"https:\\\/\\\/www.esplac.cat\\\/wp-content\\\/uploads\\\/2013\\\/02\\\/DSC08123.jpg\",\"keywords\":[\"l\u00ednia del Vall\u00e8s\",\"sector Vall\u00e8s\",\"trobada d'infants\",\"Trobada General d'Infants\",\"Trobada Jove\"],\"articleSection\":[\"Activitats sectors\",\"Sector Vall\u00e8s\"],\"inLanguage\":\"en-US\",\"potentialAction\":[{\"@type\":\"CommentAction\",\"name\":\"Comment\",\"target\":[\"https:\\\/\\\/www.esplac.cat\\\/cap-de-setmana-de-trobades-al-sector-valles\\\/#respond\"]}]},{\"@type\":\"WebPage\",\"@id\":\"https:\\\/\\\/www.esplac.cat\\\/cap-de-setmana-de-trobades-al-sector-valles\\\/\",\"url\":\"https:\\\/\\\/www.esplac.cat\\\/cap-de-setmana-de-trobades-al-sector-valles\\\/\",\"name\":\"Cap de setmana de trobades al sector Vall\u00e8s - Esplac\",\"isPartOf\":{\"@id\":\"https:\\\/\\\/www.esplac.cat\\\/#website\"},\"primaryImageOfPage\":{\"@id\":\"https:\\\/\\\/www.esplac.cat\\\/cap-de-setmana-de-trobades-al-sector-valles\\\/#primaryimage\"},\"image\":{\"@id\":\"https:\\\/\\\/www.esplac.cat\\\/cap-de-setmana-de-trobades-al-sector-valles\\\/#primaryimage\"},\"thumbnailUrl\":\"https:\\\/\\\/www.esplac.cat\\\/wp-content\\\/uploads\\\/2013\\\/02\\\/DSC08123.jpg\",\"datePublished\":\"2015-03-19T12:40:07+00:00\",\"breadcrumb\":{\"@id\":\"https:\\\/\\\/www.esplac.cat\\\/cap-de-setmana-de-trobades-al-sector-valles\\\/#breadcrumb\"},\"inLanguage\":\"en-US\",\"potentialAction\":[{\"@type\":\"ReadAction\",\"target\":[\"https:\\\/\\\/www.esplac.cat\\\/cap-de-setmana-de-trobades-al-sector-valles\\\/\"]}]},{\"@type\":\"ImageObject\",\"inLanguage\":\"en-US\",\"@id\":\"https:\\\/\\\/www.esplac.cat\\\/cap-de-setmana-de-trobades-al-sector-valles\\\/#primaryimage\",\"url\":\"https:\\\/\\\/www.esplac.cat\\\/wp-content\\\/uploads\\\/2013\\\/02\\\/DSC08123.jpg\",\"contentUrl\":\"https:\\\/\\\/www.esplac.cat\\\/wp-content\\\/uploads\\\/2013\\\/02\\\/DSC08123.jpg\",\"width\":3872,\"height\":2176},{\"@type\":\"BreadcrumbList\",\"@id\":\"https:\\\/\\\/www.esplac.cat\\\/cap-de-setmana-de-trobades-al-sector-valles\\\/#breadcrumb\",\"itemListElement\":[{\"@type\":\"ListItem\",\"position\":1,\"name\":\"Inici\",\"item\":\"https:\\\/\\\/www.esplac.cat\\\/en\\\/\"},{\"@type\":\"ListItem\",\"position\":2,\"name\":\"Cap de setmana de trobades al sector Vall\u00e8s\"}]},{\"@type\":\"WebSite\",\"@id\":\"https:\\\/\\\/www.esplac.cat\\\/#website\",\"url\":\"https:\\\/\\\/www.esplac.cat\\\/\",\"name\":\"Esplac\",\"description\":\"Esplais Catalans\",\"publisher\":{\"@id\":\"https:\\\/\\\/www.esplac.cat\\\/#organization\"},\"potentialAction\":[{\"@type\":\"SearchAction\",\"target\":{\"@type\":\"EntryPoint\",\"urlTemplate\":\"https:\\\/\\\/www.esplac.cat\\\/?s={search_term_string}\"},\"query-input\":{\"@type\":\"PropertyValueSpecification\",\"valueRequired\":true,\"valueName\":\"search_term_string\"}}],\"inLanguage\":\"en-US\"},{\"@type\":\"Organization\",\"@id\":\"https:\\\/\\\/www.esplac.cat\\\/#organization\",\"name\":\"Esplac\",\"url\":\"https:\\\/\\\/www.esplac.cat\\\/\",\"logo\":{\"@type\":\"ImageObject\",\"inLanguage\":\"en-US\",\"@id\":\"https:\\\/\\\/www.esplac.cat\\\/#\\\/schema\\\/logo\\\/image\\\/\",\"url\":\"https:\\\/\\\/www.esplac.cat\\\/wp-content\\\/uploads\\\/2019\\\/08\\\/logox2.png\",\"contentUrl\":\"https:\\\/\\\/www.esplac.cat\\\/wp-content\\\/uploads\\\/2019\\\/08\\\/logox2.png\",\"width\":600,\"height\":295,\"caption\":\"Esplac\"},\"image\":{\"@id\":\"https:\\\/\\\/www.esplac.cat\\\/#\\\/schema\\\/logo\\\/image\\\/\"}},{\"@type\":\"Person\",\"@id\":\"https:\\\/\\\/www.esplac.cat\\\/#\\\/schema\\\/person\\\/908383cf240be18b68f8855d0583faca\",\"name\":\"Comunicaci\u00f3 Esplac\",\"image\":{\"@type\":\"ImageObject\",\"inLanguage\":\"en-US\",\"@id\":\"https:\\\/\\\/secure.gravatar.com\\\/avatar\\\/7a4cf8feb412a76ea4a740ca02d95b06b2907b5a6c648c2dd0a1082a093c3141?s=96&d=mm&r=g\",\"url\":\"https:\\\/\\\/secure.gravatar.com\\\/avatar\\\/7a4cf8feb412a76ea4a740ca02d95b06b2907b5a6c648c2dd0a1082a093c3141?s=96&d=mm&r=g\",\"contentUrl\":\"https:\\\/\\\/secure.gravatar.com\\\/avatar\\\/7a4cf8feb412a76ea4a740ca02d95b06b2907b5a6c648c2dd0a1082a093c3141?s=96&d=mm&r=g\",\"caption\":\"Comunicaci\u00f3 Esplac\"}}]}<\/script>\n<!-- \/ Yoast SEO plugin. -->","yoast_head_json":{"title":"Cap de setmana de trobades al sector Vall\u00e8s - Esplac","robots":{"index":"index","follow":"follow","max-snippet":"max-snippet:-1","max-image-preview":"max-image-preview:large","max-video-preview":"max-video-preview:-1"},"canonical":"https:\/\/www.esplac.cat\/cap-de-setmana-de-trobades-al-sector-valles\/","og_locale":"en_US","og_type":"article","og_title":"Cap de setmana de trobades al sector Vall\u00e8s - Esplac","og_description":"El passat cap de setmana 14 i 15 de Mar\u00e7 [&hellip;]","og_url":"https:\/\/www.esplac.cat\/cap-de-setmana-de-trobades-al-sector-valles\/","og_site_name":"Esplac","article_published_time":"2015-03-19T12:40:07+00:00","og_image":[{"width":1024,"height":575,"url":"https:\/\/www.esplac.cat\/wp-content\/uploads\/2013\/02\/DSC08123-1024x575.jpg","type":"image\/jpeg"}],"author":"Comunicaci\u00f3 Esplac","twitter_card":"summary_large_image","twitter_misc":{"Written by":"Comunicaci\u00f3 Esplac","Est. reading time":"2 minutes"},"schema":{"@context":"https:\/\/schema.org","@graph":[{"@type":"Article","@id":"https:\/\/www.esplac.cat\/cap-de-setmana-de-trobades-al-sector-valles\/#article","isPartOf":{"@id":"https:\/\/www.esplac.cat\/cap-de-setmana-de-trobades-al-sector-valles\/"},"author":{"name":"Comunicaci\u00f3 Esplac","@id":"https:\/\/www.esplac.cat\/#\/schema\/person\/908383cf240be18b68f8855d0583faca"},"headline":"Cap de setmana de trobades al sector Vall\u00e8s","datePublished":"2015-03-19T12:40:07+00:00","mainEntityOfPage":{"@id":"https:\/\/www.esplac.cat\/cap-de-setmana-de-trobades-al-sector-valles\/"},"wordCount":344,"commentCount":0,"publisher":{"@id":"https:\/\/www.esplac.cat\/#organization"},"image":{"@id":"https:\/\/www.esplac.cat\/cap-de-setmana-de-trobades-al-sector-valles\/#primaryimage"},"thumbnailUrl":"https:\/\/www.esplac.cat\/wp-content\/uploads\/2013\/02\/DSC08123.jpg","keywords":["l\u00ednia del Vall\u00e8s","sector Vall\u00e8s","trobada d'infants","Trobada General d'Infants","Trobada Jove"],"articleSection":["Activitats sectors","Sector Vall\u00e8s"],"inLanguage":"en-US","potentialAction":[{"@type":"CommentAction","name":"Comment","target":["https:\/\/www.esplac.cat\/cap-de-setmana-de-trobades-al-sector-valles\/#respond"]}]},{"@type":"WebPage","@id":"https:\/\/www.esplac.cat\/cap-de-setmana-de-trobades-al-sector-valles\/","url":"https:\/\/www.esplac.cat\/cap-de-setmana-de-trobades-al-sector-valles\/","name":"Cap de setmana de trobades al sector Vall\u00e8s - Esplac","isPartOf":{"@id":"https:\/\/www.esplac.cat\/#website"},"primaryImageOfPage":{"@id":"https:\/\/www.esplac.cat\/cap-de-setmana-de-trobades-al-sector-valles\/#primaryimage"},"image":{"@id":"https:\/\/www.esplac.cat\/cap-de-setmana-de-trobades-al-sector-valles\/#primaryimage"},"thumbnailUrl":"https:\/\/www.esplac.cat\/wp-content\/uploads\/2013\/02\/DSC08123.jpg","datePublished":"2015-03-19T12:40:07+00:00","breadcrumb":{"@id":"https:\/\/www.esplac.cat\/cap-de-setmana-de-trobades-al-sector-valles\/#breadcrumb"},"inLanguage":"en-US","potentialAction":[{"@type":"ReadAction","target":["https:\/\/www.esplac.cat\/cap-de-setmana-de-trobades-al-sector-valles\/"]}]},{"@type":"ImageObject","inLanguage":"en-US","@id":"https:\/\/www.esplac.cat\/cap-de-setmana-de-trobades-al-sector-valles\/#primaryimage","url":"https:\/\/www.esplac.cat\/wp-content\/uploads\/2013\/02\/DSC08123.jpg","contentUrl":"https:\/\/www.esplac.cat\/wp-content\/uploads\/2013\/02\/DSC08123.jpg","width":3872,"height":2176},{"@type":"BreadcrumbList","@id":"https:\/\/www.esplac.cat\/cap-de-setmana-de-trobades-al-sector-valles\/#breadcrumb","itemListElement":[{"@type":"ListItem","position":1,"name":"Inici","item":"https:\/\/www.esplac.cat\/en\/"},{"@type":"ListItem","position":2,"name":"Cap de setmana de trobades al sector Vall\u00e8s"}]},{"@type":"WebSite","@id":"https:\/\/www.esplac.cat\/#website","url":"https:\/\/www.esplac.cat\/","name":"Esplac","description":"Esplais Catalans","publisher":{"@id":"https:\/\/www.esplac.cat\/#organization"},"potentialAction":[{"@type":"SearchAction","target":{"@type":"EntryPoint","urlTemplate":"https:\/\/www.esplac.cat\/?s={search_term_string}"},"query-input":{"@type":"PropertyValueSpecification","valueRequired":true,"valueName":"search_term_string"}}],"inLanguage":"en-US"},{"@type":"Organization","@id":"https:\/\/www.esplac.cat\/#organization","name":"Esplac","url":"https:\/\/www.esplac.cat\/","logo":{"@type":"ImageObject","inLanguage":"en-US","@id":"https:\/\/www.esplac.cat\/#\/schema\/logo\/image\/","url":"https:\/\/www.esplac.cat\/wp-content\/uploads\/2019\/08\/logox2.png","contentUrl":"https:\/\/www.esplac.cat\/wp-content\/uploads\/2019\/08\/logox2.png","width":600,"height":295,"caption":"Esplac"},"image":{"@id":"https:\/\/www.esplac.cat\/#\/schema\/logo\/image\/"}},{"@type":"Person","@id":"https:\/\/www.esplac.cat\/#\/schema\/person\/908383cf240be18b68f8855d0583faca","name":"Comunicaci\u00f3 Esplac","image":{"@type":"ImageObject","inLanguage":"en-US","@id":"https:\/\/secure.gravatar.com\/avatar\/7a4cf8feb412a76ea4a740ca02d95b06b2907b5a6c648c2dd0a1082a093c3141?s=96&d=mm&r=g","url":"https:\/\/secure.gravatar.com\/avatar\/7a4cf8feb412a76ea4a740ca02d95b06b2907b5a6c648c2dd0a1082a093c3141?s=96&d=mm&r=g","contentUrl":"https:\/\/secure.gravatar.com\/avatar\/7a4cf8feb412a76ea4a740ca02d95b06b2907b5a6c648c2dd0a1082a093c3141?s=96&d=mm&r=g","caption":"Comunicaci\u00f3 Esplac"}}]}},"_links":{"self":[{"href":"https:\/\/www.esplac.cat\/en\/wp-json\/wp\/v2\/posts\/25635","targetHints":{"allow":["GET"]}}],"collection":[{"href":"https:\/\/www.esplac.cat\/en\/wp-json\/wp\/v2\/posts"}],"about":[{"href":"https:\/\/www.esplac.cat\/en\/wp-json\/wp\/v2\/types\/post"}],"author":[{"embeddable":true,"href":"https:\/\/www.esplac.cat\/en\/wp-json\/wp\/v2\/users\/3"}],"replies":[{"embeddable":true,"href":"https:\/\/www.esplac.cat\/en\/wp-json\/wp\/v2\/comments?post=25635"}],"version-history":[{"count":0,"href":"https:\/\/www.esplac.cat\/en\/wp-json\/wp\/v2\/posts\/25635\/revisions"}],"wp:featuredmedia":[{"embeddable":true,"href":"https:\/\/www.esplac.cat\/en\/wp-json\/wp\/v2\/media\/25604"}],"wp:attachment":[{"href":"https:\/\/www.esplac.cat\/en\/wp-json\/wp\/v2\/media?parent=25635"}],"wp:term":[{"taxonomy":"category","embeddable":true,"href":"https:\/\/www.esplac.cat\/en\/wp-json\/wp\/v2\/categories?post=25635"},{"taxonomy":"post_tag","embeddable":true,"href":"https:\/\/www.esplac.cat\/en\/wp-json\/wp\/v2\/tags?post=25635"}],"curies":[{"name":"wp","href":"https:\/\/api.w.org\/{rel}","templated":true}]}}