{"id":25645,"date":"2015-03-09T13:32:37","date_gmt":"2015-03-09T11:32:37","guid":{"rendered":"http:\/\/esplac.cat\/?p=6375"},"modified":"2015-03-09T13:32:37","modified_gmt":"2015-03-09T11:32:37","slug":"vet-aqui-els-nostres-drets-per-les-paradetes-de-sant-jordi-dels-esplais","status":"publish","type":"post","link":"https:\/\/www.esplac.cat\/en\/vet-aqui-els-nostres-drets-per-les-paradetes-de-sant-jordi-dels-esplais\/","title":{"rendered":"&#8216;Vet aqu\u00ed els nostres drets&#8217;, per les paradetes de Sant Jordi dels esplais"},"content":{"rendered":"<p><!--:CA-->Com l&#8217;any passat, tornem a engegar la campanya econ\u00f2mica d&#8217;aquest Sant Jordi! Teniu pensat vendre roses, manualitats o llibres? Esplais Catalans <strong>us\u00a0oferim els contes <\/strong><em><a title=\"Vet aqu\u00ed els nostres drets\" href=\"http:\/\/esplac.cat\/publicacions\/vet-aqui-els-nostres-drets\" target=\"_blank\" rel=\"noopener noreferrer\">Vet aqu\u00ed els nostres Drets<\/a><\/em>, per les paradetes de Sant Jordi dels vostres esplais!<\/p>\n<p><em>Vet aqu\u00ed els nostres drets. Contes per explicar els drets dels infants<\/em>, \u00e9s un <strong>recull de contes <\/strong>fruit del concurs de contes il\u00b7lustrats que vam realitzar l\u2019any 2009, per celebrar el <strong>20\u00e8 aniversari de la Convenci\u00f3 dels Drets dels Infants<\/strong>.<\/p>\n<p>Aquest recull es composa d&#8217;<strong>onze contes<\/strong>, cadascun dedicat a un dels <strong>deu principis de la Declaraci\u00f3 dels Drets <\/strong>dels Infants de 1959, <strong>m\u00e9s un onz\u00e8 dedicat al dret a la participaci\u00f3<\/strong>, al qual Esplais Catalans vol\u00edem fer especial incid\u00e8ncia, donat que \u00e9s un pilar del nostre projecte educatiu i aquest any tamb\u00e9 l&#8217;eix central de l&#8217;Esplaiada de Llagostera. Gr\u00e0cies a aquest concurs vam aconseguir un dels nostres principals objectius: que es pensi, es parli, es cre\u00ef i, en definitiva, es defensin els Drets dels Infants. El resultat doncs, podem dir que \u00e9s m\u00e9s que un conte! I \u00e9s que, a m\u00e9s d\u2019una bona lectura, esperem que sigui un bon <strong>recurs educatiu per als esplais i per a tothom <\/strong>qui vulgui explicar d\u2019una manera diferent quins s\u00f3n els drets dels m\u00e9s menuts.<\/p>\n<p>Si voleu disposar de contes per vendre aquest Sant Jordi, us els oferim sense cap cost! Si us interessa, escriviu la vostra demanda a <strong><a href=\"mailto:esplac@esplac.cat\">esplac@esplac.cat<\/a><\/strong> i us n&#8217;explicarem la resta de condicions. <strong>Teniu temps per a fer-ho fins el 17 d&#8217;abril!<\/strong><!--:--><!--:es-->&nbsp;<\/p>\n<p><!--:--><!--:en-->&nbsp;<\/p>\n<p><!--:--><!--:fr-->&nbsp;<\/p>\n<p><!--:--><\/p>\n","protected":false},"excerpt":{"rendered":"<p>Com l&#8217;any passat, tornem a engegar la campanya econ\u00f2mica d&#8217;aquest [&hellip;]<\/p>\n","protected":false},"author":3,"featured_media":25600,"comment_status":"open","ping_status":"open","sticky":false,"template":"","format":"standard","meta":{"om_disable_all_campaigns":false,"_monsterinsights_skip_tracking":false,"_monsterinsights_sitenote_active":false,"_monsterinsights_sitenote_note":"","_monsterinsights_sitenote_category":0,"_uf_show_specific_survey":0,"_uf_disable_surveys":false,"footnotes":""},"categories":[1111,1117],"tags":[228,45,467,18,19],"class_list":["post-25645","post","type-post","status-publish","format-standard","has-post-thumbnail","hentry","category-activitats-esplac","category-activitats-esplais","tag-contes","tag-drets-dels-infants","tag-llibres","tag-sant-jordi","tag-vet-aqui-els-nostres-drets"],"yoast_head":"<!-- This site is optimized with the Yoast SEO plugin v27.5 - https:\/\/yoast.com\/product\/yoast-seo-wordpress\/ -->\n<title>&#039;Vet aqu\u00ed els nostres drets&#039;, per les paradetes de Sant Jordi dels esplais - Esplac<\/title>\n<meta name=\"robots\" content=\"index, follow, max-snippet:-1, max-image-preview:large, max-video-preview:-1\" \/>\n<link rel=\"canonical\" href=\"https:\/\/www.esplac.cat\/vet-aqui-els-nostres-drets-per-les-paradetes-de-sant-jordi-dels-esplais\/\" \/>\n<meta property=\"og:locale\" content=\"en_US\" \/>\n<meta property=\"og:type\" content=\"article\" \/>\n<meta property=\"og:title\" content=\"&#039;Vet aqu\u00ed els nostres drets&#039;, per les paradetes de Sant Jordi dels esplais - Esplac\" \/>\n<meta property=\"og:description\" content=\"Com l&#8217;any passat, tornem a engegar la campanya econ\u00f2mica d&#8217;aquest [&hellip;]\" \/>\n<meta property=\"og:url\" content=\"https:\/\/www.esplac.cat\/vet-aqui-els-nostres-drets-per-les-paradetes-de-sant-jordi-dels-esplais\/\" \/>\n<meta property=\"og:site_name\" content=\"Esplac\" \/>\n<meta property=\"article:published_time\" content=\"2015-03-09T11:32:37+00:00\" \/>\n<meta property=\"og:image\" content=\"https:\/\/www.esplac.cat\/wp-content\/uploads\/2012\/10\/curs_monitors_escola_sol-e1351092774841.jpeg\" \/>\n\t<meta property=\"og:image:width\" content=\"719\" \/>\n\t<meta property=\"og:image:height\" content=\"336\" \/>\n\t<meta property=\"og:image:type\" content=\"image\/jpeg\" \/>\n<meta name=\"author\" content=\"Comunicaci\u00f3 Esplac\" \/>\n<meta name=\"twitter:card\" content=\"summary_large_image\" \/>\n<meta name=\"twitter:label1\" content=\"Written by\" \/>\n\t<meta name=\"twitter:data1\" content=\"Comunicaci\u00f3 Esplac\" \/>\n\t<meta name=\"twitter:label2\" content=\"Est. reading time\" \/>\n\t<meta name=\"twitter:data2\" content=\"1 minute\" \/>\n<script type=\"application\/ld+json\" class=\"yoast-schema-graph\">{\"@context\":\"https:\\\/\\\/schema.org\",\"@graph\":[{\"@type\":\"Article\",\"@id\":\"https:\\\/\\\/www.esplac.cat\\\/vet-aqui-els-nostres-drets-per-les-paradetes-de-sant-jordi-dels-esplais\\\/#article\",\"isPartOf\":{\"@id\":\"https:\\\/\\\/www.esplac.cat\\\/vet-aqui-els-nostres-drets-per-les-paradetes-de-sant-jordi-dels-esplais\\\/\"},\"author\":{\"name\":\"Comunicaci\u00f3 Esplac\",\"@id\":\"https:\\\/\\\/www.esplac.cat\\\/#\\\/schema\\\/person\\\/908383cf240be18b68f8855d0583faca\"},\"headline\":\"&#8216;Vet aqu\u00ed els nostres drets&#8217;, per les paradetes de Sant Jordi dels esplais\",\"datePublished\":\"2015-03-09T11:32:37+00:00\",\"mainEntityOfPage\":{\"@id\":\"https:\\\/\\\/www.esplac.cat\\\/vet-aqui-els-nostres-drets-per-les-paradetes-de-sant-jordi-dels-esplais\\\/\"},\"wordCount\":285,\"commentCount\":0,\"publisher\":{\"@id\":\"https:\\\/\\\/www.esplac.cat\\\/#organization\"},\"image\":{\"@id\":\"https:\\\/\\\/www.esplac.cat\\\/vet-aqui-els-nostres-drets-per-les-paradetes-de-sant-jordi-dels-esplais\\\/#primaryimage\"},\"thumbnailUrl\":\"https:\\\/\\\/www.esplac.cat\\\/wp-content\\\/uploads\\\/2012\\\/10\\\/curs_monitors_escola_sol-e1351092774841.jpeg\",\"keywords\":[\"contes\",\"drets dels infants\",\"llibres\",\"Sant Jordi\",\"vet aqui els nostres drets\"],\"articleSection\":[\"Activitats esplac\",\"Activitats esplais\"],\"inLanguage\":\"en-US\",\"potentialAction\":[{\"@type\":\"CommentAction\",\"name\":\"Comment\",\"target\":[\"https:\\\/\\\/www.esplac.cat\\\/vet-aqui-els-nostres-drets-per-les-paradetes-de-sant-jordi-dels-esplais\\\/#respond\"]}]},{\"@type\":\"WebPage\",\"@id\":\"https:\\\/\\\/www.esplac.cat\\\/vet-aqui-els-nostres-drets-per-les-paradetes-de-sant-jordi-dels-esplais\\\/\",\"url\":\"https:\\\/\\\/www.esplac.cat\\\/vet-aqui-els-nostres-drets-per-les-paradetes-de-sant-jordi-dels-esplais\\\/\",\"name\":\"'Vet aqu\u00ed els nostres drets', per les paradetes de Sant Jordi dels esplais - Esplac\",\"isPartOf\":{\"@id\":\"https:\\\/\\\/www.esplac.cat\\\/#website\"},\"primaryImageOfPage\":{\"@id\":\"https:\\\/\\\/www.esplac.cat\\\/vet-aqui-els-nostres-drets-per-les-paradetes-de-sant-jordi-dels-esplais\\\/#primaryimage\"},\"image\":{\"@id\":\"https:\\\/\\\/www.esplac.cat\\\/vet-aqui-els-nostres-drets-per-les-paradetes-de-sant-jordi-dels-esplais\\\/#primaryimage\"},\"thumbnailUrl\":\"https:\\\/\\\/www.esplac.cat\\\/wp-content\\\/uploads\\\/2012\\\/10\\\/curs_monitors_escola_sol-e1351092774841.jpeg\",\"datePublished\":\"2015-03-09T11:32:37+00:00\",\"breadcrumb\":{\"@id\":\"https:\\\/\\\/www.esplac.cat\\\/vet-aqui-els-nostres-drets-per-les-paradetes-de-sant-jordi-dels-esplais\\\/#breadcrumb\"},\"inLanguage\":\"en-US\",\"potentialAction\":[{\"@type\":\"ReadAction\",\"target\":[\"https:\\\/\\\/www.esplac.cat\\\/vet-aqui-els-nostres-drets-per-les-paradetes-de-sant-jordi-dels-esplais\\\/\"]}]},{\"@type\":\"ImageObject\",\"inLanguage\":\"en-US\",\"@id\":\"https:\\\/\\\/www.esplac.cat\\\/vet-aqui-els-nostres-drets-per-les-paradetes-de-sant-jordi-dels-esplais\\\/#primaryimage\",\"url\":\"https:\\\/\\\/www.esplac.cat\\\/wp-content\\\/uploads\\\/2012\\\/10\\\/curs_monitors_escola_sol-e1351092774841.jpeg\",\"contentUrl\":\"https:\\\/\\\/www.esplac.cat\\\/wp-content\\\/uploads\\\/2012\\\/10\\\/curs_monitors_escola_sol-e1351092774841.jpeg\",\"width\":719,\"height\":336},{\"@type\":\"BreadcrumbList\",\"@id\":\"https:\\\/\\\/www.esplac.cat\\\/vet-aqui-els-nostres-drets-per-les-paradetes-de-sant-jordi-dels-esplais\\\/#breadcrumb\",\"itemListElement\":[{\"@type\":\"ListItem\",\"position\":1,\"name\":\"Inici\",\"item\":\"https:\\\/\\\/www.esplac.cat\\\/en\\\/\"},{\"@type\":\"ListItem\",\"position\":2,\"name\":\"&#8216;Vet aqu\u00ed els nostres drets&#8217;, per les paradetes de Sant Jordi dels esplais\"}]},{\"@type\":\"WebSite\",\"@id\":\"https:\\\/\\\/www.esplac.cat\\\/#website\",\"url\":\"https:\\\/\\\/www.esplac.cat\\\/\",\"name\":\"Esplac\",\"description\":\"Esplais Catalans\",\"publisher\":{\"@id\":\"https:\\\/\\\/www.esplac.cat\\\/#organization\"},\"potentialAction\":[{\"@type\":\"SearchAction\",\"target\":{\"@type\":\"EntryPoint\",\"urlTemplate\":\"https:\\\/\\\/www.esplac.cat\\\/?s={search_term_string}\"},\"query-input\":{\"@type\":\"PropertyValueSpecification\",\"valueRequired\":true,\"valueName\":\"search_term_string\"}}],\"inLanguage\":\"en-US\"},{\"@type\":\"Organization\",\"@id\":\"https:\\\/\\\/www.esplac.cat\\\/#organization\",\"name\":\"Esplac\",\"url\":\"https:\\\/\\\/www.esplac.cat\\\/\",\"logo\":{\"@type\":\"ImageObject\",\"inLanguage\":\"en-US\",\"@id\":\"https:\\\/\\\/www.esplac.cat\\\/#\\\/schema\\\/logo\\\/image\\\/\",\"url\":\"https:\\\/\\\/www.esplac.cat\\\/wp-content\\\/uploads\\\/2019\\\/08\\\/logox2.png\",\"contentUrl\":\"https:\\\/\\\/www.esplac.cat\\\/wp-content\\\/uploads\\\/2019\\\/08\\\/logox2.png\",\"width\":600,\"height\":295,\"caption\":\"Esplac\"},\"image\":{\"@id\":\"https:\\\/\\\/www.esplac.cat\\\/#\\\/schema\\\/logo\\\/image\\\/\"}},{\"@type\":\"Person\",\"@id\":\"https:\\\/\\\/www.esplac.cat\\\/#\\\/schema\\\/person\\\/908383cf240be18b68f8855d0583faca\",\"name\":\"Comunicaci\u00f3 Esplac\",\"image\":{\"@type\":\"ImageObject\",\"inLanguage\":\"en-US\",\"@id\":\"https:\\\/\\\/secure.gravatar.com\\\/avatar\\\/7a4cf8feb412a76ea4a740ca02d95b06b2907b5a6c648c2dd0a1082a093c3141?s=96&d=mm&r=g\",\"url\":\"https:\\\/\\\/secure.gravatar.com\\\/avatar\\\/7a4cf8feb412a76ea4a740ca02d95b06b2907b5a6c648c2dd0a1082a093c3141?s=96&d=mm&r=g\",\"contentUrl\":\"https:\\\/\\\/secure.gravatar.com\\\/avatar\\\/7a4cf8feb412a76ea4a740ca02d95b06b2907b5a6c648c2dd0a1082a093c3141?s=96&d=mm&r=g\",\"caption\":\"Comunicaci\u00f3 Esplac\"}}]}<\/script>\n<!-- \/ Yoast SEO plugin. -->","yoast_head_json":{"title":"'Vet aqu\u00ed els nostres drets', per les paradetes de Sant Jordi dels esplais - Esplac","robots":{"index":"index","follow":"follow","max-snippet":"max-snippet:-1","max-image-preview":"max-image-preview:large","max-video-preview":"max-video-preview:-1"},"canonical":"https:\/\/www.esplac.cat\/vet-aqui-els-nostres-drets-per-les-paradetes-de-sant-jordi-dels-esplais\/","og_locale":"en_US","og_type":"article","og_title":"'Vet aqu\u00ed els nostres drets', per les paradetes de Sant Jordi dels esplais - Esplac","og_description":"Com l&#8217;any passat, tornem a engegar la campanya econ\u00f2mica d&#8217;aquest [&hellip;]","og_url":"https:\/\/www.esplac.cat\/vet-aqui-els-nostres-drets-per-les-paradetes-de-sant-jordi-dels-esplais\/","og_site_name":"Esplac","article_published_time":"2015-03-09T11:32:37+00:00","og_image":[{"width":719,"height":336,"url":"https:\/\/www.esplac.cat\/wp-content\/uploads\/2012\/10\/curs_monitors_escola_sol-e1351092774841.jpeg","type":"image\/jpeg"}],"author":"Comunicaci\u00f3 Esplac","twitter_card":"summary_large_image","twitter_misc":{"Written by":"Comunicaci\u00f3 Esplac","Est. reading time":"1 minute"},"schema":{"@context":"https:\/\/schema.org","@graph":[{"@type":"Article","@id":"https:\/\/www.esplac.cat\/vet-aqui-els-nostres-drets-per-les-paradetes-de-sant-jordi-dels-esplais\/#article","isPartOf":{"@id":"https:\/\/www.esplac.cat\/vet-aqui-els-nostres-drets-per-les-paradetes-de-sant-jordi-dels-esplais\/"},"author":{"name":"Comunicaci\u00f3 Esplac","@id":"https:\/\/www.esplac.cat\/#\/schema\/person\/908383cf240be18b68f8855d0583faca"},"headline":"&#8216;Vet aqu\u00ed els nostres drets&#8217;, per les paradetes de Sant Jordi dels esplais","datePublished":"2015-03-09T11:32:37+00:00","mainEntityOfPage":{"@id":"https:\/\/www.esplac.cat\/vet-aqui-els-nostres-drets-per-les-paradetes-de-sant-jordi-dels-esplais\/"},"wordCount":285,"commentCount":0,"publisher":{"@id":"https:\/\/www.esplac.cat\/#organization"},"image":{"@id":"https:\/\/www.esplac.cat\/vet-aqui-els-nostres-drets-per-les-paradetes-de-sant-jordi-dels-esplais\/#primaryimage"},"thumbnailUrl":"https:\/\/www.esplac.cat\/wp-content\/uploads\/2012\/10\/curs_monitors_escola_sol-e1351092774841.jpeg","keywords":["contes","drets dels infants","llibres","Sant Jordi","vet aqui els nostres drets"],"articleSection":["Activitats esplac","Activitats esplais"],"inLanguage":"en-US","potentialAction":[{"@type":"CommentAction","name":"Comment","target":["https:\/\/www.esplac.cat\/vet-aqui-els-nostres-drets-per-les-paradetes-de-sant-jordi-dels-esplais\/#respond"]}]},{"@type":"WebPage","@id":"https:\/\/www.esplac.cat\/vet-aqui-els-nostres-drets-per-les-paradetes-de-sant-jordi-dels-esplais\/","url":"https:\/\/www.esplac.cat\/vet-aqui-els-nostres-drets-per-les-paradetes-de-sant-jordi-dels-esplais\/","name":"'Vet aqu\u00ed els nostres drets', per les paradetes de Sant Jordi dels esplais - Esplac","isPartOf":{"@id":"https:\/\/www.esplac.cat\/#website"},"primaryImageOfPage":{"@id":"https:\/\/www.esplac.cat\/vet-aqui-els-nostres-drets-per-les-paradetes-de-sant-jordi-dels-esplais\/#primaryimage"},"image":{"@id":"https:\/\/www.esplac.cat\/vet-aqui-els-nostres-drets-per-les-paradetes-de-sant-jordi-dels-esplais\/#primaryimage"},"thumbnailUrl":"https:\/\/www.esplac.cat\/wp-content\/uploads\/2012\/10\/curs_monitors_escola_sol-e1351092774841.jpeg","datePublished":"2015-03-09T11:32:37+00:00","breadcrumb":{"@id":"https:\/\/www.esplac.cat\/vet-aqui-els-nostres-drets-per-les-paradetes-de-sant-jordi-dels-esplais\/#breadcrumb"},"inLanguage":"en-US","potentialAction":[{"@type":"ReadAction","target":["https:\/\/www.esplac.cat\/vet-aqui-els-nostres-drets-per-les-paradetes-de-sant-jordi-dels-esplais\/"]}]},{"@type":"ImageObject","inLanguage":"en-US","@id":"https:\/\/www.esplac.cat\/vet-aqui-els-nostres-drets-per-les-paradetes-de-sant-jordi-dels-esplais\/#primaryimage","url":"https:\/\/www.esplac.cat\/wp-content\/uploads\/2012\/10\/curs_monitors_escola_sol-e1351092774841.jpeg","contentUrl":"https:\/\/www.esplac.cat\/wp-content\/uploads\/2012\/10\/curs_monitors_escola_sol-e1351092774841.jpeg","width":719,"height":336},{"@type":"BreadcrumbList","@id":"https:\/\/www.esplac.cat\/vet-aqui-els-nostres-drets-per-les-paradetes-de-sant-jordi-dels-esplais\/#breadcrumb","itemListElement":[{"@type":"ListItem","position":1,"name":"Inici","item":"https:\/\/www.esplac.cat\/en\/"},{"@type":"ListItem","position":2,"name":"&#8216;Vet aqu\u00ed els nostres drets&#8217;, per les paradetes de Sant Jordi dels esplais"}]},{"@type":"WebSite","@id":"https:\/\/www.esplac.cat\/#website","url":"https:\/\/www.esplac.cat\/","name":"Esplac","description":"Esplais Catalans","publisher":{"@id":"https:\/\/www.esplac.cat\/#organization"},"potentialAction":[{"@type":"SearchAction","target":{"@type":"EntryPoint","urlTemplate":"https:\/\/www.esplac.cat\/?s={search_term_string}"},"query-input":{"@type":"PropertyValueSpecification","valueRequired":true,"valueName":"search_term_string"}}],"inLanguage":"en-US"},{"@type":"Organization","@id":"https:\/\/www.esplac.cat\/#organization","name":"Esplac","url":"https:\/\/www.esplac.cat\/","logo":{"@type":"ImageObject","inLanguage":"en-US","@id":"https:\/\/www.esplac.cat\/#\/schema\/logo\/image\/","url":"https:\/\/www.esplac.cat\/wp-content\/uploads\/2019\/08\/logox2.png","contentUrl":"https:\/\/www.esplac.cat\/wp-content\/uploads\/2019\/08\/logox2.png","width":600,"height":295,"caption":"Esplac"},"image":{"@id":"https:\/\/www.esplac.cat\/#\/schema\/logo\/image\/"}},{"@type":"Person","@id":"https:\/\/www.esplac.cat\/#\/schema\/person\/908383cf240be18b68f8855d0583faca","name":"Comunicaci\u00f3 Esplac","image":{"@type":"ImageObject","inLanguage":"en-US","@id":"https:\/\/secure.gravatar.com\/avatar\/7a4cf8feb412a76ea4a740ca02d95b06b2907b5a6c648c2dd0a1082a093c3141?s=96&d=mm&r=g","url":"https:\/\/secure.gravatar.com\/avatar\/7a4cf8feb412a76ea4a740ca02d95b06b2907b5a6c648c2dd0a1082a093c3141?s=96&d=mm&r=g","contentUrl":"https:\/\/secure.gravatar.com\/avatar\/7a4cf8feb412a76ea4a740ca02d95b06b2907b5a6c648c2dd0a1082a093c3141?s=96&d=mm&r=g","caption":"Comunicaci\u00f3 Esplac"}}]}},"_links":{"self":[{"href":"https:\/\/www.esplac.cat\/en\/wp-json\/wp\/v2\/posts\/25645","targetHints":{"allow":["GET"]}}],"collection":[{"href":"https:\/\/www.esplac.cat\/en\/wp-json\/wp\/v2\/posts"}],"about":[{"href":"https:\/\/www.esplac.cat\/en\/wp-json\/wp\/v2\/types\/post"}],"author":[{"embeddable":true,"href":"https:\/\/www.esplac.cat\/en\/wp-json\/wp\/v2\/users\/3"}],"replies":[{"embeddable":true,"href":"https:\/\/www.esplac.cat\/en\/wp-json\/wp\/v2\/comments?post=25645"}],"version-history":[{"count":0,"href":"https:\/\/www.esplac.cat\/en\/wp-json\/wp\/v2\/posts\/25645\/revisions"}],"wp:featuredmedia":[{"embeddable":true,"href":"https:\/\/www.esplac.cat\/en\/wp-json\/wp\/v2\/media\/25600"}],"wp:attachment":[{"href":"https:\/\/www.esplac.cat\/en\/wp-json\/wp\/v2\/media?parent=25645"}],"wp:term":[{"taxonomy":"category","embeddable":true,"href":"https:\/\/www.esplac.cat\/en\/wp-json\/wp\/v2\/categories?post=25645"},{"taxonomy":"post_tag","embeddable":true,"href":"https:\/\/www.esplac.cat\/en\/wp-json\/wp\/v2\/tags?post=25645"}],"curies":[{"name":"wp","href":"https:\/\/api.w.org\/{rel}","templated":true}]}}