{"id":25648,"date":"2015-03-04T17:32:54","date_gmt":"2015-03-04T15:32:54","guid":{"rendered":"http:\/\/esplac.cat\/?p=6341"},"modified":"2019-11-14T13:17:45","modified_gmt":"2019-11-14T11:17:45","slug":"bona-practica-experiencies-educacio-ambiental","status":"publish","type":"post","link":"https:\/\/www.esplac.cat\/en\/bona-practica-experiencies-educacio-ambiental\/","title":{"rendered":"Bona Pr\u00e0ctica: experi\u00e8ncies d&#8217;educaci\u00f3 ambiental"},"content":{"rendered":"<p><!--:CA-->L\u2019aproximaci\u00f3 de l\u2019esplai al seu entorn \u00e9s fonamental per aprendre a con\u00e8ixer-lo, respectar-lo i defensar-lo. Treballem per un enfortiment dels esplais per ser cada cop m\u00e9s un agent de canvi, de sensibilitzaci\u00f3 i un espai d\u2019educaci\u00f3 ambiental.<\/p>\n<p>A l&#8217;ideari, al projecte educatiu, amb el material de les activitats i tallers, durant les col\u00f2nies, campaments i rutes, fent \u00fas del comer\u00e7 local i de proximitat&#8230; Els esplais recollim diverses experi\u00e8ncies d&#8217;educaci\u00f3 ambiental a les nostres pr\u00e0ctiques educatives.<\/p>\n<p>L&#8217;esplai <a href=\"https:\/\/esplaivicremei.wordpress.com\/\"><strong>Vic-Remei<\/strong> <\/a>(Manresa) ha apadrinat un tram de l&#8217;<strong><a href=\"http:\/\/www.anellaverdamanresa.cat\/\">Anella Verda<\/a><\/strong>, el conjunt d&#8217;espais naturals que envolten Manresa. Els infants, joves, fam\u00edlies i monis s&#8217;han fet seu un tros del municipi, un espai diferent del de l&#8217;esplai on poder estar en contacte directe amb la natura, aprenent a tenir-ne cura i a gaudir amb ella.<\/p>\n<p>Aquest espai els ha servit per fer molta cohesi\u00f3, com per exemple a trav\u00e9s d&#8217;una sortida amb infants, joves, fam\u00edlies i monis; una experi\u00e8ncia que recorden i valoren molt positivament. A m\u00e9s a m\u00e9s, per entrenar-se per a la travessa d&#8217;estiu, els m\u00e9s grans hi van fer nit, aprenent a muntar les tendes i fent-se conscients de tot el material i aprovisionament que necessitarien per a la ruta. \u00c9s un espai que han ofert tamb\u00e9 al sector per donar-lo a con\u00e8ixer i fer-hi activitats.<\/p>\n<p><strong>Buscant &#8216;activitats verdes&#8217;<\/strong><\/p>\n<p>Reduint Petjada \u00e9s una comissi\u00f3 d&#8217;Esplais Catalans formada per monitors i monitores de diferents sectors que t\u00e9 com a missi\u00f3 principal donar suport als esplais per dur a terme la tasca de sensibilitzaci\u00f3 i educaci\u00f3 del medi ambient.<\/p>\n<p>Aquest any, ens proposen un <strong>Concurs de Bones Pr\u00e0ctiques Sostenibles<\/strong>, per tal promoure i difondre diferents h\u00e0bits i metodologies educatives respectuoses amb l&#8217;entorn.<\/p>\n<p><strong>Els esplais podran fer arribar a la comissi\u00f3 fotografies de les seves &#8220;activitats verdes&#8221; al llarg del curs<\/strong> de manera que a l&#8217;inici del curs vinent (coincidint amb l&#8217;Assemblea General Ordin\u00e0ria) es realitzar\u00e0 l&#8217;entrega de premis a la millor pr\u00e0ctica ambiental i sostenible!<\/p>\n<p>Estigueu atents i atentes! Ben aviat, rebreu informaci\u00f3 m\u00e9s detallada d&#8217;aquesta acci\u00f3.<\/p>\n<p><strong>Per aprendre&#8217;n m\u00e9s&#8230;<\/strong><\/p>\n<p>Molts dels esplais contempleu l&#8217;educaci\u00f3 ambiental al vostre projecte educatiu, per\u00f2 si voleu seguir creixent i aprenent en aquest \u00e0mbit <strong>nom\u00e9s cal que us poseu en contacte amb la <a href=\"http:\/\/esplac.cat\/lesplaier-verd-ens-demana-ajuda\/\">Comissi\u00f3 Reduint<\/a>\u00a0<a href=\"http:\/\/esplac.cat\/lesplaier-verd-ens-demana-ajuda\/\">Petjada<\/a> o feu un cop d&#8217;ull al <a href=\"http:\/\/esplac.cat\/banc-recursos\/\">Banc de Recursos<\/a><\/strong>,\u00a0on podeu trobar tallers, activitats i jocs. Tamb\u00e9 podeu consultar\u00a0la <strong><a href=\"http:\/\/esplac.cat\/guia-preparar-campaments-colonies-rutes\/\">Guia per a preparar Campaments, Col\u00f2nies i Rutes<\/a><\/strong>, per tal d&#8217;incloure a les vostres activitats recursos i idees per fer un projecte comprom\u00e8s amb el medi ambient.<!--:--><!--:es-->&nbsp;<\/p>\n<p><!--:--><!--:en-->&nbsp;<\/p>\n<p><!--:--><!--:fr-->&nbsp;<\/p>\n<p><!--:--><\/p>\n","protected":false},"excerpt":{"rendered":"<p>L\u2019aproximaci\u00f3 de l\u2019esplai al seu entorn \u00e9s fonamental per aprendre [&hellip;]<\/p>\n","protected":false},"author":3,"featured_media":0,"comment_status":"open","ping_status":"open","sticky":false,"template":"","format":"standard","meta":{"om_disable_all_campaigns":false,"_monsterinsights_skip_tracking":false,"_monsterinsights_sitenote_active":false,"_monsterinsights_sitenote_note":"","_monsterinsights_sitenote_category":0,"_uf_show_specific_survey":0,"_uf_disable_surveys":false,"footnotes":""},"categories":[1121,1161],"tags":[456,44,67,429,457,251,82,205,458,459,83],"class_list":["post-25648","post","type-post","status-publish","format-standard","hentry","category-bones-practiques-2","category-comissio-reduint-petjada","tag-anella-verda","tag-banc-de-recursos","tag-bones-practiques","tag-ccr","tag-colonies-i-rutes","tag-comissio-reduint-petjada","tag-educacio-ambiental","tag-esplai-vic-remei","tag-guia-de-campaments","tag-medi-ambient","tag-reduint-petjada"],"yoast_head":"<!-- This site is optimized with the Yoast SEO plugin v27.4 - https:\/\/yoast.com\/product\/yoast-seo-wordpress\/ -->\n<title>Bona Pr\u00e0ctica: experi\u00e8ncies d&#039;educaci\u00f3 ambiental - Esplac<\/title>\n<meta name=\"robots\" content=\"index, follow, max-snippet:-1, max-image-preview:large, max-video-preview:-1\" \/>\n<link rel=\"canonical\" href=\"https:\/\/www.esplac.cat\/en\/bona-practica-experiencies-educacio-ambiental\/\" \/>\n<meta property=\"og:locale\" content=\"en_US\" \/>\n<meta property=\"og:type\" content=\"article\" \/>\n<meta property=\"og:title\" content=\"Bona Pr\u00e0ctica: experi\u00e8ncies d&#039;educaci\u00f3 ambiental - Esplac\" \/>\n<meta property=\"og:description\" content=\"L\u2019aproximaci\u00f3 de l\u2019esplai al seu entorn \u00e9s fonamental per aprendre [&hellip;]\" \/>\n<meta property=\"og:url\" content=\"https:\/\/www.esplac.cat\/en\/bona-practica-experiencies-educacio-ambiental\/\" \/>\n<meta property=\"og:site_name\" content=\"Esplac\" \/>\n<meta property=\"article:published_time\" content=\"2015-03-04T15:32:54+00:00\" \/>\n<meta property=\"article:modified_time\" content=\"2019-11-14T11:17:45+00:00\" \/>\n<meta property=\"og:image\" content=\"https:\/\/www.esplac.cat\/wp-content\/uploads\/2019\/11\/logo-open.jpg\" \/>\n\t<meta property=\"og:image:width\" content=\"1200\" \/>\n\t<meta property=\"og:image:height\" content=\"630\" \/>\n\t<meta property=\"og:image:type\" content=\"image\/jpeg\" \/>\n<meta name=\"author\" content=\"Comunicaci\u00f3 Esplac\" \/>\n<meta name=\"twitter:card\" content=\"summary_large_image\" \/>\n<meta name=\"twitter:label1\" content=\"Written by\" \/>\n\t<meta name=\"twitter:data1\" content=\"Comunicaci\u00f3 Esplac\" \/>\n\t<meta name=\"twitter:label2\" content=\"Est. reading time\" \/>\n\t<meta name=\"twitter:data2\" content=\"2 minutes\" \/>\n<script type=\"application\/ld+json\" class=\"yoast-schema-graph\">{\"@context\":\"https:\\\/\\\/schema.org\",\"@graph\":[{\"@type\":\"Article\",\"@id\":\"https:\\\/\\\/www.esplac.cat\\\/en\\\/bona-practica-experiencies-educacio-ambiental\\\/#article\",\"isPartOf\":{\"@id\":\"https:\\\/\\\/www.esplac.cat\\\/en\\\/bona-practica-experiencies-educacio-ambiental\\\/\"},\"author\":{\"name\":\"Comunicaci\u00f3 Esplac\",\"@id\":\"https:\\\/\\\/www.esplac.cat\\\/#\\\/schema\\\/person\\\/908383cf240be18b68f8855d0583faca\"},\"headline\":\"Bona Pr\u00e0ctica: experi\u00e8ncies d&#8217;educaci\u00f3 ambiental\",\"datePublished\":\"2015-03-04T15:32:54+00:00\",\"dateModified\":\"2019-11-14T11:17:45+00:00\",\"mainEntityOfPage\":{\"@id\":\"https:\\\/\\\/www.esplac.cat\\\/en\\\/bona-practica-experiencies-educacio-ambiental\\\/\"},\"wordCount\":470,\"commentCount\":0,\"publisher\":{\"@id\":\"https:\\\/\\\/www.esplac.cat\\\/#organization\"},\"keywords\":[\"anella verda\",\"banc de recursos\",\"bones pr\u00e0ctiques\",\"CCR\",\"col\u00f2nies i rutes\",\"comissi\u00f3 reduint petjada\",\"educacio ambiental\",\"esplai Vic-Remei\",\"guia de campaments\",\"medi ambient\",\"reduint petjada\"],\"articleSection\":[\"Bones pr\u00e0ctiques\",\"Comissi\u00f3 Reduint Petjada\"],\"inLanguage\":\"en-US\",\"potentialAction\":[{\"@type\":\"CommentAction\",\"name\":\"Comment\",\"target\":[\"https:\\\/\\\/www.esplac.cat\\\/en\\\/bona-practica-experiencies-educacio-ambiental\\\/#respond\"]}]},{\"@type\":\"WebPage\",\"@id\":\"https:\\\/\\\/www.esplac.cat\\\/en\\\/bona-practica-experiencies-educacio-ambiental\\\/\",\"url\":\"https:\\\/\\\/www.esplac.cat\\\/en\\\/bona-practica-experiencies-educacio-ambiental\\\/\",\"name\":\"Bona Pr\u00e0ctica: experi\u00e8ncies d'educaci\u00f3 ambiental - Esplac\",\"isPartOf\":{\"@id\":\"https:\\\/\\\/www.esplac.cat\\\/#website\"},\"datePublished\":\"2015-03-04T15:32:54+00:00\",\"dateModified\":\"2019-11-14T11:17:45+00:00\",\"breadcrumb\":{\"@id\":\"https:\\\/\\\/www.esplac.cat\\\/en\\\/bona-practica-experiencies-educacio-ambiental\\\/#breadcrumb\"},\"inLanguage\":\"en-US\",\"potentialAction\":[{\"@type\":\"ReadAction\",\"target\":[\"https:\\\/\\\/www.esplac.cat\\\/en\\\/bona-practica-experiencies-educacio-ambiental\\\/\"]}]},{\"@type\":\"BreadcrumbList\",\"@id\":\"https:\\\/\\\/www.esplac.cat\\\/en\\\/bona-practica-experiencies-educacio-ambiental\\\/#breadcrumb\",\"itemListElement\":[{\"@type\":\"ListItem\",\"position\":1,\"name\":\"Inici\",\"item\":\"https:\\\/\\\/www.esplac.cat\\\/en\\\/\"},{\"@type\":\"ListItem\",\"position\":2,\"name\":\"Bona Pr\u00e0ctica: experi\u00e8ncies d&#8217;educaci\u00f3 ambiental\"}]},{\"@type\":\"WebSite\",\"@id\":\"https:\\\/\\\/www.esplac.cat\\\/#website\",\"url\":\"https:\\\/\\\/www.esplac.cat\\\/\",\"name\":\"Esplac\",\"description\":\"Esplais Catalans\",\"publisher\":{\"@id\":\"https:\\\/\\\/www.esplac.cat\\\/#organization\"},\"potentialAction\":[{\"@type\":\"SearchAction\",\"target\":{\"@type\":\"EntryPoint\",\"urlTemplate\":\"https:\\\/\\\/www.esplac.cat\\\/?s={search_term_string}\"},\"query-input\":{\"@type\":\"PropertyValueSpecification\",\"valueRequired\":true,\"valueName\":\"search_term_string\"}}],\"inLanguage\":\"en-US\"},{\"@type\":\"Organization\",\"@id\":\"https:\\\/\\\/www.esplac.cat\\\/#organization\",\"name\":\"Esplac\",\"url\":\"https:\\\/\\\/www.esplac.cat\\\/\",\"logo\":{\"@type\":\"ImageObject\",\"inLanguage\":\"en-US\",\"@id\":\"https:\\\/\\\/www.esplac.cat\\\/#\\\/schema\\\/logo\\\/image\\\/\",\"url\":\"https:\\\/\\\/www.esplac.cat\\\/wp-content\\\/uploads\\\/2019\\\/08\\\/logox2.png\",\"contentUrl\":\"https:\\\/\\\/www.esplac.cat\\\/wp-content\\\/uploads\\\/2019\\\/08\\\/logox2.png\",\"width\":600,\"height\":295,\"caption\":\"Esplac\"},\"image\":{\"@id\":\"https:\\\/\\\/www.esplac.cat\\\/#\\\/schema\\\/logo\\\/image\\\/\"}},{\"@type\":\"Person\",\"@id\":\"https:\\\/\\\/www.esplac.cat\\\/#\\\/schema\\\/person\\\/908383cf240be18b68f8855d0583faca\",\"name\":\"Comunicaci\u00f3 Esplac\",\"image\":{\"@type\":\"ImageObject\",\"inLanguage\":\"en-US\",\"@id\":\"https:\\\/\\\/secure.gravatar.com\\\/avatar\\\/7a4cf8feb412a76ea4a740ca02d95b06b2907b5a6c648c2dd0a1082a093c3141?s=96&d=mm&r=g\",\"url\":\"https:\\\/\\\/secure.gravatar.com\\\/avatar\\\/7a4cf8feb412a76ea4a740ca02d95b06b2907b5a6c648c2dd0a1082a093c3141?s=96&d=mm&r=g\",\"contentUrl\":\"https:\\\/\\\/secure.gravatar.com\\\/avatar\\\/7a4cf8feb412a76ea4a740ca02d95b06b2907b5a6c648c2dd0a1082a093c3141?s=96&d=mm&r=g\",\"caption\":\"Comunicaci\u00f3 Esplac\"}}]}<\/script>\n<!-- \/ Yoast SEO plugin. -->","yoast_head_json":{"title":"Bona Pr\u00e0ctica: experi\u00e8ncies d'educaci\u00f3 ambiental - Esplac","robots":{"index":"index","follow":"follow","max-snippet":"max-snippet:-1","max-image-preview":"max-image-preview:large","max-video-preview":"max-video-preview:-1"},"canonical":"https:\/\/www.esplac.cat\/en\/bona-practica-experiencies-educacio-ambiental\/","og_locale":"en_US","og_type":"article","og_title":"Bona Pr\u00e0ctica: experi\u00e8ncies d'educaci\u00f3 ambiental - Esplac","og_description":"L\u2019aproximaci\u00f3 de l\u2019esplai al seu entorn \u00e9s fonamental per aprendre [&hellip;]","og_url":"https:\/\/www.esplac.cat\/en\/bona-practica-experiencies-educacio-ambiental\/","og_site_name":"Esplac","article_published_time":"2015-03-04T15:32:54+00:00","article_modified_time":"2019-11-14T11:17:45+00:00","og_image":[{"width":1200,"height":630,"url":"https:\/\/www.esplac.cat\/wp-content\/uploads\/2019\/11\/logo-open.jpg","type":"image\/jpeg"}],"author":"Comunicaci\u00f3 Esplac","twitter_card":"summary_large_image","twitter_misc":{"Written by":"Comunicaci\u00f3 Esplac","Est. reading time":"2 minutes"},"schema":{"@context":"https:\/\/schema.org","@graph":[{"@type":"Article","@id":"https:\/\/www.esplac.cat\/en\/bona-practica-experiencies-educacio-ambiental\/#article","isPartOf":{"@id":"https:\/\/www.esplac.cat\/en\/bona-practica-experiencies-educacio-ambiental\/"},"author":{"name":"Comunicaci\u00f3 Esplac","@id":"https:\/\/www.esplac.cat\/#\/schema\/person\/908383cf240be18b68f8855d0583faca"},"headline":"Bona Pr\u00e0ctica: experi\u00e8ncies d&#8217;educaci\u00f3 ambiental","datePublished":"2015-03-04T15:32:54+00:00","dateModified":"2019-11-14T11:17:45+00:00","mainEntityOfPage":{"@id":"https:\/\/www.esplac.cat\/en\/bona-practica-experiencies-educacio-ambiental\/"},"wordCount":470,"commentCount":0,"publisher":{"@id":"https:\/\/www.esplac.cat\/#organization"},"keywords":["anella verda","banc de recursos","bones pr\u00e0ctiques","CCR","col\u00f2nies i rutes","comissi\u00f3 reduint petjada","educacio ambiental","esplai Vic-Remei","guia de campaments","medi ambient","reduint petjada"],"articleSection":["Bones pr\u00e0ctiques","Comissi\u00f3 Reduint Petjada"],"inLanguage":"en-US","potentialAction":[{"@type":"CommentAction","name":"Comment","target":["https:\/\/www.esplac.cat\/en\/bona-practica-experiencies-educacio-ambiental\/#respond"]}]},{"@type":"WebPage","@id":"https:\/\/www.esplac.cat\/en\/bona-practica-experiencies-educacio-ambiental\/","url":"https:\/\/www.esplac.cat\/en\/bona-practica-experiencies-educacio-ambiental\/","name":"Bona Pr\u00e0ctica: experi\u00e8ncies d'educaci\u00f3 ambiental - Esplac","isPartOf":{"@id":"https:\/\/www.esplac.cat\/#website"},"datePublished":"2015-03-04T15:32:54+00:00","dateModified":"2019-11-14T11:17:45+00:00","breadcrumb":{"@id":"https:\/\/www.esplac.cat\/en\/bona-practica-experiencies-educacio-ambiental\/#breadcrumb"},"inLanguage":"en-US","potentialAction":[{"@type":"ReadAction","target":["https:\/\/www.esplac.cat\/en\/bona-practica-experiencies-educacio-ambiental\/"]}]},{"@type":"BreadcrumbList","@id":"https:\/\/www.esplac.cat\/en\/bona-practica-experiencies-educacio-ambiental\/#breadcrumb","itemListElement":[{"@type":"ListItem","position":1,"name":"Inici","item":"https:\/\/www.esplac.cat\/en\/"},{"@type":"ListItem","position":2,"name":"Bona Pr\u00e0ctica: experi\u00e8ncies d&#8217;educaci\u00f3 ambiental"}]},{"@type":"WebSite","@id":"https:\/\/www.esplac.cat\/#website","url":"https:\/\/www.esplac.cat\/","name":"Esplac","description":"Esplais Catalans","publisher":{"@id":"https:\/\/www.esplac.cat\/#organization"},"potentialAction":[{"@type":"SearchAction","target":{"@type":"EntryPoint","urlTemplate":"https:\/\/www.esplac.cat\/?s={search_term_string}"},"query-input":{"@type":"PropertyValueSpecification","valueRequired":true,"valueName":"search_term_string"}}],"inLanguage":"en-US"},{"@type":"Organization","@id":"https:\/\/www.esplac.cat\/#organization","name":"Esplac","url":"https:\/\/www.esplac.cat\/","logo":{"@type":"ImageObject","inLanguage":"en-US","@id":"https:\/\/www.esplac.cat\/#\/schema\/logo\/image\/","url":"https:\/\/www.esplac.cat\/wp-content\/uploads\/2019\/08\/logox2.png","contentUrl":"https:\/\/www.esplac.cat\/wp-content\/uploads\/2019\/08\/logox2.png","width":600,"height":295,"caption":"Esplac"},"image":{"@id":"https:\/\/www.esplac.cat\/#\/schema\/logo\/image\/"}},{"@type":"Person","@id":"https:\/\/www.esplac.cat\/#\/schema\/person\/908383cf240be18b68f8855d0583faca","name":"Comunicaci\u00f3 Esplac","image":{"@type":"ImageObject","inLanguage":"en-US","@id":"https:\/\/secure.gravatar.com\/avatar\/7a4cf8feb412a76ea4a740ca02d95b06b2907b5a6c648c2dd0a1082a093c3141?s=96&d=mm&r=g","url":"https:\/\/secure.gravatar.com\/avatar\/7a4cf8feb412a76ea4a740ca02d95b06b2907b5a6c648c2dd0a1082a093c3141?s=96&d=mm&r=g","contentUrl":"https:\/\/secure.gravatar.com\/avatar\/7a4cf8feb412a76ea4a740ca02d95b06b2907b5a6c648c2dd0a1082a093c3141?s=96&d=mm&r=g","caption":"Comunicaci\u00f3 Esplac"}}]}},"_links":{"self":[{"href":"https:\/\/www.esplac.cat\/en\/wp-json\/wp\/v2\/posts\/25648","targetHints":{"allow":["GET"]}}],"collection":[{"href":"https:\/\/www.esplac.cat\/en\/wp-json\/wp\/v2\/posts"}],"about":[{"href":"https:\/\/www.esplac.cat\/en\/wp-json\/wp\/v2\/types\/post"}],"author":[{"embeddable":true,"href":"https:\/\/www.esplac.cat\/en\/wp-json\/wp\/v2\/users\/3"}],"replies":[{"embeddable":true,"href":"https:\/\/www.esplac.cat\/en\/wp-json\/wp\/v2\/comments?post=25648"}],"version-history":[{"count":0,"href":"https:\/\/www.esplac.cat\/en\/wp-json\/wp\/v2\/posts\/25648\/revisions"}],"wp:attachment":[{"href":"https:\/\/www.esplac.cat\/en\/wp-json\/wp\/v2\/media?parent=25648"}],"wp:term":[{"taxonomy":"category","embeddable":true,"href":"https:\/\/www.esplac.cat\/en\/wp-json\/wp\/v2\/categories?post=25648"},{"taxonomy":"post_tag","embeddable":true,"href":"https:\/\/www.esplac.cat\/en\/wp-json\/wp\/v2\/tags?post=25648"}],"curies":[{"name":"wp","href":"https:\/\/api.w.org\/{rel}","templated":true}]}}