{"id":25650,"date":"2015-02-27T12:58:57","date_gmt":"2015-02-27T10:58:57","guid":{"rendered":"http:\/\/esplac.cat\/?p=6332"},"modified":"2015-02-27T12:58:57","modified_gmt":"2015-02-27T10:58:57","slug":"per-una-societat-laica-una-escola-sense-dogmatismes","status":"publish","type":"post","link":"https:\/\/www.esplac.cat\/en\/per-una-societat-laica-una-escola-sense-dogmatismes\/","title":{"rendered":"Per una societat laica, una escola sense dogmatismes"},"content":{"rendered":"<p><!--:CA--><\/p>\n<p dir=\"ltr\">Arran de la publicaci\u00f3 del curr\u00edculum de l\u2019assignatura de Religi\u00f3 Cat\u00f2lica al BOE del 24 de febrer, Esplais Catalans creiem necessari emetre un posicionament per tal de reiterar el nostre comprom\u00eds amb una educaci\u00f3 laica, en la qual el fet religi\u00f3s es visqui a l\u2019esfera privada.<\/p>\n<p dir=\"ltr\">Entenem que la implantaci\u00f3 d\u2019aquest nou curr\u00edculum de l\u2019assignatura de religi\u00f3 ens allunya cada cop m\u00e9s de la societat laica que defensem, aquella on l\u2019esperit cr\u00edtic i el lliurepensament imperin en el sistema educatiu. Per contra, fomenta l\u2019adoctrinament entre infants i joves, fet que rebutgem en qualsevol de les seves formes ja que la transformaci\u00f3 social nom\u00e9s \u00e9s possible si no caiem en els dogmatismes a l\u2019hora d\u2019educar.<\/p>\n<p dir=\"ltr\">El nostre ideari i la nostra defensa p\u00fablica de la la\u00efcitat en tot el recorregut d\u2019Esplais Catalans ens obliguen, un cop m\u00e9s, a reclamar una educaci\u00f3 p\u00fablica on la religi\u00f3 i l\u2019Esgl\u00e9sia no hi siguin presents i on, sobretot, es fomenti el respecte a totes les maneres d\u2019entendre la vida. Entenem que les escoles i instituts han de ser un espai on aprendre valors de manera vivencial, a partir de l\u2019experi\u00e8ncia, com es fa als esplais.<\/p>\n<p dir=\"ltr\">\u00c9s per aix\u00f2 que Esplais Catalans reclamem:<\/p>\n<ul>\n<li dir=\"ltr\">\n<p dir=\"ltr\">Que el govern de l\u2019Estat retiri el curr\u00edculum de religi\u00f3 aprovat i publicat al BOE el 24 de febrer de 2015.<\/p>\n<\/li>\n<li dir=\"ltr\">\n<p dir=\"ltr\">Que el govern de la Generalitat es comprometi p\u00fablicament a no aplicar el present curr\u00edculum.<\/p>\n<\/li>\n<li dir=\"ltr\">\n<p dir=\"ltr\">Que totes les institucions de l\u2019Estat es comprometin amb un model d\u2019educaci\u00f3 i societat laiques.<\/p>\n<\/li>\n<li dir=\"ltr\">\n<p dir=\"ltr\">Que les institucions tinguin present que som un Estat aconfessional i que, com a tal, no s\u2019ha de potenciar, i menys encara obligar, la inculcaci\u00f3 d\u2019una religi\u00f3 a infants i joves per \u00a0damunt de la resta de creences, sin\u00f3 tot el contrari: s\u2019ha de fomentar el desenvolupament d\u2019un esperit cr\u00edtic basat en la llibertat personal.<\/p>\n<\/li>\n<li dir=\"ltr\">Que l\u2019Esgl\u00e9sia Cat\u00f2lica no sigui l\u2019encarregada de generar els continguts del curr\u00edculum de l\u2019escola p\u00fablica.<\/li>\n<\/ul>\n<p><!--:--><!--:es-->&nbsp;<\/p>\n<p><!--:--><!--:en-->&nbsp;<\/p>\n<p><!--:--><!--:fr-->&nbsp;<\/p>\n<p><!--:--><\/p>\n","protected":false},"excerpt":{"rendered":"<p>Arran de la publicaci\u00f3 del curr\u00edculum de l\u2019assignatura de Religi\u00f3 [&hellip;]<\/p>\n","protected":false},"author":3,"featured_media":0,"comment_status":"open","ping_status":"open","sticky":false,"template":"","format":"standard","meta":{"om_disable_all_campaigns":false,"_monsterinsights_skip_tracking":false,"_monsterinsights_sitenote_active":false,"_monsterinsights_sitenote_note":"","_monsterinsights_sitenote_category":0,"_uf_show_specific_survey":0,"_uf_disable_surveys":false,"footnotes":""},"categories":[1127],"tags":[92,371,453,373,326],"class_list":["post-25650","post","type-post","status-publish","format-standard","hentry","category-comunicats-posicionaments","tag-educacio","tag-educacio-participativa","tag-esglesia-catolica","tag-laicitat","tag-posicionament"],"yoast_head":"<!-- This site is optimized with the Yoast SEO plugin v27.4 - https:\/\/yoast.com\/product\/yoast-seo-wordpress\/ -->\n<title>Per una societat laica, una escola sense dogmatismes - Esplac<\/title>\n<meta name=\"robots\" content=\"index, follow, max-snippet:-1, max-image-preview:large, max-video-preview:-1\" \/>\n<link rel=\"canonical\" href=\"https:\/\/www.esplac.cat\/per-una-societat-laica-una-escola-sense-dogmatismes\/\" \/>\n<meta property=\"og:locale\" content=\"en_US\" \/>\n<meta property=\"og:type\" content=\"article\" \/>\n<meta property=\"og:title\" content=\"Per una societat laica, una escola sense dogmatismes - Esplac\" \/>\n<meta property=\"og:description\" content=\"Arran de la publicaci\u00f3 del curr\u00edculum de l\u2019assignatura de Religi\u00f3 [&hellip;]\" \/>\n<meta property=\"og:url\" content=\"https:\/\/www.esplac.cat\/per-una-societat-laica-una-escola-sense-dogmatismes\/\" \/>\n<meta property=\"og:site_name\" content=\"Esplac\" \/>\n<meta property=\"article:published_time\" content=\"2015-02-27T10:58:57+00:00\" \/>\n<meta property=\"og:image\" content=\"https:\/\/www.esplac.cat\/wp-content\/uploads\/2019\/11\/logo-open.jpg\" \/>\n\t<meta property=\"og:image:width\" content=\"1200\" \/>\n\t<meta property=\"og:image:height\" content=\"630\" \/>\n\t<meta property=\"og:image:type\" content=\"image\/jpeg\" \/>\n<meta name=\"author\" content=\"Comunicaci\u00f3 Esplac\" \/>\n<meta name=\"twitter:card\" content=\"summary_large_image\" \/>\n<meta name=\"twitter:label1\" content=\"Written by\" \/>\n\t<meta name=\"twitter:data1\" content=\"Comunicaci\u00f3 Esplac\" \/>\n\t<meta name=\"twitter:label2\" content=\"Est. reading time\" \/>\n\t<meta name=\"twitter:data2\" content=\"2 minutes\" \/>\n<script type=\"application\/ld+json\" class=\"yoast-schema-graph\">{\"@context\":\"https:\\\/\\\/schema.org\",\"@graph\":[{\"@type\":\"Article\",\"@id\":\"https:\\\/\\\/www.esplac.cat\\\/per-una-societat-laica-una-escola-sense-dogmatismes\\\/#article\",\"isPartOf\":{\"@id\":\"https:\\\/\\\/www.esplac.cat\\\/per-una-societat-laica-una-escola-sense-dogmatismes\\\/\"},\"author\":{\"name\":\"Comunicaci\u00f3 Esplac\",\"@id\":\"https:\\\/\\\/www.esplac.cat\\\/#\\\/schema\\\/person\\\/908383cf240be18b68f8855d0583faca\"},\"headline\":\"Per una societat laica, una escola sense dogmatismes\",\"datePublished\":\"2015-02-27T10:58:57+00:00\",\"mainEntityOfPage\":{\"@id\":\"https:\\\/\\\/www.esplac.cat\\\/per-una-societat-laica-una-escola-sense-dogmatismes\\\/\"},\"wordCount\":370,\"commentCount\":0,\"publisher\":{\"@id\":\"https:\\\/\\\/www.esplac.cat\\\/#organization\"},\"keywords\":[\"educaci\u00f3\",\"educaci\u00f3 participativa\",\"esgl\u00e9sia cat\u00f2lica\",\"la\u00efcitat\",\"posicionament\"],\"articleSection\":[\"Comunicats i posicionaments\"],\"inLanguage\":\"en-US\",\"potentialAction\":[{\"@type\":\"CommentAction\",\"name\":\"Comment\",\"target\":[\"https:\\\/\\\/www.esplac.cat\\\/per-una-societat-laica-una-escola-sense-dogmatismes\\\/#respond\"]}]},{\"@type\":\"WebPage\",\"@id\":\"https:\\\/\\\/www.esplac.cat\\\/per-una-societat-laica-una-escola-sense-dogmatismes\\\/\",\"url\":\"https:\\\/\\\/www.esplac.cat\\\/per-una-societat-laica-una-escola-sense-dogmatismes\\\/\",\"name\":\"Per una societat laica, una escola sense dogmatismes - Esplac\",\"isPartOf\":{\"@id\":\"https:\\\/\\\/www.esplac.cat\\\/#website\"},\"datePublished\":\"2015-02-27T10:58:57+00:00\",\"breadcrumb\":{\"@id\":\"https:\\\/\\\/www.esplac.cat\\\/per-una-societat-laica-una-escola-sense-dogmatismes\\\/#breadcrumb\"},\"inLanguage\":\"en-US\",\"potentialAction\":[{\"@type\":\"ReadAction\",\"target\":[\"https:\\\/\\\/www.esplac.cat\\\/per-una-societat-laica-una-escola-sense-dogmatismes\\\/\"]}]},{\"@type\":\"BreadcrumbList\",\"@id\":\"https:\\\/\\\/www.esplac.cat\\\/per-una-societat-laica-una-escola-sense-dogmatismes\\\/#breadcrumb\",\"itemListElement\":[{\"@type\":\"ListItem\",\"position\":1,\"name\":\"Inici\",\"item\":\"https:\\\/\\\/www.esplac.cat\\\/en\\\/\"},{\"@type\":\"ListItem\",\"position\":2,\"name\":\"Per una societat laica, una escola sense dogmatismes\"}]},{\"@type\":\"WebSite\",\"@id\":\"https:\\\/\\\/www.esplac.cat\\\/#website\",\"url\":\"https:\\\/\\\/www.esplac.cat\\\/\",\"name\":\"Esplac\",\"description\":\"Esplais Catalans\",\"publisher\":{\"@id\":\"https:\\\/\\\/www.esplac.cat\\\/#organization\"},\"potentialAction\":[{\"@type\":\"SearchAction\",\"target\":{\"@type\":\"EntryPoint\",\"urlTemplate\":\"https:\\\/\\\/www.esplac.cat\\\/?s={search_term_string}\"},\"query-input\":{\"@type\":\"PropertyValueSpecification\",\"valueRequired\":true,\"valueName\":\"search_term_string\"}}],\"inLanguage\":\"en-US\"},{\"@type\":\"Organization\",\"@id\":\"https:\\\/\\\/www.esplac.cat\\\/#organization\",\"name\":\"Esplac\",\"url\":\"https:\\\/\\\/www.esplac.cat\\\/\",\"logo\":{\"@type\":\"ImageObject\",\"inLanguage\":\"en-US\",\"@id\":\"https:\\\/\\\/www.esplac.cat\\\/#\\\/schema\\\/logo\\\/image\\\/\",\"url\":\"https:\\\/\\\/www.esplac.cat\\\/wp-content\\\/uploads\\\/2019\\\/08\\\/logox2.png\",\"contentUrl\":\"https:\\\/\\\/www.esplac.cat\\\/wp-content\\\/uploads\\\/2019\\\/08\\\/logox2.png\",\"width\":600,\"height\":295,\"caption\":\"Esplac\"},\"image\":{\"@id\":\"https:\\\/\\\/www.esplac.cat\\\/#\\\/schema\\\/logo\\\/image\\\/\"}},{\"@type\":\"Person\",\"@id\":\"https:\\\/\\\/www.esplac.cat\\\/#\\\/schema\\\/person\\\/908383cf240be18b68f8855d0583faca\",\"name\":\"Comunicaci\u00f3 Esplac\",\"image\":{\"@type\":\"ImageObject\",\"inLanguage\":\"en-US\",\"@id\":\"https:\\\/\\\/secure.gravatar.com\\\/avatar\\\/7a4cf8feb412a76ea4a740ca02d95b06b2907b5a6c648c2dd0a1082a093c3141?s=96&d=mm&r=g\",\"url\":\"https:\\\/\\\/secure.gravatar.com\\\/avatar\\\/7a4cf8feb412a76ea4a740ca02d95b06b2907b5a6c648c2dd0a1082a093c3141?s=96&d=mm&r=g\",\"contentUrl\":\"https:\\\/\\\/secure.gravatar.com\\\/avatar\\\/7a4cf8feb412a76ea4a740ca02d95b06b2907b5a6c648c2dd0a1082a093c3141?s=96&d=mm&r=g\",\"caption\":\"Comunicaci\u00f3 Esplac\"}}]}<\/script>\n<!-- \/ Yoast SEO plugin. -->","yoast_head_json":{"title":"Per una societat laica, una escola sense dogmatismes - Esplac","robots":{"index":"index","follow":"follow","max-snippet":"max-snippet:-1","max-image-preview":"max-image-preview:large","max-video-preview":"max-video-preview:-1"},"canonical":"https:\/\/www.esplac.cat\/per-una-societat-laica-una-escola-sense-dogmatismes\/","og_locale":"en_US","og_type":"article","og_title":"Per una societat laica, una escola sense dogmatismes - Esplac","og_description":"Arran de la publicaci\u00f3 del curr\u00edculum de l\u2019assignatura de Religi\u00f3 [&hellip;]","og_url":"https:\/\/www.esplac.cat\/per-una-societat-laica-una-escola-sense-dogmatismes\/","og_site_name":"Esplac","article_published_time":"2015-02-27T10:58:57+00:00","og_image":[{"width":1200,"height":630,"url":"https:\/\/www.esplac.cat\/wp-content\/uploads\/2019\/11\/logo-open.jpg","type":"image\/jpeg"}],"author":"Comunicaci\u00f3 Esplac","twitter_card":"summary_large_image","twitter_misc":{"Written by":"Comunicaci\u00f3 Esplac","Est. reading time":"2 minutes"},"schema":{"@context":"https:\/\/schema.org","@graph":[{"@type":"Article","@id":"https:\/\/www.esplac.cat\/per-una-societat-laica-una-escola-sense-dogmatismes\/#article","isPartOf":{"@id":"https:\/\/www.esplac.cat\/per-una-societat-laica-una-escola-sense-dogmatismes\/"},"author":{"name":"Comunicaci\u00f3 Esplac","@id":"https:\/\/www.esplac.cat\/#\/schema\/person\/908383cf240be18b68f8855d0583faca"},"headline":"Per una societat laica, una escola sense dogmatismes","datePublished":"2015-02-27T10:58:57+00:00","mainEntityOfPage":{"@id":"https:\/\/www.esplac.cat\/per-una-societat-laica-una-escola-sense-dogmatismes\/"},"wordCount":370,"commentCount":0,"publisher":{"@id":"https:\/\/www.esplac.cat\/#organization"},"keywords":["educaci\u00f3","educaci\u00f3 participativa","esgl\u00e9sia cat\u00f2lica","la\u00efcitat","posicionament"],"articleSection":["Comunicats i posicionaments"],"inLanguage":"en-US","potentialAction":[{"@type":"CommentAction","name":"Comment","target":["https:\/\/www.esplac.cat\/per-una-societat-laica-una-escola-sense-dogmatismes\/#respond"]}]},{"@type":"WebPage","@id":"https:\/\/www.esplac.cat\/per-una-societat-laica-una-escola-sense-dogmatismes\/","url":"https:\/\/www.esplac.cat\/per-una-societat-laica-una-escola-sense-dogmatismes\/","name":"Per una societat laica, una escola sense dogmatismes - Esplac","isPartOf":{"@id":"https:\/\/www.esplac.cat\/#website"},"datePublished":"2015-02-27T10:58:57+00:00","breadcrumb":{"@id":"https:\/\/www.esplac.cat\/per-una-societat-laica-una-escola-sense-dogmatismes\/#breadcrumb"},"inLanguage":"en-US","potentialAction":[{"@type":"ReadAction","target":["https:\/\/www.esplac.cat\/per-una-societat-laica-una-escola-sense-dogmatismes\/"]}]},{"@type":"BreadcrumbList","@id":"https:\/\/www.esplac.cat\/per-una-societat-laica-una-escola-sense-dogmatismes\/#breadcrumb","itemListElement":[{"@type":"ListItem","position":1,"name":"Inici","item":"https:\/\/www.esplac.cat\/en\/"},{"@type":"ListItem","position":2,"name":"Per una societat laica, una escola sense dogmatismes"}]},{"@type":"WebSite","@id":"https:\/\/www.esplac.cat\/#website","url":"https:\/\/www.esplac.cat\/","name":"Esplac","description":"Esplais Catalans","publisher":{"@id":"https:\/\/www.esplac.cat\/#organization"},"potentialAction":[{"@type":"SearchAction","target":{"@type":"EntryPoint","urlTemplate":"https:\/\/www.esplac.cat\/?s={search_term_string}"},"query-input":{"@type":"PropertyValueSpecification","valueRequired":true,"valueName":"search_term_string"}}],"inLanguage":"en-US"},{"@type":"Organization","@id":"https:\/\/www.esplac.cat\/#organization","name":"Esplac","url":"https:\/\/www.esplac.cat\/","logo":{"@type":"ImageObject","inLanguage":"en-US","@id":"https:\/\/www.esplac.cat\/#\/schema\/logo\/image\/","url":"https:\/\/www.esplac.cat\/wp-content\/uploads\/2019\/08\/logox2.png","contentUrl":"https:\/\/www.esplac.cat\/wp-content\/uploads\/2019\/08\/logox2.png","width":600,"height":295,"caption":"Esplac"},"image":{"@id":"https:\/\/www.esplac.cat\/#\/schema\/logo\/image\/"}},{"@type":"Person","@id":"https:\/\/www.esplac.cat\/#\/schema\/person\/908383cf240be18b68f8855d0583faca","name":"Comunicaci\u00f3 Esplac","image":{"@type":"ImageObject","inLanguage":"en-US","@id":"https:\/\/secure.gravatar.com\/avatar\/7a4cf8feb412a76ea4a740ca02d95b06b2907b5a6c648c2dd0a1082a093c3141?s=96&d=mm&r=g","url":"https:\/\/secure.gravatar.com\/avatar\/7a4cf8feb412a76ea4a740ca02d95b06b2907b5a6c648c2dd0a1082a093c3141?s=96&d=mm&r=g","contentUrl":"https:\/\/secure.gravatar.com\/avatar\/7a4cf8feb412a76ea4a740ca02d95b06b2907b5a6c648c2dd0a1082a093c3141?s=96&d=mm&r=g","caption":"Comunicaci\u00f3 Esplac"}}]}},"_links":{"self":[{"href":"https:\/\/www.esplac.cat\/en\/wp-json\/wp\/v2\/posts\/25650","targetHints":{"allow":["GET"]}}],"collection":[{"href":"https:\/\/www.esplac.cat\/en\/wp-json\/wp\/v2\/posts"}],"about":[{"href":"https:\/\/www.esplac.cat\/en\/wp-json\/wp\/v2\/types\/post"}],"author":[{"embeddable":true,"href":"https:\/\/www.esplac.cat\/en\/wp-json\/wp\/v2\/users\/3"}],"replies":[{"embeddable":true,"href":"https:\/\/www.esplac.cat\/en\/wp-json\/wp\/v2\/comments?post=25650"}],"version-history":[{"count":0,"href":"https:\/\/www.esplac.cat\/en\/wp-json\/wp\/v2\/posts\/25650\/revisions"}],"wp:attachment":[{"href":"https:\/\/www.esplac.cat\/en\/wp-json\/wp\/v2\/media?parent=25650"}],"wp:term":[{"taxonomy":"category","embeddable":true,"href":"https:\/\/www.esplac.cat\/en\/wp-json\/wp\/v2\/categories?post=25650"},{"taxonomy":"post_tag","embeddable":true,"href":"https:\/\/www.esplac.cat\/en\/wp-json\/wp\/v2\/tags?post=25650"}],"curies":[{"name":"wp","href":"https:\/\/api.w.org\/{rel}","templated":true}]}}