{"id":25656,"date":"2015-02-17T15:56:32","date_gmt":"2015-02-17T13:56:32","guid":{"rendered":"http:\/\/esplac.cat\/?p=6233"},"modified":"2015-02-17T15:56:32","modified_gmt":"2015-02-17T13:56:32","slug":"bona-practica-participacio-infantil-esplai","status":"publish","type":"post","link":"https:\/\/www.esplac.cat\/en\/bona-practica-participacio-infantil-esplai\/","title":{"rendered":"Bona pr\u00e0ctica: la participaci\u00f3 infantil a l\u2019esplai"},"content":{"rendered":"<p><!--:CA-->Hem iniciat el curs<strong> recollint idees de com els infants, els joves i els monitors volem que sigui l&#8217;Esplaiada\u00a0per a fer-la un espai real de participaci\u00f3<\/strong>; nom\u00e9s cal fer un cop d\u2019ull a les diferents pr\u00e0ctiques que fan els esplais per agafar idees per a treballar-ho!<\/p>\n<p>El dia a dia dels esplais es poden observar un munt de bones pr\u00e0ctiques participatives: des de l\u2019inici de curs, recollint idees i expectatives; dissabte a dissabte, consensuant les normes que cal seguir i resolent els conflictes que sorgeixen; fins al final de curs, fent valoracions i propostes de millora.<\/p>\n<p>Les <strong>col\u00f2nies<\/strong> s\u00f3n un bon espai per posar en joc la participaci\u00f3. A l&#8217;esplai <strong><a title=\"Peti ki peti\" href=\"http:\/\/petikipeti.blogspot.com.es\/\" target=\"_blank\" rel=\"noopener noreferrer\">Peti Ki Peti<\/a><\/strong>\u00a0(La Palma de Cervell\u00f3) els infants de cada grup ja estan plantejant quins s\u00f3n els objectius que volen assolir. Tamb\u00e9 es decideixen a molts esplais les activitats d\u2019estiu per consolidar tots els aprenentatges que s\u2019han anat adquirint al llarg del curs, des del disseny del men\u00fa de la travessa, com fan els joves del <strong><a title=\"Esplai Geps\" href=\"https:\/\/esplaigepssantpedor.wordpress.com\/\" target=\"_blank\" rel=\"noopener noreferrer\">Geps<\/a><\/strong>\u00a0(Santpedor), fins l\u2019organitzaci\u00f3 de la ruta amb els suport dels monitors com fan els joves de l&#8217;esplai <strong><a title=\"Xiruques del Roc de la Mel\" href=\"https:\/\/www.facebook.com\/xiruques.delrocdelamel\" target=\"_blank\" rel=\"noopener noreferrer\">Xiruques<\/a><\/strong> (Casserres).<\/p>\n<p>Les fam\u00edlies s\u00f3n un agent important que podem implicar a l\u2019hora de treballar la participaci\u00f3 infantil. Al <strong><a title=\"Esplai Guspira\" href=\"https:\/\/www.facebook.com\/esplai.guspira\" target=\"_blank\" rel=\"noopener noreferrer\">Guspira<\/a>\u00a0<\/strong>(Martorell), el carnaval \u00e9s un projecte que es fa conjuntament amb les fam\u00edlies buscant diferents espais on infants, monitors i fam\u00edlies puguin participar.<\/p>\n<p>A vegades, la participaci\u00f3 va m\u00e9s enll\u00e0 de l\u2019esplai i arriba a la ciutat. L&#8217;esplai\u00a0<strong><a title=\"Esplai Piolet\" href=\"https:\/\/www.facebook.com\/elpiolet\/info?tab=page_info\" target=\"_blank\" rel=\"noopener noreferrer\">Piolet<\/a>\u00a0<\/strong>(Barber\u00e0 del Vall\u00e8s) ha promocionat la creaci\u00f3 d&#8217;un consell dels infants a nivell local on els infants debaten i decideixen sobre com volen que sigui la seva ciutat.<\/p>\n<p><strong>Com ho treballem?<\/strong><\/p>\n<p><strong>La participaci\u00f3 \u00e9s una habilitat que cal anar aprenent pas a pas, creant espais propers als infants i joves on puguin dir la seva sobre els temes que m\u00e9s els preocupen i interessen<\/strong>, tot treballant les habilitats que cal desenvolupar per poder participar (com l\u2019empatia, la identitat o la capacitat de raonar).<\/p>\n<p>Com a monitors i monitores, cal que no creem expectatives sobre all\u00f2 que pugui sorgir d\u2019un proc\u00e9s participatiu, deixant espai a que passin coses que no esperem i, sobretot, tirar endavant qualsevol de les propostes que es consensu\u00efn (per petites que semblin) per a que els infants i joves posin en valor la participaci\u00f3 i tot all\u00f2 que poden arribar a fer per ells mateixos.<\/p>\n<p>Al <a title=\"Banc de Recursos\" href=\"http:\/\/esplac.cat\/banc-recursos\/\" target=\"_blank\" rel=\"noopener noreferrer\"><strong>Banc de Recursos<\/strong><\/a> trobareu diferents eines per treballar la participaci\u00f3 a l\u2019esplai i aprendre\u2019n m\u00e9s, demanant formacions al sector, c\u00e0psules formatives i assessoraments posant-vos en contacte amb les coordinadores de projectes i Equips Generals del Sector.<!--:--><!--:es-->&nbsp;<\/p>\n<p><!--:--><!--:en-->&nbsp;<\/p>\n<p><!--:--><!--:fr-->&nbsp;<\/p>\n<p><!--:--><\/p>\n","protected":false},"excerpt":{"rendered":"<p>Hem iniciat el curs recollint idees de com els infants, [&hellip;]<\/p>\n","protected":false},"author":3,"featured_media":25604,"comment_status":"open","ping_status":"open","sticky":false,"template":"","format":"standard","meta":{"om_disable_all_campaigns":false,"_monsterinsights_skip_tracking":false,"_monsterinsights_sitenote_active":false,"_monsterinsights_sitenote_note":"","_monsterinsights_sitenote_category":0,"_uf_show_specific_survey":0,"_uf_disable_surveys":false,"footnotes":""},"categories":[1121],"tags":[67,299,377],"class_list":["post-25656","post","type-post","status-publish","format-standard","has-post-thumbnail","hentry","category-bones-practiques-2","tag-bones-practiques","tag-esplaiada","tag-participacio-infantil"],"yoast_head":"<!-- This site is optimized with the Yoast SEO plugin v27.4 - https:\/\/yoast.com\/product\/yoast-seo-wordpress\/ -->\n<title>Bona pr\u00e0ctica: la participaci\u00f3 infantil a l\u2019esplai - Esplac<\/title>\n<meta name=\"robots\" content=\"index, follow, max-snippet:-1, max-image-preview:large, max-video-preview:-1\" \/>\n<link rel=\"canonical\" href=\"https:\/\/www.esplac.cat\/bona-practica-participacio-infantil-esplai\/\" \/>\n<meta property=\"og:locale\" content=\"en_US\" \/>\n<meta property=\"og:type\" content=\"article\" \/>\n<meta property=\"og:title\" content=\"Bona pr\u00e0ctica: la participaci\u00f3 infantil a l\u2019esplai - Esplac\" \/>\n<meta property=\"og:description\" content=\"Hem iniciat el curs recollint idees de com els infants, [&hellip;]\" \/>\n<meta property=\"og:url\" content=\"https:\/\/www.esplac.cat\/bona-practica-participacio-infantil-esplai\/\" \/>\n<meta property=\"og:site_name\" content=\"Esplac\" \/>\n<meta property=\"article:published_time\" content=\"2015-02-17T13:56:32+00:00\" \/>\n<meta property=\"og:image\" content=\"https:\/\/www.esplac.cat\/wp-content\/uploads\/2013\/02\/DSC08123-1024x575.jpg\" \/>\n\t<meta property=\"og:image:width\" content=\"1024\" \/>\n\t<meta property=\"og:image:height\" content=\"575\" \/>\n\t<meta property=\"og:image:type\" content=\"image\/jpeg\" \/>\n<meta name=\"author\" content=\"Comunicaci\u00f3 Esplac\" \/>\n<meta name=\"twitter:card\" content=\"summary_large_image\" \/>\n<meta name=\"twitter:label1\" content=\"Written by\" \/>\n\t<meta name=\"twitter:data1\" content=\"Comunicaci\u00f3 Esplac\" \/>\n\t<meta name=\"twitter:label2\" content=\"Est. reading time\" \/>\n\t<meta name=\"twitter:data2\" content=\"2 minutes\" \/>\n<script type=\"application\/ld+json\" class=\"yoast-schema-graph\">{\"@context\":\"https:\\\/\\\/schema.org\",\"@graph\":[{\"@type\":\"Article\",\"@id\":\"https:\\\/\\\/www.esplac.cat\\\/bona-practica-participacio-infantil-esplai\\\/#article\",\"isPartOf\":{\"@id\":\"https:\\\/\\\/www.esplac.cat\\\/bona-practica-participacio-infantil-esplai\\\/\"},\"author\":{\"name\":\"Comunicaci\u00f3 Esplac\",\"@id\":\"https:\\\/\\\/www.esplac.cat\\\/#\\\/schema\\\/person\\\/908383cf240be18b68f8855d0583faca\"},\"headline\":\"Bona pr\u00e0ctica: la participaci\u00f3 infantil a l\u2019esplai\",\"datePublished\":\"2015-02-17T13:56:32+00:00\",\"mainEntityOfPage\":{\"@id\":\"https:\\\/\\\/www.esplac.cat\\\/bona-practica-participacio-infantil-esplai\\\/\"},\"wordCount\":475,\"commentCount\":0,\"publisher\":{\"@id\":\"https:\\\/\\\/www.esplac.cat\\\/#organization\"},\"image\":{\"@id\":\"https:\\\/\\\/www.esplac.cat\\\/bona-practica-participacio-infantil-esplai\\\/#primaryimage\"},\"thumbnailUrl\":\"https:\\\/\\\/www.esplac.cat\\\/wp-content\\\/uploads\\\/2013\\\/02\\\/DSC08123.jpg\",\"keywords\":[\"bones pr\u00e0ctiques\",\"esplaiada\",\"participaci\u00f3 infantil\"],\"articleSection\":[\"Bones pr\u00e0ctiques\"],\"inLanguage\":\"en-US\",\"potentialAction\":[{\"@type\":\"CommentAction\",\"name\":\"Comment\",\"target\":[\"https:\\\/\\\/www.esplac.cat\\\/bona-practica-participacio-infantil-esplai\\\/#respond\"]}]},{\"@type\":\"WebPage\",\"@id\":\"https:\\\/\\\/www.esplac.cat\\\/bona-practica-participacio-infantil-esplai\\\/\",\"url\":\"https:\\\/\\\/www.esplac.cat\\\/bona-practica-participacio-infantil-esplai\\\/\",\"name\":\"Bona pr\u00e0ctica: la participaci\u00f3 infantil a l\u2019esplai - Esplac\",\"isPartOf\":{\"@id\":\"https:\\\/\\\/www.esplac.cat\\\/#website\"},\"primaryImageOfPage\":{\"@id\":\"https:\\\/\\\/www.esplac.cat\\\/bona-practica-participacio-infantil-esplai\\\/#primaryimage\"},\"image\":{\"@id\":\"https:\\\/\\\/www.esplac.cat\\\/bona-practica-participacio-infantil-esplai\\\/#primaryimage\"},\"thumbnailUrl\":\"https:\\\/\\\/www.esplac.cat\\\/wp-content\\\/uploads\\\/2013\\\/02\\\/DSC08123.jpg\",\"datePublished\":\"2015-02-17T13:56:32+00:00\",\"breadcrumb\":{\"@id\":\"https:\\\/\\\/www.esplac.cat\\\/bona-practica-participacio-infantil-esplai\\\/#breadcrumb\"},\"inLanguage\":\"en-US\",\"potentialAction\":[{\"@type\":\"ReadAction\",\"target\":[\"https:\\\/\\\/www.esplac.cat\\\/bona-practica-participacio-infantil-esplai\\\/\"]}]},{\"@type\":\"ImageObject\",\"inLanguage\":\"en-US\",\"@id\":\"https:\\\/\\\/www.esplac.cat\\\/bona-practica-participacio-infantil-esplai\\\/#primaryimage\",\"url\":\"https:\\\/\\\/www.esplac.cat\\\/wp-content\\\/uploads\\\/2013\\\/02\\\/DSC08123.jpg\",\"contentUrl\":\"https:\\\/\\\/www.esplac.cat\\\/wp-content\\\/uploads\\\/2013\\\/02\\\/DSC08123.jpg\",\"width\":3872,\"height\":2176},{\"@type\":\"BreadcrumbList\",\"@id\":\"https:\\\/\\\/www.esplac.cat\\\/bona-practica-participacio-infantil-esplai\\\/#breadcrumb\",\"itemListElement\":[{\"@type\":\"ListItem\",\"position\":1,\"name\":\"Inici\",\"item\":\"https:\\\/\\\/www.esplac.cat\\\/en\\\/\"},{\"@type\":\"ListItem\",\"position\":2,\"name\":\"Bona pr\u00e0ctica: la participaci\u00f3 infantil a l\u2019esplai\"}]},{\"@type\":\"WebSite\",\"@id\":\"https:\\\/\\\/www.esplac.cat\\\/#website\",\"url\":\"https:\\\/\\\/www.esplac.cat\\\/\",\"name\":\"Esplac\",\"description\":\"Esplais Catalans\",\"publisher\":{\"@id\":\"https:\\\/\\\/www.esplac.cat\\\/#organization\"},\"potentialAction\":[{\"@type\":\"SearchAction\",\"target\":{\"@type\":\"EntryPoint\",\"urlTemplate\":\"https:\\\/\\\/www.esplac.cat\\\/?s={search_term_string}\"},\"query-input\":{\"@type\":\"PropertyValueSpecification\",\"valueRequired\":true,\"valueName\":\"search_term_string\"}}],\"inLanguage\":\"en-US\"},{\"@type\":\"Organization\",\"@id\":\"https:\\\/\\\/www.esplac.cat\\\/#organization\",\"name\":\"Esplac\",\"url\":\"https:\\\/\\\/www.esplac.cat\\\/\",\"logo\":{\"@type\":\"ImageObject\",\"inLanguage\":\"en-US\",\"@id\":\"https:\\\/\\\/www.esplac.cat\\\/#\\\/schema\\\/logo\\\/image\\\/\",\"url\":\"https:\\\/\\\/www.esplac.cat\\\/wp-content\\\/uploads\\\/2019\\\/08\\\/logox2.png\",\"contentUrl\":\"https:\\\/\\\/www.esplac.cat\\\/wp-content\\\/uploads\\\/2019\\\/08\\\/logox2.png\",\"width\":600,\"height\":295,\"caption\":\"Esplac\"},\"image\":{\"@id\":\"https:\\\/\\\/www.esplac.cat\\\/#\\\/schema\\\/logo\\\/image\\\/\"}},{\"@type\":\"Person\",\"@id\":\"https:\\\/\\\/www.esplac.cat\\\/#\\\/schema\\\/person\\\/908383cf240be18b68f8855d0583faca\",\"name\":\"Comunicaci\u00f3 Esplac\",\"image\":{\"@type\":\"ImageObject\",\"inLanguage\":\"en-US\",\"@id\":\"https:\\\/\\\/secure.gravatar.com\\\/avatar\\\/7a4cf8feb412a76ea4a740ca02d95b06b2907b5a6c648c2dd0a1082a093c3141?s=96&d=mm&r=g\",\"url\":\"https:\\\/\\\/secure.gravatar.com\\\/avatar\\\/7a4cf8feb412a76ea4a740ca02d95b06b2907b5a6c648c2dd0a1082a093c3141?s=96&d=mm&r=g\",\"contentUrl\":\"https:\\\/\\\/secure.gravatar.com\\\/avatar\\\/7a4cf8feb412a76ea4a740ca02d95b06b2907b5a6c648c2dd0a1082a093c3141?s=96&d=mm&r=g\",\"caption\":\"Comunicaci\u00f3 Esplac\"}}]}<\/script>\n<!-- \/ Yoast SEO plugin. -->","yoast_head_json":{"title":"Bona pr\u00e0ctica: la participaci\u00f3 infantil a l\u2019esplai - Esplac","robots":{"index":"index","follow":"follow","max-snippet":"max-snippet:-1","max-image-preview":"max-image-preview:large","max-video-preview":"max-video-preview:-1"},"canonical":"https:\/\/www.esplac.cat\/bona-practica-participacio-infantil-esplai\/","og_locale":"en_US","og_type":"article","og_title":"Bona pr\u00e0ctica: la participaci\u00f3 infantil a l\u2019esplai - Esplac","og_description":"Hem iniciat el curs recollint idees de com els infants, [&hellip;]","og_url":"https:\/\/www.esplac.cat\/bona-practica-participacio-infantil-esplai\/","og_site_name":"Esplac","article_published_time":"2015-02-17T13:56:32+00:00","og_image":[{"width":1024,"height":575,"url":"https:\/\/www.esplac.cat\/wp-content\/uploads\/2013\/02\/DSC08123-1024x575.jpg","type":"image\/jpeg"}],"author":"Comunicaci\u00f3 Esplac","twitter_card":"summary_large_image","twitter_misc":{"Written by":"Comunicaci\u00f3 Esplac","Est. reading time":"2 minutes"},"schema":{"@context":"https:\/\/schema.org","@graph":[{"@type":"Article","@id":"https:\/\/www.esplac.cat\/bona-practica-participacio-infantil-esplai\/#article","isPartOf":{"@id":"https:\/\/www.esplac.cat\/bona-practica-participacio-infantil-esplai\/"},"author":{"name":"Comunicaci\u00f3 Esplac","@id":"https:\/\/www.esplac.cat\/#\/schema\/person\/908383cf240be18b68f8855d0583faca"},"headline":"Bona pr\u00e0ctica: la participaci\u00f3 infantil a l\u2019esplai","datePublished":"2015-02-17T13:56:32+00:00","mainEntityOfPage":{"@id":"https:\/\/www.esplac.cat\/bona-practica-participacio-infantil-esplai\/"},"wordCount":475,"commentCount":0,"publisher":{"@id":"https:\/\/www.esplac.cat\/#organization"},"image":{"@id":"https:\/\/www.esplac.cat\/bona-practica-participacio-infantil-esplai\/#primaryimage"},"thumbnailUrl":"https:\/\/www.esplac.cat\/wp-content\/uploads\/2013\/02\/DSC08123.jpg","keywords":["bones pr\u00e0ctiques","esplaiada","participaci\u00f3 infantil"],"articleSection":["Bones pr\u00e0ctiques"],"inLanguage":"en-US","potentialAction":[{"@type":"CommentAction","name":"Comment","target":["https:\/\/www.esplac.cat\/bona-practica-participacio-infantil-esplai\/#respond"]}]},{"@type":"WebPage","@id":"https:\/\/www.esplac.cat\/bona-practica-participacio-infantil-esplai\/","url":"https:\/\/www.esplac.cat\/bona-practica-participacio-infantil-esplai\/","name":"Bona pr\u00e0ctica: la participaci\u00f3 infantil a l\u2019esplai - Esplac","isPartOf":{"@id":"https:\/\/www.esplac.cat\/#website"},"primaryImageOfPage":{"@id":"https:\/\/www.esplac.cat\/bona-practica-participacio-infantil-esplai\/#primaryimage"},"image":{"@id":"https:\/\/www.esplac.cat\/bona-practica-participacio-infantil-esplai\/#primaryimage"},"thumbnailUrl":"https:\/\/www.esplac.cat\/wp-content\/uploads\/2013\/02\/DSC08123.jpg","datePublished":"2015-02-17T13:56:32+00:00","breadcrumb":{"@id":"https:\/\/www.esplac.cat\/bona-practica-participacio-infantil-esplai\/#breadcrumb"},"inLanguage":"en-US","potentialAction":[{"@type":"ReadAction","target":["https:\/\/www.esplac.cat\/bona-practica-participacio-infantil-esplai\/"]}]},{"@type":"ImageObject","inLanguage":"en-US","@id":"https:\/\/www.esplac.cat\/bona-practica-participacio-infantil-esplai\/#primaryimage","url":"https:\/\/www.esplac.cat\/wp-content\/uploads\/2013\/02\/DSC08123.jpg","contentUrl":"https:\/\/www.esplac.cat\/wp-content\/uploads\/2013\/02\/DSC08123.jpg","width":3872,"height":2176},{"@type":"BreadcrumbList","@id":"https:\/\/www.esplac.cat\/bona-practica-participacio-infantil-esplai\/#breadcrumb","itemListElement":[{"@type":"ListItem","position":1,"name":"Inici","item":"https:\/\/www.esplac.cat\/en\/"},{"@type":"ListItem","position":2,"name":"Bona pr\u00e0ctica: la participaci\u00f3 infantil a l\u2019esplai"}]},{"@type":"WebSite","@id":"https:\/\/www.esplac.cat\/#website","url":"https:\/\/www.esplac.cat\/","name":"Esplac","description":"Esplais Catalans","publisher":{"@id":"https:\/\/www.esplac.cat\/#organization"},"potentialAction":[{"@type":"SearchAction","target":{"@type":"EntryPoint","urlTemplate":"https:\/\/www.esplac.cat\/?s={search_term_string}"},"query-input":{"@type":"PropertyValueSpecification","valueRequired":true,"valueName":"search_term_string"}}],"inLanguage":"en-US"},{"@type":"Organization","@id":"https:\/\/www.esplac.cat\/#organization","name":"Esplac","url":"https:\/\/www.esplac.cat\/","logo":{"@type":"ImageObject","inLanguage":"en-US","@id":"https:\/\/www.esplac.cat\/#\/schema\/logo\/image\/","url":"https:\/\/www.esplac.cat\/wp-content\/uploads\/2019\/08\/logox2.png","contentUrl":"https:\/\/www.esplac.cat\/wp-content\/uploads\/2019\/08\/logox2.png","width":600,"height":295,"caption":"Esplac"},"image":{"@id":"https:\/\/www.esplac.cat\/#\/schema\/logo\/image\/"}},{"@type":"Person","@id":"https:\/\/www.esplac.cat\/#\/schema\/person\/908383cf240be18b68f8855d0583faca","name":"Comunicaci\u00f3 Esplac","image":{"@type":"ImageObject","inLanguage":"en-US","@id":"https:\/\/secure.gravatar.com\/avatar\/7a4cf8feb412a76ea4a740ca02d95b06b2907b5a6c648c2dd0a1082a093c3141?s=96&d=mm&r=g","url":"https:\/\/secure.gravatar.com\/avatar\/7a4cf8feb412a76ea4a740ca02d95b06b2907b5a6c648c2dd0a1082a093c3141?s=96&d=mm&r=g","contentUrl":"https:\/\/secure.gravatar.com\/avatar\/7a4cf8feb412a76ea4a740ca02d95b06b2907b5a6c648c2dd0a1082a093c3141?s=96&d=mm&r=g","caption":"Comunicaci\u00f3 Esplac"}}]}},"_links":{"self":[{"href":"https:\/\/www.esplac.cat\/en\/wp-json\/wp\/v2\/posts\/25656","targetHints":{"allow":["GET"]}}],"collection":[{"href":"https:\/\/www.esplac.cat\/en\/wp-json\/wp\/v2\/posts"}],"about":[{"href":"https:\/\/www.esplac.cat\/en\/wp-json\/wp\/v2\/types\/post"}],"author":[{"embeddable":true,"href":"https:\/\/www.esplac.cat\/en\/wp-json\/wp\/v2\/users\/3"}],"replies":[{"embeddable":true,"href":"https:\/\/www.esplac.cat\/en\/wp-json\/wp\/v2\/comments?post=25656"}],"version-history":[{"count":0,"href":"https:\/\/www.esplac.cat\/en\/wp-json\/wp\/v2\/posts\/25656\/revisions"}],"wp:featuredmedia":[{"embeddable":true,"href":"https:\/\/www.esplac.cat\/en\/wp-json\/wp\/v2\/media\/25604"}],"wp:attachment":[{"href":"https:\/\/www.esplac.cat\/en\/wp-json\/wp\/v2\/media?parent=25656"}],"wp:term":[{"taxonomy":"category","embeddable":true,"href":"https:\/\/www.esplac.cat\/en\/wp-json\/wp\/v2\/categories?post=25656"},{"taxonomy":"post_tag","embeddable":true,"href":"https:\/\/www.esplac.cat\/en\/wp-json\/wp\/v2\/tags?post=25656"}],"curies":[{"name":"wp","href":"https:\/\/api.w.org\/{rel}","templated":true}]}}