{"id":25657,"date":"2015-02-13T13:28:32","date_gmt":"2015-02-13T11:28:32","guid":{"rendered":"http:\/\/esplac.cat\/?p=6220"},"modified":"2015-02-13T13:28:32","modified_gmt":"2015-02-13T11:28:32","slug":"10-idees-principals-educacio-emocional","status":"publish","type":"post","link":"https:\/\/www.esplac.cat\/en\/10-idees-principals-educacio-emocional\/","title":{"rendered":"Les 10 idees principals sobre l&#8217;educaci\u00f3 emocional"},"content":{"rendered":"<p><!--:CA-->Sent conscients que per a cada persona l&#8217;aprenentatge \u00e9s diferent i que all\u00f2 significatiu per una, pot no ser-\u00adho per una altra, <strong>si pugu\u00e9ssim resumir tots els coneixements compartits durant l&#8217;Escola d&#8217;Esplac 2015 en 10 aprenentatges-\u00adidees m\u00e9s significatives serien les seg\u00fcents:<\/strong><\/p>\n<ol>\n<li><strong>Les emocions s\u00f3n universals<\/strong>. Cal que acollim totes les emocions, tant les que ens fan sentir c\u00f2modes com les que no.<\/li>\n<li><span style=\"color: #333333; font-family: 'Helvetica Neue', Helvetica, Arial, 'Nimbus Sans L', sans-serif; font-style: normal;\">L&#8217;<\/span><strong style=\"color: #333333; font-style: normal;\">autoconeixement<\/strong><span style=\"color: #333333; font-family: 'Helvetica Neue', Helvetica, Arial, 'Nimbus Sans L', sans-serif; font-style: normal;\"> \u00e9s el primer pas per l&#8217;acompanyament dels infants i joves. Cada persona t\u00e9 els seus processos individuals, cal donar temps i espai a les emocions per sentir-\u00adles i expressar-\u00adles. No s&#8217;han de negar, ni alimentar-\u00adles.<\/span><\/li>\n<li><strong style=\"color: #333333; font-style: normal;\">Interpretem el que veiem<\/strong><span style=\"color: #333333; font-family: 'Helvetica Neue', Helvetica, Arial, 'Nimbus Sans L', sans-serif; font-style: normal;\"> a partir del que coneixem. Tenim els nostres propis filtres i cal ser-ne conscients.<\/span><\/li>\n<li><span style=\"color: #333333; font-family: 'Helvetica Neue', Helvetica, Arial, 'Nimbus Sans L', sans-serif; font-style: normal;\">Aprenem amb el <\/span><strong style=\"color: #333333; font-style: normal;\">cap<\/strong><span style=\"color: #333333; font-family: 'Helvetica Neue', Helvetica, Arial, 'Nimbus Sans L', sans-serif; font-style: normal;\"> (pensant), amb el <\/span><strong style=\"color: #333333; font-style: normal;\">cor<\/strong><span style=\"color: #333333; font-family: 'Helvetica Neue', Helvetica, Arial, 'Nimbus Sans L', sans-serif; font-style: normal;\"> (sentint) i amb les <\/span><strong style=\"color: #333333; font-style: normal;\">mans<\/strong><span style=\"color: #333333; font-family: 'Helvetica Neue', Helvetica, Arial, 'Nimbus Sans L', sans-serif; font-style: normal;\"> (fent).<\/span><\/li>\n<li><span style=\"color: #333333; font-family: 'Helvetica Neue', Helvetica, Arial, 'Nimbus Sans L', sans-serif; font-style: normal;\">A l&#8217;esplai <\/span><strong style=\"color: #333333; font-style: normal;\">eduquem emocionant\u00ad-nos i emocionant als altres, eduquem<\/strong><span style=\"color: #333333; font-family: 'Helvetica Neue', Helvetica, Arial, 'Nimbus Sans L', sans-serif; font-style: normal;\">. Sentim passi\u00f3 per all\u00f2 que fem!<\/span><\/li>\n<li><span style=\"color: #333333; font-family: 'Helvetica Neue', Helvetica, Arial, 'Nimbus Sans L', sans-serif; font-style: normal;\">A l&#8217;esplai <\/span><strong style=\"color: #333333; font-style: normal;\">escoltem l&#8217;infant<\/strong><span style=\"color: #333333; font-family: 'Helvetica Neue', Helvetica, Arial, 'Nimbus Sans L', sans-serif; font-style: normal;\">, li oferim un espai segur i de confian\u00e7a.<\/span><\/li>\n<li><span style=\"color: #333333; font-family: 'Helvetica Neue', Helvetica, Arial, 'Nimbus Sans L', sans-serif; font-style: normal;\">A l&#8217;esplai <\/span><strong style=\"color: #333333; font-style: normal;\">ens donem suport entre els monitors i monitores<\/strong><span style=\"color: #333333; font-family: 'Helvetica Neue', Helvetica, Arial, 'Nimbus Sans L', sans-serif; font-style: normal;\">. Ho hem de fer m\u00e9s.<\/span><\/li>\n<li><span style=\"color: #333333; font-family: 'Helvetica Neue', Helvetica, Arial, 'Nimbus Sans L', sans-serif; font-style: normal;\">L&#8217;educaci\u00f3 emocional \u00e9s transversal a l&#8217;esplai a trav\u00e9s de l&#8217;<\/span><strong style=\"color: #333333; font-style: normal;\">aprenentatge vivencial<\/strong><span style=\"color: #333333; font-family: 'Helvetica Neue', Helvetica, Arial, 'Nimbus Sans L', sans-serif; font-style: normal;\">.<\/span><\/li>\n<li><span style=\"color: #333333; font-family: 'Helvetica Neue', Helvetica, Arial, 'Nimbus Sans L', sans-serif; font-style: normal;\">Cal<\/span><strong style=\"color: #333333; font-style: normal;\"> valorar les activitats i projectes<\/strong><span style=\"color: #333333; font-family: 'Helvetica Neue', Helvetica, Arial, 'Nimbus Sans L', sans-serif; font-style: normal;\"> per tal d&#8217;expressar el que sentim.<\/span><\/li>\n<li><span style=\"color: #333333; font-family: 'Helvetica Neue', Helvetica, Arial, 'Nimbus Sans L', sans-serif; font-style: normal;\">Cal <\/span><strong style=\"color: #333333; font-style: normal;\">seguir formant\u00ad-nos i practicant<\/strong><span style=\"color: #333333; font-family: 'Helvetica Neue', Helvetica, Arial, 'Nimbus Sans L', sans-serif; font-style: normal;\">.<\/span><\/li>\n<\/ol>\n<p><a href=\"http:\/\/esplac.cat\/wp-content\/uploads\/2015\/02\/IMG_8342.jpg\"><img decoding=\"async\" class=\"alignleft size-medium wp-image-6224\" title=\"IMG_8342\" src=\"http:\/\/esplac.cat\/wp-content\/uploads\/2015\/02\/IMG_8342-360x240.jpg\" alt=\"\" width=\"360\" height=\"240\" \/><\/a><!--:--><!--:es-->&nbsp;<\/p>\n<p><!--:--><!--:en-->&nbsp;<\/p>\n<p><!--:--><!--:fr-->&nbsp;<\/p>\n<p><!--:--><\/p>\n","protected":false},"excerpt":{"rendered":"<p>Sent conscients que per a cada persona l&#8217;aprenentatge \u00e9s diferent [&hellip;]<\/p>\n","protected":false},"author":3,"featured_media":25628,"comment_status":"open","ping_status":"open","sticky":false,"template":"","format":"standard","meta":{"om_disable_all_campaigns":false,"_monsterinsights_skip_tracking":false,"_monsterinsights_sitenote_active":false,"_monsterinsights_sitenote_note":"","_monsterinsights_sitenote_category":0,"_uf_show_specific_survey":0,"_uf_disable_surveys":false,"footnotes":""},"categories":[1111,1131],"tags":[415,427,442,54,421],"class_list":["post-25657","post","type-post","status-publish","format-standard","has-post-thumbnail","hentry","category-activitats-esplac","category-cursos-formacions","tag-educacio-emocional","tag-emocions","tag-escola-desplac-15","tag-formacio","tag-jornades-de-formacio"],"yoast_head":"<!-- This site is optimized with the Yoast SEO plugin v27.5 - https:\/\/yoast.com\/product\/yoast-seo-wordpress\/ -->\n<title>Les 10 idees principals sobre l&#039;educaci\u00f3 emocional - Esplac<\/title>\n<meta name=\"robots\" content=\"index, follow, max-snippet:-1, max-image-preview:large, max-video-preview:-1\" \/>\n<link rel=\"canonical\" href=\"https:\/\/www.esplac.cat\/10-idees-principals-educacio-emocional\/\" \/>\n<meta property=\"og:locale\" content=\"en_US\" \/>\n<meta property=\"og:type\" content=\"article\" \/>\n<meta property=\"og:title\" content=\"Les 10 idees principals sobre l&#039;educaci\u00f3 emocional - Esplac\" \/>\n<meta property=\"og:description\" content=\"Sent conscients que per a cada persona l&#8217;aprenentatge \u00e9s diferent [&hellip;]\" \/>\n<meta property=\"og:url\" content=\"https:\/\/www.esplac.cat\/10-idees-principals-educacio-emocional\/\" \/>\n<meta property=\"og:site_name\" content=\"Esplac\" \/>\n<meta property=\"article:published_time\" content=\"2015-02-13T11:28:32+00:00\" \/>\n<meta property=\"og:image\" content=\"https:\/\/www.esplac.cat\/wp-content\/uploads\/2013\/02\/DSC08098.jpg\" \/>\n\t<meta property=\"og:image:width\" content=\"3872\" \/>\n\t<meta property=\"og:image:height\" content=\"2176\" \/>\n\t<meta property=\"og:image:type\" content=\"image\/jpeg\" \/>\n<meta name=\"author\" content=\"Comunicaci\u00f3 Esplac\" \/>\n<meta name=\"twitter:card\" content=\"summary_large_image\" \/>\n<meta name=\"twitter:label1\" content=\"Written by\" \/>\n\t<meta name=\"twitter:data1\" content=\"Comunicaci\u00f3 Esplac\" \/>\n\t<meta name=\"twitter:label2\" content=\"Est. reading time\" \/>\n\t<meta name=\"twitter:data2\" content=\"1 minute\" \/>\n<script type=\"application\/ld+json\" class=\"yoast-schema-graph\">{\"@context\":\"https:\\\/\\\/schema.org\",\"@graph\":[{\"@type\":\"Article\",\"@id\":\"https:\\\/\\\/www.esplac.cat\\\/10-idees-principals-educacio-emocional\\\/#article\",\"isPartOf\":{\"@id\":\"https:\\\/\\\/www.esplac.cat\\\/10-idees-principals-educacio-emocional\\\/\"},\"author\":{\"name\":\"Comunicaci\u00f3 Esplac\",\"@id\":\"https:\\\/\\\/www.esplac.cat\\\/#\\\/schema\\\/person\\\/908383cf240be18b68f8855d0583faca\"},\"headline\":\"Les 10 idees principals sobre l&#8217;educaci\u00f3 emocional\",\"datePublished\":\"2015-02-13T11:28:32+00:00\",\"mainEntityOfPage\":{\"@id\":\"https:\\\/\\\/www.esplac.cat\\\/10-idees-principals-educacio-emocional\\\/\"},\"wordCount\":237,\"commentCount\":0,\"publisher\":{\"@id\":\"https:\\\/\\\/www.esplac.cat\\\/#organization\"},\"image\":{\"@id\":\"https:\\\/\\\/www.esplac.cat\\\/10-idees-principals-educacio-emocional\\\/#primaryimage\"},\"thumbnailUrl\":\"https:\\\/\\\/www.esplac.cat\\\/wp-content\\\/uploads\\\/2013\\\/02\\\/DSC08098.jpg\",\"keywords\":[\"educaci\u00f3 emocional\",\"emocions\",\"Escola d'Esplac 15\",\"formaci\u00f3\",\"jornades de formaci\u00f3\"],\"articleSection\":[\"Activitats esplac\",\"Cursos i formacions\"],\"inLanguage\":\"en-US\",\"potentialAction\":[{\"@type\":\"CommentAction\",\"name\":\"Comment\",\"target\":[\"https:\\\/\\\/www.esplac.cat\\\/10-idees-principals-educacio-emocional\\\/#respond\"]}]},{\"@type\":\"WebPage\",\"@id\":\"https:\\\/\\\/www.esplac.cat\\\/10-idees-principals-educacio-emocional\\\/\",\"url\":\"https:\\\/\\\/www.esplac.cat\\\/10-idees-principals-educacio-emocional\\\/\",\"name\":\"Les 10 idees principals sobre l'educaci\u00f3 emocional - Esplac\",\"isPartOf\":{\"@id\":\"https:\\\/\\\/www.esplac.cat\\\/#website\"},\"primaryImageOfPage\":{\"@id\":\"https:\\\/\\\/www.esplac.cat\\\/10-idees-principals-educacio-emocional\\\/#primaryimage\"},\"image\":{\"@id\":\"https:\\\/\\\/www.esplac.cat\\\/10-idees-principals-educacio-emocional\\\/#primaryimage\"},\"thumbnailUrl\":\"https:\\\/\\\/www.esplac.cat\\\/wp-content\\\/uploads\\\/2013\\\/02\\\/DSC08098.jpg\",\"datePublished\":\"2015-02-13T11:28:32+00:00\",\"breadcrumb\":{\"@id\":\"https:\\\/\\\/www.esplac.cat\\\/10-idees-principals-educacio-emocional\\\/#breadcrumb\"},\"inLanguage\":\"en-US\",\"potentialAction\":[{\"@type\":\"ReadAction\",\"target\":[\"https:\\\/\\\/www.esplac.cat\\\/10-idees-principals-educacio-emocional\\\/\"]}]},{\"@type\":\"ImageObject\",\"inLanguage\":\"en-US\",\"@id\":\"https:\\\/\\\/www.esplac.cat\\\/10-idees-principals-educacio-emocional\\\/#primaryimage\",\"url\":\"https:\\\/\\\/www.esplac.cat\\\/wp-content\\\/uploads\\\/2013\\\/02\\\/DSC08098.jpg\",\"contentUrl\":\"https:\\\/\\\/www.esplac.cat\\\/wp-content\\\/uploads\\\/2013\\\/02\\\/DSC08098.jpg\",\"width\":3872,\"height\":2176},{\"@type\":\"BreadcrumbList\",\"@id\":\"https:\\\/\\\/www.esplac.cat\\\/10-idees-principals-educacio-emocional\\\/#breadcrumb\",\"itemListElement\":[{\"@type\":\"ListItem\",\"position\":1,\"name\":\"Inici\",\"item\":\"https:\\\/\\\/www.esplac.cat\\\/en\\\/\"},{\"@type\":\"ListItem\",\"position\":2,\"name\":\"Les 10 idees principals sobre l&#8217;educaci\u00f3 emocional\"}]},{\"@type\":\"WebSite\",\"@id\":\"https:\\\/\\\/www.esplac.cat\\\/#website\",\"url\":\"https:\\\/\\\/www.esplac.cat\\\/\",\"name\":\"Esplac\",\"description\":\"Esplais Catalans\",\"publisher\":{\"@id\":\"https:\\\/\\\/www.esplac.cat\\\/#organization\"},\"potentialAction\":[{\"@type\":\"SearchAction\",\"target\":{\"@type\":\"EntryPoint\",\"urlTemplate\":\"https:\\\/\\\/www.esplac.cat\\\/?s={search_term_string}\"},\"query-input\":{\"@type\":\"PropertyValueSpecification\",\"valueRequired\":true,\"valueName\":\"search_term_string\"}}],\"inLanguage\":\"en-US\"},{\"@type\":\"Organization\",\"@id\":\"https:\\\/\\\/www.esplac.cat\\\/#organization\",\"name\":\"Esplac\",\"url\":\"https:\\\/\\\/www.esplac.cat\\\/\",\"logo\":{\"@type\":\"ImageObject\",\"inLanguage\":\"en-US\",\"@id\":\"https:\\\/\\\/www.esplac.cat\\\/#\\\/schema\\\/logo\\\/image\\\/\",\"url\":\"https:\\\/\\\/www.esplac.cat\\\/wp-content\\\/uploads\\\/2019\\\/08\\\/logox2.png\",\"contentUrl\":\"https:\\\/\\\/www.esplac.cat\\\/wp-content\\\/uploads\\\/2019\\\/08\\\/logox2.png\",\"width\":600,\"height\":295,\"caption\":\"Esplac\"},\"image\":{\"@id\":\"https:\\\/\\\/www.esplac.cat\\\/#\\\/schema\\\/logo\\\/image\\\/\"}},{\"@type\":\"Person\",\"@id\":\"https:\\\/\\\/www.esplac.cat\\\/#\\\/schema\\\/person\\\/908383cf240be18b68f8855d0583faca\",\"name\":\"Comunicaci\u00f3 Esplac\",\"image\":{\"@type\":\"ImageObject\",\"inLanguage\":\"en-US\",\"@id\":\"https:\\\/\\\/secure.gravatar.com\\\/avatar\\\/7a4cf8feb412a76ea4a740ca02d95b06b2907b5a6c648c2dd0a1082a093c3141?s=96&d=mm&r=g\",\"url\":\"https:\\\/\\\/secure.gravatar.com\\\/avatar\\\/7a4cf8feb412a76ea4a740ca02d95b06b2907b5a6c648c2dd0a1082a093c3141?s=96&d=mm&r=g\",\"contentUrl\":\"https:\\\/\\\/secure.gravatar.com\\\/avatar\\\/7a4cf8feb412a76ea4a740ca02d95b06b2907b5a6c648c2dd0a1082a093c3141?s=96&d=mm&r=g\",\"caption\":\"Comunicaci\u00f3 Esplac\"}}]}<\/script>\n<!-- \/ Yoast SEO plugin. -->","yoast_head_json":{"title":"Les 10 idees principals sobre l'educaci\u00f3 emocional - Esplac","robots":{"index":"index","follow":"follow","max-snippet":"max-snippet:-1","max-image-preview":"max-image-preview:large","max-video-preview":"max-video-preview:-1"},"canonical":"https:\/\/www.esplac.cat\/10-idees-principals-educacio-emocional\/","og_locale":"en_US","og_type":"article","og_title":"Les 10 idees principals sobre l'educaci\u00f3 emocional - Esplac","og_description":"Sent conscients que per a cada persona l&#8217;aprenentatge \u00e9s diferent [&hellip;]","og_url":"https:\/\/www.esplac.cat\/10-idees-principals-educacio-emocional\/","og_site_name":"Esplac","article_published_time":"2015-02-13T11:28:32+00:00","og_image":[{"width":3872,"height":2176,"url":"https:\/\/www.esplac.cat\/wp-content\/uploads\/2013\/02\/DSC08098.jpg","type":"image\/jpeg"}],"author":"Comunicaci\u00f3 Esplac","twitter_card":"summary_large_image","twitter_misc":{"Written by":"Comunicaci\u00f3 Esplac","Est. reading time":"1 minute"},"schema":{"@context":"https:\/\/schema.org","@graph":[{"@type":"Article","@id":"https:\/\/www.esplac.cat\/10-idees-principals-educacio-emocional\/#article","isPartOf":{"@id":"https:\/\/www.esplac.cat\/10-idees-principals-educacio-emocional\/"},"author":{"name":"Comunicaci\u00f3 Esplac","@id":"https:\/\/www.esplac.cat\/#\/schema\/person\/908383cf240be18b68f8855d0583faca"},"headline":"Les 10 idees principals sobre l&#8217;educaci\u00f3 emocional","datePublished":"2015-02-13T11:28:32+00:00","mainEntityOfPage":{"@id":"https:\/\/www.esplac.cat\/10-idees-principals-educacio-emocional\/"},"wordCount":237,"commentCount":0,"publisher":{"@id":"https:\/\/www.esplac.cat\/#organization"},"image":{"@id":"https:\/\/www.esplac.cat\/10-idees-principals-educacio-emocional\/#primaryimage"},"thumbnailUrl":"https:\/\/www.esplac.cat\/wp-content\/uploads\/2013\/02\/DSC08098.jpg","keywords":["educaci\u00f3 emocional","emocions","Escola d'Esplac 15","formaci\u00f3","jornades de formaci\u00f3"],"articleSection":["Activitats esplac","Cursos i formacions"],"inLanguage":"en-US","potentialAction":[{"@type":"CommentAction","name":"Comment","target":["https:\/\/www.esplac.cat\/10-idees-principals-educacio-emocional\/#respond"]}]},{"@type":"WebPage","@id":"https:\/\/www.esplac.cat\/10-idees-principals-educacio-emocional\/","url":"https:\/\/www.esplac.cat\/10-idees-principals-educacio-emocional\/","name":"Les 10 idees principals sobre l'educaci\u00f3 emocional - Esplac","isPartOf":{"@id":"https:\/\/www.esplac.cat\/#website"},"primaryImageOfPage":{"@id":"https:\/\/www.esplac.cat\/10-idees-principals-educacio-emocional\/#primaryimage"},"image":{"@id":"https:\/\/www.esplac.cat\/10-idees-principals-educacio-emocional\/#primaryimage"},"thumbnailUrl":"https:\/\/www.esplac.cat\/wp-content\/uploads\/2013\/02\/DSC08098.jpg","datePublished":"2015-02-13T11:28:32+00:00","breadcrumb":{"@id":"https:\/\/www.esplac.cat\/10-idees-principals-educacio-emocional\/#breadcrumb"},"inLanguage":"en-US","potentialAction":[{"@type":"ReadAction","target":["https:\/\/www.esplac.cat\/10-idees-principals-educacio-emocional\/"]}]},{"@type":"ImageObject","inLanguage":"en-US","@id":"https:\/\/www.esplac.cat\/10-idees-principals-educacio-emocional\/#primaryimage","url":"https:\/\/www.esplac.cat\/wp-content\/uploads\/2013\/02\/DSC08098.jpg","contentUrl":"https:\/\/www.esplac.cat\/wp-content\/uploads\/2013\/02\/DSC08098.jpg","width":3872,"height":2176},{"@type":"BreadcrumbList","@id":"https:\/\/www.esplac.cat\/10-idees-principals-educacio-emocional\/#breadcrumb","itemListElement":[{"@type":"ListItem","position":1,"name":"Inici","item":"https:\/\/www.esplac.cat\/en\/"},{"@type":"ListItem","position":2,"name":"Les 10 idees principals sobre l&#8217;educaci\u00f3 emocional"}]},{"@type":"WebSite","@id":"https:\/\/www.esplac.cat\/#website","url":"https:\/\/www.esplac.cat\/","name":"Esplac","description":"Esplais Catalans","publisher":{"@id":"https:\/\/www.esplac.cat\/#organization"},"potentialAction":[{"@type":"SearchAction","target":{"@type":"EntryPoint","urlTemplate":"https:\/\/www.esplac.cat\/?s={search_term_string}"},"query-input":{"@type":"PropertyValueSpecification","valueRequired":true,"valueName":"search_term_string"}}],"inLanguage":"en-US"},{"@type":"Organization","@id":"https:\/\/www.esplac.cat\/#organization","name":"Esplac","url":"https:\/\/www.esplac.cat\/","logo":{"@type":"ImageObject","inLanguage":"en-US","@id":"https:\/\/www.esplac.cat\/#\/schema\/logo\/image\/","url":"https:\/\/www.esplac.cat\/wp-content\/uploads\/2019\/08\/logox2.png","contentUrl":"https:\/\/www.esplac.cat\/wp-content\/uploads\/2019\/08\/logox2.png","width":600,"height":295,"caption":"Esplac"},"image":{"@id":"https:\/\/www.esplac.cat\/#\/schema\/logo\/image\/"}},{"@type":"Person","@id":"https:\/\/www.esplac.cat\/#\/schema\/person\/908383cf240be18b68f8855d0583faca","name":"Comunicaci\u00f3 Esplac","image":{"@type":"ImageObject","inLanguage":"en-US","@id":"https:\/\/secure.gravatar.com\/avatar\/7a4cf8feb412a76ea4a740ca02d95b06b2907b5a6c648c2dd0a1082a093c3141?s=96&d=mm&r=g","url":"https:\/\/secure.gravatar.com\/avatar\/7a4cf8feb412a76ea4a740ca02d95b06b2907b5a6c648c2dd0a1082a093c3141?s=96&d=mm&r=g","contentUrl":"https:\/\/secure.gravatar.com\/avatar\/7a4cf8feb412a76ea4a740ca02d95b06b2907b5a6c648c2dd0a1082a093c3141?s=96&d=mm&r=g","caption":"Comunicaci\u00f3 Esplac"}}]}},"_links":{"self":[{"href":"https:\/\/www.esplac.cat\/en\/wp-json\/wp\/v2\/posts\/25657","targetHints":{"allow":["GET"]}}],"collection":[{"href":"https:\/\/www.esplac.cat\/en\/wp-json\/wp\/v2\/posts"}],"about":[{"href":"https:\/\/www.esplac.cat\/en\/wp-json\/wp\/v2\/types\/post"}],"author":[{"embeddable":true,"href":"https:\/\/www.esplac.cat\/en\/wp-json\/wp\/v2\/users\/3"}],"replies":[{"embeddable":true,"href":"https:\/\/www.esplac.cat\/en\/wp-json\/wp\/v2\/comments?post=25657"}],"version-history":[{"count":0,"href":"https:\/\/www.esplac.cat\/en\/wp-json\/wp\/v2\/posts\/25657\/revisions"}],"wp:featuredmedia":[{"embeddable":true,"href":"https:\/\/www.esplac.cat\/en\/wp-json\/wp\/v2\/media\/25628"}],"wp:attachment":[{"href":"https:\/\/www.esplac.cat\/en\/wp-json\/wp\/v2\/media?parent=25657"}],"wp:term":[{"taxonomy":"category","embeddable":true,"href":"https:\/\/www.esplac.cat\/en\/wp-json\/wp\/v2\/categories?post=25657"},{"taxonomy":"post_tag","embeddable":true,"href":"https:\/\/www.esplac.cat\/en\/wp-json\/wp\/v2\/tags?post=25657"}],"curies":[{"name":"wp","href":"https:\/\/api.w.org\/{rel}","templated":true}]}}