{"id":25677,"date":"2014-12-09T15:14:39","date_gmt":"2014-12-09T13:14:39","guid":{"rendered":"http:\/\/esplac.cat\/?p=5926"},"modified":"2019-11-14T13:35:15","modified_gmt":"2019-11-14T11:35:15","slug":"el-parlament-reconeix-lassociacionisme-educatiu-com-a-activitat-associativa-i-voluntaria","status":"publish","type":"post","link":"https:\/\/www.esplac.cat\/en\/el-parlament-reconeix-lassociacionisme-educatiu-com-a-activitat-associativa-i-voluntaria\/","title":{"rendered":"El Parlament de Catalunya reconeix l\u2019associacionisme educatiu"},"content":{"rendered":"<p><!--:CA-->El Ple del Parlament de Catalunya va aprovar el passat 27 de novembre una moci\u00f3 (<a href=\"http:\/\/esplac.cat\/wp-content\/uploads\/2014\/12\/01630010.docx\" target=\"_blank\" rel=\"noopener noreferrer\"><strong>llegir-la aqu\u00ed<\/strong><\/a>) de reconeixement i mesures de l\u2019educaci\u00f3 en el lleure, amb un especial \u00e8mfasi en l\u2019associacionisme educatiu. La iniciativa partia d\u2019una interpel\u00b7laci\u00f3 al Govern sobre l\u2019educaci\u00f3 en el lleure presentada per ERC i va incorporar una part significativa de les esmenes proposades conjuntament per part de Minyons Escoltes i Guies de Catalunya, Esplais Catalans, Escoltes Catalans, Casals de Joves de Catalunya i Acci\u00f3 Escolta, que van tenir el suport del Consell Nacional de la Joventut de Catalunya.<\/p>\n<p>La moci\u00f3 aprovada defineix l\u2019associacionisme educatiu com el conjunt d\u2019agrupaments escoltes, esplais i casals de joves de base associativa i volunt\u00e0ria i en reconeix la seva especificitat dins el conjunt de l\u2019educaci\u00f3 en el lleure. Alguns dels punts m\u00e9s importants de la moci\u00f3 s\u00f3n:<\/p>\n<ul>\n<li>Promoure l\u2019acc\u00e9s i l\u2019obertura dels equipaments p\u00fablics i de les instal\u00b7lacions de titularitat municipal a les entitats, aix\u00ed com la cessi\u00f3 de locals d\u2019equipaments municipals a l\u2019associacionisme educatiu, i la signatura de convenis que en garanteixin l\u2019estabilitat.<\/li>\n<li>Garantir la continu\u00eftat dels models de formaci\u00f3 dels moviments associatius, implantar les mesures necess\u00e0ries per homologar-los amb els nous certificats de professionalitat i les qualificacions professionals i estudiar un model d\u2019homologaci\u00f3 en qu\u00e8 una part significativa sigui homologada a partir de l\u2019experi\u00e8ncia volunt\u00e0ria i continuada en l\u2019associacionisme educatiu, complement\u00e0riament a la formaci\u00f3.<\/li>\n<li>Mantenir el suport econ\u00f2mic dels convenis de la Generalitat amb l\u2019associacionisme educatiu, recuperar tan aviat com sigui possible els convenis pluriennals, aix\u00ed com l&#8217;aplicaci\u00f3 per l&#8217;associacionisme educatiu d&#8217;un conjunt de mesures de simplificaci\u00f3 i sistematitzaci\u00f3 en relaci\u00f3 al finan\u00e7ament de les entitats, actualment pendent de desenvolupament per part del govern.<\/li>\n<li>Recon\u00e9ixer i defensar l\u2019associacionisme juvenil en general i dissenyar conjuntament amb aquest estrat\u00e8gies per promoure la cultura participativa i d\u2019intervenci\u00f3 en els afers p\u00fablics per part dels joves, l\u2019impuls de l\u2019associacionisme juvenil i la formaci\u00f3 de professorat en mat\u00e8ria de participaci\u00f3, entre d\u2019altres.<\/li>\n<\/ul>\n<div>Tot i aix\u00f2, la iniciativa no va poder incorporar altres demandes, que les entitats i diferents grups parlamentaris s\u2019han empla\u00e7at a seguir treballant properament, com:<\/p>\n<ul>\n<li>El foment de plans de dinamitzaci\u00f3 de l\u2019associacionisme educatiu en l\u2019\u00e0mbit local.<\/li>\n<li>Identificar els \u00e0mbits territorials amb una participaci\u00f3 dels infants en l&#8217;associacionisme educatiu m\u00e9s feble i planificar mesures clares de promoci\u00f3 de l\u2019associacionisme educatiu en aquestes zones conjuntament amb les entitats.<\/li>\n<li>Establir un sistema p\u00fablic global d\u2019ajuts, bonificacions i exempcions per als infants amb m\u00e9s dificultats econ\u00f2miques, gestionat i coordinat per la Generalitat, i especificant els criteris socials i econ\u00f2mics prioritaris per aquests ajuts.<\/li>\n<li>La recuperaci\u00f3 de convenis interdepartamentals entre la Generalitat de Catalunya i l\u2019associacionisme educatiu.<\/li>\n<li>Adaptar els mecanismes i dates de les justificacions de subvencions a l\u2019associacionisme educatiu a la realitat associativa i a una millora de la transpar\u00e8ncia, a partir d\u2019un di\u00e0leg amb les entitats.<\/li>\n<li>Promoure i enfortir els grups i casals de joves, entesos com a projectes associatius, democr\u00e0tics, autogestionats i liderats per joves i evitar anomenar \u201ccasals de joves\u201d a equipaments i espais municipals que no estiguin liderats per l\u2019associacionisme juvenil.<\/li>\n<li>Una major singularitzaci\u00f3 de l\u2019associacionisme educatiu en el marc de l\u2019educaci\u00f3 en el lleure en diferents mesures contingudes a la moci\u00f3 i, en general, en la pol\u00edtica p\u00fablica de les administracions catalanes.<\/li>\n<li>Altres mesures m\u00e9s concretes de foment i suport a l\u2019associacionisme educatiu per promoure\u2019n el creixement i consolidaci\u00f3 arreu del pa\u00eds.<\/li>\n<\/ul>\n<p>Pel Consell Nacional de la Joventut de Catalunya aquesta moci\u00f3 \u00e9s un primer pas en el reconeixement i suport a l\u2019escoltisme i l\u2019esplai de base volunt\u00e0ria i seguir\u00e0 treballant per establir una pol\u00edtica p\u00fablica pr\u00f2pia i clara envers l\u2019associacionisme educatiu del nostre pa\u00eds.<\/p><\/div>\n<p><em>* Article publicat al web del Consell Nacional de la Joventut de Catalunya (CNJC)<\/em><!--:--><!--:es-->&nbsp;<\/p>\n<p><!--:--><!--:en-->&nbsp;<\/p>\n<p><!--:--><!--:fr-->&nbsp;<\/p>\n<p><!--:--><\/p>\n","protected":false},"excerpt":{"rendered":"<p>El Ple del Parlament de Catalunya va aprovar el passat [&hellip;]<\/p>\n","protected":false},"author":3,"featured_media":25604,"comment_status":"open","ping_status":"open","sticky":false,"template":"","format":"standard","meta":{"om_disable_all_campaigns":false,"_monsterinsights_skip_tracking":false,"_monsterinsights_sitenote_active":false,"_monsterinsights_sitenote_note":"","_monsterinsights_sitenote_category":0,"_uf_show_specific_survey":0,"_uf_disable_surveys":false,"footnotes":""},"categories":[1127,1165],"tags":[112,401,158],"class_list":["post-25677","post","type-post","status-publish","format-standard","has-post-thumbnail","hentry","category-comunicats-posicionaments","category-millora-del-financament","tag-associacionisme-educatiu","tag-legislacio","tag-voluntariat"],"yoast_head":"<!-- This site is optimized with the Yoast SEO plugin v27.4 - https:\/\/yoast.com\/product\/yoast-seo-wordpress\/ -->\n<title>El Parlament de Catalunya reconeix l\u2019associacionisme educatiu - Esplac<\/title>\n<meta name=\"robots\" content=\"index, follow, max-snippet:-1, max-image-preview:large, max-video-preview:-1\" \/>\n<link rel=\"canonical\" href=\"https:\/\/www.esplac.cat\/el-parlament-reconeix-lassociacionisme-educatiu-com-a-activitat-associativa-i-voluntaria\/\" \/>\n<meta property=\"og:locale\" content=\"en_US\" \/>\n<meta property=\"og:type\" content=\"article\" \/>\n<meta property=\"og:title\" content=\"El Parlament de Catalunya reconeix l\u2019associacionisme educatiu - Esplac\" \/>\n<meta property=\"og:description\" content=\"El Ple del Parlament de Catalunya va aprovar el passat [&hellip;]\" \/>\n<meta property=\"og:url\" content=\"https:\/\/www.esplac.cat\/el-parlament-reconeix-lassociacionisme-educatiu-com-a-activitat-associativa-i-voluntaria\/\" \/>\n<meta property=\"og:site_name\" content=\"Esplac\" \/>\n<meta property=\"article:published_time\" content=\"2014-12-09T13:14:39+00:00\" \/>\n<meta property=\"article:modified_time\" content=\"2019-11-14T11:35:15+00:00\" \/>\n<meta property=\"og:image\" content=\"https:\/\/www.esplac.cat\/wp-content\/uploads\/2013\/02\/DSC08123-1024x575.jpg\" \/>\n\t<meta property=\"og:image:width\" content=\"1024\" \/>\n\t<meta property=\"og:image:height\" content=\"575\" \/>\n\t<meta property=\"og:image:type\" content=\"image\/jpeg\" \/>\n<meta name=\"author\" content=\"Comunicaci\u00f3 Esplac\" \/>\n<meta name=\"twitter:card\" content=\"summary_large_image\" \/>\n<meta name=\"twitter:label1\" content=\"Written by\" \/>\n\t<meta name=\"twitter:data1\" content=\"Comunicaci\u00f3 Esplac\" \/>\n\t<meta name=\"twitter:label2\" content=\"Est. reading time\" \/>\n\t<meta name=\"twitter:data2\" content=\"3 minutes\" \/>\n<script type=\"application\/ld+json\" class=\"yoast-schema-graph\">{\"@context\":\"https:\\\/\\\/schema.org\",\"@graph\":[{\"@type\":\"Article\",\"@id\":\"https:\\\/\\\/www.esplac.cat\\\/el-parlament-reconeix-lassociacionisme-educatiu-com-a-activitat-associativa-i-voluntaria\\\/#article\",\"isPartOf\":{\"@id\":\"https:\\\/\\\/www.esplac.cat\\\/el-parlament-reconeix-lassociacionisme-educatiu-com-a-activitat-associativa-i-voluntaria\\\/\"},\"author\":{\"name\":\"Comunicaci\u00f3 Esplac\",\"@id\":\"https:\\\/\\\/www.esplac.cat\\\/#\\\/schema\\\/person\\\/908383cf240be18b68f8855d0583faca\"},\"headline\":\"El Parlament de Catalunya reconeix l\u2019associacionisme educatiu\",\"datePublished\":\"2014-12-09T13:14:39+00:00\",\"dateModified\":\"2019-11-14T11:35:15+00:00\",\"mainEntityOfPage\":{\"@id\":\"https:\\\/\\\/www.esplac.cat\\\/el-parlament-reconeix-lassociacionisme-educatiu-com-a-activitat-associativa-i-voluntaria\\\/\"},\"wordCount\":696,\"commentCount\":0,\"publisher\":{\"@id\":\"https:\\\/\\\/www.esplac.cat\\\/#organization\"},\"image\":{\"@id\":\"https:\\\/\\\/www.esplac.cat\\\/el-parlament-reconeix-lassociacionisme-educatiu-com-a-activitat-associativa-i-voluntaria\\\/#primaryimage\"},\"thumbnailUrl\":\"https:\\\/\\\/www.esplac.cat\\\/wp-content\\\/uploads\\\/2013\\\/02\\\/DSC08123.jpg\",\"keywords\":[\"associacionisme educatiu\",\"legislaci\u00f3\",\"voluntariat\"],\"articleSection\":[\"Comunicats i posicionaments\",\"Millora del finan\u00e7ament\"],\"inLanguage\":\"en-US\",\"potentialAction\":[{\"@type\":\"CommentAction\",\"name\":\"Comment\",\"target\":[\"https:\\\/\\\/www.esplac.cat\\\/el-parlament-reconeix-lassociacionisme-educatiu-com-a-activitat-associativa-i-voluntaria\\\/#respond\"]}]},{\"@type\":\"WebPage\",\"@id\":\"https:\\\/\\\/www.esplac.cat\\\/el-parlament-reconeix-lassociacionisme-educatiu-com-a-activitat-associativa-i-voluntaria\\\/\",\"url\":\"https:\\\/\\\/www.esplac.cat\\\/el-parlament-reconeix-lassociacionisme-educatiu-com-a-activitat-associativa-i-voluntaria\\\/\",\"name\":\"El Parlament de Catalunya reconeix l\u2019associacionisme educatiu - Esplac\",\"isPartOf\":{\"@id\":\"https:\\\/\\\/www.esplac.cat\\\/#website\"},\"primaryImageOfPage\":{\"@id\":\"https:\\\/\\\/www.esplac.cat\\\/el-parlament-reconeix-lassociacionisme-educatiu-com-a-activitat-associativa-i-voluntaria\\\/#primaryimage\"},\"image\":{\"@id\":\"https:\\\/\\\/www.esplac.cat\\\/el-parlament-reconeix-lassociacionisme-educatiu-com-a-activitat-associativa-i-voluntaria\\\/#primaryimage\"},\"thumbnailUrl\":\"https:\\\/\\\/www.esplac.cat\\\/wp-content\\\/uploads\\\/2013\\\/02\\\/DSC08123.jpg\",\"datePublished\":\"2014-12-09T13:14:39+00:00\",\"dateModified\":\"2019-11-14T11:35:15+00:00\",\"breadcrumb\":{\"@id\":\"https:\\\/\\\/www.esplac.cat\\\/el-parlament-reconeix-lassociacionisme-educatiu-com-a-activitat-associativa-i-voluntaria\\\/#breadcrumb\"},\"inLanguage\":\"en-US\",\"potentialAction\":[{\"@type\":\"ReadAction\",\"target\":[\"https:\\\/\\\/www.esplac.cat\\\/el-parlament-reconeix-lassociacionisme-educatiu-com-a-activitat-associativa-i-voluntaria\\\/\"]}]},{\"@type\":\"ImageObject\",\"inLanguage\":\"en-US\",\"@id\":\"https:\\\/\\\/www.esplac.cat\\\/el-parlament-reconeix-lassociacionisme-educatiu-com-a-activitat-associativa-i-voluntaria\\\/#primaryimage\",\"url\":\"https:\\\/\\\/www.esplac.cat\\\/wp-content\\\/uploads\\\/2013\\\/02\\\/DSC08123.jpg\",\"contentUrl\":\"https:\\\/\\\/www.esplac.cat\\\/wp-content\\\/uploads\\\/2013\\\/02\\\/DSC08123.jpg\",\"width\":3872,\"height\":2176},{\"@type\":\"BreadcrumbList\",\"@id\":\"https:\\\/\\\/www.esplac.cat\\\/el-parlament-reconeix-lassociacionisme-educatiu-com-a-activitat-associativa-i-voluntaria\\\/#breadcrumb\",\"itemListElement\":[{\"@type\":\"ListItem\",\"position\":1,\"name\":\"Inici\",\"item\":\"https:\\\/\\\/www.esplac.cat\\\/en\\\/\"},{\"@type\":\"ListItem\",\"position\":2,\"name\":\"El Parlament de Catalunya reconeix l\u2019associacionisme educatiu\"}]},{\"@type\":\"WebSite\",\"@id\":\"https:\\\/\\\/www.esplac.cat\\\/#website\",\"url\":\"https:\\\/\\\/www.esplac.cat\\\/\",\"name\":\"Esplac\",\"description\":\"Esplais Catalans\",\"publisher\":{\"@id\":\"https:\\\/\\\/www.esplac.cat\\\/#organization\"},\"potentialAction\":[{\"@type\":\"SearchAction\",\"target\":{\"@type\":\"EntryPoint\",\"urlTemplate\":\"https:\\\/\\\/www.esplac.cat\\\/?s={search_term_string}\"},\"query-input\":{\"@type\":\"PropertyValueSpecification\",\"valueRequired\":true,\"valueName\":\"search_term_string\"}}],\"inLanguage\":\"en-US\"},{\"@type\":\"Organization\",\"@id\":\"https:\\\/\\\/www.esplac.cat\\\/#organization\",\"name\":\"Esplac\",\"url\":\"https:\\\/\\\/www.esplac.cat\\\/\",\"logo\":{\"@type\":\"ImageObject\",\"inLanguage\":\"en-US\",\"@id\":\"https:\\\/\\\/www.esplac.cat\\\/#\\\/schema\\\/logo\\\/image\\\/\",\"url\":\"https:\\\/\\\/www.esplac.cat\\\/wp-content\\\/uploads\\\/2019\\\/08\\\/logox2.png\",\"contentUrl\":\"https:\\\/\\\/www.esplac.cat\\\/wp-content\\\/uploads\\\/2019\\\/08\\\/logox2.png\",\"width\":600,\"height\":295,\"caption\":\"Esplac\"},\"image\":{\"@id\":\"https:\\\/\\\/www.esplac.cat\\\/#\\\/schema\\\/logo\\\/image\\\/\"}},{\"@type\":\"Person\",\"@id\":\"https:\\\/\\\/www.esplac.cat\\\/#\\\/schema\\\/person\\\/908383cf240be18b68f8855d0583faca\",\"name\":\"Comunicaci\u00f3 Esplac\",\"image\":{\"@type\":\"ImageObject\",\"inLanguage\":\"en-US\",\"@id\":\"https:\\\/\\\/secure.gravatar.com\\\/avatar\\\/7a4cf8feb412a76ea4a740ca02d95b06b2907b5a6c648c2dd0a1082a093c3141?s=96&d=mm&r=g\",\"url\":\"https:\\\/\\\/secure.gravatar.com\\\/avatar\\\/7a4cf8feb412a76ea4a740ca02d95b06b2907b5a6c648c2dd0a1082a093c3141?s=96&d=mm&r=g\",\"contentUrl\":\"https:\\\/\\\/secure.gravatar.com\\\/avatar\\\/7a4cf8feb412a76ea4a740ca02d95b06b2907b5a6c648c2dd0a1082a093c3141?s=96&d=mm&r=g\",\"caption\":\"Comunicaci\u00f3 Esplac\"}}]}<\/script>\n<!-- \/ Yoast SEO plugin. -->","yoast_head_json":{"title":"El Parlament de Catalunya reconeix l\u2019associacionisme educatiu - Esplac","robots":{"index":"index","follow":"follow","max-snippet":"max-snippet:-1","max-image-preview":"max-image-preview:large","max-video-preview":"max-video-preview:-1"},"canonical":"https:\/\/www.esplac.cat\/el-parlament-reconeix-lassociacionisme-educatiu-com-a-activitat-associativa-i-voluntaria\/","og_locale":"en_US","og_type":"article","og_title":"El Parlament de Catalunya reconeix l\u2019associacionisme educatiu - Esplac","og_description":"El Ple del Parlament de Catalunya va aprovar el passat [&hellip;]","og_url":"https:\/\/www.esplac.cat\/el-parlament-reconeix-lassociacionisme-educatiu-com-a-activitat-associativa-i-voluntaria\/","og_site_name":"Esplac","article_published_time":"2014-12-09T13:14:39+00:00","article_modified_time":"2019-11-14T11:35:15+00:00","og_image":[{"width":1024,"height":575,"url":"https:\/\/www.esplac.cat\/wp-content\/uploads\/2013\/02\/DSC08123-1024x575.jpg","type":"image\/jpeg"}],"author":"Comunicaci\u00f3 Esplac","twitter_card":"summary_large_image","twitter_misc":{"Written by":"Comunicaci\u00f3 Esplac","Est. reading time":"3 minutes"},"schema":{"@context":"https:\/\/schema.org","@graph":[{"@type":"Article","@id":"https:\/\/www.esplac.cat\/el-parlament-reconeix-lassociacionisme-educatiu-com-a-activitat-associativa-i-voluntaria\/#article","isPartOf":{"@id":"https:\/\/www.esplac.cat\/el-parlament-reconeix-lassociacionisme-educatiu-com-a-activitat-associativa-i-voluntaria\/"},"author":{"name":"Comunicaci\u00f3 Esplac","@id":"https:\/\/www.esplac.cat\/#\/schema\/person\/908383cf240be18b68f8855d0583faca"},"headline":"El Parlament de Catalunya reconeix l\u2019associacionisme educatiu","datePublished":"2014-12-09T13:14:39+00:00","dateModified":"2019-11-14T11:35:15+00:00","mainEntityOfPage":{"@id":"https:\/\/www.esplac.cat\/el-parlament-reconeix-lassociacionisme-educatiu-com-a-activitat-associativa-i-voluntaria\/"},"wordCount":696,"commentCount":0,"publisher":{"@id":"https:\/\/www.esplac.cat\/#organization"},"image":{"@id":"https:\/\/www.esplac.cat\/el-parlament-reconeix-lassociacionisme-educatiu-com-a-activitat-associativa-i-voluntaria\/#primaryimage"},"thumbnailUrl":"https:\/\/www.esplac.cat\/wp-content\/uploads\/2013\/02\/DSC08123.jpg","keywords":["associacionisme educatiu","legislaci\u00f3","voluntariat"],"articleSection":["Comunicats i posicionaments","Millora del finan\u00e7ament"],"inLanguage":"en-US","potentialAction":[{"@type":"CommentAction","name":"Comment","target":["https:\/\/www.esplac.cat\/el-parlament-reconeix-lassociacionisme-educatiu-com-a-activitat-associativa-i-voluntaria\/#respond"]}]},{"@type":"WebPage","@id":"https:\/\/www.esplac.cat\/el-parlament-reconeix-lassociacionisme-educatiu-com-a-activitat-associativa-i-voluntaria\/","url":"https:\/\/www.esplac.cat\/el-parlament-reconeix-lassociacionisme-educatiu-com-a-activitat-associativa-i-voluntaria\/","name":"El Parlament de Catalunya reconeix l\u2019associacionisme educatiu - Esplac","isPartOf":{"@id":"https:\/\/www.esplac.cat\/#website"},"primaryImageOfPage":{"@id":"https:\/\/www.esplac.cat\/el-parlament-reconeix-lassociacionisme-educatiu-com-a-activitat-associativa-i-voluntaria\/#primaryimage"},"image":{"@id":"https:\/\/www.esplac.cat\/el-parlament-reconeix-lassociacionisme-educatiu-com-a-activitat-associativa-i-voluntaria\/#primaryimage"},"thumbnailUrl":"https:\/\/www.esplac.cat\/wp-content\/uploads\/2013\/02\/DSC08123.jpg","datePublished":"2014-12-09T13:14:39+00:00","dateModified":"2019-11-14T11:35:15+00:00","breadcrumb":{"@id":"https:\/\/www.esplac.cat\/el-parlament-reconeix-lassociacionisme-educatiu-com-a-activitat-associativa-i-voluntaria\/#breadcrumb"},"inLanguage":"en-US","potentialAction":[{"@type":"ReadAction","target":["https:\/\/www.esplac.cat\/el-parlament-reconeix-lassociacionisme-educatiu-com-a-activitat-associativa-i-voluntaria\/"]}]},{"@type":"ImageObject","inLanguage":"en-US","@id":"https:\/\/www.esplac.cat\/el-parlament-reconeix-lassociacionisme-educatiu-com-a-activitat-associativa-i-voluntaria\/#primaryimage","url":"https:\/\/www.esplac.cat\/wp-content\/uploads\/2013\/02\/DSC08123.jpg","contentUrl":"https:\/\/www.esplac.cat\/wp-content\/uploads\/2013\/02\/DSC08123.jpg","width":3872,"height":2176},{"@type":"BreadcrumbList","@id":"https:\/\/www.esplac.cat\/el-parlament-reconeix-lassociacionisme-educatiu-com-a-activitat-associativa-i-voluntaria\/#breadcrumb","itemListElement":[{"@type":"ListItem","position":1,"name":"Inici","item":"https:\/\/www.esplac.cat\/en\/"},{"@type":"ListItem","position":2,"name":"El Parlament de Catalunya reconeix l\u2019associacionisme educatiu"}]},{"@type":"WebSite","@id":"https:\/\/www.esplac.cat\/#website","url":"https:\/\/www.esplac.cat\/","name":"Esplac","description":"Esplais Catalans","publisher":{"@id":"https:\/\/www.esplac.cat\/#organization"},"potentialAction":[{"@type":"SearchAction","target":{"@type":"EntryPoint","urlTemplate":"https:\/\/www.esplac.cat\/?s={search_term_string}"},"query-input":{"@type":"PropertyValueSpecification","valueRequired":true,"valueName":"search_term_string"}}],"inLanguage":"en-US"},{"@type":"Organization","@id":"https:\/\/www.esplac.cat\/#organization","name":"Esplac","url":"https:\/\/www.esplac.cat\/","logo":{"@type":"ImageObject","inLanguage":"en-US","@id":"https:\/\/www.esplac.cat\/#\/schema\/logo\/image\/","url":"https:\/\/www.esplac.cat\/wp-content\/uploads\/2019\/08\/logox2.png","contentUrl":"https:\/\/www.esplac.cat\/wp-content\/uploads\/2019\/08\/logox2.png","width":600,"height":295,"caption":"Esplac"},"image":{"@id":"https:\/\/www.esplac.cat\/#\/schema\/logo\/image\/"}},{"@type":"Person","@id":"https:\/\/www.esplac.cat\/#\/schema\/person\/908383cf240be18b68f8855d0583faca","name":"Comunicaci\u00f3 Esplac","image":{"@type":"ImageObject","inLanguage":"en-US","@id":"https:\/\/secure.gravatar.com\/avatar\/7a4cf8feb412a76ea4a740ca02d95b06b2907b5a6c648c2dd0a1082a093c3141?s=96&d=mm&r=g","url":"https:\/\/secure.gravatar.com\/avatar\/7a4cf8feb412a76ea4a740ca02d95b06b2907b5a6c648c2dd0a1082a093c3141?s=96&d=mm&r=g","contentUrl":"https:\/\/secure.gravatar.com\/avatar\/7a4cf8feb412a76ea4a740ca02d95b06b2907b5a6c648c2dd0a1082a093c3141?s=96&d=mm&r=g","caption":"Comunicaci\u00f3 Esplac"}}]}},"_links":{"self":[{"href":"https:\/\/www.esplac.cat\/en\/wp-json\/wp\/v2\/posts\/25677","targetHints":{"allow":["GET"]}}],"collection":[{"href":"https:\/\/www.esplac.cat\/en\/wp-json\/wp\/v2\/posts"}],"about":[{"href":"https:\/\/www.esplac.cat\/en\/wp-json\/wp\/v2\/types\/post"}],"author":[{"embeddable":true,"href":"https:\/\/www.esplac.cat\/en\/wp-json\/wp\/v2\/users\/3"}],"replies":[{"embeddable":true,"href":"https:\/\/www.esplac.cat\/en\/wp-json\/wp\/v2\/comments?post=25677"}],"version-history":[{"count":0,"href":"https:\/\/www.esplac.cat\/en\/wp-json\/wp\/v2\/posts\/25677\/revisions"}],"wp:featuredmedia":[{"embeddable":true,"href":"https:\/\/www.esplac.cat\/en\/wp-json\/wp\/v2\/media\/25604"}],"wp:attachment":[{"href":"https:\/\/www.esplac.cat\/en\/wp-json\/wp\/v2\/media?parent=25677"}],"wp:term":[{"taxonomy":"category","embeddable":true,"href":"https:\/\/www.esplac.cat\/en\/wp-json\/wp\/v2\/categories?post=25677"},{"taxonomy":"post_tag","embeddable":true,"href":"https:\/\/www.esplac.cat\/en\/wp-json\/wp\/v2\/tags?post=25677"}],"curies":[{"name":"wp","href":"https:\/\/api.w.org\/{rel}","templated":true}]}}