{"id":25683,"date":"2014-11-25T19:23:13","date_gmt":"2014-11-25T17:23:13","guid":{"rendered":"http:\/\/esplac.cat\/?p=5843"},"modified":"2014-11-25T19:23:13","modified_gmt":"2014-11-25T17:23:13","slug":"25-n-tolerancia-zero-contra-contra-la-violencia-de-genere","status":"publish","type":"post","link":"https:\/\/www.esplac.cat\/en\/25-n-tolerancia-zero-contra-contra-la-violencia-de-genere\/","title":{"rendered":"25-N: Toler\u00e0ncia zero contra contra la viol\u00e8ncia de g\u00e8nere"},"content":{"rendered":"<p style=\"text-align: justify;\"><!--:CA--><a href=\"http:\/\/esplac.cat\/wp-content\/uploads\/2014\/11\/25N_dones.jpg\"><br \/>\n<\/a>Cada cinc dies mor una dona a l\u2019Estat espanyol assassinada per la seva parella o ex parella.<\/p>\n<p style=\"text-align: justify;\">Uns dos milions de dones s\u00f3n espor\u00e0dicament o cont\u00ednuament v\u00edctimes de la viol\u00e8ncia de g\u00e8nere, per\u00f2 nom\u00e9s set centes mil es reconeixen com a tal. El 70% de les dones assassinades al m\u00f3n, segons Amnistia Internacional, ho s\u00f3n a mans de les seves parelles o ex parelles.<\/p>\n<p style=\"text-align: justify;\">\u00c9s evident que encara queda molt per fer per i en un dia com avui, cal recordar-ho. Tot i ser al segle XXI, les dones segueixen patint, pel sol fet de ser dones, molts tipus de viol\u00e8ncia: l\u2019econ\u00f2mica, de classe, la tortura, la b\u00e8l\u00b7lica\u2026 Per\u00f2 hi ha, a m\u00e9s, una d\u2019espec\u00edfica contra les dones: la viol\u00e8ncia de g\u00e8nere.<\/p>\n<p style=\"text-align: justify;\">La viol\u00e8ncia masclista s\u2019ha utilitzat al llarg del temps com a instrument per mantenir la discriminaci\u00f3, la desigualtat, les relacions jer\u00e0rquiques i el poder dels homes sobre les dones. Es tracta d\u2019una viol\u00e8ncia que traspassa l\u2019\u00e0mbit dom\u00e8stic i afecta d\u2019igual manera el terreny laboral i la societat en general.<\/p>\n<p style=\"text-align: justify;\">Davant d\u2019aquesta situaci\u00f3, Esplais Catalans anem m\u00e9s enll\u00e0 de la den\u00fancia i el rebuig d\u2019aquest fets i posar de manifest que cal passar a l\u2019acci\u00f3. Creiem que esplais, associatius i voluntaris som motor de canvi:<\/p>\n<ul style=\"text-align: justify;\">\n<li>Posem les eines educatives i socialitzadores per aturar la viol\u00e8ncia de g\u00e8nere.<\/li>\n<li>Treballem amb els infants per la deconstrucci\u00f3 de totes aquelles creences i estereotips culturals en qu\u00e8 se sustenta la viol\u00e8ncia contra les dones.<\/li>\n<li>Condemnem els casos de desigualtat o viol\u00e8ncia per ra\u00f3 de g\u00e8nere, que trobem en el nostre entorn proper, \u00a0per tal de trencar el silenci i treballar conjuntament per a la igualtat.<\/li>\n<li>Exigim toler\u00e0ncia zero als maltractaments.<\/li>\n<\/ul>\n<p style=\"text-align: justify;\">Des dels esplais ja fa temps que treballem per aconseguir aquests objectius, cal seguir incidint en aquesta l\u00ednia perqu\u00e8 les dades i l\u2019experi\u00e8ncia ens demostren que encara ens queda cam\u00ed per rec\u00f3rrer. Tenim les eines i l\u2019energia per seguir lluitant!<\/p>\n<p style=\"text-align: justify;\">Convidem a totes les persones a participar de tots els actes reivindicatius que es fan arreu de Catalunya.<\/p>\n<p style=\"text-align: justify;\"><strong>Toler\u00e0ncia zero contra la viol\u00e8ncia de g\u00e8nere!<\/strong><!--:--><!--:es--><\/p>\n<p style=\"text-align: justify;\"><!--:--><!--:en--><\/p>\n<p style=\"text-align: justify;\"><!--:--><!--:fr--><\/p>\n<p><!--:--><\/p>\n","protected":false},"excerpt":{"rendered":"<p>Cada cinc dies mor una dona a l\u2019Estat espanyol assassinada [&hellip;]<\/p>\n","protected":false},"author":3,"featured_media":25684,"comment_status":"open","ping_status":"open","sticky":false,"template":"","format":"standard","meta":{"om_disable_all_campaigns":false,"_monsterinsights_skip_tracking":false,"_monsterinsights_sitenote_active":false,"_monsterinsights_sitenote_note":"","_monsterinsights_sitenote_category":0,"_uf_show_specific_survey":0,"_uf_disable_surveys":false,"footnotes":""},"categories":[1127],"tags":[385,391,392,386,387],"class_list":["post-25683","post","type-post","status-publish","format-standard","has-post-thumbnail","hentry","category-comunicats-posicionaments","tag-25-n","tag-feminisme","tag-maltractaments","tag-violencia-de-genere","tag-violencia-masclista"],"yoast_head":"<!-- This site is optimized with the Yoast SEO plugin v27.4 - https:\/\/yoast.com\/product\/yoast-seo-wordpress\/ -->\n<title>25-N: Toler\u00e0ncia zero contra contra la viol\u00e8ncia de g\u00e8nere - Esplac<\/title>\n<meta name=\"robots\" content=\"index, follow, max-snippet:-1, max-image-preview:large, max-video-preview:-1\" \/>\n<link rel=\"canonical\" href=\"https:\/\/www.esplac.cat\/25-n-tolerancia-zero-contra-contra-la-violencia-de-genere\/\" \/>\n<meta property=\"og:locale\" content=\"en_US\" \/>\n<meta property=\"og:type\" content=\"article\" \/>\n<meta property=\"og:title\" content=\"25-N: Toler\u00e0ncia zero contra contra la viol\u00e8ncia de g\u00e8nere - Esplac\" \/>\n<meta property=\"og:description\" content=\"Cada cinc dies mor una dona a l\u2019Estat espanyol assassinada [&hellip;]\" \/>\n<meta property=\"og:url\" content=\"https:\/\/www.esplac.cat\/25-n-tolerancia-zero-contra-contra-la-violencia-de-genere\/\" \/>\n<meta property=\"og:site_name\" content=\"Esplac\" \/>\n<meta property=\"article:published_time\" content=\"2014-11-25T17:23:13+00:00\" \/>\n<meta property=\"og:image\" content=\"https:\/\/www.esplac.cat\/wp-content\/uploads\/2014\/11\/Posicionament_25N.jpg\" \/>\n\t<meta property=\"og:image:width\" content=\"847\" \/>\n\t<meta property=\"og:image:height\" content=\"350\" \/>\n\t<meta property=\"og:image:type\" content=\"image\/jpeg\" \/>\n<meta name=\"author\" content=\"Comunicaci\u00f3 Esplac\" \/>\n<meta name=\"twitter:card\" content=\"summary_large_image\" \/>\n<meta name=\"twitter:label1\" content=\"Written by\" \/>\n\t<meta name=\"twitter:data1\" content=\"Comunicaci\u00f3 Esplac\" \/>\n\t<meta name=\"twitter:label2\" content=\"Est. reading time\" \/>\n\t<meta name=\"twitter:data2\" content=\"2 minutes\" \/>\n<script type=\"application\/ld+json\" class=\"yoast-schema-graph\">{\"@context\":\"https:\\\/\\\/schema.org\",\"@graph\":[{\"@type\":\"Article\",\"@id\":\"https:\\\/\\\/www.esplac.cat\\\/25-n-tolerancia-zero-contra-contra-la-violencia-de-genere\\\/#article\",\"isPartOf\":{\"@id\":\"https:\\\/\\\/www.esplac.cat\\\/25-n-tolerancia-zero-contra-contra-la-violencia-de-genere\\\/\"},\"author\":{\"name\":\"Comunicaci\u00f3 Esplac\",\"@id\":\"https:\\\/\\\/www.esplac.cat\\\/#\\\/schema\\\/person\\\/908383cf240be18b68f8855d0583faca\"},\"headline\":\"25-N: Toler\u00e0ncia zero contra contra la viol\u00e8ncia de g\u00e8nere\",\"datePublished\":\"2014-11-25T17:23:13+00:00\",\"mainEntityOfPage\":{\"@id\":\"https:\\\/\\\/www.esplac.cat\\\/25-n-tolerancia-zero-contra-contra-la-violencia-de-genere\\\/\"},\"wordCount\":400,\"commentCount\":0,\"publisher\":{\"@id\":\"https:\\\/\\\/www.esplac.cat\\\/#organization\"},\"image\":{\"@id\":\"https:\\\/\\\/www.esplac.cat\\\/25-n-tolerancia-zero-contra-contra-la-violencia-de-genere\\\/#primaryimage\"},\"thumbnailUrl\":\"https:\\\/\\\/www.esplac.cat\\\/wp-content\\\/uploads\\\/2014\\\/11\\\/Posicionament_25N.jpg\",\"keywords\":[\"25-N\",\"feminisme\",\"maltractaments\",\"viol\u00e8ncia de g\u00e8nere\",\"viol\u00e8ncia masclista\"],\"articleSection\":[\"Comunicats i posicionaments\"],\"inLanguage\":\"en-US\",\"potentialAction\":[{\"@type\":\"CommentAction\",\"name\":\"Comment\",\"target\":[\"https:\\\/\\\/www.esplac.cat\\\/25-n-tolerancia-zero-contra-contra-la-violencia-de-genere\\\/#respond\"]}]},{\"@type\":\"WebPage\",\"@id\":\"https:\\\/\\\/www.esplac.cat\\\/25-n-tolerancia-zero-contra-contra-la-violencia-de-genere\\\/\",\"url\":\"https:\\\/\\\/www.esplac.cat\\\/25-n-tolerancia-zero-contra-contra-la-violencia-de-genere\\\/\",\"name\":\"25-N: Toler\u00e0ncia zero contra contra la viol\u00e8ncia de g\u00e8nere - Esplac\",\"isPartOf\":{\"@id\":\"https:\\\/\\\/www.esplac.cat\\\/#website\"},\"primaryImageOfPage\":{\"@id\":\"https:\\\/\\\/www.esplac.cat\\\/25-n-tolerancia-zero-contra-contra-la-violencia-de-genere\\\/#primaryimage\"},\"image\":{\"@id\":\"https:\\\/\\\/www.esplac.cat\\\/25-n-tolerancia-zero-contra-contra-la-violencia-de-genere\\\/#primaryimage\"},\"thumbnailUrl\":\"https:\\\/\\\/www.esplac.cat\\\/wp-content\\\/uploads\\\/2014\\\/11\\\/Posicionament_25N.jpg\",\"datePublished\":\"2014-11-25T17:23:13+00:00\",\"breadcrumb\":{\"@id\":\"https:\\\/\\\/www.esplac.cat\\\/25-n-tolerancia-zero-contra-contra-la-violencia-de-genere\\\/#breadcrumb\"},\"inLanguage\":\"en-US\",\"potentialAction\":[{\"@type\":\"ReadAction\",\"target\":[\"https:\\\/\\\/www.esplac.cat\\\/25-n-tolerancia-zero-contra-contra-la-violencia-de-genere\\\/\"]}]},{\"@type\":\"ImageObject\",\"inLanguage\":\"en-US\",\"@id\":\"https:\\\/\\\/www.esplac.cat\\\/25-n-tolerancia-zero-contra-contra-la-violencia-de-genere\\\/#primaryimage\",\"url\":\"https:\\\/\\\/www.esplac.cat\\\/wp-content\\\/uploads\\\/2014\\\/11\\\/Posicionament_25N.jpg\",\"contentUrl\":\"https:\\\/\\\/www.esplac.cat\\\/wp-content\\\/uploads\\\/2014\\\/11\\\/Posicionament_25N.jpg\",\"width\":847,\"height\":350},{\"@type\":\"BreadcrumbList\",\"@id\":\"https:\\\/\\\/www.esplac.cat\\\/25-n-tolerancia-zero-contra-contra-la-violencia-de-genere\\\/#breadcrumb\",\"itemListElement\":[{\"@type\":\"ListItem\",\"position\":1,\"name\":\"Inici\",\"item\":\"https:\\\/\\\/www.esplac.cat\\\/en\\\/\"},{\"@type\":\"ListItem\",\"position\":2,\"name\":\"25-N: Toler\u00e0ncia zero contra contra la viol\u00e8ncia de g\u00e8nere\"}]},{\"@type\":\"WebSite\",\"@id\":\"https:\\\/\\\/www.esplac.cat\\\/#website\",\"url\":\"https:\\\/\\\/www.esplac.cat\\\/\",\"name\":\"Esplac\",\"description\":\"Esplais Catalans\",\"publisher\":{\"@id\":\"https:\\\/\\\/www.esplac.cat\\\/#organization\"},\"potentialAction\":[{\"@type\":\"SearchAction\",\"target\":{\"@type\":\"EntryPoint\",\"urlTemplate\":\"https:\\\/\\\/www.esplac.cat\\\/?s={search_term_string}\"},\"query-input\":{\"@type\":\"PropertyValueSpecification\",\"valueRequired\":true,\"valueName\":\"search_term_string\"}}],\"inLanguage\":\"en-US\"},{\"@type\":\"Organization\",\"@id\":\"https:\\\/\\\/www.esplac.cat\\\/#organization\",\"name\":\"Esplac\",\"url\":\"https:\\\/\\\/www.esplac.cat\\\/\",\"logo\":{\"@type\":\"ImageObject\",\"inLanguage\":\"en-US\",\"@id\":\"https:\\\/\\\/www.esplac.cat\\\/#\\\/schema\\\/logo\\\/image\\\/\",\"url\":\"https:\\\/\\\/www.esplac.cat\\\/wp-content\\\/uploads\\\/2019\\\/08\\\/logox2.png\",\"contentUrl\":\"https:\\\/\\\/www.esplac.cat\\\/wp-content\\\/uploads\\\/2019\\\/08\\\/logox2.png\",\"width\":600,\"height\":295,\"caption\":\"Esplac\"},\"image\":{\"@id\":\"https:\\\/\\\/www.esplac.cat\\\/#\\\/schema\\\/logo\\\/image\\\/\"}},{\"@type\":\"Person\",\"@id\":\"https:\\\/\\\/www.esplac.cat\\\/#\\\/schema\\\/person\\\/908383cf240be18b68f8855d0583faca\",\"name\":\"Comunicaci\u00f3 Esplac\",\"image\":{\"@type\":\"ImageObject\",\"inLanguage\":\"en-US\",\"@id\":\"https:\\\/\\\/secure.gravatar.com\\\/avatar\\\/7a4cf8feb412a76ea4a740ca02d95b06b2907b5a6c648c2dd0a1082a093c3141?s=96&d=mm&r=g\",\"url\":\"https:\\\/\\\/secure.gravatar.com\\\/avatar\\\/7a4cf8feb412a76ea4a740ca02d95b06b2907b5a6c648c2dd0a1082a093c3141?s=96&d=mm&r=g\",\"contentUrl\":\"https:\\\/\\\/secure.gravatar.com\\\/avatar\\\/7a4cf8feb412a76ea4a740ca02d95b06b2907b5a6c648c2dd0a1082a093c3141?s=96&d=mm&r=g\",\"caption\":\"Comunicaci\u00f3 Esplac\"}}]}<\/script>\n<!-- \/ Yoast SEO plugin. -->","yoast_head_json":{"title":"25-N: Toler\u00e0ncia zero contra contra la viol\u00e8ncia de g\u00e8nere - Esplac","robots":{"index":"index","follow":"follow","max-snippet":"max-snippet:-1","max-image-preview":"max-image-preview:large","max-video-preview":"max-video-preview:-1"},"canonical":"https:\/\/www.esplac.cat\/25-n-tolerancia-zero-contra-contra-la-violencia-de-genere\/","og_locale":"en_US","og_type":"article","og_title":"25-N: Toler\u00e0ncia zero contra contra la viol\u00e8ncia de g\u00e8nere - Esplac","og_description":"Cada cinc dies mor una dona a l\u2019Estat espanyol assassinada [&hellip;]","og_url":"https:\/\/www.esplac.cat\/25-n-tolerancia-zero-contra-contra-la-violencia-de-genere\/","og_site_name":"Esplac","article_published_time":"2014-11-25T17:23:13+00:00","og_image":[{"width":847,"height":350,"url":"https:\/\/www.esplac.cat\/wp-content\/uploads\/2014\/11\/Posicionament_25N.jpg","type":"image\/jpeg"}],"author":"Comunicaci\u00f3 Esplac","twitter_card":"summary_large_image","twitter_misc":{"Written by":"Comunicaci\u00f3 Esplac","Est. reading time":"2 minutes"},"schema":{"@context":"https:\/\/schema.org","@graph":[{"@type":"Article","@id":"https:\/\/www.esplac.cat\/25-n-tolerancia-zero-contra-contra-la-violencia-de-genere\/#article","isPartOf":{"@id":"https:\/\/www.esplac.cat\/25-n-tolerancia-zero-contra-contra-la-violencia-de-genere\/"},"author":{"name":"Comunicaci\u00f3 Esplac","@id":"https:\/\/www.esplac.cat\/#\/schema\/person\/908383cf240be18b68f8855d0583faca"},"headline":"25-N: Toler\u00e0ncia zero contra contra la viol\u00e8ncia de g\u00e8nere","datePublished":"2014-11-25T17:23:13+00:00","mainEntityOfPage":{"@id":"https:\/\/www.esplac.cat\/25-n-tolerancia-zero-contra-contra-la-violencia-de-genere\/"},"wordCount":400,"commentCount":0,"publisher":{"@id":"https:\/\/www.esplac.cat\/#organization"},"image":{"@id":"https:\/\/www.esplac.cat\/25-n-tolerancia-zero-contra-contra-la-violencia-de-genere\/#primaryimage"},"thumbnailUrl":"https:\/\/www.esplac.cat\/wp-content\/uploads\/2014\/11\/Posicionament_25N.jpg","keywords":["25-N","feminisme","maltractaments","viol\u00e8ncia de g\u00e8nere","viol\u00e8ncia masclista"],"articleSection":["Comunicats i posicionaments"],"inLanguage":"en-US","potentialAction":[{"@type":"CommentAction","name":"Comment","target":["https:\/\/www.esplac.cat\/25-n-tolerancia-zero-contra-contra-la-violencia-de-genere\/#respond"]}]},{"@type":"WebPage","@id":"https:\/\/www.esplac.cat\/25-n-tolerancia-zero-contra-contra-la-violencia-de-genere\/","url":"https:\/\/www.esplac.cat\/25-n-tolerancia-zero-contra-contra-la-violencia-de-genere\/","name":"25-N: Toler\u00e0ncia zero contra contra la viol\u00e8ncia de g\u00e8nere - Esplac","isPartOf":{"@id":"https:\/\/www.esplac.cat\/#website"},"primaryImageOfPage":{"@id":"https:\/\/www.esplac.cat\/25-n-tolerancia-zero-contra-contra-la-violencia-de-genere\/#primaryimage"},"image":{"@id":"https:\/\/www.esplac.cat\/25-n-tolerancia-zero-contra-contra-la-violencia-de-genere\/#primaryimage"},"thumbnailUrl":"https:\/\/www.esplac.cat\/wp-content\/uploads\/2014\/11\/Posicionament_25N.jpg","datePublished":"2014-11-25T17:23:13+00:00","breadcrumb":{"@id":"https:\/\/www.esplac.cat\/25-n-tolerancia-zero-contra-contra-la-violencia-de-genere\/#breadcrumb"},"inLanguage":"en-US","potentialAction":[{"@type":"ReadAction","target":["https:\/\/www.esplac.cat\/25-n-tolerancia-zero-contra-contra-la-violencia-de-genere\/"]}]},{"@type":"ImageObject","inLanguage":"en-US","@id":"https:\/\/www.esplac.cat\/25-n-tolerancia-zero-contra-contra-la-violencia-de-genere\/#primaryimage","url":"https:\/\/www.esplac.cat\/wp-content\/uploads\/2014\/11\/Posicionament_25N.jpg","contentUrl":"https:\/\/www.esplac.cat\/wp-content\/uploads\/2014\/11\/Posicionament_25N.jpg","width":847,"height":350},{"@type":"BreadcrumbList","@id":"https:\/\/www.esplac.cat\/25-n-tolerancia-zero-contra-contra-la-violencia-de-genere\/#breadcrumb","itemListElement":[{"@type":"ListItem","position":1,"name":"Inici","item":"https:\/\/www.esplac.cat\/en\/"},{"@type":"ListItem","position":2,"name":"25-N: Toler\u00e0ncia zero contra contra la viol\u00e8ncia de g\u00e8nere"}]},{"@type":"WebSite","@id":"https:\/\/www.esplac.cat\/#website","url":"https:\/\/www.esplac.cat\/","name":"Esplac","description":"Esplais Catalans","publisher":{"@id":"https:\/\/www.esplac.cat\/#organization"},"potentialAction":[{"@type":"SearchAction","target":{"@type":"EntryPoint","urlTemplate":"https:\/\/www.esplac.cat\/?s={search_term_string}"},"query-input":{"@type":"PropertyValueSpecification","valueRequired":true,"valueName":"search_term_string"}}],"inLanguage":"en-US"},{"@type":"Organization","@id":"https:\/\/www.esplac.cat\/#organization","name":"Esplac","url":"https:\/\/www.esplac.cat\/","logo":{"@type":"ImageObject","inLanguage":"en-US","@id":"https:\/\/www.esplac.cat\/#\/schema\/logo\/image\/","url":"https:\/\/www.esplac.cat\/wp-content\/uploads\/2019\/08\/logox2.png","contentUrl":"https:\/\/www.esplac.cat\/wp-content\/uploads\/2019\/08\/logox2.png","width":600,"height":295,"caption":"Esplac"},"image":{"@id":"https:\/\/www.esplac.cat\/#\/schema\/logo\/image\/"}},{"@type":"Person","@id":"https:\/\/www.esplac.cat\/#\/schema\/person\/908383cf240be18b68f8855d0583faca","name":"Comunicaci\u00f3 Esplac","image":{"@type":"ImageObject","inLanguage":"en-US","@id":"https:\/\/secure.gravatar.com\/avatar\/7a4cf8feb412a76ea4a740ca02d95b06b2907b5a6c648c2dd0a1082a093c3141?s=96&d=mm&r=g","url":"https:\/\/secure.gravatar.com\/avatar\/7a4cf8feb412a76ea4a740ca02d95b06b2907b5a6c648c2dd0a1082a093c3141?s=96&d=mm&r=g","contentUrl":"https:\/\/secure.gravatar.com\/avatar\/7a4cf8feb412a76ea4a740ca02d95b06b2907b5a6c648c2dd0a1082a093c3141?s=96&d=mm&r=g","caption":"Comunicaci\u00f3 Esplac"}}]}},"_links":{"self":[{"href":"https:\/\/www.esplac.cat\/en\/wp-json\/wp\/v2\/posts\/25683","targetHints":{"allow":["GET"]}}],"collection":[{"href":"https:\/\/www.esplac.cat\/en\/wp-json\/wp\/v2\/posts"}],"about":[{"href":"https:\/\/www.esplac.cat\/en\/wp-json\/wp\/v2\/types\/post"}],"author":[{"embeddable":true,"href":"https:\/\/www.esplac.cat\/en\/wp-json\/wp\/v2\/users\/3"}],"replies":[{"embeddable":true,"href":"https:\/\/www.esplac.cat\/en\/wp-json\/wp\/v2\/comments?post=25683"}],"version-history":[{"count":0,"href":"https:\/\/www.esplac.cat\/en\/wp-json\/wp\/v2\/posts\/25683\/revisions"}],"wp:featuredmedia":[{"embeddable":true,"href":"https:\/\/www.esplac.cat\/en\/wp-json\/wp\/v2\/media\/25684"}],"wp:attachment":[{"href":"https:\/\/www.esplac.cat\/en\/wp-json\/wp\/v2\/media?parent=25683"}],"wp:term":[{"taxonomy":"category","embeddable":true,"href":"https:\/\/www.esplac.cat\/en\/wp-json\/wp\/v2\/categories?post=25683"},{"taxonomy":"post_tag","embeddable":true,"href":"https:\/\/www.esplac.cat\/en\/wp-json\/wp\/v2\/tags?post=25683"}],"curies":[{"name":"wp","href":"https:\/\/api.w.org\/{rel}","templated":true}]}}