{"id":25686,"date":"2014-11-20T11:00:19","date_gmt":"2014-11-20T09:00:19","guid":{"rendered":"http:\/\/esplac.cat\/?p=5818"},"modified":"2014-11-20T11:00:19","modified_gmt":"2014-11-20T09:00:19","slug":"els-infants-imaginen-la-seva-ciutat-ideal-a-vic","status":"publish","type":"post","link":"https:\/\/www.esplac.cat\/en\/els-infants-imaginen-la-seva-ciutat-ideal-a-vic\/","title":{"rendered":"Els infants imaginen la seva ciutat ideal a Vic"},"content":{"rendered":"<p><!--:CA--><\/p>\n<p align=\"justify\"><span style=\"font-family: Arial, serif;\"><span>El passat dissabte, els esplais G\u00fcitxi-G\u00fcitxi (Tona), Somnis (Sant Joan de les Abadesses) i Les 100 Teies (Centelles), que formen part del Sector Osona-Ripoll\u00e8s d&#8217;Esplac, van celebrar conjuntament el Dia Universal del Drets dels Infants. <\/span><\/span><\/p>\n<p align=\"justify\"><span style=\"font-family: Arial, serif;\"><span>Per fer-ho van escollir el municipi de Vic, m\u00e9s concretament la zona de la Bassa dels Hermanos, la Pla\u00e7a Major i el carrer de la Rambla. La jornada va comen\u00e7ar a les 10 del mat\u00ed, on tots, infants i monitores dels diferents esplais, es van reunir per fer diversos jocs de coneixen\u00e7a i estr\u00e8nyer vincles entre ells. Seguidament el grup es va dividir en dos per poder treballar m\u00e9s c\u00f2modament els drets dels infants. Mentre una part feia jocs i din\u00e0miques per aconseguir trobar tots i cadascun dels drets universals, l\u2019altra es preparava per construir una ciutat a mida per a nens i nenes. Aquesta va ser una de les activitats amb m\u00e9s pot\u00e8ncia i rellev\u00e0ncia del dia. En petits grups van anar gravant un v\u00eddeo recull de les opcions i idees dels nens i nenes respecte la pregunta: <strong>COM T\u2019IMAGINES UNA CIUTAT PER A NENES I NENES?<\/strong> Les respostes i la imaginaci\u00f3 dels infants quedaran plasmades en un curt que es podr\u00e0 veure properament a les xarxes socials. Aquesta activitat, a m\u00e9s de servir com a reivindicaci\u00f3 dels drets dels infants tamb\u00e9 inicia un proc\u00e9s de participaci\u00f3 dels infants dels diferents esplais d&#8217;Esplac que culminar\u00e0 amb la Trobada General d\u2019Esplais (Esplaiada), que es dur\u00e0 a terme l\u2019\u00faltim cap de setmana d\u2019abril del 2015.<\/span><\/span><\/p>\n<p align=\"justify\"><span style=\"font-family: Arial, serif;\"><span>Despr\u00e9s d\u2019un dinar conjunt de carmanyola, tots i totes es van dirigir a la placeta del Carrer de la Rambla on, de manera grupal, van crear un mosaic en forma d\u2019infant per reivindicar i fer ress\u00f2 de la import\u00e0ncia dels drets dels nens i nenes de la nostra societat.<\/span><\/span><\/p>\n<p align=\"justify\"><span style=\"font-family: Arial, serif;\"><span>Finalment, la jornada va concloure amb un gran comiat a la Pla\u00e7a Major i la foto del grup per recordar-la.<\/span><\/span><\/p>\n<p align=\"justify\"><span style=\"font-family: Arial, serif;\"><span>Aix\u00ed doncs, amb una participaci\u00f3 de 94 infants i joves i 29 monitors i monitores, la celebraci\u00f3 va ser tot un \u00e8xit!<\/span><\/span><\/p>\n<p align=\"justify\"><a href=\"http:\/\/esplac.cat\/wp-content\/uploads\/2014\/11\/foto_grup_noti.jpg\"><img decoding=\"async\" class=\"aligncenter size-full wp-image-5822\" title=\"foto_grup_noti\" src=\"http:\/\/esplac.cat\/wp-content\/uploads\/2014\/11\/foto_grup_noti.jpg\" alt=\"\" width=\"960\" height=\"1280\" \/><\/a><\/p>\n<p><!--:--><!--:es-->&nbsp;<\/p>\n<p><!--:--><!--:en-->&nbsp;<\/p>\n<p><!--:--><!--:fr-->&nbsp;<\/p>\n<p><!--:--><\/p>\n","protected":false},"excerpt":{"rendered":"<p>El passat dissabte, els esplais G\u00fcitxi-G\u00fcitxi (Tona), Somnis (Sant Joan [&hellip;]<\/p>\n","protected":false},"author":3,"featured_media":0,"comment_status":"open","ping_status":"open","sticky":false,"template":"","format":"standard","meta":{"om_disable_all_campaigns":false,"_monsterinsights_skip_tracking":false,"_monsterinsights_sitenote_active":false,"_monsterinsights_sitenote_note":"","_monsterinsights_sitenote_category":0,"_uf_show_specific_survey":0,"_uf_disable_surveys":false,"footnotes":""},"categories":[1135,1110,1120],"tags":[384,388,45,376,377],"class_list":["post-25686","post","type-post","status-publish","format-standard","hentry","category-20-n-drets-dels-infants","category-activitats-sectors","category-sector-ripolles-osona-i-moianes","tag-20-n","tag-ciutat-ideal","tag-drets-dels-infants","tag-dudi","tag-participacio-infantil"],"yoast_head":"<!-- This site is optimized with the Yoast SEO plugin v27.4 - https:\/\/yoast.com\/product\/yoast-seo-wordpress\/ -->\n<title>Els infants imaginen la seva ciutat ideal a Vic - Esplac<\/title>\n<meta name=\"robots\" content=\"index, follow, max-snippet:-1, max-image-preview:large, max-video-preview:-1\" \/>\n<link rel=\"canonical\" href=\"https:\/\/www.esplac.cat\/en\/els-infants-imaginen-la-seva-ciutat-ideal-a-vic\/\" \/>\n<meta property=\"og:locale\" content=\"en_US\" \/>\n<meta property=\"og:type\" content=\"article\" \/>\n<meta property=\"og:title\" content=\"Els infants imaginen la seva ciutat ideal a Vic - Esplac\" \/>\n<meta property=\"og:description\" content=\"El passat dissabte, els esplais G\u00fcitxi-G\u00fcitxi (Tona), Somnis (Sant Joan [&hellip;]\" \/>\n<meta property=\"og:url\" content=\"https:\/\/www.esplac.cat\/en\/els-infants-imaginen-la-seva-ciutat-ideal-a-vic\/\" \/>\n<meta property=\"og:site_name\" content=\"Esplac\" \/>\n<meta property=\"article:published_time\" content=\"2014-11-20T09:00:19+00:00\" \/>\n<meta property=\"og:image\" content=\"http:\/\/esplac.cat\/wp-content\/uploads\/2014\/11\/foto_grup_noti.jpg\" \/>\n<meta name=\"author\" content=\"Comunicaci\u00f3 Esplac\" \/>\n<meta name=\"twitter:card\" content=\"summary_large_image\" \/>\n<meta name=\"twitter:label1\" content=\"Written by\" \/>\n\t<meta name=\"twitter:data1\" content=\"Comunicaci\u00f3 Esplac\" \/>\n\t<meta name=\"twitter:label2\" content=\"Est. reading time\" \/>\n\t<meta name=\"twitter:data2\" content=\"2 minutes\" \/>\n<script type=\"application\/ld+json\" class=\"yoast-schema-graph\">{\"@context\":\"https:\\\/\\\/schema.org\",\"@graph\":[{\"@type\":\"Article\",\"@id\":\"https:\\\/\\\/www.esplac.cat\\\/en\\\/els-infants-imaginen-la-seva-ciutat-ideal-a-vic\\\/#article\",\"isPartOf\":{\"@id\":\"https:\\\/\\\/www.esplac.cat\\\/en\\\/els-infants-imaginen-la-seva-ciutat-ideal-a-vic\\\/\"},\"author\":{\"name\":\"Comunicaci\u00f3 Esplac\",\"@id\":\"https:\\\/\\\/www.esplac.cat\\\/#\\\/schema\\\/person\\\/908383cf240be18b68f8855d0583faca\"},\"headline\":\"Els infants imaginen la seva ciutat ideal a Vic\",\"datePublished\":\"2014-11-20T09:00:19+00:00\",\"mainEntityOfPage\":{\"@id\":\"https:\\\/\\\/www.esplac.cat\\\/en\\\/els-infants-imaginen-la-seva-ciutat-ideal-a-vic\\\/\"},\"wordCount\":376,\"commentCount\":0,\"publisher\":{\"@id\":\"https:\\\/\\\/www.esplac.cat\\\/#organization\"},\"image\":{\"@id\":\"https:\\\/\\\/www.esplac.cat\\\/en\\\/els-infants-imaginen-la-seva-ciutat-ideal-a-vic\\\/#primaryimage\"},\"thumbnailUrl\":\"http:\\\/\\\/esplac.cat\\\/wp-content\\\/uploads\\\/2014\\\/11\\\/foto_grup_noti.jpg\",\"keywords\":[\"20-N\",\"ciutat ideal\",\"drets dels infants\",\"DUDI\",\"participaci\u00f3 infantil\"],\"articleSection\":[\"20-N: Drets dels infants\",\"Activitats sectors\",\"Sector Ripoll\u00e8s, Osona i Moian\u00e8s\"],\"inLanguage\":\"en-US\",\"potentialAction\":[{\"@type\":\"CommentAction\",\"name\":\"Comment\",\"target\":[\"https:\\\/\\\/www.esplac.cat\\\/en\\\/els-infants-imaginen-la-seva-ciutat-ideal-a-vic\\\/#respond\"]}]},{\"@type\":\"WebPage\",\"@id\":\"https:\\\/\\\/www.esplac.cat\\\/en\\\/els-infants-imaginen-la-seva-ciutat-ideal-a-vic\\\/\",\"url\":\"https:\\\/\\\/www.esplac.cat\\\/en\\\/els-infants-imaginen-la-seva-ciutat-ideal-a-vic\\\/\",\"name\":\"Els infants imaginen la seva ciutat ideal a Vic - Esplac\",\"isPartOf\":{\"@id\":\"https:\\\/\\\/www.esplac.cat\\\/#website\"},\"primaryImageOfPage\":{\"@id\":\"https:\\\/\\\/www.esplac.cat\\\/en\\\/els-infants-imaginen-la-seva-ciutat-ideal-a-vic\\\/#primaryimage\"},\"image\":{\"@id\":\"https:\\\/\\\/www.esplac.cat\\\/en\\\/els-infants-imaginen-la-seva-ciutat-ideal-a-vic\\\/#primaryimage\"},\"thumbnailUrl\":\"http:\\\/\\\/esplac.cat\\\/wp-content\\\/uploads\\\/2014\\\/11\\\/foto_grup_noti.jpg\",\"datePublished\":\"2014-11-20T09:00:19+00:00\",\"breadcrumb\":{\"@id\":\"https:\\\/\\\/www.esplac.cat\\\/en\\\/els-infants-imaginen-la-seva-ciutat-ideal-a-vic\\\/#breadcrumb\"},\"inLanguage\":\"en-US\",\"potentialAction\":[{\"@type\":\"ReadAction\",\"target\":[\"https:\\\/\\\/www.esplac.cat\\\/en\\\/els-infants-imaginen-la-seva-ciutat-ideal-a-vic\\\/\"]}]},{\"@type\":\"ImageObject\",\"inLanguage\":\"en-US\",\"@id\":\"https:\\\/\\\/www.esplac.cat\\\/en\\\/els-infants-imaginen-la-seva-ciutat-ideal-a-vic\\\/#primaryimage\",\"url\":\"http:\\\/\\\/esplac.cat\\\/wp-content\\\/uploads\\\/2014\\\/11\\\/foto_grup_noti.jpg\",\"contentUrl\":\"http:\\\/\\\/esplac.cat\\\/wp-content\\\/uploads\\\/2014\\\/11\\\/foto_grup_noti.jpg\"},{\"@type\":\"BreadcrumbList\",\"@id\":\"https:\\\/\\\/www.esplac.cat\\\/en\\\/els-infants-imaginen-la-seva-ciutat-ideal-a-vic\\\/#breadcrumb\",\"itemListElement\":[{\"@type\":\"ListItem\",\"position\":1,\"name\":\"Inici\",\"item\":\"https:\\\/\\\/www.esplac.cat\\\/en\\\/\"},{\"@type\":\"ListItem\",\"position\":2,\"name\":\"Els infants imaginen la seva ciutat ideal a Vic\"}]},{\"@type\":\"WebSite\",\"@id\":\"https:\\\/\\\/www.esplac.cat\\\/#website\",\"url\":\"https:\\\/\\\/www.esplac.cat\\\/\",\"name\":\"Esplac\",\"description\":\"Esplais Catalans\",\"publisher\":{\"@id\":\"https:\\\/\\\/www.esplac.cat\\\/#organization\"},\"potentialAction\":[{\"@type\":\"SearchAction\",\"target\":{\"@type\":\"EntryPoint\",\"urlTemplate\":\"https:\\\/\\\/www.esplac.cat\\\/?s={search_term_string}\"},\"query-input\":{\"@type\":\"PropertyValueSpecification\",\"valueRequired\":true,\"valueName\":\"search_term_string\"}}],\"inLanguage\":\"en-US\"},{\"@type\":\"Organization\",\"@id\":\"https:\\\/\\\/www.esplac.cat\\\/#organization\",\"name\":\"Esplac\",\"url\":\"https:\\\/\\\/www.esplac.cat\\\/\",\"logo\":{\"@type\":\"ImageObject\",\"inLanguage\":\"en-US\",\"@id\":\"https:\\\/\\\/www.esplac.cat\\\/#\\\/schema\\\/logo\\\/image\\\/\",\"url\":\"https:\\\/\\\/www.esplac.cat\\\/wp-content\\\/uploads\\\/2019\\\/08\\\/logox2.png\",\"contentUrl\":\"https:\\\/\\\/www.esplac.cat\\\/wp-content\\\/uploads\\\/2019\\\/08\\\/logox2.png\",\"width\":600,\"height\":295,\"caption\":\"Esplac\"},\"image\":{\"@id\":\"https:\\\/\\\/www.esplac.cat\\\/#\\\/schema\\\/logo\\\/image\\\/\"}},{\"@type\":\"Person\",\"@id\":\"https:\\\/\\\/www.esplac.cat\\\/#\\\/schema\\\/person\\\/908383cf240be18b68f8855d0583faca\",\"name\":\"Comunicaci\u00f3 Esplac\",\"image\":{\"@type\":\"ImageObject\",\"inLanguage\":\"en-US\",\"@id\":\"https:\\\/\\\/secure.gravatar.com\\\/avatar\\\/7a4cf8feb412a76ea4a740ca02d95b06b2907b5a6c648c2dd0a1082a093c3141?s=96&d=mm&r=g\",\"url\":\"https:\\\/\\\/secure.gravatar.com\\\/avatar\\\/7a4cf8feb412a76ea4a740ca02d95b06b2907b5a6c648c2dd0a1082a093c3141?s=96&d=mm&r=g\",\"contentUrl\":\"https:\\\/\\\/secure.gravatar.com\\\/avatar\\\/7a4cf8feb412a76ea4a740ca02d95b06b2907b5a6c648c2dd0a1082a093c3141?s=96&d=mm&r=g\",\"caption\":\"Comunicaci\u00f3 Esplac\"}}]}<\/script>\n<!-- \/ Yoast SEO plugin. -->","yoast_head_json":{"title":"Els infants imaginen la seva ciutat ideal a Vic - Esplac","robots":{"index":"index","follow":"follow","max-snippet":"max-snippet:-1","max-image-preview":"max-image-preview:large","max-video-preview":"max-video-preview:-1"},"canonical":"https:\/\/www.esplac.cat\/en\/els-infants-imaginen-la-seva-ciutat-ideal-a-vic\/","og_locale":"en_US","og_type":"article","og_title":"Els infants imaginen la seva ciutat ideal a Vic - Esplac","og_description":"El passat dissabte, els esplais G\u00fcitxi-G\u00fcitxi (Tona), Somnis (Sant Joan [&hellip;]","og_url":"https:\/\/www.esplac.cat\/en\/els-infants-imaginen-la-seva-ciutat-ideal-a-vic\/","og_site_name":"Esplac","article_published_time":"2014-11-20T09:00:19+00:00","og_image":[{"url":"http:\/\/esplac.cat\/wp-content\/uploads\/2014\/11\/foto_grup_noti.jpg","type":"","width":"","height":""}],"author":"Comunicaci\u00f3 Esplac","twitter_card":"summary_large_image","twitter_misc":{"Written by":"Comunicaci\u00f3 Esplac","Est. reading time":"2 minutes"},"schema":{"@context":"https:\/\/schema.org","@graph":[{"@type":"Article","@id":"https:\/\/www.esplac.cat\/en\/els-infants-imaginen-la-seva-ciutat-ideal-a-vic\/#article","isPartOf":{"@id":"https:\/\/www.esplac.cat\/en\/els-infants-imaginen-la-seva-ciutat-ideal-a-vic\/"},"author":{"name":"Comunicaci\u00f3 Esplac","@id":"https:\/\/www.esplac.cat\/#\/schema\/person\/908383cf240be18b68f8855d0583faca"},"headline":"Els infants imaginen la seva ciutat ideal a Vic","datePublished":"2014-11-20T09:00:19+00:00","mainEntityOfPage":{"@id":"https:\/\/www.esplac.cat\/en\/els-infants-imaginen-la-seva-ciutat-ideal-a-vic\/"},"wordCount":376,"commentCount":0,"publisher":{"@id":"https:\/\/www.esplac.cat\/#organization"},"image":{"@id":"https:\/\/www.esplac.cat\/en\/els-infants-imaginen-la-seva-ciutat-ideal-a-vic\/#primaryimage"},"thumbnailUrl":"http:\/\/esplac.cat\/wp-content\/uploads\/2014\/11\/foto_grup_noti.jpg","keywords":["20-N","ciutat ideal","drets dels infants","DUDI","participaci\u00f3 infantil"],"articleSection":["20-N: Drets dels infants","Activitats sectors","Sector Ripoll\u00e8s, Osona i Moian\u00e8s"],"inLanguage":"en-US","potentialAction":[{"@type":"CommentAction","name":"Comment","target":["https:\/\/www.esplac.cat\/en\/els-infants-imaginen-la-seva-ciutat-ideal-a-vic\/#respond"]}]},{"@type":"WebPage","@id":"https:\/\/www.esplac.cat\/en\/els-infants-imaginen-la-seva-ciutat-ideal-a-vic\/","url":"https:\/\/www.esplac.cat\/en\/els-infants-imaginen-la-seva-ciutat-ideal-a-vic\/","name":"Els infants imaginen la seva ciutat ideal a Vic - Esplac","isPartOf":{"@id":"https:\/\/www.esplac.cat\/#website"},"primaryImageOfPage":{"@id":"https:\/\/www.esplac.cat\/en\/els-infants-imaginen-la-seva-ciutat-ideal-a-vic\/#primaryimage"},"image":{"@id":"https:\/\/www.esplac.cat\/en\/els-infants-imaginen-la-seva-ciutat-ideal-a-vic\/#primaryimage"},"thumbnailUrl":"http:\/\/esplac.cat\/wp-content\/uploads\/2014\/11\/foto_grup_noti.jpg","datePublished":"2014-11-20T09:00:19+00:00","breadcrumb":{"@id":"https:\/\/www.esplac.cat\/en\/els-infants-imaginen-la-seva-ciutat-ideal-a-vic\/#breadcrumb"},"inLanguage":"en-US","potentialAction":[{"@type":"ReadAction","target":["https:\/\/www.esplac.cat\/en\/els-infants-imaginen-la-seva-ciutat-ideal-a-vic\/"]}]},{"@type":"ImageObject","inLanguage":"en-US","@id":"https:\/\/www.esplac.cat\/en\/els-infants-imaginen-la-seva-ciutat-ideal-a-vic\/#primaryimage","url":"http:\/\/esplac.cat\/wp-content\/uploads\/2014\/11\/foto_grup_noti.jpg","contentUrl":"http:\/\/esplac.cat\/wp-content\/uploads\/2014\/11\/foto_grup_noti.jpg"},{"@type":"BreadcrumbList","@id":"https:\/\/www.esplac.cat\/en\/els-infants-imaginen-la-seva-ciutat-ideal-a-vic\/#breadcrumb","itemListElement":[{"@type":"ListItem","position":1,"name":"Inici","item":"https:\/\/www.esplac.cat\/en\/"},{"@type":"ListItem","position":2,"name":"Els infants imaginen la seva ciutat ideal a Vic"}]},{"@type":"WebSite","@id":"https:\/\/www.esplac.cat\/#website","url":"https:\/\/www.esplac.cat\/","name":"Esplac","description":"Esplais Catalans","publisher":{"@id":"https:\/\/www.esplac.cat\/#organization"},"potentialAction":[{"@type":"SearchAction","target":{"@type":"EntryPoint","urlTemplate":"https:\/\/www.esplac.cat\/?s={search_term_string}"},"query-input":{"@type":"PropertyValueSpecification","valueRequired":true,"valueName":"search_term_string"}}],"inLanguage":"en-US"},{"@type":"Organization","@id":"https:\/\/www.esplac.cat\/#organization","name":"Esplac","url":"https:\/\/www.esplac.cat\/","logo":{"@type":"ImageObject","inLanguage":"en-US","@id":"https:\/\/www.esplac.cat\/#\/schema\/logo\/image\/","url":"https:\/\/www.esplac.cat\/wp-content\/uploads\/2019\/08\/logox2.png","contentUrl":"https:\/\/www.esplac.cat\/wp-content\/uploads\/2019\/08\/logox2.png","width":600,"height":295,"caption":"Esplac"},"image":{"@id":"https:\/\/www.esplac.cat\/#\/schema\/logo\/image\/"}},{"@type":"Person","@id":"https:\/\/www.esplac.cat\/#\/schema\/person\/908383cf240be18b68f8855d0583faca","name":"Comunicaci\u00f3 Esplac","image":{"@type":"ImageObject","inLanguage":"en-US","@id":"https:\/\/secure.gravatar.com\/avatar\/7a4cf8feb412a76ea4a740ca02d95b06b2907b5a6c648c2dd0a1082a093c3141?s=96&d=mm&r=g","url":"https:\/\/secure.gravatar.com\/avatar\/7a4cf8feb412a76ea4a740ca02d95b06b2907b5a6c648c2dd0a1082a093c3141?s=96&d=mm&r=g","contentUrl":"https:\/\/secure.gravatar.com\/avatar\/7a4cf8feb412a76ea4a740ca02d95b06b2907b5a6c648c2dd0a1082a093c3141?s=96&d=mm&r=g","caption":"Comunicaci\u00f3 Esplac"}}]}},"_links":{"self":[{"href":"https:\/\/www.esplac.cat\/en\/wp-json\/wp\/v2\/posts\/25686","targetHints":{"allow":["GET"]}}],"collection":[{"href":"https:\/\/www.esplac.cat\/en\/wp-json\/wp\/v2\/posts"}],"about":[{"href":"https:\/\/www.esplac.cat\/en\/wp-json\/wp\/v2\/types\/post"}],"author":[{"embeddable":true,"href":"https:\/\/www.esplac.cat\/en\/wp-json\/wp\/v2\/users\/3"}],"replies":[{"embeddable":true,"href":"https:\/\/www.esplac.cat\/en\/wp-json\/wp\/v2\/comments?post=25686"}],"version-history":[{"count":0,"href":"https:\/\/www.esplac.cat\/en\/wp-json\/wp\/v2\/posts\/25686\/revisions"}],"wp:attachment":[{"href":"https:\/\/www.esplac.cat\/en\/wp-json\/wp\/v2\/media?parent=25686"}],"wp:term":[{"taxonomy":"category","embeddable":true,"href":"https:\/\/www.esplac.cat\/en\/wp-json\/wp\/v2\/categories?post=25686"},{"taxonomy":"post_tag","embeddable":true,"href":"https:\/\/www.esplac.cat\/en\/wp-json\/wp\/v2\/tags?post=25686"}],"curies":[{"name":"wp","href":"https:\/\/api.w.org\/{rel}","templated":true}]}}